{"id":27324,"date":"2025-02-03T07:09:57","date_gmt":"2025-02-03T07:09:57","guid":{"rendered":"https:\/\/domosistemas.com\/?p=27324"},"modified":"2025-02-03T07:09:57","modified_gmt":"2025-02-03T07:09:57","slug":"las-tarifas-con-el-precio-de-la-luz-mas-barato-en-febrero-de-2025-asi-queda-la-pvpc-con-respecto-al-mercado-libre","status":"publish","type":"post","link":"https:\/\/domosistemas.com\/?p=27324","title":{"rendered":"Las tarifas con el precio de la luz m\u00e1s barato en febrero de 2025: as\u00ed queda la PVPC con respecto al mercado libre"},"content":{"rendered":"<div>\n<p>\n      <img decoding=\"async\" src=\"https:\/\/i.blogs.es\/eac044\/anais-murith-t_pedvsmmtc-unsplash\/1024_2000.jpeg\" alt=\"Las tarifas con el precio de la luz m\u00e1s barato en febrero de 2025: as\u00ed queda la PVPC con respecto al mercado libre \">\n    <\/p>\n<p>En los \u00faltimos meses ha habido varios cambios importantes en el sector energ\u00e9tico. Para empezar la <a class=\"text-outboundlink\" href=\"https:\/\/www.xatakahome.com\/iluminacion-y-energia\/usar-tus-electrodomesticos-horas-baratas-no-merecera-pena-esta-letra-pequena-nueva-tarifa-pvpc\" data-vars-post-title='Usar tus electrodom\u00e9sticos en las horas m\u00e1s baratas ya no merecer\u00e1 la pena: esta es la \"letra peque\u00f1a\" de la nueva tarifa PVPC' data-vars-post-url=\"https:\/\/www.xatakahome.com\/iluminacion-y-energia\/usar-tus-electrodomesticos-horas-baratas-no-merecera-pena-esta-letra-pequena-nueva-tarifa-pvpc\">nueva forma de calcular el precio de la luz<\/a> para la tarifa regulada que <strong>limita las diferencias entre horas caras y baratas<\/strong>. Pero tambi\u00e9n hemos tenido la <a class=\"text-outboundlink\" href=\"https:\/\/www.xatakahome.com\/iluminacion-y-energia\/suben-impuestos-luz-gas-pellets-este-iva-que-tendremos-que-pagar-2024\" data-vars-post-title=\"Suben los impuestos de la luz, el gas y los pellets: este es el IVA que tendremos que pagar en 2024 \" data-vars-post-url=\"https:\/\/www.xatakahome.com\/iluminacion-y-energia\/suben-impuestos-luz-gas-pellets-este-iva-que-tendremos-que-pagar-2024\">vuelta de impuestos como el IVA y el IEE<\/a> a su valor original anterior a la crisis, lo que ha supuesto un incremento en las facturas.<\/p>\n<p><!-- BREAK 1 --><\/p>\n<p>Ahora ha entrado el fr\u00edo en buena parte del pa\u00eds y el uso intensivo de las calefacciones, lo que hace que suba el coste energ\u00e9tico y se dispare el precio de la luz. \u00bfC\u00f3mo est\u00e1 la situaci\u00f3n ahora mismo con la <strong>tarifa PVPC y las del mercado libre<\/strong> de cara al mes de febrero de 2025?, \u00bfcu\u00e1les son las m\u00e1s atractivas?<\/p>\n<p><!-- BREAK 2 --><\/p>\n<div class=\"toc-container article-asset-normal\">\n<details>\n<summary class=\"toc-header \">\n   <span class=\"toc-heading\"><br \/>\n    <span>\u00cdndice de Contenidos (10)<\/span><br \/>\n   <\/span><br \/>\n   <span class=\"icon-folded\"><\/span><br \/>\n  <\/summary>\n<\/details>\n<div class=\"toc-list-wrap \">\n<div class=\"toc-list-item\">\n<ul class=\"toc-list\">\n<li class=\"toc-item\">\n       <a href=\"https:\/\/www.xatakahome.com\/iluminacion-y-energia\/tarifas-precio-luz-barato-febrero-2025-asi-queda-pvpc-respecto-al-mercado-libre#mejores-tarifas-luz-para-febrero-1\" class=\"toc-item-link\">Las mejores tarifas de la luz para febrero<\/a>\n      <\/li>\n<li class=\"toc-sub-item\">\n       <a href=\"https:\/\/www.xatakahome.com\/iluminacion-y-energia\/tarifas-precio-luz-barato-febrero-2025-asi-queda-pvpc-respecto-al-mercado-libre#energia-nufri-tarifa-opal-3-precios-2\" class=\"toc-item-link\">Energ\u00eda Nufri Tarifa Opal 3 Precios<\/a>\n      <\/li>\n<li class=\"toc-sub-item\">\n       <a href=\"https:\/\/www.xatakahome.com\/iluminacion-y-energia\/tarifas-precio-luz-barato-febrero-2025-asi-queda-pvpc-respecto-al-mercado-libre#visalia-tarifa-fijo-24h-3\" class=\"toc-item-link\">Visalia Tarifa fijo 24h<\/a>\n      <\/li>\n<li class=\"toc-sub-item\">\n       <a href=\"https:\/\/www.xatakahome.com\/iluminacion-y-energia\/tarifas-precio-luz-barato-febrero-2025-asi-queda-pvpc-respecto-al-mercado-libre#energia-nufri-opal-tarifa-1-precio-4\" class=\"toc-item-link\">Energ\u00eda Nufri Opal Tarifa 1 precio<\/a>\n      <\/li>\n<li class=\"toc-sub-item\">\n       <a href=\"https:\/\/www.xatakahome.com\/iluminacion-y-energia\/tarifas-precio-luz-barato-febrero-2025-asi-queda-pvpc-respecto-al-mercado-libre#iberdrola-plan-invierno-5\" class=\"toc-item-link\">Iberdrola Plan Invierno<\/a>\n      <\/li>\n<li class=\"toc-sub-item\">\n       <a href=\"https:\/\/www.xatakahome.com\/iluminacion-y-energia\/tarifas-precio-luz-barato-febrero-2025-asi-queda-pvpc-respecto-al-mercado-libre#plenitude-tarifa-facil-plus-6\" class=\"toc-item-link\">Plenitude Tarifa F\u00e1cil Plus<\/a>\n      <\/li>\n<li class=\"toc-item\">\n       <a href=\"https:\/\/www.xatakahome.com\/iluminacion-y-energia\/tarifas-precio-luz-barato-febrero-2025-asi-queda-pvpc-respecto-al-mercado-libre#como-saber-me-conviene-tener-tarifa-pvpc-7\" class=\"toc-item-link\">C\u00f3mo saber si me conviene tener la tarifa PVPC<\/a>\n      <\/li>\n<li class=\"toc-sub-item\">\n       <a href=\"https:\/\/www.xatakahome.com\/iluminacion-y-energia\/tarifas-precio-luz-barato-febrero-2025-asi-queda-pvpc-respecto-al-mercado-libre#queremos-acogernos-al-bono-social-electrico-8\" class=\"toc-item-link\">Queremos acogernos al bono social el\u00e9ctrico<\/a>\n      <\/li>\n<li class=\"toc-sub-item\">\n       <a href=\"https:\/\/www.xatakahome.com\/iluminacion-y-energia\/tarifas-precio-luz-barato-febrero-2025-asi-queda-pvpc-respecto-al-mercado-libre#hago-uso-intensivo-luz-fines-semana-festivos-9\" class=\"toc-item-link\">Hago un uso intensivo de la luz en fines de semana y festivos<\/a>\n      <\/li>\n<li class=\"toc-sub-item\">\n       <a href=\"https:\/\/www.xatakahome.com\/iluminacion-y-energia\/tarifas-precio-luz-barato-febrero-2025-asi-queda-pvpc-respecto-al-mercado-libre#puedo-redirigir-uso-aparatos-que-consumen-casa-a-dos-franjas-horarias-10\" class=\"toc-item-link\">Puedo redirigir el uso de los aparatos que m\u00e1s consumen en casa a dos franjas horarias<\/a>\n      <\/li>\n<\/ul><\/div>\n<\/p><\/div>\n<\/div>\n<div class=\"article-asset article-asset-normal article-asset-center\">\n<div class=\"desvio-container\">\n<div class=\"desvio\">\n<div class=\"desvio-figure js-desvio-figure\">\n    <a href=\"https:\/\/www.xatakahome.com\/a-fondo\/tener-tarifa-luz-mercado-libre-regulado-que-diferencias-ventajas-e-inconvenientes-hay-cada-caso\" class=\"pivot-outboundlink\" data-vars-post-title=\"Tener la tarifa de la luz en el mercado libre o en el regulado: qu\u00e9 diferencias, ventajas e inconvenientes hay en cada caso\"><br \/>\n     <img loading=\"lazy\" decoding=\"async\" alt=\"Tener la tarifa de la luz en el mercado libre o en el regulado: qu\u00e9 diferencias, ventajas e inconvenientes hay en cada caso\" width=\"375\" height=\"142\" src=\"https:\/\/i.blogs.es\/69abbc\/anthony-indraus-bb9jwutmpuk-unsplash\/375_142.webp\" onerror='this.src=\"https:\/\/i.blogs.es\/69abbc\/anthony-indraus-bb9jwutmpuk-unsplash\/375_142.jpg\"'><br \/>\n    <\/a>\n   <\/div>\n<div class=\"desvio-summary\">\n<div class=\"desvio-taxonomy js-desvio-taxonomy\">\n     <a href=\"https:\/\/www.xatakahome.com\/a-fondo\/tener-tarifa-luz-mercado-libre-regulado-que-diferencias-ventajas-e-inconvenientes-hay-cada-caso\" class=\"desvio-taxonomy-anchor pivot-outboundlink\" data-vars-post-title=\"Tener la tarifa de la luz en el mercado libre o en el regulado: qu\u00e9 diferencias, ventajas e inconvenientes hay en cada caso\">En Xataka Smart Home<\/a>\n    <\/div>\n<p>    <a href=\"https:\/\/www.xatakahome.com\/a-fondo\/tener-tarifa-luz-mercado-libre-regulado-que-diferencias-ventajas-e-inconvenientes-hay-cada-caso\" class=\"desvio-title js-desvio-title pivot-outboundlink\" data-vars-post-title=\"Tener la tarifa de la luz en el mercado libre o en el regulado: qu\u00e9 diferencias, ventajas e inconvenientes hay en cada caso\">Tener la tarifa de la luz en el mercado libre o en el regulado: qu\u00e9 diferencias, ventajas e inconvenientes hay en cada caso<\/a>\n   <\/div>\n<\/p><\/div>\n<\/p><\/div>\n<\/div>\n<h2 id=\"mejores-tarifas-luz-para-febrero-1\" class=\"toc-enabled\"><span class=\"toc-shortcut-icon\" title=\"Ver \u00cdndice de contenido\"><\/span>Las mejores tarifas de la luz para febrero<\/h2>\n<div class=\"article-asset-image article-asset-normal article-asset-center\">\n<div class=\"asset-content\">\n<p>   <img decoding=\"async\" alt=\"Comparadorcontadores\" class=\"centro_sinmarco\" src=\"https:\/\/i.blogs.es\/6be992\/comparadorcontadores\/450_1000.webp\"><\/p><\/div>\n<\/div>\n<p>En la modalidad de tarifa regulada o PVPC el precio de la energ\u00eda es variable, cambia cada hora y est\u00e1 sometido a la <strong>volatilidad del mercado el\u00e9ctrico<\/strong>, \u00a0seg\u00fan la oferta y la demanda entre las compa\u00f1\u00edas generadoras de energ\u00eda y las comercializadoras que venden esa energ\u00eda al consumidor cada d\u00eda.<\/p>\n<p><!-- BREAK 3 --><\/p>\n<p>Por ello la electricidad suele ser m\u00e1s cara en invierno y en verano, cuando la demanda energ\u00e9tica sube por el uso de la calefacci\u00f3n y los aires acondicionados, pero <strong>los precios bajaban en primavera<\/strong> y oto\u00f1o, cuando dicha demanda desciende. Ahora ya estamos de pleno en el invierno, el fr\u00edo ha hecho su aparici\u00f3n y los precios se han disparado con cifras que no ve\u00edamos desde hace m\u00e1s de un a\u00f1o.<\/p>\n<p><!-- BREAK 4 --><\/p>\n<p>No obstante, para comprobar c\u00f3mo est\u00e1n las cosas ahora mismo hemos hecho una b\u00fasqueda en el <strong>comparador de la CNMC<\/strong> para nuestra zona de residencia. Para ello solo hay que <a rel=\"noopener, noreferrer\" href=\"https:\/\/comparador.cnmc.gob.es\/\">entrar en su web<\/a>, seleccionar que queremos analizar la tarifa de electricidad (tambi\u00e9n podemos ver las de gas o ambas combinadas) y tras darle a iniciar en la siguiente pantalla nos har\u00e1 unas preguntas sencillas, como cu\u00e1l es \u00a0nuestro <strong>c\u00f3digo postal<\/strong>, el consumo estimado anual de electricidad (dato que podemos buscar en nuestras facturas pasadas), la <strong>potencia contratada<\/strong> y si queremos contratar alg\u00fan servicio extra.<\/p>\n<p><!-- BREAK 5 --><\/p>\n<div class=\"article-asset-image article-asset-normal article-asset-center\">\n<div class=\"asset-content\">\n<p>   <img decoding=\"async\" alt=\"comparador\" class=\"centro_sinmarco\" src=\"https:\/\/i.blogs.es\/da9185\/1366_2000\/450_1000.webp\"><\/p><\/div>\n<\/div>\n<p>Tras rellenar estos campos aceptamos y la p\u00e1gina nos mostrar\u00e1 una comparativa con el precio de la tarifa regulada o PVPC en la parte superior y una tabla con las ofertas \u00a0de las distintas compa\u00f1\u00edas. En mi caso, para mi zona concreta con una potencia contratada de <strong>5 kW<\/strong> y un consumo de <strong>400 kWh<\/strong> me indica que la PVPC me costar\u00eda <strong>110,27 euros<\/strong>, notablemente superior a los <strong>100,97<\/strong> euros de enero con el mismo consumo.<\/p>\n<p><!-- BREAK 6 --><\/p>\n<div class=\"article-asset-image article-asset-normal article-asset-center\">\n<div class=\"asset-content\">\n<div class=\"caption-img \">\n<p>   <img decoding=\"async\" alt=\"Tarifas\" class=\"centro_sinmarco\" src=\"https:\/\/i.blogs.es\/11f7f5\/tarifas\/450_1000.webp\"><\/p>\n<p>        <span>Imagen: CNMC<\/span>\n   <\/div>\n<\/p><\/div>\n<\/div>\n<p>Por su parte, las tarifas en el mercado libre m\u00e1s econ\u00f3micas en las primeras posiciones vemos que parten de los <strong>78,47 euros<\/strong>, lo que supone un importante ahorro con respecto a la PVPC. Vamos a ver que ofrecen estas tarifas del mercado libre:<\/p>\n<p><!-- BREAK 7 --><\/p>\n<h3 id=\"energia-nufri-tarifa-opal-3-precios-2\" class=\"toc-enabled\"><span class=\"toc-shortcut-icon\" title=\"Ver \u00cdndice de contenido\"><\/span>Energ\u00eda Nufri Tarifa Opal 3 Precios<\/h3>\n<div class=\"article-asset-image article-asset-normal article-asset-center\">\n<div class=\"asset-content\">\n<p>   <img decoding=\"async\" alt=\"Tarifas Nufri\" class=\"centro_sinmarco\" src=\"https:\/\/i.blogs.es\/fd1ac8\/tarifas-nufri\/450_1000.webp\"><\/p><\/div>\n<\/div>\n<p>Esta compa\u00f1\u00eda, que muestra en principio unas tarifas caras en su web que se pueden abaratar considerablemente con alguno de los c\u00f3digos de descuento que ofrecen. Al <a rel=\"noopener, noreferrer\" href=\"https:\/\/www.energianufri.com\/luz-para-el-hogar\" data-id=\"noopener noreferrer\">entrar en su web<\/a>, para tener precios m\u00e1s atractivos hay que introducir el<strong> c\u00f3digo descuento CN023<\/strong>.<\/p>\n<p><!-- BREAK 8 --><\/p>\n<p>Ofrecen una tarifa con un <strong>\u00fanico precio las 24 horas <\/strong>y otra con <strong>tres tramos horarios, siendo esta \u00faltima la que mejor resulta en la comparativa seg\u00fan la CNMC <\/strong>con un importe de <strong>78,47 euros.<\/strong> Ambas comparten los mismos precios para la potencia contratada y no tienen permanencia:<\/p>\n<p><!-- BREAK 9 --><\/p>\n<ul>\n<li><strong>T\u00e9rmino Potencia Punta: <\/strong>30,730445<strong> <\/strong>\u20ac\/kW a\u00f1o<\/li>\n<li><strong>T\u00e9rmino Potencia Valle: <\/strong>11,89754 \u20ac\/kW a\u00f1o<\/li>\n<li><strong>T\u00e9rmino Energ\u00eda Punta: <\/strong>0,169872 \u20ac\/kWh<\/li>\n<li><strong>T\u00e9rmino Energ\u00eda Llano: <\/strong>0,100288 \u20ac\/kWh<\/li>\n<li><strong>T\u00e9rmino Energ\u00eda Valle: <\/strong>0,069773 \u20ac\/kWh<\/li>\n<\/ul>\n<p>M\u00e1s informaci\u00f3n | <a rel=\"noopener, noreferrer\" href=\"https:\/\/www.energianufri.com\/luz-para-el-hogar?precios_con_codigo_promocional=CN024\" data-id=\"noopener noreferrer\">Energ\u00eda Nufri<\/a><\/p>\n<h3 id=\"visalia-tarifa-fijo-24h-3\" class=\"toc-enabled\"><span class=\"toc-shortcut-icon\" title=\"Ver \u00cdndice de contenido\"><\/span>Visalia Tarifa fijo 24h<\/h3>\n<div class=\"article-asset-image article-asset-normal article-asset-center\">\n<div class=\"asset-content\">\n<p>   <img decoding=\"async\" alt=\"Tarifasvisalia\" class=\"centro_sinmarco\" src=\"https:\/\/i.blogs.es\/42a152\/tarifasvisalia\/450_1000.webp\"><\/p><\/div>\n<\/div>\n<p>Esta <strong>tarifa de Visalia<\/strong> tiene un coste de 78,76 euros solo para consumidores dom\u00e9sticos. No se incluye el importe correspondiente al equipo de medida y permite disfrutar durante 12 meses del mismo precio las <strong>24 horas del d\u00eda<\/strong>, 365 d\u00edas al a\u00f1o.<\/p>\n<p><!-- BREAK 10 --><\/p>\n<p>Los precios son los siguientes:<\/p>\n<ul>\n<li><strong>T\u00e9rmino Potencia Punta<\/strong>: 22 \u20ac\/kW a\u00f1o<\/li>\n<li><strong>T\u00e9rmino Potencia Valle<\/strong>: 22 \u20ac\/kW a\u00f1o<\/li>\n<li><strong>T\u00e9rmino Energ\u00eda:<\/strong> 0,104938 \u20ac\/kWh.<\/li>\n<\/ul>\n<p>M\u00e1s informaci\u00f3n | <a rel=\"noopener, noreferrer\" href=\"https:\/\/visalia.com.es\/luz-especial\/\">Visalia<\/a><\/p>\n<h3 id=\"energia-nufri-opal-tarifa-1-precio-4\" class=\"toc-enabled\"><span class=\"toc-shortcut-icon\" title=\"Ver \u00cdndice de contenido\"><\/span>Energ\u00eda Nufri Opal Tarifa 1 precio<\/h3>\n<div class=\"article-asset-image article-asset-normal article-asset-center\">\n<div class=\"asset-content\">\n<p>   <img decoding=\"async\" alt=\"Tarifas Nufri\" class=\"centro_sinmarco\" src=\"https:\/\/i.blogs.es\/fd1ac8\/tarifas-nufri\/450_1000.webp\"><\/p><\/div>\n<\/div>\n<p>Aplicando el<strong> c\u00f3digo descuento CN023 <\/strong>esta compa\u00f1\u00eda ofrece tambi\u00e9n una tarifa plana<strong> <\/strong>con un <strong>\u00fanico precio las 24 horas <\/strong>con un importe de <strong>80,34 euros.<\/strong> Los costes son los siguientes:<\/p>\n<p><!-- BREAK 11 --><\/p>\n<ul>\n<li><strong>T\u00e9rmino Potencia Punta: <\/strong>30,730445<strong> <\/strong>\u20ac\/kW a\u00f1o<\/li>\n<li><strong>T\u00e9rmino Potencia Valle: <\/strong>11,89754 \u20ac\/kW a\u00f1o<\/li>\n<li><strong>T\u00e9rmino Energ\u00eda 24 horas: <\/strong>0,109696 \u20ac\/kWh<\/li>\n<\/ul>\n<p>M\u00e1s informaci\u00f3n | <a rel=\"noopener, noreferrer\" href=\"https:\/\/www.energianufri.com\/luz-para-el-hogar?precios_con_codigo_promocional=CN024\" data-id=\"noopener noreferrer\">Energ\u00eda Nufri<\/a><\/p>\n<h3 id=\"iberdrola-plan-invierno-5\" class=\"toc-enabled\"><span class=\"toc-shortcut-icon\" title=\"Ver \u00cdndice de contenido\"><\/span>Iberdrola Plan Invierno<\/h3>\n<div class=\"article-asset-image article-asset-normal article-asset-center\">\n<div class=\"asset-content\">\n<p>   <img decoding=\"async\" alt=\"Tarifasiberdrolaplan\" class=\"centro_sinmarco\" src=\"https:\/\/i.blogs.es\/4c271e\/tarifasiberdrolaplan\/450_1000.webp\"><\/p><\/div>\n<\/div>\n<p>La siguiente tarifa atractiva es el <strong>Plan Invierno de Iberdrola<\/strong>, para clientes dom\u00e9sticos y peque\u00f1os negocios con menos de 10 kWh contratados. Tiene <strong>Horas Promocionadas<\/strong> (de menor coste) entre el 1 de diciembre y el 1 de marzo (ambos inclusive) las 24 horas del d\u00eda. El resto del a\u00f1o tambi\u00e9n se considerar\u00e1 per\u00edodo promocionado desde las 15:00 horas del viernes hasta las 23:59 del domingo.<\/p>\n<p><!-- BREAK 12 --><\/p>\n<ul>\n<li><strong>T\u00e9rmino Potencia Punta<\/strong>: 35\u20ac\/kW a\u00f1o<\/li>\n<li><strong>T\u00e9rmino Potencia Valle<\/strong>: 16,99\u20ac\/kW a\u00f1o;<\/li>\n<li><strong>T\u00e9rmino Energ\u00eda hora Promocionada<\/strong>: 0,117529\u20ac\/kWh<\/li>\n<li><strong>T\u00e9rmino Energ\u00eda hora no Promocionada<\/strong>: 0,241059\u20ac\/kWh<\/li>\n<\/ul>\n<h3 id=\"plenitude-tarifa-facil-plus-6\" class=\"toc-enabled\"><span class=\"toc-shortcut-icon\" title=\"Ver \u00cdndice de contenido\"><\/span>Plenitude <strong>Tarifa F\u00e1cil Plus<\/strong><\/h3>\n<div class=\"article-asset-image article-asset-normal article-asset-center\">\n<div class=\"asset-content\">\n<p>   <img decoding=\"async\" alt=\"Tarifas Plenitude\" class=\"centro_sinmarco\" src=\"https:\/\/i.blogs.es\/c7b8ed\/tarifas-plenitude\/450_1000.webp\"><\/p><\/div>\n<\/div>\n<p>La <strong>Tarifa F\u00e1cil Plus de la compa\u00f1\u00eda Plenitude<\/strong> es la siguiente de la comparativa con un importe de 81,83 euros, siendo una tarifa exclusiva para hogares y con los siguientes importes por el precio de la energ\u00eda:<\/p>\n<p><!-- BREAK 13 --><\/p>\n<ul>\n<li><strong>T\u00e9rmino Potencia Punta: <\/strong>26,94 \u20ac\/kW a\u00f1o<\/li>\n<li><strong>T\u00e9rmino Potencia Valle: <\/strong>26,94 \u20ac\/kW a\u00f1o<\/li>\n<li><strong>T\u00e9rmino Energ\u00eda 24 horas: <\/strong>0,101673 \u20ac\/kWh<\/li>\n<\/ul>\n<p>Los precios indicados incluyen el coste del bono social.<\/p>\n<p>M\u00e1s informaci\u00f3n | <a rel=\"noopener, noreferrer\" href=\"https:\/\/eniplenitude.es\/hogar\/tarifas-luz\/facil\/\">Plenitude<\/a><\/p>\n<div class=\"article-asset-video article-asset-normal\">\n<div class=\"asset-content\">\n<div class=\"base-asset-video\">\n<div class=\"js-dailymotion\">\n    <script type=\"application\/json\">\n                          {\"videoId\":\"x81h7p2\",\"autoplay\":true,\"title\":\"NUEVA FACTURA DE LA LUZ: TODO LO QUE DEBES SABER para AHORRAR AL M\u00c1XIMO\", \"tag\":\"\"}\n                  <\/script>\n   <\/div>\n<\/p><\/div>\n<\/p><\/div>\n<\/div>\n<h2 id=\"como-saber-me-conviene-tener-tarifa-pvpc-7\" class=\"toc-enabled\"><span class=\"toc-shortcut-icon\" title=\"Ver \u00cdndice de contenido\"><\/span><strong>C\u00f3mo saber si me conviene tener la tarifa PVPC<\/strong><\/h2>\n<p>Entonces, \u00bfes mejor ahora mismo estar con la tarifa en el mercado PVPC o en libre? En general, por precios medios las cifras apuntan a que <strong>la PVPC ser\u00e1 m\u00e1s cara este mes que comienza<\/strong>. No obstante, conviene <strong>valorar las siguientes razones<\/strong> para ver si nos merece la pena apostar por dicha tarifa regulada:<\/p>\n<p><!-- BREAK 14 --><\/p>\n<h3 id=\"queremos-acogernos-al-bono-social-electrico-8\" class=\"toc-enabled\"><span class=\"toc-shortcut-icon\" title=\"Ver \u00cdndice de contenido\"><\/span>Queremos acogernos al bono social el\u00e9ctrico<\/h3>\n<p>El primer argumento para apostar por la <strong>tarifa PVPC<\/strong> (Precio Voluntario para el Peque\u00f1o Consumidor) actualmente es si somos o pretendemos ser esta pr\u00f3xima temporada consumidores que se acojan al <a class=\"text-outboundlink\" href=\"https:\/\/www.xatakahome.com\/iluminacion-y-energia\/bono-social-factura-luz-que-que-descuento-ofrece-requisitos-para-solicitarlo\" data-vars-post-title=\"El Bono Social en la factura de la luz: qu\u00e9 es, qu\u00e9 descuento ofrece y requisitos para solicitarlo\" data-vars-post-url=\"https:\/\/www.xatakahome.com\/iluminacion-y-energia\/bono-social-factura-luz-que-que-descuento-ofrece-requisitos-para-solicitarlo\">bono social el\u00e9ctrico<\/a>.<\/p>\n<p><!-- BREAK 15 --><\/p>\n<p>Se trata b\u00e1sicamente un <strong>descuento en la factura el\u00e9ctrica<\/strong> que se aplica solo y exclusivamente sobre tarifas PVPC, con un l\u00edmite m\u00e1ximo de energ\u00eda anual bonificada en funci\u00f3n de cu\u00e1ntos miembros tenga la unidad familiar. Adem\u00e1s hay que cumplir otros <a class=\"text-outboundlink\" href=\"https:\/\/www.xatakahome.com\/a-fondo\/bono-social-termico-electrico-2023-como-solicitar-estas-ayudas-para-electricidad-calefaccion\" data-vars-post-title=\"Bono Social T\u00e9rmico y El\u00e9ctrico en 2023: c\u00f3mo solicitar estas ayudas para electricidad y calefacci\u00f3n \" data-vars-post-url=\"https:\/\/www.xatakahome.com\/a-fondo\/bono-social-termico-electrico-2023-como-solicitar-estas-ayudas-para-electricidad-calefaccion\">requisitos importantes<\/a>, destacando los siguientes:<\/p>\n<p><!-- BREAK 16 --><\/p>\n<ul>\n<li><strong>El PVPC debe estar contratado en la vivienda habitual<\/strong> con una potencia contratada <strong>igual o inferior a 10kW<\/strong> y el solicitante debe ser el titular del contrato.<\/li>\n<li>Adem\u00e1s, este PVPC debe estar contratado solo con las <a rel=\"noopener, noreferrer\" href=\"https:\/\/www.bonosocial.gob.es\/#como\" data-id=\"noopener, noreferrer\">comercializadoras de referencia que establece el Gobierno<\/a> <strong>rellenando y solicitando el correspondiente formulario.<\/strong><\/li>\n<\/ul>\n<p>Por tanto, si queremos acceder al bono social el\u00e9ctrico deberemos <strong>tener obligatoriamente una tarifa PVPC<\/strong> y adem\u00e1s esta tendr\u00e1 que estar contratada con una de las comercializadoras de referencia antes se\u00f1aladas.<\/p>\n<p><!-- BREAK 17 --><\/p>\n<h3 id=\"hago-uso-intensivo-luz-fines-semana-festivos-9\" class=\"toc-enabled\"><span class=\"toc-shortcut-icon\" title=\"Ver \u00cdndice de contenido\"><\/span>Hago un uso intensivo de la luz en fines de semana y festivos<\/h3>\n<div class=\"article-asset-image article-asset-normal article-asset-center\">\n<div class=\"asset-content\">\n<div class=\"caption-img \">\n<p>   <img decoding=\"async\" alt=\"Comparativa Tarifas Fin De Semana\" class=\"centro_sinmarco\" src=\"https:\/\/i.blogs.es\/aa1027\/comparativa-tarifas-fin-de-semana\/450_1000.webp\"><\/p>\n<p>        <span>Precio luz fin de semana. Imagen: Red El\u00e9ctrica Espa\u00f1ola<\/span>\n   <\/div>\n<\/p><\/div>\n<\/div>\n<p>Otro caso de uso donde nos va a convenir contratar la tarifa regulada o PVPC es cuando por nuestra circunstancia personal y familiar vamos a hacer <strong>un uso intensivo de la electricidad en casa los fines de semana y festivos<\/strong>.<\/p>\n<p><!-- BREAK 18 --><\/p>\n<p>Es por ejemplo el caso de familias numerosas que entre semana apenas est\u00e1n en casa porque los padres trabajan y los hijos pasan la mayor parte del d\u00eda fuera en colegios, institutos, actividades extraescolares, etc. Pero luego los fines de semana y festivos se juntan todos en casa encendiendo m\u00faltiples electrodom\u00e9sticos, poniendo lavadoras, usando equipos, calefacci\u00f3n el\u00e9ctrica, etc.<\/p>\n<p><!-- BREAK 19 --><\/p>\n<p>Tambi\u00e9n en caso de contar con una <strong>segunda residencia donde solo vamos los fines de semana<\/strong>, puentes y similares, contando con calefacci\u00f3n y\/o aire acondicionado el\u00e9ctrico. En estas situaciones, <strong>la tarifa PVPC nos permitir\u00e1 un importante ahorro,<\/strong> ya que actualmente tiene un precio mucho m\u00e1s econ\u00f3mico en d\u00edas festivos que cualquier otra tarifa no indexada del mercado, incluso las que \u00a0ofrecen varios precios en funci\u00f3n de las horas.<\/p>\n<p><!-- BREAK 20 --><\/p>\n<h3 id=\"puedo-redirigir-uso-aparatos-que-consumen-casa-a-dos-franjas-horarias-10\" class=\"toc-enabled\"><span class=\"toc-shortcut-icon\" title=\"Ver \u00cdndice de contenido\"><\/span>Puedo redirigir el uso de los aparatos que m\u00e1s consumen en casa a dos franjas horarias<\/h3>\n<div class=\"article-asset-image article-asset-normal article-asset-center\">\n<div class=\"asset-content\">\n<div class=\"caption-img \">\n<p>   <img decoding=\"async\" alt=\"Comparativa Tarifasdiario\" class=\"centro_sinmarco\" src=\"https:\/\/i.blogs.es\/9f40fd\/comparativa-tarifasdiario\/450_1000.webp\"><\/p>\n<p>        <span>Precio luz entre semana. Imagen: Red El\u00e9ctrica Espa\u00f1ola<\/span>\n   <\/div>\n<\/p><\/div>\n<\/div>\n<p>Muy bien, los fines de semana est\u00e1 mucho m\u00e1s econ\u00f3mica la tarifa PVPC, pero \u00bfqu\u00e9 pasa entre semana?, \u00bfmerece la pena si mi uso principal se encuentra en <strong>d\u00edas laborables<\/strong>?<\/p>\n<p><!-- BREAK 21 --><\/p>\n<p>Pues depende de la hora a la que se produzca este uso principal, ya que ahora mismo en media la tarifa PVPC tiene estos d\u00edas un coste superior a algunas del mercado libre, aunque <strong>depende del horario en el que vayamos a consumir la energ\u00eda<\/strong>.<\/p>\n<p><!-- BREAK 22 --><\/p>\n<p>En general, la tarifa PVPC sigue siendo competitiva si queremos aprovechar la <strong>franja de madrugada<\/strong> (de 00:00 a 08:00 horas) y la franja comprendida <strong>entre las 14:00-18:00 horas<\/strong>, con precios que suelen ser algo m\u00e1s econ\u00f3micos que las tarifas de varios precios en el mercado libre.<\/p>\n<p><!-- BREAK 23 --><\/p>\n<p>Sin embargo, si nuestro uso principal del d\u00eda va a <strong>centrarse en horario de tarde<\/strong> y sobre todo a partir de las 18:00 horas, entonces el precio a pagar es \u00a0mucho m\u00e1s elevado y nos convendr\u00e1 contratar una tarifa en el mercado libre.<\/p>\n<p><!-- BREAK 24 --><\/p>\n<p>Imagen portada | <a rel=\"noopener, noreferrer\" href=\"https:\/\/unsplash.com\/es\/@nanarose\" data-id=\"noopener noreferrer\">Ana\u00efs MURITH<\/a><\/p>\n<p>En Xataka Smart Home | <a class=\"text-outboundlink\" href=\"https:\/\/www.xatakahome.com\/a-fondo\/como-saber-que-precio-tendra-luz-manana-tienes-tarifa-mercado-libre-como-regulado\" data-vars-post-title=\"C\u00f3mo saber qu\u00e9 precio tendr\u00e1 la luz ma\u00f1ana tanto si tienes una tarifa en el mercado libre como en el regulado\" data-vars-post-url=\"https:\/\/www.xatakahome.com\/a-fondo\/como-saber-que-precio-tendra-luz-manana-tienes-tarifa-mercado-libre-como-regulado\" data-id=\"noopener noreferrer\">C\u00f3mo saber qu\u00e9 precio tendr\u00e1 la luz ma\u00f1ana tanto si tienes una tarifa en el mercado libre como en el regulado<\/a><\/p>\n<p><script>\n (function() {\n  window._JS_MODULES = window._JS_MODULES || {};\n  var headElement = document.getElementsByTagName('head')[0];\n  if (_JS_MODULES.instagram) {\n   var instagramScript = document.createElement('script');\n   instagramScript.src = 'https:\/\/platform.instagram.com\/en_US\/embeds.js';\n   instagramScript.async = true;\n   instagramScript.defer = true;\n   headElement.appendChild(instagramScript);\n  }\n })();\n<\/script><\/p>\n<p> &#8211; <br \/> La noticia<br \/>\n      <a href=\"https:\/\/www.xatakahome.com\/iluminacion-y-energia\/tarifas-precio-luz-barato-febrero-2025-asi-queda-pvpc-respecto-al-mercado-libre?utm_source=feedburner&amp;utm_medium=feed&amp;utm_campaign=03_Feb_2025\"><br \/>\n       <em> Las tarifas con el precio de la luz m\u00e1s barato en febrero de 2025: as\u00ed queda la PVPC con respecto al mercado libre  <\/em><br \/>\n      <\/a><br \/>\n      fue publicada originalmente en<br \/>\n      <a href=\"https:\/\/www.xatakahome.com\/?utm_source=feedburner&amp;utm_medium=feed&amp;utm_campaign=03_Feb_2025\"><br \/>\n       <strong> Xataka Smart Home <\/strong><br \/>\n      <\/a><br \/>\n             por <a href=\"https:\/\/www.xatakahome.com\/autor\/paco-rodriguez?utm_source=feedburner&amp;utm_medium=feed&amp;utm_campaign=03_Feb_2025\"><br \/>\n        Paco Rodriguez<br \/>\n       <\/a><br \/>\n      . <\/p>\n<\/div>\n","protected":false},"excerpt":{"rendered":"<p>En los \u00faltimos meses ha habido varios cambios importantes en el sector energ\u00e9tico. Para empezar la nueva forma de calcular el precio de la luz para la tarifa regulada que limita las diferencias entre horas caras y baratas. Pero tambi\u00e9n hemos tenido la vuelta de impuestos como el IVA y el IEE a su valor &hellip; <a href=\"https:\/\/domosistemas.com\/?p=27324\" class=\"more-link\">Sigue leyendo <span class=\"screen-reader-text\">Las tarifas con el precio de la luz m\u00e1s barato en febrero de 2025: as\u00ed queda la PVPC con respecto al mercado libre<\/span><\/a><\/p>\n","protected":false},"author":1,"featured_media":0,"comment_status":"closed","ping_status":"closed","sticky":false,"template":"","format":"standard","meta":{"footnotes":""},"categories":[8],"tags":[],"class_list":["post-27324","post","type-post","status-publish","format-standard","hentry","category-xataka"],"_links":{"self":[{"href":"https:\/\/domosistemas.com\/index.php?rest_route=\/wp\/v2\/posts\/27324","targetHints":{"allow":["GET"]}}],"collection":[{"href":"https:\/\/domosistemas.com\/index.php?rest_route=\/wp\/v2\/posts"}],"about":[{"href":"https:\/\/domosistemas.com\/index.php?rest_route=\/wp\/v2\/types\/post"}],"author":[{"embeddable":true,"href":"https:\/\/domosistemas.com\/index.php?rest_route=\/wp\/v2\/users\/1"}],"replies":[{"embeddable":true,"href":"https:\/\/domosistemas.com\/index.php?rest_route=%2Fwp%2Fv2%2Fcomments&post=27324"}],"version-history":[{"count":0,"href":"https:\/\/domosistemas.com\/index.php?rest_route=\/wp\/v2\/posts\/27324\/revisions"}],"wp:attachment":[{"href":"https:\/\/domosistemas.com\/index.php?rest_route=%2Fwp%2Fv2%2Fmedia&parent=27324"}],"wp:term":[{"taxonomy":"category","embeddable":true,"href":"https:\/\/domosistemas.com\/index.php?rest_route=%2Fwp%2Fv2%2Fcategories&post=27324"},{"taxonomy":"post_tag","embeddable":true,"href":"https:\/\/domosistemas.com\/index.php?rest_route=%2Fwp%2Fv2%2Ftags&post=27324"}],"curies":[{"name":"wp","href":"https:\/\/api.w.org\/{rel}","templated":true}]}}