{"id":27397,"date":"2025-02-07T11:03:44","date_gmt":"2025-02-07T11:03:44","guid":{"rendered":"https:\/\/domosistemas.com\/?p=27397"},"modified":"2025-02-07T11:03:44","modified_gmt":"2025-02-07T11:03:44","slug":"la-aepd-sanciona-con-la-madre-de-todas-las-multas-a-estos-vecinos-el-motivo-fue-publicar-en-el-ascensor-el-acta-de-la-reunion","status":"publish","type":"post","link":"https:\/\/domosistemas.com\/?p=27397","title":{"rendered":"LA AEPD sanciona con la madre de todas las multas a estos vecinos. El motivo fue publicar en el ascensor el acta de la reuni\u00f3n"},"content":{"rendered":"<div>\n<p>\n      <img decoding=\"async\" src=\"https:\/\/i.blogs.es\/b33b37\/captura-de-pantalla-2025-02-07-a-las-8.18.14\/1024_2000.jpeg\" alt=\"LA AEPD sanciona con la madre de todas las multas a estos vecinos. El motivo fue publicar en el ascensor el acta de la reuni\u00f3n\">\n    <\/p>\n<p>A la hora de compartir contenido, debemos asegurarnos de no infringir ninguna normativa. La ley de protecci\u00f3n de datos existe para resguardar nuestra privacidad. Sin embargo, lo que muchas personas desconocen es que tambi\u00e9n se aplica a las comunidades de propietarios. Que se lo digan a estos vecinos, que <strong>fueron sancionados con m\u00e1s de 15.000 euros<\/strong>.<\/p>\n<p><!-- BREAK 1 --><\/p>\n<p>Poner orden en la comunidad era el objetivo de estos propietarios. Para ello, y tras la oportuna reuni\u00f3n, publicaron el acta de dicha convocatoria en el <a class=\"text-outboundlink\" href=\"https:\/\/www.xatakahome.com\/hogar\/hoy-entra-vigor-nueva-normativa-ascensores-esto-todo-que-cambia-asi-puede-afectarte\" data-vars-post-title=\"Hoy entra en vigor la nueva normativa sobre ascensores. Esto es todo lo que cambia y as\u00ed puede afectarte  \" data-vars-post-url=\"https:\/\/www.xatakahome.com\/hogar\/hoy-entra-vigor-nueva-normativa-ascensores-esto-todo-que-cambia-asi-puede-afectarte\">ascensor<\/a>, pero pasaron por alto un detalle crucial: incluyeron datos personales de varios vecinos. <strong>La AEPD no dud\u00f3 en imponer una sanci\u00f3n<\/strong> considerable.<\/p>\n<p><!-- BREAK 2 --><\/p>\n<h2>Una multa de altura<\/h2>\n<div class=\"article-asset-image article-asset-large article-asset-center\">\n<div class=\"asset-content\">\n<div class=\"caption-img \">\n                    <a rel=\"noopener, noreferrer\" href=\"https:\/\/www.mediaset.es\/comunicacion\/television\/20231013\/amador-trata-obligar-comunidad-instalar-ascensor-en-la-que-se-avecina_18_010633392.html\"><\/p>\n<p>    <img decoding=\"async\" alt=\"Vecinos\" class=\"\" src=\"https:\/\/i.blogs.es\/dc9623\/captura-de-pantalla-2025-02-07-a-las-8.24.18\/450_1000.webp\"><br \/>\n     <\/a><\/p>\n<p>        <span>Imagen | Mediaset<\/span>\n   <\/div>\n<\/p><\/div>\n<\/div>\n<p>Cuando se habla de la Agencia Espa\u00f1ola de Protecci\u00f3n de Datos (AEPD) en el \u00e1mbito de las comunidades de propietarios, lo m\u00e1s habitual es pensar en asuntos relacionados con c\u00e1maras de vigilancia y sistemas de seguridad. Sin embargo, en este caso, <strong>la sanci\u00f3n tiene su origen en una simple convocatoria<\/strong>.<\/p>\n<p><!-- BREAK 3 --><\/p>\n<p><strong>La AEPD actu\u00f3 con firmeza<\/strong> al sancionar a un grupo de 215 vecinos que, sin dudarlo, publicaron en una convocatoria los datos personales de otros propietarios contra los que planeaban emprender acciones legales.<\/p>\n<p><!-- BREAK 4 --><\/p>\n<div class=\"article-asset-video article-asset-normal\">\n<div class=\"asset-content\">\n<div class=\"base-asset-video\">\n<div class=\"js-dailymotion\">\n    <script type=\"application\/json\">\n                          {\"videoId\":\"x7znesx\",\"autoplay\":true,\"title\":\"Edificio de autoconsumo ASI\u0301 FUNCIONAN - Paneles solares en bloques de pisos\", \"tag\":\"solar\"}\n                  <\/script>\n   <\/div>\n<\/p><\/div>\n<\/p><\/div>\n<\/div>\n<p>Todos los detalles se encuentran en el <a rel=\"noopener, noreferrer\" href=\"https:\/\/www.aepd.es\/documento\/reposicion-ps-00378-2019.pdf\">expediente 00378\/2019<\/a>, abierto por vulneraci\u00f3n del Reglamento General de Protecci\u00f3n de Datos (RGPD). En \u00e9l se establece la sanci\u00f3n contra la comunidad de propietarios por <strong>divulgar informaci\u00f3n personal sin anonimizar<\/strong> en un acta de reuni\u00f3n.<\/p>\n<p><!-- BREAK 5 --><\/p>\n<p>Los vecinos colocaron en el ascensor, <strong>a la vista de todos<\/strong>, la convocatoria de una reuni\u00f3n en la que uno de los puntos del orden del d\u00eda era el inicio de acciones judiciales contra ciertos propietarios que hab\u00edan realizado obras sin autorizaci\u00f3n.<\/p>\n<p><!-- BREAK 6 --><\/p>\n<h2>Los hechos<\/h2>\n<div class=\"article-asset-image article-asset-large article-asset-center\">\n<div class=\"asset-content\">\n<div class=\"caption-img \">\n<p>   <img decoding=\"async\" alt=\"Ascensor\" class=\"\" src=\"https:\/\/i.blogs.es\/da2541\/captura-de-pantalla-2025-02-07-a-las-8.23.30\/450_1000.webp\"><\/p>\n<p>        <span>El ascensor, un elemento pol\u00e9mico<\/span>\n   <\/div>\n<\/p><\/div>\n<\/div>\n<p>Los hechos se refieren a la publicaci\u00f3n en los ascensores del edificio del acta correspondiente a la \u00faltima asamblea de la Comunidad. En dicho documento aparecen los <strong>nombres, apellidos, pisos y puertas de los asistentes y representados<\/strong>, adem\u00e1s de la identificaci\u00f3n de los vecinos implicados en los asuntos tratados durante la reuni\u00f3n. Entre ellos, se destacan aquellos que ser\u00e1n objeto de una denuncia debido a unas obras que la Comunidad considera irregulares.<\/p>\n<p><!-- BREAK 7 --><\/p>\n<p>Como argumento de defensa, la parte reclamada presenta una copia del acta expuesta, junto con un listado de 16 notificaciones enviadas por correo certificado a sus respectivos destinatarios, las cuales contienen el acta en cuesti\u00f3n y cuentan con la correspondiente confirmaci\u00f3n de entrega. El problema radica en que <strong>el nombre de la persona reclamante no figura<\/strong> entre los destinatarios registrados.<\/p>\n<p><!-- BREAK 8 --><\/p>\n<div class=\"article-asset article-asset-normal article-asset-center\">\n<div class=\"desvio-container\">\n<div class=\"desvio\">\n<div class=\"desvio-figure js-desvio-figure\">\n    <a href=\"https:\/\/www.xatakahome.com\/tutoriales\/soy-presidente-comunidad-vecinos-estamos-cansados-pisos-turisticos-asi-vamos-a-usar-ley-para-controlarlos\" class=\"pivot-outboundlink\" data-vars-post-title=\"Soy presidente de una comunidad de vecinos en Granada y estamos cansados de los pisos tur\u00edsticos. As\u00ed vamos a combatirlos\"><br \/>\n     <img loading=\"lazy\" decoding=\"async\" alt=\"Soy presidente de una comunidad de vecinos en Granada y estamos cansados de los pisos tur\u00edsticos. As\u00ed vamos a combatirlos\" width=\"375\" height=\"142\" src=\"https:\/\/i.blogs.es\/1120b8\/antonio-recio\/375_142.webp\" onerror='this.src=\"https:\/\/i.blogs.es\/1120b8\/antonio-recio\/375_142.jpeg\"'><br \/>\n    <\/a>\n   <\/div>\n<div class=\"desvio-summary\">\n<div class=\"desvio-taxonomy js-desvio-taxonomy\">\n     <a href=\"https:\/\/www.xatakahome.com\/tutoriales\/soy-presidente-comunidad-vecinos-estamos-cansados-pisos-turisticos-asi-vamos-a-usar-ley-para-controlarlos\" class=\"desvio-taxonomy-anchor pivot-outboundlink\" data-vars-post-title=\"Soy presidente de una comunidad de vecinos en Granada y estamos cansados de los pisos tur\u00edsticos. As\u00ed vamos a combatirlos\">En Xataka Smart Home<\/a>\n    <\/div>\n<p>    <a href=\"https:\/\/www.xatakahome.com\/tutoriales\/soy-presidente-comunidad-vecinos-estamos-cansados-pisos-turisticos-asi-vamos-a-usar-ley-para-controlarlos\" class=\"desvio-title js-desvio-title pivot-outboundlink\" data-vars-post-title=\"Soy presidente de una comunidad de vecinos en Granada y estamos cansados de los pisos tur\u00edsticos. As\u00ed vamos a combatirlos\">Soy presidente de una comunidad de vecinos en Granada y estamos cansados de los pisos tur\u00edsticos. As\u00ed vamos a combatirlos<\/a>\n   <\/div>\n<\/p><\/div>\n<\/p><\/div>\n<\/div>\n<p>La Comunidad de Propietarios justifica la publicaci\u00f3n del acta en los ascensores ante la <strong>falta de certeza sobre la recepci\u00f3n de las notificaciones enviadas<\/strong> por carta certificada, ya que estas suelen ser recogidas por los porteros. Dado que en la reuni\u00f3n se acord\u00f3 emprender acciones legales contra determinados vecinos por obras no autorizadas, se opt\u00f3 por esta medida para asegurar que estuvieran informados, evitar alegaciones por falta de notificaci\u00f3n y prevenir futuras impugnaciones.<\/p>\n<p><!-- BREAK 9 --><\/p>\n<h2>La sanci\u00f3n<\/h2>\n<div class=\"article-asset-image article-asset-large article-asset-center\">\n<div class=\"asset-content\">\n<div class=\"caption-img \">\n                    <a rel=\"noopener, noreferrer\" href=\"https:\/\/www.pexels.com\/es-es\/foto\/lote-de-billetes-en-euros-259251\/\"><\/p>\n<p>    <img decoding=\"async\" alt=\"Pexels Pixabay 259251\" class=\"\" src=\"https:\/\/i.blogs.es\/ebbc28\/pexels-pixabay-259251\/450_1000.webp\"><br \/>\n     <\/a><\/p>\n<p>        <span>Foto de Pixabay en Pexels<\/span>\n   <\/div>\n<\/p><\/div>\n<\/div>\n<p>En el expediente, la AEPD, determina que la comunidad ha infringido el <a rel=\"noopener, noreferrer\" href=\"https:\/\/gdpr-text.com\/es\/read\/article-5\/\">art\u00edculo 5.1 f) del RGPD<\/a>, el cual establece los <strong>principios de integridad y confidencialidad<\/strong> en el manejo de datos personales. Asimismo, resalta la obligaci\u00f3n del responsable del tratamiento de demostrar, de manera proactiva, el cumplimiento de dichas normativas.<\/p>\n<p><!-- BREAK 10 --><\/p>\n<blockquote><p>\u00abLos datos personales ser\u00e1n tratados de tal manera que se garantice una seguridad adecuada de los datos personales, incluida la protecci\u00f3n contra el tratamiento no autorizado o il\u00edcito y contra su p\u00e9rdida, destrucci\u00f3n o da\u00f1o accidental, mediante la aplicaci\u00f3n de medidas t\u00e9cnicas u organizativas apropiadas (\u00abintegridad y confidencialidad\u00bb)\u00bb.<\/p><\/blockquote>\n<p>Adem\u00e1s, la AEPD considera como <strong>factores agravantes<\/strong> la existencia de una negligencia relevante, aunque no intencionada (<a rel=\"noopener, noreferrer\" href=\"https:\/\/gdpr-text.com\/es\/read\/article-83\/\">art\u00edculo 83.2 b<\/a> del RGPD). Adem\u00e1s, se ha constatado que la infracci\u00f3n afecta a datos identificativos b\u00e1sicos de los individuos, conforme a lo estipulado en el art\u00edculo <a rel=\"noopener, noreferrer\" href=\"https:\/\/gdpr-text.com\/es\/read\/article-83\/\">83.2 g<\/a> del mencionado reglamento.<\/p>\n<p><!-- BREAK 11 --><\/p>\n<div class=\"article-asset article-asset-normal article-asset-center\">\n<div class=\"desvio-container\">\n<div class=\"desvio\">\n<div class=\"desvio-figure js-desvio-figure\">\n    <a href=\"https:\/\/www.xatakahome.com\/a-fondo\/vivo-alquiler-toca-pasar-revision-gas-caldera-esto-que-dice-ley-quien-debe-pagarla\" class=\"pivot-outboundlink\" data-vars-post-title=\"Vivo de alquiler y toca pasar la revisi\u00f3n del gas y de la caldera. Esto es lo que dice la Ley sobre qui\u00e9n debe pagarla \"><br \/>\n     <img loading=\"lazy\" decoding=\"async\" alt=\"Vivo de alquiler y toca pasar la revisi\u00f3n del gas y de la caldera. Esto es lo que dice la Ley sobre qui\u00e9n debe pagarla \" width=\"375\" height=\"142\" src=\"https:\/\/i.blogs.es\/26260f\/contador\/375_142.webp\" onerror='this.src=\"https:\/\/i.blogs.es\/26260f\/contador\/375_142.jpeg\"'><br \/>\n    <\/a>\n   <\/div>\n<div class=\"desvio-summary\">\n<div class=\"desvio-taxonomy js-desvio-taxonomy\">\n     <a href=\"https:\/\/www.xatakahome.com\/a-fondo\/vivo-alquiler-toca-pasar-revision-gas-caldera-esto-que-dice-ley-quien-debe-pagarla\" class=\"desvio-taxonomy-anchor pivot-outboundlink\" data-vars-post-title=\"Vivo de alquiler y toca pasar la revisi\u00f3n del gas y de la caldera. Esto es lo que dice la Ley sobre qui\u00e9n debe pagarla \">En Xataka Smart Home<\/a>\n    <\/div>\n<p>    <a href=\"https:\/\/www.xatakahome.com\/a-fondo\/vivo-alquiler-toca-pasar-revision-gas-caldera-esto-que-dice-ley-quien-debe-pagarla\" class=\"desvio-title js-desvio-title pivot-outboundlink\" data-vars-post-title=\"Vivo de alquiler y toca pasar la revisi\u00f3n del gas y de la caldera. Esto es lo que dice la Ley sobre qui\u00e9n debe pagarla \">Vivo de alquiler y toca pasar la revisi\u00f3n del gas y de la caldera. Esto es lo que dice la Ley sobre qui\u00e9n debe pagarla <\/a>\n   <\/div>\n<\/p><\/div>\n<\/p><\/div>\n<\/div>\n<p>De esta forma el proceso que finaliza al imponer el organismo regulador la sanci\u00f3n m\u00e1s elevada que se puede imponer. En concreto la comunidad de vecinos fue sancionada con <strong>15.000 euros de multa<\/strong>.<\/p>\n<p><!-- BREAK 12 --><\/p>\n<p>Imagen de portada | <a rel=\"noopener, noreferrer\" href=\"https:\/\/unsplash.com\/es\/@kaitlynbaker\" data-id=\"noopener, noreferrer\">Kaitlyn Baker<\/a><\/p>\n<p>En Xataka SmartHome | <a class=\"text-outboundlink\" href=\"https:\/\/www.xatakahome.com\/a-fondo\/tengo-unos-vecinos-muy-ruidosos-molestos-no-aguanto-que-dice-ley-como-actuar\" data-vars-post-title=\"Tengo unos vecinos muy ruidosos y molestos, y ya no aguanto m\u00e1s: qu\u00e9 dice la ley y c\u00f3mo actuar\" data-vars-post-url=\"https:\/\/www.xatakahome.com\/a-fondo\/tengo-unos-vecinos-muy-ruidosos-molestos-no-aguanto-que-dice-ley-como-actuar\">Tengo unos vecinos muy ruidosos y molestos, y ya no aguanto m\u00e1s: qu\u00e9 dice la ley y c\u00f3mo actuar<\/a><\/p>\n<p><script>\n (function() {\n  window._JS_MODULES = window._JS_MODULES || {};\n  var headElement = document.getElementsByTagName('head')[0];\n  if (_JS_MODULES.instagram) {\n   var instagramScript = document.createElement('script');\n   instagramScript.src = 'https:\/\/platform.instagram.com\/en_US\/embeds.js';\n   instagramScript.async = true;\n   instagramScript.defer = true;\n   headElement.appendChild(instagramScript);\n  }\n })();\n<\/script><\/p>\n<p> &#8211; <br \/> La noticia<br \/>\n      <a href=\"https:\/\/www.xatakahome.com\/hogar\/aepd-sanciona-madre-todas-multas-a-estos-vecinos-motivo-fue-publicar-ascensor-acta-reunion?utm_source=feedburner&amp;utm_medium=feed&amp;utm_campaign=07_Feb_2025\"><br \/>\n       <em> LA AEPD sanciona con la madre de todas las multas a estos vecinos. El motivo fue publicar en el ascensor el acta de la reuni\u00f3n <\/em><br \/>\n      <\/a><br \/>\n      fue publicada originalmente en<br \/>\n      <a href=\"https:\/\/www.xatakahome.com\/?utm_source=feedburner&amp;utm_medium=feed&amp;utm_campaign=07_Feb_2025\"><br \/>\n       <strong> Xataka Smart Home <\/strong><br \/>\n      <\/a><br \/>\n             por <a href=\"https:\/\/www.xatakahome.com\/autor\/jose-antonio-carmona?utm_source=feedburner&amp;utm_medium=feed&amp;utm_campaign=07_Feb_2025\"><br \/>\n        Jose Antonio Carmona<br \/>\n       <\/a><br \/>\n      . <\/p>\n<\/div>\n","protected":false},"excerpt":{"rendered":"<p>A la hora de compartir contenido, debemos asegurarnos de no infringir ninguna normativa. La ley de protecci\u00f3n de datos existe para resguardar nuestra privacidad. Sin embargo, lo que muchas personas desconocen es que tambi\u00e9n se aplica a las comunidades de propietarios. Que se lo digan a estos vecinos, que fueron sancionados con m\u00e1s de 15.000 &hellip; <a href=\"https:\/\/domosistemas.com\/?p=27397\" class=\"more-link\">Sigue leyendo <span class=\"screen-reader-text\">LA AEPD sanciona con la madre de todas las multas a estos vecinos. El motivo fue publicar en el ascensor el acta de la reuni\u00f3n<\/span><\/a><\/p>\n","protected":false},"author":1,"featured_media":0,"comment_status":"closed","ping_status":"closed","sticky":false,"template":"","format":"standard","meta":{"footnotes":""},"categories":[8],"tags":[],"class_list":["post-27397","post","type-post","status-publish","format-standard","hentry","category-xataka"],"_links":{"self":[{"href":"https:\/\/domosistemas.com\/index.php?rest_route=\/wp\/v2\/posts\/27397","targetHints":{"allow":["GET"]}}],"collection":[{"href":"https:\/\/domosistemas.com\/index.php?rest_route=\/wp\/v2\/posts"}],"about":[{"href":"https:\/\/domosistemas.com\/index.php?rest_route=\/wp\/v2\/types\/post"}],"author":[{"embeddable":true,"href":"https:\/\/domosistemas.com\/index.php?rest_route=\/wp\/v2\/users\/1"}],"replies":[{"embeddable":true,"href":"https:\/\/domosistemas.com\/index.php?rest_route=%2Fwp%2Fv2%2Fcomments&post=27397"}],"version-history":[{"count":0,"href":"https:\/\/domosistemas.com\/index.php?rest_route=\/wp\/v2\/posts\/27397\/revisions"}],"wp:attachment":[{"href":"https:\/\/domosistemas.com\/index.php?rest_route=%2Fwp%2Fv2%2Fmedia&parent=27397"}],"wp:term":[{"taxonomy":"category","embeddable":true,"href":"https:\/\/domosistemas.com\/index.php?rest_route=%2Fwp%2Fv2%2Fcategories&post=27397"},{"taxonomy":"post_tag","embeddable":true,"href":"https:\/\/domosistemas.com\/index.php?rest_route=%2Fwp%2Fv2%2Ftags&post=27397"}],"curies":[{"name":"wp","href":"https:\/\/api.w.org\/{rel}","templated":true}]}}