{"id":28054,"date":"2025-04-02T08:30:13","date_gmt":"2025-04-02T08:30:13","guid":{"rendered":"https:\/\/domosistemas.com\/?p=28054"},"modified":"2025-04-02T08:30:13","modified_gmt":"2025-04-02T08:30:13","slug":"este-gadget-de-carrefour-de-menos-de-7-euros-es-mas-util-de-lo-crees-mientras-trabajas","status":"publish","type":"post","link":"https:\/\/domosistemas.com\/?p=28054","title":{"rendered":"Este gadget de Carrefour de menos de 7 euros es m\u00e1s \u00fatil de lo crees mientras trabajas"},"content":{"rendered":"<div>\n<p>\n      <img decoding=\"async\" src=\"https:\/\/i.blogs.es\/8388b5\/ofertas_cpa_v3-copia---2025-04-02t093615.925\/1024_2000.jpeg\" alt=\"Este gadget de Carrefour de menos de 7 euros es m\u00e1s \u00fatil de lo crees mientras trabajas\">\n    <\/p>\n<p>El caf\u00e9 es una de las bebidas favoritas para muchos a la hora de despertarse y empezar a espabilarse para ponerse manos a la obra en el trabajo. Si siempre sueles tener una taza de caf\u00e9 en el escritorio y se te acaba enfriando, Carrefour tiene una soluci\u00f3n barata para que esto no ocurra. Se trata de este <strong>calentador de tazas port\u00e1til<\/strong> que solo cuesta <a rel=\"nofollow, sponsored, noopener, noreferrer\" target=\"_blank\" class=\"js-ecommerce\" id=\"link-ecommerce-1\" href=\"https:\/\/www.xatakahome.com\/redirect?url=https%3A%2F%2Fwww.carrefour.es%2Fcalentador-de-tazas-portatil-55%2F8445045000516%2Fp&amp;category=seleccion&amp;ecomPostExpiration=everlasting&amp;postId=117068\" data-vars-affiliate-url=\"https:\/\/www.carrefour.es\/calentador-de-tazas-portatil-55\/8445045000516\/p\">6,50 euros<\/a> en estos momentos. Eso s\u00ed, no corras a tu supermercado m\u00e1s cercano para conseguirlo porque solo se vende online.<\/p>\n<p><!-- BREAK 1 --><!-- PIVOT START --><\/p>\n<div class=\"pivot-ecommerce-container m-pivot-ecommerce-redesign article-asset-normal article-asset-center\">\n<div class=\"pivot-ecommerce\">\n<div class=\"pivot-ecommerce-figure\">\n  <a rel=\"nofollow, sponsored, noopener, noreferrer\" target=\"_blank\" href=\"https:\/\/www.xatakahome.com\/redirect?url=https%3A%2F%2Fwww.carrefour.es%2Fcalentador-de-tazas-portatil-55%2F8445045000516%2Fp&amp;category=seleccion&amp;pivot=1&amp;ecomPostExpiration=everlasting&amp;postId=117068\"><br \/>\n   <img loading=\"lazy\" decoding=\"async\" alt=\"Calentador De Tazas Port\u00e1til 55\u00ba\n\" width=\"600\" height=\"600\" src=\"https:\/\/i.blogs.es\/be26b1\/blob\/original.webp\" onerror='this.src=\"https:\/\/i.blogs.es\/be26b1\/blob\/original.jpeg\"'><br \/>\n  <\/a>\n  <\/div>\n<div class=\"pivot-ecommerce-summary\">\n<p class=\"pivot-ecommerce-desc\">Calentador De Tazas Port\u00e1til 55\u00ba\n<\/p>\n<div class=\"pivot-actions \">\n<div class=\"pivot-actions-row\">\n <a rel=\"nofollow, sponsored, noopener, noreferrer\" target=\"_blank\" data-asin=\"\" data-store=\"\" href=\"https:\/\/www.xatakahome.com\/redirect?url=https%3A%2F%2Fwww.carrefour.es%2Fcalentador-de-tazas-portatil-55%2F8445045000516%2Fp&amp;category=seleccion&amp;pivot=1&amp;ecomPostExpiration=everlasting&amp;postId=117068\" title=\"Precio de venta al p\u00fablico a fecha de publicaci\u00f3n\" class=\"pivot-action-btn pivot-action-primary\">PVP en Carrefour  \u2014 <strong><span class=\"js-deal-price\">6,50<\/span> \u20ac<\/strong><\/a>\n <\/div>\n<\/p><\/div>\n<\/p><\/div>\n<\/p><\/div>\n<div class=\"pivot-link-msg\">* Alg\u00fan precio puede haber cambiado desde la \u00faltima revisi\u00f3n<\/div>\n<\/p><\/div>\n<p><!-- PIVOT END --><\/p>\n<h2>Un gadget barato y perfecto para los m\u00e1s cafeteros<\/h2>\n<div class=\"article-asset-image article-asset-normal article-asset-center\">\n<div class=\"asset-content\">\n                    <a rel=\"nofollow, sponsored, noopener, noreferrer\" target=\"_blank\" class=\"js-ecommerce\" id=\"link-ecommerce-2\" href=\"https:\/\/www.xatakahome.com\/redirect?url=https%3A%2F%2Fwww.carrefour.es%2Fcalentador-de-tazas-portatil-55%2F8445045000516%2Fp&amp;category=seleccion&amp;ecomPostExpiration=everlasting&amp;postId=117068\" data-vars-affiliate-url=\"https:\/\/www.carrefour.es\/calentador-de-tazas-portatil-55\/8445045000516\/p\"><\/p>\n<p>    <img decoding=\"async\" alt=\"calentador de tazas port\u00e1til\" class=\"centro_sinmarco\" src=\"https:\/\/i.blogs.es\/c0a672\/proyecto-nuevo---2025-04-02t094231.770\/450_1000.webp\"><br \/>\n     <\/a><\/p><\/div>\n<\/div>\n<p>Este dispositivo de Carrefour <strong>mantiene la temperatura a 55\u00baC<\/strong> y est\u00e1 disponible en color blanco, por lo que no desentonar\u00e1 para nada con tu espacio de trabajo en casa. Adem\u00e1s, no tendr\u00e1s que tenerlo siempre en el escritorio, porque es ligero y compacto, por lo que podr\u00e1s llev\u00e1rtelo incluso a la oficina o de viaje.<\/p>\n<p><!-- BREAK 2 --><\/p>\n<div class=\"article-asset article-asset-normal article-asset-center\">\n<div class=\"desvio-container\">\n<div class=\"desvio\">\n<div class=\"desvio-figure js-desvio-figure\">\n    <a href=\"https:\/\/www.compradiccion.com\/decoracion-y-muebles\/lidl-vuelve-a-tumbar-a-ikea-solucionando-problemas-almacenaje-esta-baratisima-comoda-diseno-moderno\" class=\"pivot-outboundlink\" target=\"_blank\" data-vars-post-title=\"Lidl arrasa con la c\u00f3moda de madera tan bonita y barata como las de Ikea, para un plus de almacenaje con estilo\"><br \/>\n     <img loading=\"lazy\" decoding=\"async\" alt=\"Lidl arrasa con la c\u00f3moda de madera tan bonita y barata como las de Ikea, para un plus de almacenaje con estilo\" width=\"375\" height=\"142\" src=\"https:\/\/i.blogs.es\/6db0fc\/lidl34\/375_142.webp\" onerror='this.src=\"https:\/\/i.blogs.es\/6db0fc\/lidl34\/375_142.jpeg\"'><br \/>\n    <\/a>\n   <\/div>\n<div class=\"desvio-summary\">\n<div class=\"desvio-taxonomy js-desvio-taxonomy\">\n     <a href=\"https:\/\/www.compradiccion.com\/decoracion-y-muebles\/lidl-vuelve-a-tumbar-a-ikea-solucionando-problemas-almacenaje-esta-baratisima-comoda-diseno-moderno\" class=\"desvio-taxonomy-anchor pivot-outboundlink m-crosspost\" target=\"_blank\" data-vars-post-title=\"Lidl arrasa con la c\u00f3moda de madera tan bonita y barata como las de Ikea, para un plus de almacenaje con estilo\">En Compradicci\u00f3n<\/a>\n    <\/div>\n<p>    <a href=\"https:\/\/www.compradiccion.com\/decoracion-y-muebles\/lidl-vuelve-a-tumbar-a-ikea-solucionando-problemas-almacenaje-esta-baratisima-comoda-diseno-moderno\" class=\"desvio-title js-desvio-title pivot-outboundlink\" target=\"_blank\" data-vars-post-title=\"Lidl arrasa con la c\u00f3moda de madera tan bonita y barata como las de Ikea, para un plus de almacenaje con estilo\">Lidl arrasa con la c\u00f3moda de madera tan bonita y barata como las de Ikea, para un plus de almacenaje con estilo<\/a>\n   <\/div>\n<\/p><\/div>\n<\/p><\/div>\n<\/div>\n<div class=\"article-asset-video article-asset-normal\">\n<div class=\"asset-content\">\n<div class=\"base-asset-video\">\n<div class=\"js-dailymotion\">\n    <script type=\"application\/json\">\n                          {\"videoId\":\"x819uwl\",\"autoplay\":true,\"title\":\"Sage Oracle Touch \u2013  m\u00e1quinas de caf\u00e9 expreso totalmente autom\u00e1ticas\", \"tag\":\"cafetera\", \"duration\":\"30\"}\n                  <\/script>\n   <\/div>\n<\/p><\/div>\n<\/p><\/div>\n<\/div>\n<p>Sirve, adem\u00e1s, como soporte y trae un interruptor incorporado que cuenta con <strong>tecnolog\u00eda inteligente de encendido y apagado autom\u00e1tico<\/strong>, aunque tambi\u00e9n lo puedes encender y apagar de forma manual.<\/p>\n<p><!-- BREAK 3 --><\/p>\n<p>Funciona con una <strong>bater\u00eda recargable<\/strong> y se vende con cargador incorporado, por lo que no tendr\u00e1s que preocuparte en comprar el enchufe para la toma el\u00e9ctrica. Sin duda alguna, se trata de un gadget que encantar\u00e1 a los que aman tener siempre una taza de caf\u00e9 lista en su escritorio mientras trabajan.<\/p>\n<p><!-- BREAK 4 --><\/p>\n<h2>Otros productos para tu escritorio que te pueden interesar<\/h2>\n<p><!-- PIVOT START --><\/p>\n<div class=\"pivot-ecommerce-container m-pivot-ecommerce-redesign article-asset-normal article-asset-center\">\n<div class=\"pivot-ecommerce\">\n<div class=\"pivot-ecommerce-figure\">\n  <a rel=\"nofollow, sponsored, noopener, noreferrer\" target=\"_blank\" href=\"https:\/\/www.xatakahome.com\/redirect?url=https%3A%2F%2Fwww.amazon.es%2Fdp%2FB0CM3C9WZ3%3Ftag%3Dxatakahome-21%26linkCode%3Dogi%26th%3D1%26psc%3D1&amp;category=seleccion&amp;pivot=1&amp;ecomPostExpiration=everlasting&amp;postId=117068\"><br \/>\n   <img loading=\"lazy\" decoding=\"async\" alt=\"Newpop Organizador Escritorio\" width=\"500\" height=\"500\" src=\"https:\/\/i.blogs.es\/9de2d6\/4191rkqjq-l._sl500_\/original.webp\" onerror='this.src=\"https:\/\/i.blogs.es\/9de2d6\/4191rkqjq-l._sl500_\/original.jpeg\"'><br \/>\n  <\/a>\n  <\/div>\n<div class=\"pivot-ecommerce-summary\">\n<p class=\"pivot-ecommerce-desc\">Newpop Organizador Escritorio<\/p>\n<div class=\"pivot-actions \">\n<div class=\"pivot-actions-row\">\n <a rel=\"nofollow, sponsored, noopener, noreferrer\" target=\"_blank\" data-asin=\"B0CM3C9WZ3\" data-store=\"Amazon\" href=\"https:\/\/www.xatakahome.com\/redirect?url=https%3A%2F%2Fwww.amazon.es%2Fdp%2FB0CM3C9WZ3%3Ftag%3Dxatakahome-21%26linkCode%3Dogi%26th%3D1%26psc%3D1&amp;category=seleccion&amp;pivot=1&amp;ecomPostExpiration=everlasting&amp;postId=117068\" title=\"Precio actualizado hoy\" class=\"pivot-action-btn metrics-pivot-btn pivot-action-primary\">Hoy en Amazon \u2014 <strong><span class=\"js-deal-price\">8,49<\/span> \u20ac<\/strong><\/a>\n <\/div>\n<\/p><\/div>\n<\/p><\/div>\n<\/p><\/div>\n<div class=\"pivot-link-msg\">* Alg\u00fan precio puede haber cambiado desde la \u00faltima revisi\u00f3n<\/div>\n<\/p><\/div>\n<p><!-- PIVOT END --><br \/>\n<!-- PIVOT START --><\/p>\n<div class=\"pivot-ecommerce-container m-pivot-ecommerce-redesign article-asset-normal article-asset-center\">\n<div class=\"pivot-ecommerce\">\n<div class=\"pivot-ecommerce-figure\">\n  <a rel=\"nofollow, sponsored, noopener, noreferrer\" target=\"_blank\" href=\"https:\/\/www.xatakahome.com\/redirect?url=https%3A%2F%2Fwww.amazon.es%2Fdp%2FB0C4GDGR63%3Ftag%3Dxatakahome-21%26linkCode%3Dogi%26th%3D1%26psc%3D1&amp;category=seleccion&amp;pivot=1&amp;ecomPostExpiration=everlasting&amp;postId=117068\"><br \/>\n   <img loading=\"lazy\" decoding=\"async\" alt=\"iFalarila 160 LED L\u00e1mpara de Escritorio con Pinza\" width=\"400\" height=\"500\" src=\"https:\/\/i.blogs.es\/459337\/41bblzka8sl._sl500_\/original.webp\" onerror='this.src=\"https:\/\/i.blogs.es\/459337\/41bblzka8sl._sl500_\/original.jpeg\"'><br \/>\n  <\/a>\n  <\/div>\n<div class=\"pivot-ecommerce-summary\">\n<p class=\"pivot-ecommerce-desc\">iFalarila 160 LED L\u00e1mpara de Escritorio con Pinza<\/p>\n<div class=\"pivot-actions \">\n<div class=\"pivot-actions-row\">\n <a rel=\"nofollow, sponsored, noopener, noreferrer\" target=\"_blank\" data-asin=\"B0C4GDGR63\" data-store=\"Amazon\" href=\"https:\/\/www.xatakahome.com\/redirect?url=https%3A%2F%2Fwww.amazon.es%2Fdp%2FB0C4GDGR63%3Ftag%3Dxatakahome-21%26linkCode%3Dogi%26th%3D1%26psc%3D1&amp;category=seleccion&amp;pivot=1&amp;ecomPostExpiration=everlasting&amp;postId=117068\" title=\"Precio actualizado hoy\" class=\"pivot-action-btn metrics-pivot-btn pivot-action-primary\">Hoy en Amazon \u2014 <strong><span class=\"js-deal-price\">23,74<\/span> \u20ac<\/strong><\/a>\n <\/div>\n<\/p><\/div>\n<\/p><\/div>\n<\/p><\/div>\n<div class=\"pivot-link-msg\">* Alg\u00fan precio puede haber cambiado desde la \u00faltima revisi\u00f3n<\/div>\n<\/p><\/div>\n<p><!-- PIVOT END --><\/p>\n<p><em>Nota: algunos de los enlaces aqu\u00ed publicados son de afiliados y pueden reportar un beneficio.<\/em><\/p>\n<p>Im\u00e1genes | Webedia y Carrefour<\/p>\n<p>En Xataka Smart Home | <a class=\"text-outboundlink\" href=\"https:\/\/www.xatakahome.com\/a-fondo\/estos-aparatos-sustituyen-a-regletas-convencionales-mejor-forma-tener-tus-cables-organizados-1\" data-vars-post-title=\"Estos aparatos sustituyen a las regletas convencionales y son la mejor forma de tener tus cables organizados \" data-vars-post-url=\"https:\/\/www.xatakahome.com\/a-fondo\/estos-aparatos-sustituyen-a-regletas-convencionales-mejor-forma-tener-tus-cables-organizados-1\" data-id=\"noopener noreferrer\">Estos aparatos sustituyen a las regletas convencionales y son la mejor forma de tener tus cables organizados<\/a><\/p>\n<p>En Xataka Smart Home | <a class=\"text-outboundlink\" href=\"https:\/\/www.xatakahome.com\/a-fondo\/enchufes-inteligentes-medidor-consumo-electrico-sirven-modelos-recomendados-para-empezar-a-ahorrar-luz\" data-vars-post-title=\"Enchufes inteligentes con medidor de consumo el\u00e9ctrico: para qu\u00e9 sirven y modelos recomendados para empezar a ahorrar luz\" data-vars-post-url=\"https:\/\/www.xatakahome.com\/a-fondo\/enchufes-inteligentes-medidor-consumo-electrico-sirven-modelos-recomendados-para-empezar-a-ahorrar-luz\" data-id=\"noopener noreferrer\">Enchufes inteligentes con medidor de consumo el\u00e9ctrico: para qu\u00e9 sirven y modelos recomendados para empezar a ahorrar luz<\/a><\/p>\n<p><script>\n (function() {\n  window._JS_MODULES = window._JS_MODULES || {};\n  var headElement = document.getElementsByTagName('head')[0];\n  if (_JS_MODULES.instagram) {\n   var instagramScript = document.createElement('script');\n   instagramScript.src = 'https:\/\/platform.instagram.com\/en_US\/embeds.js';\n   instagramScript.async = true;\n   instagramScript.defer = true;\n   headElement.appendChild(instagramScript);\n  }\n })();\n<\/script><\/p>\n<p> &#8211; <br \/> La noticia<br \/>\n      <a href=\"https:\/\/www.xatakahome.com\/seleccion\/este-gadget-carrefour-7-euros-util-crees-trabajas?utm_source=feedburner&amp;utm_medium=feed&amp;utm_campaign=02_Apr_2025\"><br \/>\n       <em> Este gadget de Carrefour de menos de 7 euros es m\u00e1s \u00fatil de lo crees mientras trabajas <\/em><br \/>\n      <\/a><br \/>\n      fue publicada originalmente en<br \/>\n      <a href=\"https:\/\/www.xatakahome.com\/?utm_source=feedburner&amp;utm_medium=feed&amp;utm_campaign=02_Apr_2025\"><br \/>\n       <strong> Xataka Smart Home <\/strong><br \/>\n      <\/a><br \/>\n             por <a href=\"https:\/\/www.xatakahome.com\/autor\/fran-leon?utm_source=feedburner&amp;utm_medium=feed&amp;utm_campaign=02_Apr_2025\"><br \/>\n        Fran Le\u00f3n<br \/>\n       <\/a><br \/>\n      . <\/p>\n<\/div>\n","protected":false},"excerpt":{"rendered":"<p>El caf\u00e9 es una de las bebidas favoritas para muchos a la hora de despertarse y empezar a espabilarse para ponerse manos a la obra en el trabajo. Si siempre sueles tener una taza de caf\u00e9 en el escritorio y se te acaba enfriando, Carrefour tiene una soluci\u00f3n barata para que esto no ocurra. Se &hellip; <a href=\"https:\/\/domosistemas.com\/?p=28054\" class=\"more-link\">Sigue leyendo <span class=\"screen-reader-text\">Este gadget de Carrefour de menos de 7 euros es m\u00e1s \u00fatil de lo crees mientras trabajas<\/span><\/a><\/p>\n","protected":false},"author":1,"featured_media":0,"comment_status":"closed","ping_status":"closed","sticky":false,"template":"","format":"standard","meta":{"footnotes":""},"categories":[8],"tags":[],"class_list":["post-28054","post","type-post","status-publish","format-standard","hentry","category-xataka"],"_links":{"self":[{"href":"https:\/\/domosistemas.com\/index.php?rest_route=\/wp\/v2\/posts\/28054","targetHints":{"allow":["GET"]}}],"collection":[{"href":"https:\/\/domosistemas.com\/index.php?rest_route=\/wp\/v2\/posts"}],"about":[{"href":"https:\/\/domosistemas.com\/index.php?rest_route=\/wp\/v2\/types\/post"}],"author":[{"embeddable":true,"href":"https:\/\/domosistemas.com\/index.php?rest_route=\/wp\/v2\/users\/1"}],"replies":[{"embeddable":true,"href":"https:\/\/domosistemas.com\/index.php?rest_route=%2Fwp%2Fv2%2Fcomments&post=28054"}],"version-history":[{"count":0,"href":"https:\/\/domosistemas.com\/index.php?rest_route=\/wp\/v2\/posts\/28054\/revisions"}],"wp:attachment":[{"href":"https:\/\/domosistemas.com\/index.php?rest_route=%2Fwp%2Fv2%2Fmedia&parent=28054"}],"wp:term":[{"taxonomy":"category","embeddable":true,"href":"https:\/\/domosistemas.com\/index.php?rest_route=%2Fwp%2Fv2%2Fcategories&post=28054"},{"taxonomy":"post_tag","embeddable":true,"href":"https:\/\/domosistemas.com\/index.php?rest_route=%2Fwp%2Fv2%2Ftags&post=28054"}],"curies":[{"name":"wp","href":"https:\/\/api.w.org\/{rel}","templated":true}]}}