{"id":28055,"date":"2025-04-02T09:06:12","date_gmt":"2025-04-02T09:06:12","guid":{"rendered":"https:\/\/domosistemas.com\/?p=28055"},"modified":"2025-04-02T09:06:12","modified_gmt":"2025-04-02T09:06:12","slug":"esta-arquitecta-confirma-algo-que-ya-sabiamos-no-recomiendo-poner-la-nevera-junto-a-los-electrodomesticos-de-calor","status":"publish","type":"post","link":"https:\/\/domosistemas.com\/?p=28055","title":{"rendered":"Esta arquitecta confirma algo que ya sab\u00edamos: \u00abno recomiendo poner la nevera junto a los electrodom\u00e9sticos de calor\u00bb"},"content":{"rendered":"<div>\n<p>\n      <img decoding=\"async\" src=\"https:\/\/i.blogs.es\/8eea83\/captura-de-pantalla-2025-04-02-a-las-8.58.24\/1024_2000.jpeg\" alt='Esta arquitecta confirma algo que ya sab\u00edamos: \"no recomiendo poner la nevera junto a los electrodom\u00e9sticos de calor\"'>\n    <\/p>\n<p>La cocina es uno de los espacios m\u00e1s importantes del hogar. Es el lugar donde preparamos nuestros platos y manipulamos los alimentos. En ella conviven numerosos electrodom\u00e9sticos, tanto grandes como peque\u00f1os, por lo que <strong>una buena distribuci\u00f3n es fundamental<\/strong>, algo que esta arquitecta tiene muy claro: <em>\u201cno recomiendo poner la nevera junto a los electrodom\u00e9sticos de calor\u201d<\/em>.<\/p>\n<p><!-- BREAK 1 --><\/p>\n<p>De hecho, debo admitir que en mi propia cocina <a class=\"text-outboundlink\" href=\"https:\/\/www.xatakahome.com\/hogar\/este-problema-poco-conocido-que-provocan-frigorificos-encastrados-columnas-calor-cocina-1\" data-vars-post-title=\"Este es el problema poco conocido que provocan los frigor\u00edficos encastrados y las columnas de calor en la cocina \" data-vars-post-url=\"https:\/\/www.xatakahome.com\/hogar\/este-problema-poco-conocido-que-provocan-frigorificos-encastrados-columnas-calor-cocina-1\">viv\u00ed una situaci\u00f3n similar<\/a> al <strong>instalar un frigor\u00edfico encastrado<\/strong>, y ya compart\u00ed esa experiencia en otro art\u00edculo. Ahora, esta experta va un paso m\u00e1s all\u00e1 y explica por qu\u00e9 es tan importante ubicar correctamente los electrodom\u00e9sticos.<\/p>\n<p><!-- BREAK 2 --><\/p>\n<div class=\"toc-container article-asset-normal\">\n<details>\n<summary class=\"toc-header \">\n   <span class=\"toc-heading\"><br \/>\n    <span>\u00cdndice de Contenidos (4)<\/span><br \/>\n   <\/span><br \/>\n   <span class=\"icon-folded\"><\/span><br \/>\n  <\/summary>\n<\/details>\n<div class=\"toc-list-wrap \">\n<div class=\"toc-list-item\">\n<ul class=\"toc-list\">\n<li class=\"toc-item\">\n       <a href=\"https:\/\/www.xatakahome.com\/hogar\/esta-arquitecta-confirma-algo-que-sabiamos-no-recomiendo-poner-nevera-a-electrodomesticos-calor#distribucion-correcta-1\" class=\"toc-item-link\">La distribuci\u00f3n correcta<\/a>\n      <\/li>\n<li class=\"toc-item\">\n       <a href=\"https:\/\/www.xatakahome.com\/hogar\/esta-arquitecta-confirma-algo-que-sabiamos-no-recomiendo-poner-nevera-a-electrodomesticos-calor#cual-motivo-2\" class=\"toc-item-link\">Cu\u00e1l es el motivo<\/a>\n      <\/li>\n<li class=\"toc-item\">\n       <a href=\"https:\/\/www.xatakahome.com\/hogar\/esta-arquitecta-confirma-algo-que-sabiamos-no-recomiendo-poner-nevera-a-electrodomesticos-calor#triangulo-trabajo-cocina-3\" class=\"toc-item-link\">El tri\u00e1ngulo de trabajo en la cocina<\/a>\n      <\/li>\n<li class=\"toc-item\">\n       <a href=\"https:\/\/www.xatakahome.com\/hogar\/esta-arquitecta-confirma-algo-que-sabiamos-no-recomiendo-poner-nevera-a-electrodomesticos-calor#otros-errores-habituales-4\" class=\"toc-item-link\">Otros errores habituales<\/a>\n      <\/li>\n<\/ul><\/div>\n<\/p><\/div>\n<\/div>\n<h2 id=\"distribucion-correcta-1\" class=\"toc-enabled\"><span class=\"toc-shortcut-icon\" title=\"Ver \u00cdndice de contenido\"><\/span>La distribuci\u00f3n correcta<\/h2>\n<div class=\"article-asset-image article-asset-large article-asset-center\">\n<div class=\"asset-content\">\n<div class=\"caption-img \">\n                    <a rel=\"noopener, noreferrer\" href=\"https:\/\/www.pexels.com\/es-es\/foto\/cocina-modular-de-madera-blanca-1643384\/\"><\/p>\n<p>    <img decoding=\"async\" alt=\"Pexels Fotoaibe 1643384\" class=\"\" src=\"https:\/\/i.blogs.es\/d080f1\/pexels-fotoaibe-1643384\/450_1000.webp\"><br \/>\n     <\/a><\/p>\n<p>        <span>Foto de Vecislavas Popa<\/span>\n   <\/div>\n<\/p><\/div>\n<\/div>\n<p>La arquitecta Marina Zamora de <a rel=\"noopener, noreferrer\" href=\"https:\/\/sezam.es\/\">Sezam Studio,<\/a> ofrece recomendaciones clave para <strong>una distribuci\u00f3n eficiente de la cocina<\/strong>. Y es que, aunque no lo parezca, es fundamental tener los electrodom\u00e9sticos distribuidos atendiendo a una premisa: el tri\u00e1ngulo de trabajo en la cocina. Seg\u00fan la experta, <em>\u201ccomo sab\u00e9is, siempre es importante tener en cuenta este tri\u00e1ngulo que forman, placa de cocci\u00f3n, frigor\u00edfico y fregadero\u201d.<\/em><\/p>\n<p><!-- BREAK 3 --><\/p>\n<p>Con esta divisi\u00f3n realizada, Marina Zamora advierte de <strong>c\u00f3mo deben estar distribuidos los electrodom\u00e9sticos<\/strong>. Es un error, colocar el horno frente al frigor\u00edfico, y de hecho, suele ser un problema bastante habitual o ocasionado, sobre todo por la falta de espacio. <em>\u201cLo deseable ser\u00eda que el frigor\u00edfico estuviera lejos, tanto de la placa de cocci\u00f3n como la del horno\u201d<\/em>. No obstante aclara que <em>\u201csi no hay m\u00e1s remedio, podemos tenerlo junto, aunque no es lo m\u00e1s recomendable\u201d<\/em>.<\/p>\n<p><!-- BREAK 4 --><\/p>\n<h2 id=\"cual-motivo-2\" class=\"toc-enabled\"><span class=\"toc-shortcut-icon\" title=\"Ver \u00cdndice de contenido\"><\/span>Cu\u00e1l es el motivo<\/h2>\n<p>Seg\u00fan explica la arquitecta, el separar este tipo de electrodom\u00e9sticos se justifica para <strong>evitar el intercambio de temperaturas<\/strong>. <em>\u201cAl utilizar el horno genera mucho calor y eso hace que el frigor\u00edfico gaste m\u00e1s energ\u00eda para enfriar los alimentos. Esto nos costar\u00e1 m\u00e1s electricidad y, adem\u00e1s, puede desgastar el frigor\u00edfico mucho antes de su edad prevista\u201d.<\/em><\/p>\n<p><!-- BREAK 5 --><\/p>\n<h2 id=\"triangulo-trabajo-cocina-3\" class=\"toc-enabled\"><span class=\"toc-shortcut-icon\" title=\"Ver \u00cdndice de contenido\"><\/span>El tri\u00e1ngulo de trabajo en la cocina<\/h2>\n<div class=\"article-asset-image article-asset-large article-asset-center\">\n<div class=\"asset-content\">\n<div class=\"caption-img \">\n                    <a rel=\"noopener, noreferrer\" href=\"https:\/\/www.pexels.com\/es-es\/foto\/refrigerador-de-acero-inoxidable-al-lado-del-gabinete-de-cocina-blanco-2343467\/\"><\/p>\n<p>    <img decoding=\"async\" alt=\"Pexels Alex Qian 1180283 2343467\" class=\"\" src=\"https:\/\/i.blogs.es\/01301a\/pexels-alex-qian-1180283-2343467\/450_1000.webp\"><br \/>\n     <\/a><\/p>\n<p>        <span>Foto de Alex Qian<\/span>\n   <\/div>\n<\/p><\/div>\n<\/div>\n<p>La experta <strong>destaca la importancia del tri\u00e1ngulo de trabajo en la cocina<\/strong>. Seg\u00fan Zamora, <em>\u201cc\u00f3mo sab\u00e9is, siempre es importante tener en cuenta este tri\u00e1ngulo que forman, placa de cocci\u00f3n, frigor\u00edfico y fregadero\u201d<\/em>.<\/p>\n<p><!-- BREAK 6 --><\/p>\n<p>El <strong>tri\u00e1ngulo de trabajo en la cocina<\/strong> es un concepto de dise\u00f1o cl\u00e1sico que busca optimizar la funcionalidad y la eficiencia del espacio. De hecho, <a rel=\"noopener, noreferrer\" href=\"https:\/\/www.revistaad.es\/espacios\/cocinas\/articulos\/como-crear-triangulo-trabajo-adecuado-para-cocina\">un medio especializado como es AD<\/a>, establece las l\u00edneas clave para lograr este espacio y aclara en qu\u00e9 consiste. Este tri\u00e1ngulo se forma al unir con l\u00edneas imaginarias tres zonas clave:<\/p>\n<p><!-- BREAK 7 --><\/p>\n<ul>\n<li><strong>Zona de almacenamiento:<\/strong> normalmente representada por el <strong>frigor\u00edfico y la despensa<\/strong>.<\/li>\n<li><strong>Zona de preparaci\u00f3n y lavado:<\/strong> representada por el <strong>fregadero<\/strong> (y, actualmente, tambi\u00e9n el lavavajillas) y la encimera.<\/li>\n<li><strong>Zona de cocci\u00f3n:<\/strong> formada por la <strong>placa de cocina o la vitrocer\u00e1mica<\/strong> y el <strong>horno<\/strong>.<\/li>\n<\/ul>\n<div class=\"article-asset-video article-asset-normal\">\n<div class=\"asset-content\">\n<div class=\"base-asset-video\">\n<div class=\"js-dailymotion\">\n    <script type=\"application\/json\">\n                          {\"videoId\":\"x8heyay\",\"autoplay\":true,\"title\":\"ANTES de COMPRA una AIR FRYER mira ESTE V\u00cdDEO | Gu\u00eda de compra freidoras de aire\", \"tag\":\"Webedia-prod\"}\n                  <\/script>\n   <\/div>\n<\/p><\/div>\n<\/p><\/div>\n<\/div>\n<p>Las tres zonas del tri\u00e1ngulo de trabajo <strong>deben estar lo suficientemente pr\u00f3ximas<\/strong> para facilitar los desplazamientos entre ellas, pero sin llegar a estar tan juntas que dificulten el movimiento. Se recomienda que la distancia entre cada uno de los puntos est\u00e9 entre 1,20 y 2,70 metros.<\/p>\n<p><!-- BREAK 8 --><\/p>\n<p>Adem\u00e1s, es importante <strong>que no existan obst\u00e1culos dentro del tri\u00e1ngulo<\/strong>, como islas o muebles altos, que puedan interrumpir la circulaci\u00f3n. El objetivo principal de este dise\u00f1o es permitir que las tareas m\u00e1s frecuentes en la cocina \u2014como sacar alimentos, lavarlos y cocinarlos\u2014 se realicen de forma fluida, c\u00f3moda y eficiente.<\/p>\n<p><!-- BREAK 9 --><\/p>\n<h2 id=\"otros-errores-habituales-4\" class=\"toc-enabled\"><span class=\"toc-shortcut-icon\" title=\"Ver \u00cdndice de contenido\"><\/span>Otros errores habituales<\/h2>\n<div class=\"article-asset-image article-asset-large article-asset-center\">\n<div class=\"asset-content\">\n<p>   <img decoding=\"async\" alt=\"Encimera\" class=\"\" src=\"https:\/\/i.blogs.es\/b5465f\/encimera\/450_1000.webp\"><\/p><\/div>\n<\/div>\n<p>Que adem\u00e1s, a la hora de dise\u00f1ar la cocina en muchas ocasiones, se comete un error que puede pasar inadvertido: se trata de <strong>elegir cajones con tiradores externos<\/strong>. Esto ocurre, sobre todo en aquellas personas que buscan un dise\u00f1o m\u00e1s retro. Y sin saberlo pueden estar provocando un problema ya que adem\u00e1s de provocar la sensaci\u00f3n de una cocina, visualmente m\u00e1s peque\u00f1a, son m\u00e1s problem\u00e1ticos a la hora de la limpieza:<\/p>\n<p><!-- BREAK 10 --><\/p>\n<p><em>\u201cA menudo tenemos las manos sucias. As\u00ed que si lo que quieres es evitar la limpieza constante, entonces mejor usar muebles sin tiradores y apuesta por un sistema de push\u201d.<\/em><\/p>\n<p><!-- BREAK 11 --><\/p>\n<div class=\"article-asset article-asset-normal article-asset-center\">\n<div class=\"desvio-container\">\n<div class=\"desvio\">\n<div class=\"desvio-figure js-desvio-figure\">\n    <a href=\"https:\/\/www.xatakahome.com\/a-fondo\/como-eliminar-aranazos-placas-cocina-vitroceramicas-induccion-1\" class=\"pivot-outboundlink\" data-vars-post-title=\"C\u00f3mo eliminar los ara\u00f1azos en las placas de cocina vitrocer\u00e1micas y de inducci\u00f3n \"><br \/>\n     <img loading=\"lazy\" decoding=\"async\" alt=\"C\u00f3mo eliminar los ara\u00f1azos en las placas de cocina vitrocer\u00e1micas y de inducci\u00f3n \" width=\"375\" height=\"142\" src=\"https:\/\/i.blogs.es\/ff623e\/christian-mackie-eubmypozuza-unsplash\/375_142.webp\" onerror='this.src=\"https:\/\/i.blogs.es\/ff623e\/christian-mackie-eubmypozuza-unsplash\/375_142.jpeg\"'><br \/>\n    <\/a>\n   <\/div>\n<div class=\"desvio-summary\">\n<div class=\"desvio-taxonomy js-desvio-taxonomy\">\n     <a href=\"https:\/\/www.xatakahome.com\/a-fondo\/como-eliminar-aranazos-placas-cocina-vitroceramicas-induccion-1\" class=\"desvio-taxonomy-anchor pivot-outboundlink\" data-vars-post-title=\"C\u00f3mo eliminar los ara\u00f1azos en las placas de cocina vitrocer\u00e1micas y de inducci\u00f3n \">En Xataka Smart Home<\/a>\n    <\/div>\n<p>    <a href=\"https:\/\/www.xatakahome.com\/a-fondo\/como-eliminar-aranazos-placas-cocina-vitroceramicas-induccion-1\" class=\"desvio-title js-desvio-title pivot-outboundlink\" data-vars-post-title=\"C\u00f3mo eliminar los ara\u00f1azos en las placas de cocina vitrocer\u00e1micas y de inducci\u00f3n \">C\u00f3mo eliminar los ara\u00f1azos en las placas de cocina vitrocer\u00e1micas y de inducci\u00f3n <\/a>\n   <\/div>\n<\/p><\/div>\n<\/p><\/div>\n<\/div>\n<p>Zamora resalta a su vez la importancia de <strong>cuidar la distribuci\u00f3n en la encimera<\/strong>. C\u00f3mo principal superficie de trabajo que es en la cocina (especialmente si no se dispone de una isla), requiere una distribuci\u00f3n adecuada. Adem\u00e1s es esencial elegir un material resistente, duradero y con propiedades antibacterianas: <em>\u201cHay muchos materiales antibacterianos, duraderos y resistentes\u201d<\/em><\/p>\n<p><!-- BREAK 12 --><\/p>\n<p>Para finalizar, a la hora de <strong>tener una superficie de trabajo \u00f3ptima<\/strong> da dos consejos. Por un lado <em>\u201ces aconsejable tener una iluminaci\u00f3n hacia la encimera ya que facilita mucho cocinar con buena visibilidad en la zona de trabajo\u201d.<\/em><\/p>\n<p><!-- BREAK 13 --><\/p>\n<p>Tambi\u00e9n es importante <strong>considerar el espacio libre<\/strong> a ambos lados de la zona de cocci\u00f3n y del fregadero. La arquitecta recomienda <em>\u201cun m\u00ednimo de 40 cent\u00edmetros a cada lado\u201d<\/em> y si no hay problemas de espacio, dejar hasta <em>\u201c60\/90 cent\u00edmetros a cada lado del fregadero y de la placa\u201d.<\/em><\/p>\n<p><!-- BREAK 14 --><\/p>\n<p>Siempre que las dimensiones lo permitan, <strong>Zamora recomienda incorporar una isla y un \u00e1rea de comedor<\/strong> informal en cocinas abiertas al sal\u00f3n, con el objetivo de favorecer la convivencia y lograr una mejor conexi\u00f3n con el resto del hogar.<\/p>\n<p><!-- BREAK 15 --><\/p>\n<p>V\u00eda | <a rel=\"noopener, noreferrer\" href=\"https:\/\/www.arquitecturaydiseno.es\/decoracion\/marina-zamora-arquitecta-cocina-no-hay-que-poner-nevera-junto-a-electrodomesticos-calor_11719\">Arquitectura y dise\u00f1o<\/a><\/p>\n<p>En Xataka SmartHome | <a class=\"text-outboundlink\" href=\"https:\/\/www.xatakahome.com\/a-fondo\/mucha-gente-piensa-que-todas-tablas-cocina-iguales-hay-grandes-diferencias-material-que-estan-hechas-clave\" data-vars-post-title=\"Mucha gente piensa que todas las tablas de cocina son iguales, pero hay grandes diferencias: el material del que est\u00e1n hechas es la clave\" data-vars-post-url=\"https:\/\/www.xatakahome.com\/a-fondo\/mucha-gente-piensa-que-todas-tablas-cocina-iguales-hay-grandes-diferencias-material-que-estan-hechas-clave\">Mucha gente piensa que todas las tablas de cocina son iguales, pero hay grandes diferencias: el material del que est\u00e1n hechas es la clave<\/a><\/p>\n<p><!-- BREAK 16 --><script>\n (function() {\n  window._JS_MODULES = window._JS_MODULES || {};\n  var headElement = document.getElementsByTagName('head')[0];\n  if (_JS_MODULES.instagram) {\n   var instagramScript = document.createElement('script');\n   instagramScript.src = 'https:\/\/platform.instagram.com\/en_US\/embeds.js';\n   instagramScript.async = true;\n   instagramScript.defer = true;\n   headElement.appendChild(instagramScript);\n  }\n })();\n<\/script><\/p>\n<p> &#8211; <br \/> La noticia<br \/>\n      <a href=\"https:\/\/www.xatakahome.com\/hogar\/esta-arquitecta-confirma-algo-que-sabiamos-no-recomiendo-poner-nevera-a-electrodomesticos-calor?utm_source=feedburner&amp;utm_medium=feed&amp;utm_campaign=02_Apr_2025\"><br \/>\n       <em> Esta arquitecta confirma algo que ya sab\u00edamos: \u00abno recomiendo poner la nevera junto a los electrodom\u00e9sticos de calor\u00bb <\/em><br \/>\n      <\/a><br \/>\n      fue publicada originalmente en<br \/>\n      <a href=\"https:\/\/www.xatakahome.com\/?utm_source=feedburner&amp;utm_medium=feed&amp;utm_campaign=02_Apr_2025\"><br \/>\n       <strong> Xataka Smart Home <\/strong><br \/>\n      <\/a><br \/>\n             por <a href=\"https:\/\/www.xatakahome.com\/autor\/jose-antonio-carmona?utm_source=feedburner&amp;utm_medium=feed&amp;utm_campaign=02_Apr_2025\"><br \/>\n        Jose Antonio Carmona<br \/>\n       <\/a><br \/>\n      . <\/p>\n<\/div>\n","protected":false},"excerpt":{"rendered":"<p>La cocina es uno de los espacios m\u00e1s importantes del hogar. Es el lugar donde preparamos nuestros platos y manipulamos los alimentos. En ella conviven numerosos electrodom\u00e9sticos, tanto grandes como peque\u00f1os, por lo que una buena distribuci\u00f3n es fundamental, algo que esta arquitecta tiene muy claro: \u201cno recomiendo poner la nevera junto a los electrodom\u00e9sticos &hellip; <a href=\"https:\/\/domosistemas.com\/?p=28055\" class=\"more-link\">Sigue leyendo <span class=\"screen-reader-text\">Esta arquitecta confirma algo que ya sab\u00edamos: \u00abno recomiendo poner la nevera junto a los electrodom\u00e9sticos de calor\u00bb<\/span><\/a><\/p>\n","protected":false},"author":1,"featured_media":0,"comment_status":"closed","ping_status":"closed","sticky":false,"template":"","format":"standard","meta":{"footnotes":""},"categories":[8],"tags":[],"class_list":["post-28055","post","type-post","status-publish","format-standard","hentry","category-xataka"],"_links":{"self":[{"href":"https:\/\/domosistemas.com\/index.php?rest_route=\/wp\/v2\/posts\/28055","targetHints":{"allow":["GET"]}}],"collection":[{"href":"https:\/\/domosistemas.com\/index.php?rest_route=\/wp\/v2\/posts"}],"about":[{"href":"https:\/\/domosistemas.com\/index.php?rest_route=\/wp\/v2\/types\/post"}],"author":[{"embeddable":true,"href":"https:\/\/domosistemas.com\/index.php?rest_route=\/wp\/v2\/users\/1"}],"replies":[{"embeddable":true,"href":"https:\/\/domosistemas.com\/index.php?rest_route=%2Fwp%2Fv2%2Fcomments&post=28055"}],"version-history":[{"count":0,"href":"https:\/\/domosistemas.com\/index.php?rest_route=\/wp\/v2\/posts\/28055\/revisions"}],"wp:attachment":[{"href":"https:\/\/domosistemas.com\/index.php?rest_route=%2Fwp%2Fv2%2Fmedia&parent=28055"}],"wp:term":[{"taxonomy":"category","embeddable":true,"href":"https:\/\/domosistemas.com\/index.php?rest_route=%2Fwp%2Fv2%2Fcategories&post=28055"},{"taxonomy":"post_tag","embeddable":true,"href":"https:\/\/domosistemas.com\/index.php?rest_route=%2Fwp%2Fv2%2Ftags&post=28055"}],"curies":[{"name":"wp","href":"https:\/\/api.w.org\/{rel}","templated":true}]}}