{"id":28059,"date":"2025-04-02T11:28:18","date_gmt":"2025-04-02T11:28:18","guid":{"rendered":"https:\/\/domosistemas.com\/?p=28059"},"modified":"2025-04-02T11:28:18","modified_gmt":"2025-04-02T11:28:18","slug":"se-acabo-la-espera-para-las-comunidades-de-vecinos-manana-entra-en-vigor-la-nueva-ley-para-regular-los-pisos-turisticos","status":"publish","type":"post","link":"https:\/\/domosistemas.com\/?p=28059","title":{"rendered":"Se acab\u00f3 la espera para las comunidades de vecinos. Ma\u00f1ana entra en vigor la nueva ley para regular los pisos tur\u00edsticos"},"content":{"rendered":"<div>\n<p>\n      <img decoding=\"async\" src=\"https:\/\/i.blogs.es\/ee01d7\/architecture-sky-road-street-bicycle-city-1194672-pxhere.com\/1024_2000.jpeg\" alt=\"Se acab\u00f3 la espera para las comunidades de vecinos. Ma\u00f1ana entra en vigor la nueva ley para regular los pisos tur\u00edsticos \">\n    <\/p>\n<p>El fen\u00f3meno de los <strong>pisos tur\u00edsticos<\/strong> est\u00e1 a punto de cambiar en Espa\u00f1a desde ma\u00f1ana mismo, como consecuencia de las modificaciones en la <a rel=\"noopener, noreferrer\" href=\"https:\/\/www.boe.es\/buscar\/act.php?id=BOE-A-1960-10906\" data-id=\"noopener, noreferrer\">Ley de Propiedad Horizontal<\/a> (LPH) promovidas por el Ministerio de Vivienda y Agenda Urbana.<\/p>\n<p><!-- BREAK 1 --><\/p>\n<p>Unos cambios que afectan exclusivamente a los <strong>pisos tur\u00edsticos<\/strong> que se pongan en funcionamiento a partir del <strong>3 de abril de 2025<\/strong> (es decir, la norma no tendr\u00e1 car\u00e1cter retroactivo), pero que traer\u00e1 novedades interesantes.<\/p>\n<p><!-- BREAK 2 --><\/p>\n<div class=\"article-asset article-asset-normal article-asset-center\">\n<div class=\"desvio-container\">\n<div class=\"desvio\">\n<div class=\"desvio-figure js-desvio-figure\">\n    <a href=\"https:\/\/www.xatakahome.com\/tutoriales\/mi-comunidad-vecinos-hemos-fulminado-pisos-turisticos-esto-que-hemos-hecho-para-lograrlo\" class=\"pivot-outboundlink\" data-vars-post-title=\"En mi comunidad de vecinos hemos fulminado los pisos tur\u00edsticos. Esto es lo que hemos hecho para lograrlo\"><br \/>\n     <img loading=\"lazy\" decoding=\"async\" alt=\"En mi comunidad de vecinos hemos fulminado los pisos tur\u00edsticos. Esto es lo que hemos hecho para lograrlo\" width=\"375\" height=\"142\" src=\"https:\/\/i.blogs.es\/865f4b\/captura-de-pantalla-2025-03-12-a-las-9.31.55\/375_142.webp\" onerror='this.src=\"https:\/\/i.blogs.es\/865f4b\/captura-de-pantalla-2025-03-12-a-las-9.31.55\/375_142.jpeg\"'><br \/>\n    <\/a>\n   <\/div>\n<div class=\"desvio-summary\">\n<div class=\"desvio-taxonomy js-desvio-taxonomy\">\n     <a href=\"https:\/\/www.xatakahome.com\/tutoriales\/mi-comunidad-vecinos-hemos-fulminado-pisos-turisticos-esto-que-hemos-hecho-para-lograrlo\" class=\"desvio-taxonomy-anchor pivot-outboundlink\" data-vars-post-title=\"En mi comunidad de vecinos hemos fulminado los pisos tur\u00edsticos. Esto es lo que hemos hecho para lograrlo\">En Xataka Smart Home<\/a>\n    <\/div>\n<p>    <a href=\"https:\/\/www.xatakahome.com\/tutoriales\/mi-comunidad-vecinos-hemos-fulminado-pisos-turisticos-esto-que-hemos-hecho-para-lograrlo\" class=\"desvio-title js-desvio-title pivot-outboundlink\" data-vars-post-title=\"En mi comunidad de vecinos hemos fulminado los pisos tur\u00edsticos. Esto es lo que hemos hecho para lograrlo\">En mi comunidad de vecinos hemos fulminado los pisos tur\u00edsticos. Esto es lo que hemos hecho para lograrlo<\/a>\n   <\/div>\n<\/p><\/div>\n<\/p><\/div>\n<\/div>\n<h2>Nueva normativa para los pisos tur\u00edsticos en Espa\u00f1a<\/h2>\n<div class=\"article-asset-image article-asset-normal article-asset-center\">\n<div class=\"asset-content\">\n<div class=\"caption-img \">\n<p>   <img decoding=\"async\" alt=\"Jota\" class=\"centro_sinmarco\" src=\"https:\/\/i.blogs.es\/ce94c7\/1366_2000\/450_1000.webp\"><\/p>\n<p>        <span>Imagen: Jos\u00e9 Antonio Carmona<\/span>\n   <\/div>\n<\/p><\/div>\n<\/div>\n<p>El pr\u00f3ximo jueves 3 de abril entra en vigor la modificaci\u00f3n de la LPH que establece que a partir de ahora, <strong>las comunidades de vecinos deber\u00e1n dar el visto bueno expreso<\/strong> a la instalaci\u00f3n de nuevas viviendas de uso tur\u00edstico en sus edificios.<\/p>\n<p><!-- BREAK 3 --><\/p>\n<p>Se trata de una modificaci\u00f3n normativa de la <a rel=\"noopener, noreferrer\" href=\"https:\/\/www.boe.es\/buscar\/act.php?id=BOE-A-2025-76\">Ley Org\u00e1nica 1\/2025<\/a> impulsada por la ministra de Vivienda y Agenda Urbana, Isabel Rodr\u00edguez, con el objetivo de <strong>dar m\u00e1s poder a los vecinos<\/strong> sobre lo que sucede en sus edificios, as\u00ed como para preservar la funci\u00f3n social de la vivienda.<\/p>\n<p><!-- BREAK 4 --><\/p>\n<p>La nueva redacci\u00f3n de la normativa establece que la instalaci\u00f3n de viviendas de uso tur\u00edstico requiere desde ahora del <strong>acuerdo expreso<\/strong> por parte de la comunidad de propietarios, sin necesidad de que se modifique el t\u00edtulo constitutivo o los estatutos, como ocurr\u00eda hasta ahora en virtud de la jurisprudencia del Tribunal Supremo. Seg\u00fan <a rel=\"noopener, noreferrer\" href=\"https:\/\/www.boe.es\/buscar\/act.php?id=BOE-A-2025-76\">leemos en el BOE<\/a>:<\/p>\n<p><!-- BREAK 5 --><\/p>\n<blockquote><p>El <strong>propietario de cada vivienda<\/strong> que quiera realizar el ejercicio de la actividad a que se refiere la letra e) del art\u00edculo 5 \u00a0de la Ley 29\/1994, de 24 de noviembre, de Arrendamientos Urbanos, en los t\u00e9rminos establecidos en la normativa <strong>sectorial tur\u00edstica<\/strong>, deber\u00e1 obtener previamente la <strong>aprobaci\u00f3n expresa de la comunidad de propietarios<\/strong>, en los t\u00e9rminos establecidos en el apartado 12 del art\u00edculo diecisiete de esta Ley.<\/p><\/blockquote>\n<blockquote><p>El presidente de la comunidad, a iniciativa propia o de cualquiera de los propietarios u ocupantes, requerir\u00e1 a quien realice la actividad del apartado anterior, sin que haya sido aprobada expresamente, la inmediata cesaci\u00f3n de las mismas, bajo apercibimiento de iniciar las acciones judiciales procedentes, siendo de aplicaci\u00f3n lo dispuesto en el apartado anterior.<\/p><\/blockquote>\n<p>As\u00ed, para que se puedan instalar nuevos pisos tur\u00edsticos, <strong>se requerir\u00e1 obligatoriamente el voto favorable de las tres quintas partes del total<\/strong> <strong>de los propietarios<\/strong> que representen, a su vez, las tres quintas partes de las cuotas de participaci\u00f3n.<\/p>\n<p><!-- BREAK 6 --><\/p>\n<blockquote><p>El acuerdo expreso por el que se apruebe, limite, condicione o proh\u00edba \u00a0el ejercicio de la actividad a que se refiere la letra e) del art\u00edculo 5 \u00a0de la Ley 29\/1994, de 24 de noviembre, de Arrendamientos Urbanos, en los t\u00e9rminos establecidos en la normativa sectorial tur\u00edstica, suponga o no modificaci\u00f3n del t\u00edtulo constitutivo o de los estatutos, requerir\u00e1 el <strong>voto favorable de las tres quintas partes del total de los propietarios<\/strong> que, a su vez, representen las tres quintas partes de las cuotas de participaci\u00f3n.<\/p><\/blockquote>\n<p>Adem\u00e1s, esta mayor\u00eda tambi\u00e9n ser\u00e1 necesaria para otros asuntos que se traten en la comunidad, como <strong>establecer cuotas especiales de gastos<\/strong>, seg\u00fan leemos en la modificaci\u00f3n del apartado 12 del art\u00edculo diecisiete:<\/p>\n<p><!-- BREAK 7 --><\/p>\n<blockquote><p>Asimismo, esta misma mayor\u00eda se requerir\u00e1 para el acuerdo por el que se establezcan cuotas especiales de gastos o un incremento en la participaci\u00f3n de los gastos comunes de la vivienda donde se realice dicha actividad, siempre que estas modificaciones no supongan un incremento superior al 20\u202f%. Estos acuerdos no tendr\u00e1n efectos retroactivos<\/p><\/blockquote>\n<div class=\"article-asset-video article-asset-normal\">\n<div class=\"asset-content\">\n<div class=\"base-asset-video\">\n<div class=\"js-dailymotion\">\n    <script type=\"application\/json\">\n                          {\"videoId\":\"x7znesx\",\"autoplay\":true,\"title\":\"Edificio de autoconsumo ASI\u0301 FUNCIONAN - Paneles solares en bloques de pisos\", \"tag\":\"solar\", \"duration\":\"564\"}\n                  <\/script>\n   <\/div>\n<\/p><\/div>\n<\/p><\/div>\n<\/div>\n<h2>Registro de viviendas de uso tur\u00edstico<\/h2>\n<p>En paralelo a la modificaci\u00f3n de la Ley de Propiedad Horizontal, el Gobierno aprob\u00f3 en 2024 el Real Decreto que crea la <a rel=\"noopener, noreferrer\" href=\"https:\/\/www.mivau.gob.es\/vivienda\/ventanilla-unica\/alquiler-de-alojamientos-de-corta-duracion\">Ventanilla \u00danica Digital de Arrendamientos<\/a> para acabar con el fraude en los alquileres de corta duraci\u00f3n.<\/p>\n<p><!-- BREAK 8 --><\/p>\n<p>Con el nuevo sistema, los arrendadores de cualquier tipo de alquiler de corta duraci\u00f3n, como por ejemplo un piso tur\u00edstico, <strong>deber\u00e1n obtener un n\u00famero oficial \u00a0de registro <\/strong>que acredite cumplen con la legalidad vigente. Solo as\u00ed podr\u00e1n ofertarse en plataformas online.<\/p>\n<p><!-- BREAK 9 --><\/p>\n<p>La Ventana \u00danica Digital entrar\u00e1 en vigor en <strong>julio de 2025<\/strong>, pero los propietarios ya pueden solicitar el registro de sus viviendas desde el 2 de enero de 2025. Seg\u00fan <a rel=\"noopener, noreferrer\" href=\"https:\/\/www.mivau.gob.es\/el-ministerio\/sala-de-prensa\">comentan desde el Ministerio<\/a>, en estos primeros noventa d\u00edas el n\u00famero de solicitudes de registro de alquiler de corta duraci\u00f3n asciende a 18.104 en todo el \u00a0territorio nacional. De ellas, 8.787 n\u00fameros de registro han sido concedidos (49%), 7.393 est\u00e1n en fase de evaluaci\u00f3n por parte del Registrador\/a (41%) y 1.924 revocados (11%).<\/p>\n<p><!-- BREAK 10 --><\/p>\n<p>M\u00e1s informaci\u00f3n | <a rel=\"noopener, noreferrer\" href=\"https:\/\/www.mivau.gob.es\/el-ministerio\/sala-de-prensa\/noticias\/mar-01042025-1647\">Ministerio de Vivienda y Agenda Urbana<\/a> | <a rel=\"noopener, noreferrer\" href=\"https:\/\/www.boe.es\/buscar\/act.php?id=BOE-A-2025-76\">BOE<\/a><\/p>\n<p>Imagen portada | <a rel=\"noopener, noreferrer\" href=\"https:\/\/pxhere.com\/es\/photo\/1194672\">PxHere<\/a><\/p>\n<p>En Xataka Smart Home | <a class=\"text-outboundlink\" href=\"https:\/\/www.xatakahome.com\/tutoriales\/soy-presidente-comunidad-vecinos-estamos-cansados-pisos-turisticos-asi-vamos-a-usar-ley-para-controlarlos\" data-vars-post-title=\"Soy presidente de una comunidad de vecinos en Granada y estamos cansados de los pisos tur\u00edsticos. As\u00ed vamos a combatirlos\" data-vars-post-url=\"https:\/\/www.xatakahome.com\/tutoriales\/soy-presidente-comunidad-vecinos-estamos-cansados-pisos-turisticos-asi-vamos-a-usar-ley-para-controlarlos\">Soy presidente de una comunidad de vecinos en Granada y estamos cansados de los pisos tur\u00edsticos. As\u00ed vamos a combatirlos<\/a><\/p>\n<p><script>\n (function() {\n  window._JS_MODULES = window._JS_MODULES || {};\n  var headElement = document.getElementsByTagName('head')[0];\n  if (_JS_MODULES.instagram) {\n   var instagramScript = document.createElement('script');\n   instagramScript.src = 'https:\/\/platform.instagram.com\/en_US\/embeds.js';\n   instagramScript.async = true;\n   instagramScript.defer = true;\n   headElement.appendChild(instagramScript);\n  }\n })();\n<\/script><\/p>\n<p> &#8211; <br \/> La noticia<br \/>\n      <a href=\"https:\/\/www.xatakahome.com\/hogar\/se-acabo-espera-para-comunidades-vecinos-manana-entra-vigor-nueva-ley-para-regular-pisos-turisticos?utm_source=feedburner&amp;utm_medium=feed&amp;utm_campaign=02_Apr_2025\"><br \/>\n       <em> Se acab\u00f3 la espera para las comunidades de vecinos. Ma\u00f1ana entra en vigor la nueva ley para regular los pisos tur\u00edsticos  <\/em><br \/>\n      <\/a><br \/>\n      fue publicada originalmente en<br \/>\n      <a href=\"https:\/\/www.xatakahome.com\/?utm_source=feedburner&amp;utm_medium=feed&amp;utm_campaign=02_Apr_2025\"><br \/>\n       <strong> Xataka Smart Home <\/strong><br \/>\n      <\/a><br \/>\n             por <a href=\"https:\/\/www.xatakahome.com\/autor\/paco-rodriguez?utm_source=feedburner&amp;utm_medium=feed&amp;utm_campaign=02_Apr_2025\"><br \/>\n        Paco Rodr\u00edguez<br \/>\n       <\/a><br \/>\n      . <\/p>\n<\/div>\n","protected":false},"excerpt":{"rendered":"<p>El fen\u00f3meno de los pisos tur\u00edsticos est\u00e1 a punto de cambiar en Espa\u00f1a desde ma\u00f1ana mismo, como consecuencia de las modificaciones en la Ley de Propiedad Horizontal (LPH) promovidas por el Ministerio de Vivienda y Agenda Urbana. Unos cambios que afectan exclusivamente a los pisos tur\u00edsticos que se pongan en funcionamiento a partir del 3 &hellip; <a href=\"https:\/\/domosistemas.com\/?p=28059\" class=\"more-link\">Sigue leyendo <span class=\"screen-reader-text\">Se acab\u00f3 la espera para las comunidades de vecinos. Ma\u00f1ana entra en vigor la nueva ley para regular los pisos tur\u00edsticos<\/span><\/a><\/p>\n","protected":false},"author":1,"featured_media":0,"comment_status":"closed","ping_status":"closed","sticky":false,"template":"","format":"standard","meta":{"footnotes":""},"categories":[8],"tags":[],"class_list":["post-28059","post","type-post","status-publish","format-standard","hentry","category-xataka"],"_links":{"self":[{"href":"https:\/\/domosistemas.com\/index.php?rest_route=\/wp\/v2\/posts\/28059","targetHints":{"allow":["GET"]}}],"collection":[{"href":"https:\/\/domosistemas.com\/index.php?rest_route=\/wp\/v2\/posts"}],"about":[{"href":"https:\/\/domosistemas.com\/index.php?rest_route=\/wp\/v2\/types\/post"}],"author":[{"embeddable":true,"href":"https:\/\/domosistemas.com\/index.php?rest_route=\/wp\/v2\/users\/1"}],"replies":[{"embeddable":true,"href":"https:\/\/domosistemas.com\/index.php?rest_route=%2Fwp%2Fv2%2Fcomments&post=28059"}],"version-history":[{"count":0,"href":"https:\/\/domosistemas.com\/index.php?rest_route=\/wp\/v2\/posts\/28059\/revisions"}],"wp:attachment":[{"href":"https:\/\/domosistemas.com\/index.php?rest_route=%2Fwp%2Fv2%2Fmedia&parent=28059"}],"wp:term":[{"taxonomy":"category","embeddable":true,"href":"https:\/\/domosistemas.com\/index.php?rest_route=%2Fwp%2Fv2%2Fcategories&post=28059"},{"taxonomy":"post_tag","embeddable":true,"href":"https:\/\/domosistemas.com\/index.php?rest_route=%2Fwp%2Fv2%2Ftags&post=28059"}],"curies":[{"name":"wp","href":"https:\/\/api.w.org\/{rel}","templated":true}]}}