{"id":28071,"date":"2025-04-03T08:08:20","date_gmt":"2025-04-03T08:08:20","guid":{"rendered":"https:\/\/domosistemas.com\/?p=28071"},"modified":"2025-04-03T08:08:20","modified_gmt":"2025-04-03T08:08:20","slug":"los-usuarios-con-esta-tarifa-de-la-luz-estan-viendo-como-los-precios-se-desploman-cual-es-el-motivo-y-que-horas-son-las-mas-baratas","status":"publish","type":"post","link":"https:\/\/domosistemas.com\/?p=28071","title":{"rendered":"Los usuarios con esta tarifa de la luz est\u00e1n viendo c\u00f3mo los precios se desploman: cu\u00e1l es el motivo y qu\u00e9 horas son las m\u00e1s baratas"},"content":{"rendered":"<div>\n<p>\n      <img decoding=\"async\" src=\"https:\/\/i.blogs.es\/91105e\/light-white-lamp-light-bulb-pear-lighting-506446-pxhere.com\/1024_2000.jpeg\" alt=\"Los usuarios con esta tarifa de la luz est\u00e1n viendo c\u00f3mo los precios se desploman: cu\u00e1l es el motivo y qu\u00e9 horas son las m\u00e1s baratas \">\n    <\/p>\n<p>El <strong>coste de la electricidad<\/strong> sigue siendo una de las principales preocupaciones de muchos hogares que hemos visto c\u00f3mo los precios se incrementaban este invierno coincidiendo con la necesidad de encender las calefacciones y con la <a class=\"text-outboundlink\" href=\"https:\/\/www.xatakahome.com\/iluminacion-y-energia\/suben-impuestos-luz-gas-pellets-este-iva-que-tendremos-que-pagar-2024\" data-vars-post-title=\"Suben los impuestos de la luz, el gas y los pellets: este es el IVA que tendremos que pagar en 2024 \" data-vars-post-url=\"https:\/\/www.xatakahome.com\/iluminacion-y-energia\/suben-impuestos-luz-gas-pellets-este-iva-que-tendremos-que-pagar-2024\">vuelta progresiva de los impuestos<\/a> como el IVA a sus valores normales.<\/p>\n<p><!-- BREAK 1 --><\/p>\n<p>Sin embargo, en las \u00faltimas semanas estamos asistiendo al fen\u00f3meno opuesto, ya que <strong>los precios se han desplomado<\/strong> y ya hay d\u00edas y algunas franjas horarias donde usar nuestros electrodom\u00e9sticos es casi gratis si tenemos una <strong>tarifa indexada como por ejemplo es la PVPC<\/strong> o regulada de millones de hogares en Espa\u00f1a. \u00bfCu\u00e1l es el motivo?<\/p>\n<p><!-- BREAK 2 --><\/p>\n<div class=\"article-asset article-asset-normal article-asset-center\">\n<div class=\"desvio-container\">\n<div class=\"desvio\">\n<div class=\"desvio-figure js-desvio-figure\">\n    <a href=\"https:\/\/www.xatakahome.com\/iluminacion-y-energia\/llegan-cambios-factura-luz-a-partir-enero-esto-que-subira-bajara-nuestros-recibos\" class=\"pivot-outboundlink\" data-vars-post-title=\"Llegan cambios en la factura de la luz a partir de enero: esto es lo que subir\u00e1 y bajar\u00e1 en nuestros recibos\"><br \/>\n     <img loading=\"lazy\" decoding=\"async\" alt=\"Llegan cambios en la factura de la luz a partir de enero: esto es lo que subir\u00e1 y bajar\u00e1 en nuestros recibos\" width=\"375\" height=\"142\" src=\"https:\/\/i.blogs.es\/f2f51d\/light-structure-technology-white-gadget-lamp-1208089-pxhere.com\/375_142.webp\" onerror='this.src=\"https:\/\/i.blogs.es\/f2f51d\/light-structure-technology-white-gadget-lamp-1208089-pxhere.com\/375_142.jpeg\"'><br \/>\n    <\/a>\n   <\/div>\n<div class=\"desvio-summary\">\n<div class=\"desvio-taxonomy js-desvio-taxonomy\">\n     <a href=\"https:\/\/www.xatakahome.com\/iluminacion-y-energia\/llegan-cambios-factura-luz-a-partir-enero-esto-que-subira-bajara-nuestros-recibos\" class=\"desvio-taxonomy-anchor pivot-outboundlink\" data-vars-post-title=\"Llegan cambios en la factura de la luz a partir de enero: esto es lo que subir\u00e1 y bajar\u00e1 en nuestros recibos\">En Xataka Smart Home<\/a>\n    <\/div>\n<p>    <a href=\"https:\/\/www.xatakahome.com\/iluminacion-y-energia\/llegan-cambios-factura-luz-a-partir-enero-esto-que-subira-bajara-nuestros-recibos\" class=\"desvio-title js-desvio-title pivot-outboundlink\" data-vars-post-title=\"Llegan cambios en la factura de la luz a partir de enero: esto es lo que subir\u00e1 y bajar\u00e1 en nuestros recibos\">Llegan cambios en la factura de la luz a partir de enero: esto es lo que subir\u00e1 y bajar\u00e1 en nuestros recibos<\/a>\n   <\/div>\n<\/p><\/div>\n<\/p><\/div>\n<\/div>\n<h2>Por qu\u00e9 se ha desplomado el precio de la luz<\/h2>\n<p>La respuesta a esta bajada notable de precios en la tarifa PVPC es relativamente sencilla y tiene su origen en dos factores claros: la <strong>acumulaci\u00f3n de agua embalsada<\/strong> tras tantas semanas de lluvia y la <strong>entrada del sol<\/strong> en buena parte del pa\u00eds.<\/p>\n<p><!-- BREAK 3 --><\/p>\n<p>En el primer caso, tanta lluvia acumulada est\u00e1 permitiendo que la producci\u00f3n de <strong>energ\u00eda hidroel\u00e9ctrica<\/strong> est\u00e9 suponiendo un importante empuj\u00f3n a la mezcla energ\u00e9tica, logrando que se reduzca la necesidad de consumir gas para producir luz en algunas franjas del d\u00eda.<\/p>\n<p><!-- BREAK 4 --><\/p>\n<p>Esto se refuerza con la retirada de las nubes y la <strong>entrada del sol<\/strong> en gran parte de la pen\u00ednsula, lo que est\u00e1 consiguiendo que la <strong>producci\u00f3n fotovoltaica<\/strong> en las horas centrales del d\u00eda est\u00e9 tambi\u00e9n en m\u00e1ximos. Es algo que podemos ver en la <a rel=\"noopener, noreferrer\" href=\"https:\/\/www.omie.es\/es\/market-results\/daily\/daily-market\/hourly-power-technologies?\" data-id=\"noopener, noreferrer\">p\u00e1gina web del OMIE<\/a>, Operador del Mercado Ib\u00e9rico de Energ\u00eda, donde hay una secci\u00f3n espec\u00edfica que nos indica c\u00f3mo se reparte la producci\u00f3n de la energ\u00eda cada d\u00eda y cada hora en nuestro pa\u00eds.<\/p>\n<p><!-- BREAK 5 --><\/p>\n<div class=\"article-asset-image article-asset-normal article-asset-center\">\n<div class=\"asset-content\">\n<div class=\"caption-img \">\n                    <a rel=\"noopener, noreferrer\" href=\"https:\/\/www.omie.es\/es\/spot-hoy\"><\/p>\n<p>    <img decoding=\"async\" alt=\"Energia\" class=\"centro_sinmarco\" src=\"https:\/\/i.blogs.es\/451048\/energia\/450_1000.webp\"><br \/>\n     <\/a><\/p>\n<p>        <span>Negociaci\u00f3n de la producci\u00f3n el\u00e9ctricas por tecnolog\u00edas de generaci\u00f3n. Imagen: OMIE<\/span>\n   <\/div>\n<\/p><\/div>\n<\/div>\n<p>\u00bfEl resultado? Pues que hay d\u00edas y franjas horarias donde <strong>las renovables acaparan la mayor\u00eda de la producci\u00f3n energ\u00e9tica<\/strong>, lo que lleva a un desplome de los precios haciendo que sean casi gratis para el usuario.<\/p>\n<p><!-- BREAK 6 --><\/p>\n<p>De hecho, hay d\u00edas donde el coste de la luz se sit\u00faa en unos <strong>5 c\u00e9ntimos de euro el kWh<\/strong> frente a los entre 20-30 c\u00e9ntimos que hemos llegado a pagar este invierno, y no baja m\u00e1s porque es necesario agregar al coste final los famosos <a class=\"text-outboundlink\" href=\"https:\/\/www.xatakahome.com\/a-fondo\/algunos-dias-precio-luz-casi-gratis-tu-factura-sigue-siendo-cara-estos-costes-ocultos\" data-vars-post-title='Algunos d\u00edas el precio de la luz es casi gratis, pero tu factura sigue siendo cara: estos son los \"costes ocultos\"' data-vars-post-url=\"https:\/\/www.xatakahome.com\/a-fondo\/algunos-dias-precio-luz-casi-gratis-tu-factura-sigue-siendo-cara-estos-costes-ocultos\">peajes y cargos<\/a>.<\/p>\n<p><!-- BREAK 7 --><\/p>\n<div class=\"article-asset-image article-asset-normal article-asset-center\">\n<div class=\"asset-content\">\n<div class=\"caption-img \">\n                    <a rel=\"noopener, noreferrer\" href=\"https:\/\/www.esios.ree.es\/es\/pvpc?date=30-03-2025\"><\/p>\n<p>    <img decoding=\"async\" alt=\"Precio Luzdomingos\" class=\"centro_sinmarco\" src=\"https:\/\/i.blogs.es\/1d4cba\/precio-luzdomingos\/450_1000.webp\"><br \/>\n     <\/a><\/p>\n<p>        <span>Precio de la luz tarifa PVPC. Imagen: Red El\u00e9ctrica Espa\u00f1ola<\/span>\n   <\/div>\n<\/p><\/div>\n<\/div>\n<p><strong>\u00bfCon qu\u00e9 tipo de tarifa podr\u00e9 beneficiarme de esta baja de precios? <\/strong>Pues tenemos que contar con una <strong>tarifa indexada al mercado mayorista, como por ejemplo la famosa PVPC o regulada<\/strong>. Si por el contrario estamos en el mercado libre con una tarifa plana las 24 horas o una con discriminaci\u00f3n de precios ya pactada en tres horarios diferentes, no podremos beneficiarnos.<\/p>\n<p><!-- BREAK 8 --><\/p>\n<div class=\"article-asset-video article-asset-normal\">\n<div class=\"asset-content\">\n<div class=\"base-asset-video\">\n<div class=\"js-dailymotion\">\n    <script type=\"application\/json\">\n                          {\"videoId\":\"x8006fc\",\"autoplay\":true,\"title\":\"C\u00f3mo dormir cuando hace mucho calor y no tienes aire acondicionado\", \"tag\":\"\", \"duration\":\"217\"}\n                  <\/script>\n   <\/div>\n<\/p><\/div>\n<\/p><\/div>\n<\/div>\n<p><strong>\u00bfQu\u00e9 d\u00edas y a qu\u00e9 horas son m\u00e1s baratos los precios? <\/strong>Atendiendo a los datos proporcionados por <a rel=\"noopener, noreferrer\" href=\"https:\/\/www.esios.ree.es\/es\/pvpc?date=30-03-2025\">Red El\u00e9ctrica Espa\u00f1ola<\/a>, en los <strong>d\u00edas laborables<\/strong> el periodo de horas econ\u00f3micas se sit\u00faa de <strong>madrugada, sobre las 2-6 horas con un pico a las 4:00.<\/strong> Tambi\u00e9n hay un tramo muy econ\u00f3mico <strong>entre las 14:00 y las 17:00 horas <\/strong>que coincide con el m\u00e1ximo de producci\u00f3n de energ\u00eda solar.<\/p>\n<p><!-- BREAK 9 --><\/p>\n<p>Durante estos momentos podemos aprovechar para cargar nuestros radiadores de acumulaci\u00f3n, si es que los tenemos, o programar los termos el\u00e9ctricos, lavadoras e incluso lavavajillas en el caso de que tengamos temporizadores disponibles o encendidos con retardo.<\/p>\n<p><!-- BREAK 10 --><\/p>\n<p>En cuanto a los festivos y fines de semana, los precios est\u00e1n muy bajos durante casi todo el d\u00eda siendo en general m\u00e1s bajos <strong>entre las 12:00 y las 15:00 horas<\/strong>, logrando tambi\u00e9n ahorros importantes con respecto a la hora punta del d\u00eda con los que pagar entre 2 y 3 veces menos.<\/p>\n<p><!-- BREAK 11 --><\/p>\n<p>Imagen portada | <a rel=\"noopener, noreferrer\" href=\"https:\/\/pxhere.com\/es\/photo\/506446\">PxHere<\/a><\/p>\n<p>En Xataka Smart Home | <a class=\"text-outboundlink\" href=\"https:\/\/www.xatakahome.com\/a-fondo\/he-calculado-cuanto-ahorras-factura-luz-cada-dia-enciendes-tus-electrodomesticos-hora-barata\" data-vars-post-title=\"He calculado cu\u00e1nto ahorras en la factura de la luz si cada d\u00eda enciendes tus electrodom\u00e9sticos en la hora m\u00e1s barata \" data-vars-post-url=\"https:\/\/www.xatakahome.com\/a-fondo\/he-calculado-cuanto-ahorras-factura-luz-cada-dia-enciendes-tus-electrodomesticos-hora-barata\">He calculado cu\u00e1nto ahorras en la factura de la luz si cada d\u00eda enciendes tus electrodom\u00e9sticos en la hora m\u00e1s barata<\/a><\/p>\n<p><script>\n (function() {\n  window._JS_MODULES = window._JS_MODULES || {};\n  var headElement = document.getElementsByTagName('head')[0];\n  if (_JS_MODULES.instagram) {\n   var instagramScript = document.createElement('script');\n   instagramScript.src = 'https:\/\/platform.instagram.com\/en_US\/embeds.js';\n   instagramScript.async = true;\n   instagramScript.defer = true;\n   headElement.appendChild(instagramScript);\n  }\n })();\n<\/script><\/p>\n<p> &#8211; <br \/> La noticia<br \/>\n      <a href=\"https:\/\/www.xatakahome.com\/iluminacion-y-energia\/usuarios-esta-tarifa-luz-estan-viendo-como-precios-se-desploman-cual-motivo-que-horas-baratas?utm_source=feedburner&amp;utm_medium=feed&amp;utm_campaign=03_Apr_2025\"><br \/>\n       <em> Los usuarios con esta tarifa de la luz est\u00e1n viendo c\u00f3mo los precios se desploman: cu\u00e1l es el motivo y qu\u00e9 horas son las m\u00e1s baratas  <\/em><br \/>\n      <\/a><br \/>\n      fue publicada originalmente en<br \/>\n      <a href=\"https:\/\/www.xatakahome.com\/?utm_source=feedburner&amp;utm_medium=feed&amp;utm_campaign=03_Apr_2025\"><br \/>\n       <strong> Xataka Smart Home <\/strong><br \/>\n      <\/a><br \/>\n             por <a href=\"https:\/\/www.xatakahome.com\/autor\/paco-rodriguez?utm_source=feedburner&amp;utm_medium=feed&amp;utm_campaign=03_Apr_2025\"><br \/>\n        Paco Rodr\u00edguez<br \/>\n       <\/a><br \/>\n      . <\/p>\n<\/div>\n","protected":false},"excerpt":{"rendered":"<p>El coste de la electricidad sigue siendo una de las principales preocupaciones de muchos hogares que hemos visto c\u00f3mo los precios se incrementaban este invierno coincidiendo con la necesidad de encender las calefacciones y con la vuelta progresiva de los impuestos como el IVA a sus valores normales. Sin embargo, en las \u00faltimas semanas estamos &hellip; <a href=\"https:\/\/domosistemas.com\/?p=28071\" class=\"more-link\">Sigue leyendo <span class=\"screen-reader-text\">Los usuarios con esta tarifa de la luz est\u00e1n viendo c\u00f3mo los precios se desploman: cu\u00e1l es el motivo y qu\u00e9 horas son las m\u00e1s baratas<\/span><\/a><\/p>\n","protected":false},"author":1,"featured_media":0,"comment_status":"closed","ping_status":"closed","sticky":false,"template":"","format":"standard","meta":{"footnotes":""},"categories":[8],"tags":[],"class_list":["post-28071","post","type-post","status-publish","format-standard","hentry","category-xataka"],"_links":{"self":[{"href":"https:\/\/domosistemas.com\/index.php?rest_route=\/wp\/v2\/posts\/28071","targetHints":{"allow":["GET"]}}],"collection":[{"href":"https:\/\/domosistemas.com\/index.php?rest_route=\/wp\/v2\/posts"}],"about":[{"href":"https:\/\/domosistemas.com\/index.php?rest_route=\/wp\/v2\/types\/post"}],"author":[{"embeddable":true,"href":"https:\/\/domosistemas.com\/index.php?rest_route=\/wp\/v2\/users\/1"}],"replies":[{"embeddable":true,"href":"https:\/\/domosistemas.com\/index.php?rest_route=%2Fwp%2Fv2%2Fcomments&post=28071"}],"version-history":[{"count":0,"href":"https:\/\/domosistemas.com\/index.php?rest_route=\/wp\/v2\/posts\/28071\/revisions"}],"wp:attachment":[{"href":"https:\/\/domosistemas.com\/index.php?rest_route=%2Fwp%2Fv2%2Fmedia&parent=28071"}],"wp:term":[{"taxonomy":"category","embeddable":true,"href":"https:\/\/domosistemas.com\/index.php?rest_route=%2Fwp%2Fv2%2Fcategories&post=28071"},{"taxonomy":"post_tag","embeddable":true,"href":"https:\/\/domosistemas.com\/index.php?rest_route=%2Fwp%2Fv2%2Ftags&post=28071"}],"curies":[{"name":"wp","href":"https:\/\/api.w.org\/{rel}","templated":true}]}}