{"id":28072,"date":"2025-04-03T08:49:13","date_gmt":"2025-04-03T08:49:13","guid":{"rendered":"https:\/\/domosistemas.com\/?p=28072"},"modified":"2025-04-03T08:49:13","modified_gmt":"2025-04-03T08:49:13","slug":"ha-llegado-a-lidl-la-solucion-barata-para-ganar-un-espacio-de-almacenaje-extra-en-casa","status":"publish","type":"post","link":"https:\/\/domosistemas.com\/?p=28072","title":{"rendered":"Ha llegado a Lidl la soluci\u00f3n barata para ganar un espacio de almacenaje extra en casa"},"content":{"rendered":"<div>\n<p>\n      <img decoding=\"async\" src=\"https:\/\/i.blogs.es\/7ee698\/ofertas_cpa_v3-copia---2025-04-03t104800.925\/1024_2000.jpeg\" alt=\"Ha llegado a Lidl la soluci\u00f3n barata para ganar un espacio de almacenaje extra en casa \">\n    <\/p>\n<p>Lidl ya no solo se dedica a vender alimentaci\u00f3n y su bazar es una de sus secciones con m\u00e1s reclamo, ya que puedes encontrar productos para el hogar de todo tipo. Ahora, en un intento de rivalizar con Ikea, ha lanzado una <strong>c\u00f3moda de Livarno Home<\/strong>, que te servir\u00e1 para un almacenaje extra y puedes conseguir por <a rel=\"nofollow, sponsored, noopener, noreferrer\" target=\"_blank\" class=\"js-ecommerce\" id=\"link-ecommerce-1\" href=\"https:\/\/www.xatakahome.com\/redirect?url=https%3A%2F%2Fwww.lidl.es%2Fes%2Fcomoda%2Fp76096&amp;category=seleccion&amp;ecomPostExpiration=perish&amp;postId=117086\" data-vars-affiliate-url=\"https:\/\/www.lidl.es\/es\/comoda\/p76096\">59,99 euros<\/a>.<\/p>\n<p><!-- BREAK 1 --><!-- PIVOT START --><\/p>\n<div class=\"pivot-ecommerce-container m-pivot-ecommerce-redesign article-asset-normal article-asset-center\">\n<div class=\"pivot-ecommerce\">\n<div class=\"pivot-ecommerce-figure\">\n  <a rel=\"nofollow, sponsored, noopener, noreferrer\" target=\"_blank\" href=\"https:\/\/www.xatakahome.com\/redirect?url=https%3A%2F%2Fwww.lidl.es%2Fes%2Fcomoda%2Fp76096&amp;category=seleccion&amp;pivot=1&amp;ecomPostExpiration=perish&amp;postId=117086\"><br \/>\n   <img loading=\"lazy\" decoding=\"async\" alt=\"C\u00f3moda\" width=\"600\" height=\"600\" src=\"https:\/\/i.blogs.es\/1581ca\/blob\/original.webp\" onerror='this.src=\"https:\/\/i.blogs.es\/1581ca\/blob\/original.jpeg\"'><br \/>\n  <\/a>\n  <\/div>\n<div class=\"pivot-ecommerce-summary\">\n<p class=\"pivot-ecommerce-desc\">C\u00f3moda<\/p>\n<div class=\"pivot-actions \">\n<div class=\"pivot-actions-row\">\n <a rel=\"nofollow, sponsored, noopener, noreferrer\" target=\"_blank\" data-asin=\"\" data-store=\"\" href=\"https:\/\/www.xatakahome.com\/redirect?url=https%3A%2F%2Fwww.lidl.es%2Fes%2Fcomoda%2Fp76096&amp;category=seleccion&amp;pivot=1&amp;ecomPostExpiration=perish&amp;postId=117086\" title=\"Precio de venta al p\u00fablico a fecha de publicaci\u00f3n\" class=\"pivot-action-btn pivot-action-primary\">PVP en Lidl \u2014 <strong><span class=\"js-deal-price\">59,99<\/span> \u20ac<\/strong><\/a>\n <\/div>\n<\/p><\/div>\n<\/p><\/div>\n<\/p><\/div>\n<div class=\"pivot-link-msg\">* Alg\u00fan precio puede haber cambiado desde la \u00faltima revisi\u00f3n<\/div>\n<\/p><\/div>\n<p><!-- PIVOT END --><\/p>\n<h2>Una soluci\u00f3n vers\u00e1til para conseguir un espacio de almacenaje extra en casa<\/h2>\n<div class=\"article-asset-image article-asset-normal article-asset-center\">\n<div class=\"asset-content\">\n                    <a rel=\"nofollow, sponsored, noopener, noreferrer\" target=\"_blank\" class=\"js-ecommerce\" id=\"link-ecommerce-2\" href=\"https:\/\/www.xatakahome.com\/redirect?url=https%3A%2F%2Fwww.lidl.es%2Fes%2Fcomoda%2Fp76096&amp;category=seleccion&amp;ecomPostExpiration=perish&amp;postId=117086\" data-vars-affiliate-url=\"https:\/\/www.lidl.es\/es\/comoda\/p76096\"><\/p>\n<p>    <img decoding=\"async\" alt=\"c\u00f3moda Lidl\" class=\"centro_sinmarco\" src=\"https:\/\/i.blogs.es\/dd1e9a\/proyecto-nuevo---2025-04-03t102706.213\/450_1000.webp\"><br \/>\n     <\/a><\/p><\/div>\n<\/div>\n<p>Esta c\u00f3moda es de la firma Livarno Home (propia de Lidl y especializada en el hogar) est\u00e1 fabricada con <strong>madera sostenible<\/strong> y cuenta con un revestimiento de resina de melamina. Este le otorga un acabado efecto madera y es muy f\u00e1cil de limpiar.<\/p>\n<p><!-- BREAK 2 --><\/p>\n<div class=\"article-asset article-asset-normal article-asset-center\">\n<div class=\"desvio-container\">\n<div class=\"desvio\">\n<div class=\"desvio-figure js-desvio-figure\">\n    <a href=\"https:\/\/www.xataka.com\/seleccion\/carrefour-deja-a-precio-outlet-esta-tele-65-pulgadas-sonido-onkyo-144-hz\" class=\"pivot-outboundlink\" target=\"_blank\" data-vars-post-title=\"Carrefour deja a precio de outlet esta tele de 65 pulgadas con sonido Onkyo y 144 Hz\"><br \/>\n     <img loading=\"lazy\" decoding=\"async\" alt=\"Carrefour deja a precio de outlet esta tele de 65 pulgadas con sonido Onkyo y 144 Hz\" width=\"375\" height=\"142\" src=\"https:\/\/i.blogs.es\/0b92fd\/ofertas_cpa_v3-copia---2025-04-02t135027.448\/375_142.webp\" onerror='this.src=\"https:\/\/i.blogs.es\/0b92fd\/ofertas_cpa_v3-copia---2025-04-02t135027.448\/375_142.jpeg\"'><br \/>\n    <\/a>\n   <\/div>\n<div class=\"desvio-summary\">\n<div class=\"desvio-taxonomy js-desvio-taxonomy\">\n     <a href=\"https:\/\/www.xataka.com\/seleccion\/carrefour-deja-a-precio-outlet-esta-tele-65-pulgadas-sonido-onkyo-144-hz\" class=\"desvio-taxonomy-anchor pivot-outboundlink m-crosspost\" target=\"_blank\" data-vars-post-title=\"Carrefour deja a precio de outlet esta tele de 65 pulgadas con sonido Onkyo y 144 Hz\">En Xataka<\/a>\n    <\/div>\n<p>    <a href=\"https:\/\/www.xataka.com\/seleccion\/carrefour-deja-a-precio-outlet-esta-tele-65-pulgadas-sonido-onkyo-144-hz\" class=\"desvio-title js-desvio-title pivot-outboundlink\" target=\"_blank\" data-vars-post-title=\"Carrefour deja a precio de outlet esta tele de 65 pulgadas con sonido Onkyo y 144 Hz\">Carrefour deja a precio de outlet esta tele de 65 pulgadas con sonido Onkyo y 144 Hz<\/a>\n   <\/div>\n<\/p><\/div>\n<\/p><\/div>\n<\/div>\n<div class=\"article-asset-video article-asset-normal\">\n<div class=\"asset-content\">\n<div class=\"base-asset-video\">\n<div class=\"js-dailymotion\">\n    <script type=\"application\/json\">\n                          {\"videoId\":\"x814sj3\",\"autoplay\":true,\"title\":\"C\u00f3mo mejorar la WiFi en casa\", \"tag\":\"wi-fi\", \"duration\":\"362\"}\n                  <\/script>\n   <\/div>\n<\/p><\/div>\n<\/p><\/div>\n<\/div>\n<p>Mide <strong>80 x 35 x 80 cm<\/strong>, as\u00ed que encajar\u00e1 perfectamente en cualquier rinc\u00f3n de tu hogar. Aunque lo que m\u00e1s llama la atenci\u00f3n es su interior, ya que es muy amplio y te permitir\u00e1 guardar muchos enseres del hogar, siendo perfecta para el comedor o incluso para el dormitorio.<\/p>\n<p><!-- BREAK 3 --><\/p>\n<p>Tiene dos puertas y su balda interior es regulable en altura. Soporta<strong> hasta 16 kilos <\/strong>y sus tiradores son de color plata y en acabado mate. Asimismo, se puede destacar que es capaz de soportar hasta 16 kg de carga por estante.<\/p>\n<p><!-- BREAK 4 --><\/p>\n<h2>La alternativa de Ikea<\/h2>\n<p>Si no llegas a tiempo para conseguir esta c\u00f3moda de Lidl, en Ikea puedes encontrar otras c\u00f3modas que te servir\u00e1n tambi\u00e9n como almacenaje en casa. Una de ellas es la <strong>MALM<\/strong>, con cuatro cajones y en color roble. Tiene unas medidas de 80 x 100 cm y cuyos cajones abren y cierras con fluidez. Su precio es de <a rel=\"nofollow, sponsored, noopener, noreferrer\" target=\"_blank\" class=\"js-ecommerce\" id=\"link-ecommerce-3\" href=\"https:\/\/www.xatakahome.com\/redirect?url=https%3A%2F%2Fwww.ikea.com%2Fes%2Fes%2Fp%2Fmalm-comoda-4-cajones-chapa-roble-tinte-blanco-70403574%2F&amp;category=seleccion&amp;ecomPostExpiration=perish&amp;postId=117086\" data-vars-affiliate-url=\"https:\/\/www.ikea.com\/es\/es\/p\/malm-comoda-4-cajones-chapa-roble-tinte-blanco-70403574\/\">109 euros<\/a>.<\/p>\n<p><!-- BREAK 5 --><!-- PIVOT START --><\/p>\n<div class=\"pivot-ecommerce-container m-pivot-ecommerce-redesign article-asset-normal article-asset-center\">\n<div class=\"pivot-ecommerce\">\n<div class=\"pivot-ecommerce-figure\">\n  <a rel=\"nofollow, sponsored, noopener, noreferrer\" target=\"_blank\" href=\"https:\/\/www.xatakahome.com\/redirect?url=https%3A%2F%2Fwww.ikea.com%2Fes%2Fes%2Fp%2Fmalm-comoda-4-cajones-chapa-roble-tinte-blanco-70403574%2F&amp;category=seleccion&amp;pivot=1&amp;ecomPostExpiration=perish&amp;postId=117086\"><br \/>\n   <img loading=\"lazy\" decoding=\"async\" alt=\"MALM C\u00f3moda de 4 cajones, chapa roble tinte blanco\" width=\"600\" height=\"600\" src=\"https:\/\/i.blogs.es\/9ac3b5\/blob\/original.webp\" onerror='this.src=\"https:\/\/i.blogs.es\/9ac3b5\/blob\/original.jpeg\"'><br \/>\n  <\/a>\n  <\/div>\n<div class=\"pivot-ecommerce-summary\">\n<p class=\"pivot-ecommerce-desc\">MALM C\u00f3moda de 4 cajones, chapa roble tinte blanco<\/p>\n<div class=\"pivot-actions \">\n<div class=\"pivot-actions-row\">\n <a rel=\"nofollow, sponsored, noopener, noreferrer\" target=\"_blank\" data-asin=\"\" data-store=\"\" href=\"https:\/\/www.xatakahome.com\/redirect?url=https%3A%2F%2Fwww.ikea.com%2Fes%2Fes%2Fp%2Fmalm-comoda-4-cajones-chapa-roble-tinte-blanco-70403574%2F&amp;category=seleccion&amp;pivot=1&amp;ecomPostExpiration=perish&amp;postId=117086\" title=\"Precio de venta al p\u00fablico a fecha de publicaci\u00f3n\" class=\"pivot-action-btn pivot-action-primary\">PVP en Ikea \u2014 <strong><span class=\"js-deal-price\">109,00<\/span> \u20ac<\/strong><\/a>\n <\/div>\n<\/p><\/div>\n<\/p><\/div>\n<\/p><\/div>\n<div class=\"pivot-link-msg\">* Alg\u00fan precio puede haber cambiado desde la \u00faltima revisi\u00f3n<\/div>\n<\/p><\/div>\n<p><!-- PIVOT END --><\/p>\n<h2>Otras soluciones de almacenaje para tu hogar que te pueden interesar<\/h2>\n<p><!-- PIVOT START --><\/p>\n<div class=\"pivot-ecommerce-container m-pivot-ecommerce-redesign article-asset-normal article-asset-center\">\n<div class=\"pivot-ecommerce\">\n<div class=\"pivot-ecommerce-figure\">\n  <a rel=\"nofollow, sponsored, noopener, noreferrer\" target=\"_blank\" href=\"https:\/\/www.xatakahome.com\/redirect?url=https%3A%2F%2Fwww.amazon.es%2Fdp%2FB094Y16J1M%3Ftag%3Dxatakahome-21%26linkCode%3Dogi%26th%3D1%26psc%3D1&amp;category=seleccion&amp;pivot=1&amp;ecomPostExpiration=perish&amp;postId=117086\"><br \/>\n   <img loading=\"lazy\" decoding=\"async\" alt=\"Lifewit 3 Piezas Organizador Ropa\" width=\"500\" height=\"500\" src=\"https:\/\/i.blogs.es\/c7606a\/41tb88w9p2l._sl500_\/original.webp\" onerror='this.src=\"https:\/\/i.blogs.es\/c7606a\/41tb88w9p2l._sl500_\/original.jpeg\"'><br \/>\n  <\/a>\n  <\/div>\n<div class=\"pivot-ecommerce-summary\">\n<p class=\"pivot-ecommerce-desc\">Lifewit 3 Piezas Organizador Ropa<\/p>\n<div class=\"pivot-actions \">\n<div class=\"pivot-actions-row\">\n <a rel=\"nofollow, sponsored, noopener, noreferrer\" target=\"_blank\" data-asin=\"B094Y16J1M\" data-store=\"Amazon\" href=\"https:\/\/www.xatakahome.com\/redirect?url=https%3A%2F%2Fwww.amazon.es%2Fdp%2FB094Y16J1M%3Ftag%3Dxatakahome-21%26linkCode%3Dogi%26th%3D1%26psc%3D1&amp;category=seleccion&amp;pivot=1&amp;ecomPostExpiration=perish&amp;postId=117086\" title=\"Precio actualizado hoy\" class=\"pivot-action-btn metrics-pivot-btn pivot-action-primary\">Hoy en Amazon \u2014 <strong><span class=\"js-deal-price\">18,99<\/span> \u20ac<\/strong><\/a>\n <\/div>\n<\/p><\/div>\n<\/p><\/div>\n<\/p><\/div>\n<div class=\"pivot-link-msg\">* Alg\u00fan precio puede haber cambiado desde la \u00faltima revisi\u00f3n<\/div>\n<\/p><\/div>\n<p><!-- PIVOT END --><br \/>\n<!-- PIVOT START --><\/p>\n<div class=\"pivot-ecommerce-container m-pivot-ecommerce-redesign article-asset-normal article-asset-center\">\n<div class=\"pivot-ecommerce\">\n<div class=\"pivot-ecommerce-figure\">\n  <a rel=\"nofollow, sponsored, noopener, noreferrer\" target=\"_blank\" href=\"https:\/\/www.xatakahome.com\/redirect?url=https%3A%2F%2Fwww.amazon.es%2Fdp%2FB0DJDST712%3Ftag%3Dxatakahome-21%26linkCode%3Dogi%26th%3D1%26psc%3D1&amp;category=seleccion&amp;pivot=1&amp;ecomPostExpiration=perish&amp;postId=117086\"><br \/>\n   <img loading=\"lazy\" decoding=\"async\" alt=\"JUPPLIES Puff Almancenaje Acolchado de 80L \" width=\"500\" height=\"500\" src=\"https:\/\/i.blogs.es\/de2058\/41d1zcl5yzl._sl500_\/original.webp\" onerror='this.src=\"https:\/\/i.blogs.es\/de2058\/41d1zcl5yzl._sl500_\/original.jpeg\"'><br \/>\n  <\/a>\n  <\/div>\n<div class=\"pivot-ecommerce-summary\">\n<p class=\"pivot-ecommerce-desc\">JUPPLIES Puff Almancenaje Acolchado de 80L <\/p>\n<div class=\"pivot-actions \">\n<div class=\"pivot-actions-row\">\n <a rel=\"nofollow, sponsored, noopener, noreferrer\" target=\"_blank\" data-asin=\"B0DJDST712\" data-store=\"Amazon\" href=\"https:\/\/www.xatakahome.com\/redirect?url=https%3A%2F%2Fwww.amazon.es%2Fdp%2FB0DJDST712%3Ftag%3Dxatakahome-21%26linkCode%3Dogi%26th%3D1%26psc%3D1&amp;category=seleccion&amp;pivot=1&amp;ecomPostExpiration=perish&amp;postId=117086\" title=\"Precio actualizado hoy\" class=\"pivot-action-btn metrics-pivot-btn pivot-action-primary\">Hoy en Amazon \u2014 <strong><span class=\"js-deal-price\">26,99<\/span> \u20ac<\/strong><\/a>\n <\/div>\n<\/p><\/div>\n<\/p><\/div>\n<\/p><\/div>\n<div class=\"pivot-link-msg\">* Alg\u00fan precio puede haber cambiado desde la \u00faltima revisi\u00f3n<\/div>\n<\/p><\/div>\n<p><!-- PIVOT END --><\/p>\n<p><em>Nota: algunos de los enlaces aqu\u00ed publicados son de afiliados y pueden reportar un beneficio.<\/em><\/p>\n<p>Im\u00e1genes | Webedia y Lidl<\/p>\n<p>En Xataka Smart Home | <a class=\"text-outboundlink\" href=\"https:\/\/www.xatakahome.com\/guia-de-compra\/estas-soluciones-baratas-ikea-para-iluminar-cables-cajones-armarios-1\" data-vars-post-title=\"Estas son las soluciones baratas de IKEA para iluminar sin cables los cajones y armarios\" data-vars-post-url=\"https:\/\/www.xatakahome.com\/guia-de-compra\/estas-soluciones-baratas-ikea-para-iluminar-cables-cajones-armarios-1\" data-id=\"noopener noreferrer\">Estas son las soluciones baratas de IKEA para iluminar sin cables los cajones y armarios<\/a><\/p>\n<p>En Xataka Smart Home | <a class=\"text-outboundlink\" href=\"https:\/\/www.xatakahome.com\/seleccion\/bombillas-led-para-iluminar-de-forma-eficiente-nuestro-hogar-cual-comprar-consejos-y-recomendaciones\" data-vars-post-title=\"Bombillas LED para iluminar de forma eficiente nuestro hogar: \u00bfCu\u00e1l comprar? Consejos y recomendaciones\" data-vars-post-url=\"https:\/\/www.xatakahome.com\/seleccion\/bombillas-led-para-iluminar-de-forma-eficiente-nuestro-hogar-cual-comprar-consejos-y-recomendaciones\" data-id=\"noopener noreferrer\">Bombillas LED para iluminar de forma eficiente nuestro hogar: \u00bfCu\u00e1l comprar? Consejos y recomendaciones<\/a><\/p>\n<p><script>\n (function() {\n  window._JS_MODULES = window._JS_MODULES || {};\n  var headElement = document.getElementsByTagName('head')[0];\n  if (_JS_MODULES.instagram) {\n   var instagramScript = document.createElement('script');\n   instagramScript.src = 'https:\/\/platform.instagram.com\/en_US\/embeds.js';\n   instagramScript.async = true;\n   instagramScript.defer = true;\n   headElement.appendChild(instagramScript);\n  }\n })();\n<\/script><\/p>\n<p> &#8211; <br \/> La noticia<br \/>\n      <a href=\"https:\/\/www.xatakahome.com\/seleccion\/ha-llegado-a-lidl-solucion-barata-para-ganar-espacio-almacenaje-extra-casa?utm_source=feedburner&amp;utm_medium=feed&amp;utm_campaign=03_Apr_2025\"><br \/>\n       <em> Ha llegado a Lidl la soluci\u00f3n barata para ganar un espacio de almacenaje extra en casa  <\/em><br \/>\n      <\/a><br \/>\n      fue publicada originalmente en<br \/>\n      <a href=\"https:\/\/www.xatakahome.com\/?utm_source=feedburner&amp;utm_medium=feed&amp;utm_campaign=03_Apr_2025\"><br \/>\n       <strong> Xataka Smart Home <\/strong><br \/>\n      <\/a><br \/>\n             por <a href=\"https:\/\/www.xatakahome.com\/autor\/fran-leon?utm_source=feedburner&amp;utm_medium=feed&amp;utm_campaign=03_Apr_2025\"><br \/>\n        Fran Le\u00f3n<br \/>\n       <\/a><br \/>\n      . <\/p>\n<\/div>\n","protected":false},"excerpt":{"rendered":"<p>Lidl ya no solo se dedica a vender alimentaci\u00f3n y su bazar es una de sus secciones con m\u00e1s reclamo, ya que puedes encontrar productos para el hogar de todo tipo. Ahora, en un intento de rivalizar con Ikea, ha lanzado una c\u00f3moda de Livarno Home, que te servir\u00e1 para un almacenaje extra y puedes &hellip; <a href=\"https:\/\/domosistemas.com\/?p=28072\" class=\"more-link\">Sigue leyendo <span class=\"screen-reader-text\">Ha llegado a Lidl la soluci\u00f3n barata para ganar un espacio de almacenaje extra en casa<\/span><\/a><\/p>\n","protected":false},"author":1,"featured_media":0,"comment_status":"closed","ping_status":"closed","sticky":false,"template":"","format":"standard","meta":{"footnotes":""},"categories":[8],"tags":[],"class_list":["post-28072","post","type-post","status-publish","format-standard","hentry","category-xataka"],"_links":{"self":[{"href":"https:\/\/domosistemas.com\/index.php?rest_route=\/wp\/v2\/posts\/28072","targetHints":{"allow":["GET"]}}],"collection":[{"href":"https:\/\/domosistemas.com\/index.php?rest_route=\/wp\/v2\/posts"}],"about":[{"href":"https:\/\/domosistemas.com\/index.php?rest_route=\/wp\/v2\/types\/post"}],"author":[{"embeddable":true,"href":"https:\/\/domosistemas.com\/index.php?rest_route=\/wp\/v2\/users\/1"}],"replies":[{"embeddable":true,"href":"https:\/\/domosistemas.com\/index.php?rest_route=%2Fwp%2Fv2%2Fcomments&post=28072"}],"version-history":[{"count":0,"href":"https:\/\/domosistemas.com\/index.php?rest_route=\/wp\/v2\/posts\/28072\/revisions"}],"wp:attachment":[{"href":"https:\/\/domosistemas.com\/index.php?rest_route=%2Fwp%2Fv2%2Fmedia&parent=28072"}],"wp:term":[{"taxonomy":"category","embeddable":true,"href":"https:\/\/domosistemas.com\/index.php?rest_route=%2Fwp%2Fv2%2Fcategories&post=28072"},{"taxonomy":"post_tag","embeddable":true,"href":"https:\/\/domosistemas.com\/index.php?rest_route=%2Fwp%2Fv2%2Ftags&post=28072"}],"curies":[{"name":"wp","href":"https:\/\/api.w.org\/{rel}","templated":true}]}}