{"id":28101,"date":"2025-04-06T07:30:20","date_gmt":"2025-04-06T07:30:20","guid":{"rendered":"https:\/\/domosistemas.com\/?p=28101"},"modified":"2025-04-06T07:30:20","modified_gmt":"2025-04-06T07:30:20","slug":"ikea-tiene-la-solucion-ideal-y-barata-para-sacarle-el-maximo-partido-a-los-balcones-pequenos-esta-primavera","status":"publish","type":"post","link":"https:\/\/domosistemas.com\/?p=28101","title":{"rendered":"Ikea tiene la soluci\u00f3n ideal (y barata) para sacarle el m\u00e1ximo partido a los balcones peque\u00f1os esta primavera"},"content":{"rendered":"<div>\n<p>\n      <img decoding=\"async\" src=\"https:\/\/i.blogs.es\/99d866\/ofertas_cpa_v3-copia---2025-04-04t130445.467\/1024_2000.jpeg\" alt=\"Ikea tiene la soluci\u00f3n ideal (y barata) para sacarle el m\u00e1ximo partido a los balcones peque\u00f1os esta primavera \">\n    <\/p>\n<p>Aunque parece que el tiempo primaveral no se queda entre nosotros, dentro de unos d\u00edas estaremos ri\u00e9ndonos de todos los d\u00edas de lluvia pasados. Si quieres disfrutar de la primavera en tu balc\u00f3n pero piensas que es demasiado peque\u00f1o como para colocar una mesa con sus sillas, no te preocupes porque hay soluciones a ello. Ikea, por ejemplo, tiene el <strong>conjunto de mesas y sillas plegables T\u00c4RN\u00d6<\/strong> que solo cuesta <a rel=\"nofollow, sponsored, noopener, noreferrer\" target=\"_blank\" class=\"js-ecommerce\" id=\"link-ecommerce-1\" href=\"https:\/\/www.xatakahome.com\/redirect?url=https%3A%2F%2Fwww.ikea.com%2Fes%2Fes%2Fp%2Ftarno-mesa-con-2-sillas-exterior-negro-tinte-marron-claro-s69898415%2F&amp;category=seleccion&amp;ecomPostExpiration=everlasting&amp;postId=117103\" data-vars-affiliate-url=\"https:\/\/www.ikea.com\/es\/es\/p\/tarno-mesa-con-2-sillas-exterior-negro-tinte-marron-claro-s69898415\/\" data-id=\"noopener noreferrer\">49 euros<\/a>.<\/p>\n<p><!-- BREAK 1 --><!-- PIVOT START --><\/p>\n<div class=\"pivot-ecommerce-container m-pivot-ecommerce-redesign article-asset-normal article-asset-center\">\n<div class=\"pivot-ecommerce\">\n<div class=\"pivot-ecommerce-figure\">\n  <a rel=\"nofollow, sponsored, noopener, noreferrer\" target=\"_blank\" href=\"https:\/\/www.xatakahome.com\/redirect?url=https%3A%2F%2Fwww.ikea.com%2Fes%2Fes%2Fp%2Ftarno-mesa-con-2-sillas-exterior-negro-tinte-marron-claro-s69898415%2F&amp;category=seleccion&amp;pivot=1&amp;ecomPostExpiration=everlasting&amp;postId=117103\"><br \/>\n   <img loading=\"lazy\" decoding=\"async\" alt=\"T\u00c4RN\u00d6 Mesa con 2 sillas de exterior, negro\/tinte marr\u00f3n claro\" width=\"600\" height=\"600\" src=\"https:\/\/i.blogs.es\/549acc\/blob\/original.webp\" onerror='this.src=\"https:\/\/i.blogs.es\/549acc\/blob\/original.jpeg\"'><br \/>\n  <\/a>\n  <\/div>\n<div class=\"pivot-ecommerce-summary\">\n<p class=\"pivot-ecommerce-desc\">T\u00c4RN\u00d6 Mesa con 2 sillas de exterior, negro\/tinte marr\u00f3n claro<\/p>\n<div class=\"pivot-actions \">\n<div class=\"pivot-actions-row\">\n <a rel=\"nofollow, sponsored, noopener, noreferrer\" target=\"_blank\" data-asin=\"\" data-store=\"\" href=\"https:\/\/www.xatakahome.com\/redirect?url=https%3A%2F%2Fwww.ikea.com%2Fes%2Fes%2Fp%2Ftarno-mesa-con-2-sillas-exterior-negro-tinte-marron-claro-s69898415%2F&amp;category=seleccion&amp;pivot=1&amp;ecomPostExpiration=everlasting&amp;postId=117103\" title=\"Precio de venta al p\u00fablico a fecha de publicaci\u00f3n\" class=\"pivot-action-btn pivot-action-primary\">PVP en Ikea \u2014 <strong><span class=\"js-deal-price\">49,00<\/span> \u20ac<\/strong><\/a>\n <\/div>\n<\/p><\/div>\n<\/p><\/div>\n<\/p><\/div>\n<div class=\"pivot-link-msg\">* Alg\u00fan precio puede haber cambiado desde la \u00faltima revisi\u00f3n<\/div>\n<\/p><\/div>\n<p><!-- PIVOT END --><\/p>\n<h2>Un conjunto barato y plegable que no ocupa apenas espacio<\/h2>\n<div class=\"article-asset-image article-asset-normal article-asset-center\">\n<div class=\"asset-content\">\n                    <a rel=\"nofollow, sponsored, noopener, noreferrer\" target=\"_blank\" class=\"js-ecommerce\" id=\"link-ecommerce-2\" href=\"https:\/\/www.xatakahome.com\/redirect?url=https%3A%2F%2Fwww.ikea.com%2Fes%2Fes%2Fp%2Ftarno-mesa-con-2-sillas-exterior-negro-tinte-marron-claro-s69898415%2F&amp;category=seleccion&amp;ecomPostExpiration=everlasting&amp;postId=117103\" data-vars-affiliate-url=\"https:\/\/www.ikea.com\/es\/es\/p\/tarno-mesa-con-2-sillas-exterior-negro-tinte-marron-claro-s69898415\/\"><\/p>\n<p>    <img decoding=\"async\" alt=\"Mesa con dos sillas de exterior T\u00c4RN\u00d6\" class=\"centro_sinmarco\" src=\"https:\/\/i.blogs.es\/57878d\/proyecto-nuevo---2025-03-27t093544.325\/450_1000.webp\"><br \/>\n     <\/a><\/p><\/div>\n<\/div>\n<p>Se puede decir que este es un conjunto <strong>pr\u00e1ctico, funcional y muy atractivo<\/strong> para balcones peque\u00f1os. Est\u00e1 formado por una mesa y dos sillas plegables que son f\u00e1cilmente almacenadles cuando no se est\u00e1n utilizando.<\/p>\n<p><!-- BREAK 2 --><\/p>\n<div class=\"article-asset article-asset-normal article-asset-center\">\n<div class=\"desvio-container\">\n<div class=\"desvio\">\n<div class=\"desvio-figure js-desvio-figure\">\n    <a href=\"https:\/\/www.xataka.com\/seleccion\/carrefour-deja-a-precio-outlet-esta-tele-65-pulgadas-sonido-onkyo-144-hz\" class=\"pivot-outboundlink\" target=\"_blank\" data-vars-post-title=\"Carrefour deja a precio de outlet esta tele de 65 pulgadas con sonido Onkyo y 144 Hz\"><br \/>\n     <img loading=\"lazy\" decoding=\"async\" alt=\"Carrefour deja a precio de outlet esta tele de 65 pulgadas con sonido Onkyo y 144 Hz\" width=\"375\" height=\"142\" src=\"https:\/\/i.blogs.es\/0b92fd\/ofertas_cpa_v3-copia---2025-04-02t135027.448\/375_142.webp\" onerror='this.src=\"https:\/\/i.blogs.es\/0b92fd\/ofertas_cpa_v3-copia---2025-04-02t135027.448\/375_142.jpeg\"'><br \/>\n    <\/a>\n   <\/div>\n<div class=\"desvio-summary\">\n<div class=\"desvio-taxonomy js-desvio-taxonomy\">\n     <a href=\"https:\/\/www.xataka.com\/seleccion\/carrefour-deja-a-precio-outlet-esta-tele-65-pulgadas-sonido-onkyo-144-hz\" class=\"desvio-taxonomy-anchor pivot-outboundlink m-crosspost\" target=\"_blank\" data-vars-post-title=\"Carrefour deja a precio de outlet esta tele de 65 pulgadas con sonido Onkyo y 144 Hz\">En Xataka<\/a>\n    <\/div>\n<p>    <a href=\"https:\/\/www.xataka.com\/seleccion\/carrefour-deja-a-precio-outlet-esta-tele-65-pulgadas-sonido-onkyo-144-hz\" class=\"desvio-title js-desvio-title pivot-outboundlink\" target=\"_blank\" data-vars-post-title=\"Carrefour deja a precio de outlet esta tele de 65 pulgadas con sonido Onkyo y 144 Hz\">Carrefour deja a precio de outlet esta tele de 65 pulgadas con sonido Onkyo y 144 Hz<\/a>\n   <\/div>\n<\/p><\/div>\n<\/p><\/div>\n<\/div>\n<div class=\"article-asset-video article-asset-normal\">\n<div class=\"asset-content\">\n<div class=\"base-asset-video\">\n<div class=\"js-dailymotion\">\n    <script type=\"application\/json\">\n                          {\"videoId\":\"x8c12ag\",\"autoplay\":true,\"title\":\"Design Your Home   IKEA\", \"tag\":\"IKEA\", \"duration\":\"60\"}\n                  <\/script>\n   <\/div>\n<\/p><\/div>\n<\/p><\/div>\n<\/div>\n<p>Fabricados con materiales como la <strong>acacia maciza y acero<\/strong> con revestimiento de polvo, son muy resistentes a las condiciones clim\u00e1ticas. Asimismo, la madera de esta mesa y las sillas ha sido tratada con un barniz semitransparente que prolonga su vida \u00fatil.<\/p>\n<p><!-- BREAK 3 --><\/p>\n<p>La mesa mide 55&#215;54 y tiene una altura de 70 cm, mientras que la silla tiene un tama\u00f1o de 39&#215;40 cm y su asiento una altura de 45 cm. Si quieres <strong>conseguir un extra de confort<\/strong>, podr\u00e1s a\u00f1adirle algunos de los cojines que vende Ikea y si quieres proteger el conjunto en los d\u00edas de lluvia o incluso del polvo, puedes utilizar una funda impermeable.<\/p>\n<p><!-- BREAK 4 --><\/p>\n<h2>Otros productos para disfrutar de la primavera en tu terraza o balc\u00f3n<\/h2>\n<p><!-- PIVOT START --><\/p>\n<div class=\"pivot-ecommerce-container m-pivot-ecommerce-redesign article-asset-normal article-asset-center\">\n<div class=\"pivot-ecommerce\">\n<div class=\"pivot-ecommerce-figure\">\n  <a rel=\"nofollow, sponsored, noopener, noreferrer\" target=\"_blank\" href=\"https:\/\/www.xatakahome.com\/redirect?url=https%3A%2F%2Fwww.amazon.es%2Fdp%2FB0B2RF6BG6%3Ftag%3Dxatakahome-21%26linkCode%3Dogi%26th%3D1%26psc%3D1&amp;category=seleccion&amp;pivot=1&amp;ecomPostExpiration=everlasting&amp;postId=117103\"><br \/>\n   <img loading=\"lazy\" decoding=\"async\" alt=\"YUNYODA 4 Piezas Luces Solares De Pared Para Exteriores\" width=\"500\" height=\"500\" src=\"https:\/\/i.blogs.es\/a06fe5\/51fxuoppu-s._sl500_\/original.webp\" onerror='this.src=\"https:\/\/i.blogs.es\/a06fe5\/51fxuoppu-s._sl500_\/original.jpeg\"'><br \/>\n  <\/a>\n  <\/div>\n<div class=\"pivot-ecommerce-summary\">\n<p class=\"pivot-ecommerce-desc\">YUNYODA 4 Piezas Luces Solares De Pared Para Exteriores<\/p>\n<div class=\"pivot-actions \">\n<div class=\"pivot-actions-row\">\n <a rel=\"nofollow, sponsored, noopener, noreferrer\" target=\"_blank\" data-asin=\"B0B2RF6BG6\" data-store=\"Amazon\" href=\"https:\/\/www.xatakahome.com\/redirect?url=https%3A%2F%2Fwww.amazon.es%2Fdp%2FB0B2RF6BG6%3Ftag%3Dxatakahome-21%26linkCode%3Dogi%26th%3D1%26psc%3D1&amp;category=seleccion&amp;pivot=1&amp;ecomPostExpiration=everlasting&amp;postId=117103\" title=\"Precio actualizado hoy\" class=\"pivot-action-btn metrics-pivot-btn pivot-action-primary\">Hoy en Amazon \u2014 <strong><span class=\"js-deal-price\">19,99<\/span> \u20ac<\/strong><\/a>\n <\/div>\n<\/p><\/div>\n<\/p><\/div>\n<\/p><\/div>\n<div class=\"pivot-link-msg\">* Alg\u00fan precio puede haber cambiado desde la \u00faltima revisi\u00f3n<\/div>\n<\/p><\/div>\n<p><!-- PIVOT END --><br \/>\n<!-- PIVOT START --><\/p>\n<div class=\"pivot-ecommerce-container m-pivot-ecommerce-redesign article-asset-normal article-asset-center\">\n<div class=\"pivot-ecommerce\">\n<div class=\"pivot-ecommerce-figure\">\n  <a rel=\"nofollow, sponsored, noopener, noreferrer\" target=\"_blank\" href=\"https:\/\/www.xatakahome.com\/redirect?url=https%3A%2F%2Fwww.amazon.es%2Fdp%2FB0BQR1VLKC%3Ftag%3Dxatakahome-21%26linkCode%3Dogi%26th%3D1%26psc%3D1&amp;category=seleccion&amp;pivot=1&amp;ecomPostExpiration=everlasting&amp;postId=117103\"><br \/>\n   <img loading=\"lazy\" decoding=\"async\" alt=\"GuKKK Guirnaldas Luces Led Solares Exterior Solar\" width=\"500\" height=\"500\" src=\"https:\/\/i.blogs.es\/5db52c\/51mrwardiil._sl500_\/original.webp\" onerror='this.src=\"https:\/\/i.blogs.es\/5db52c\/51mrwardiil._sl500_\/original.jpeg\"'><br \/>\n  <\/a>\n  <\/div>\n<div class=\"pivot-ecommerce-summary\">\n<p class=\"pivot-ecommerce-desc\">GuKKK Guirnaldas Luces Led Solares Exterior Solar<\/p>\n<div class=\"pivot-actions \">\n<div class=\"pivot-actions-row\">\n <a rel=\"nofollow, sponsored, noopener, noreferrer\" target=\"_blank\" data-asin=\"B0BQR1VLKC\" data-store=\"Amazon\" href=\"https:\/\/www.xatakahome.com\/redirect?url=https%3A%2F%2Fwww.amazon.es%2Fdp%2FB0BQR1VLKC%3Ftag%3Dxatakahome-21%26linkCode%3Dogi%26th%3D1%26psc%3D1&amp;category=seleccion&amp;pivot=1&amp;ecomPostExpiration=everlasting&amp;postId=117103\" title=\"Precio actualizado hoy\" class=\"pivot-action-btn metrics-pivot-btn pivot-action-primary\">Hoy en Amazon \u2014 <strong><span class=\"js-deal-price\">16,89<\/span> \u20ac<\/strong><\/a>\n <\/div>\n<\/p><\/div>\n<\/p><\/div>\n<\/p><\/div>\n<div class=\"pivot-link-msg\">* Alg\u00fan precio puede haber cambiado desde la \u00faltima revisi\u00f3n<\/div>\n<\/p><\/div>\n<p><!-- PIVOT END --><\/p>\n<p><em>Nota: algunos de los enlaces aqu\u00ed publicados son de afiliados y pueden reportar un beneficio.<\/em><\/p>\n<p>Im\u00e1genes | Webedia e IKEA<\/p>\n<p>En Xataka Smart Home | <a class=\"text-outboundlink\" href=\"https:\/\/www.xatakahome.com\/guia-de-compra\/estas-soluciones-baratas-ikea-para-iluminar-cables-cajones-armarios-1\" data-vars-post-title=\"Estas son las soluciones baratas de IKEA para iluminar sin cables los cajones y armarios\" data-vars-post-url=\"https:\/\/www.xatakahome.com\/guia-de-compra\/estas-soluciones-baratas-ikea-para-iluminar-cables-cajones-armarios-1\" data-id=\"noopener noreferrer\">Estas son las soluciones baratas de IKEA para iluminar sin cables los cajones y armarios<\/a><\/p>\n<p>En Xataka Smart Home | <a class=\"text-outboundlink\" href=\"https:\/\/www.xatakahome.com\/seleccion\/mejores-repetidores-wifi-cual-comprar-consejos-recomendaciones\" data-vars-post-title=\"Los mejores repetidores WiFi: \u00bfCu\u00e1l comprar? Consejos y recomendaciones\" data-vars-post-url=\"https:\/\/www.xatakahome.com\/seleccion\/mejores-repetidores-wifi-cual-comprar-consejos-recomendaciones\" data-id=\"noopener noreferrer\">Los mejores repetidores WiFi: \u00bfCu\u00e1l comprar? Consejos y recomendaciones<\/a><\/p>\n<p><script>\n (function() {\n  window._JS_MODULES = window._JS_MODULES || {};\n  var headElement = document.getElementsByTagName('head')[0];\n  if (_JS_MODULES.instagram) {\n   var instagramScript = document.createElement('script');\n   instagramScript.src = 'https:\/\/platform.instagram.com\/en_US\/embeds.js';\n   instagramScript.async = true;\n   instagramScript.defer = true;\n   headElement.appendChild(instagramScript);\n  }\n })();\n<\/script><\/p>\n<p> &#8211; <br \/> La noticia<br \/>\n      <a href=\"https:\/\/www.xatakahome.com\/seleccion\/ikea-tiene-solucion-ideal-barata-para-sacarle-maximo-partido-a-balcones-pequenos-esta-primavera?utm_source=feedburner&amp;utm_medium=feed&amp;utm_campaign=06_Apr_2025\"><br \/>\n       <em> Ikea tiene la soluci\u00f3n ideal (y barata) para sacarle el m\u00e1ximo partido a los balcones peque\u00f1os esta primavera  <\/em><br \/>\n      <\/a><br \/>\n      fue publicada originalmente en<br \/>\n      <a href=\"https:\/\/www.xatakahome.com\/?utm_source=feedburner&amp;utm_medium=feed&amp;utm_campaign=06_Apr_2025\"><br \/>\n       <strong> Xataka Smart Home <\/strong><br \/>\n      <\/a><br \/>\n             por <a href=\"https:\/\/www.xatakahome.com\/autor\/fran-leon?utm_source=feedburner&amp;utm_medium=feed&amp;utm_campaign=06_Apr_2025\"><br \/>\n        Fran Le\u00f3n<br \/>\n       <\/a><br \/>\n      . <\/p>\n<\/div>\n","protected":false},"excerpt":{"rendered":"<p>Aunque parece que el tiempo primaveral no se queda entre nosotros, dentro de unos d\u00edas estaremos ri\u00e9ndonos de todos los d\u00edas de lluvia pasados. Si quieres disfrutar de la primavera en tu balc\u00f3n pero piensas que es demasiado peque\u00f1o como para colocar una mesa con sus sillas, no te preocupes porque hay soluciones a ello. &hellip; <a href=\"https:\/\/domosistemas.com\/?p=28101\" class=\"more-link\">Sigue leyendo <span class=\"screen-reader-text\">Ikea tiene la soluci\u00f3n ideal (y barata) para sacarle el m\u00e1ximo partido a los balcones peque\u00f1os esta primavera<\/span><\/a><\/p>\n","protected":false},"author":1,"featured_media":0,"comment_status":"closed","ping_status":"closed","sticky":false,"template":"","format":"standard","meta":{"footnotes":""},"categories":[8],"tags":[],"class_list":["post-28101","post","type-post","status-publish","format-standard","hentry","category-xataka"],"_links":{"self":[{"href":"https:\/\/domosistemas.com\/index.php?rest_route=\/wp\/v2\/posts\/28101","targetHints":{"allow":["GET"]}}],"collection":[{"href":"https:\/\/domosistemas.com\/index.php?rest_route=\/wp\/v2\/posts"}],"about":[{"href":"https:\/\/domosistemas.com\/index.php?rest_route=\/wp\/v2\/types\/post"}],"author":[{"embeddable":true,"href":"https:\/\/domosistemas.com\/index.php?rest_route=\/wp\/v2\/users\/1"}],"replies":[{"embeddable":true,"href":"https:\/\/domosistemas.com\/index.php?rest_route=%2Fwp%2Fv2%2Fcomments&post=28101"}],"version-history":[{"count":0,"href":"https:\/\/domosistemas.com\/index.php?rest_route=\/wp\/v2\/posts\/28101\/revisions"}],"wp:attachment":[{"href":"https:\/\/domosistemas.com\/index.php?rest_route=%2Fwp%2Fv2%2Fmedia&parent=28101"}],"wp:term":[{"taxonomy":"category","embeddable":true,"href":"https:\/\/domosistemas.com\/index.php?rest_route=%2Fwp%2Fv2%2Fcategories&post=28101"},{"taxonomy":"post_tag","embeddable":true,"href":"https:\/\/domosistemas.com\/index.php?rest_route=%2Fwp%2Fv2%2Ftags&post=28101"}],"curies":[{"name":"wp","href":"https:\/\/api.w.org\/{rel}","templated":true}]}}