{"id":28127,"date":"2025-04-08T07:04:20","date_gmt":"2025-04-08T07:04:20","guid":{"rendered":"https:\/\/domosistemas.com\/?p=28127"},"modified":"2025-04-08T07:04:20","modified_gmt":"2025-04-08T07:04:20","slug":"una-cocina-abierta-puede-hacerse-muy-bien-o-muy-mal-dos-arquitectas-explican-como-acertar","status":"publish","type":"post","link":"https:\/\/domosistemas.com\/?p=28127","title":{"rendered":"Una cocina abierta puede hacerse muy bien, o muy mal: dos arquitectas explican c\u00f3mo acertar"},"content":{"rendered":"<div>\n<p>\n      <img decoding=\"async\" src=\"https:\/\/i.blogs.es\/080ad2\/captura-de-pantalla-2025-04-08-a-las-7.50.07\/1024_2000.jpeg\" alt=\"Una cocina abierta puede hacerse muy bien, o muy mal: dos arquitectas explican c\u00f3mo acertar \">\n    <\/p>\n<p>Con viviendas en las que cada metro cuadrado es cada vez m\u00e1s valioso y las habitaciones tienden a ser m\u00e1s peque\u00f1as, una soluci\u00f3n para ganar espacio es optar por una <a class=\"text-outboundlink\" href=\"https:\/\/www.xatakahome.com\/hogar\/adios-islas-cocina-este-2025-regresa-look-clasico-autentico-acogedor\" data-vars-post-title=\"Adi\u00f3s islas de cocina: este 2025 regresa un look cl\u00e1sico m\u00e1s aut\u00e9ntico y acogedor \" data-vars-post-url=\"https:\/\/www.xatakahome.com\/hogar\/adios-islas-cocina-este-2025-regresa-look-clasico-autentico-acogedor\">cocina abierta<\/a>. Sin embargo, para <strong>conseguir una integraci\u00f3n adecuada<\/strong>, estas arquitectas tienen la clave.<\/p>\n<p><!-- BREAK 1 --><\/p>\n<p>Aunque pueda parecer un detalle menor, <a class=\"text-outboundlink\" href=\"https:\/\/www.xatakahome.com\/hogar\/esta-arquitecta-confirma-algo-que-sabiamos-no-recomiendo-poner-nevera-a-electrodomesticos-calor\" data-vars-post-title=\"Esta arquitecta explica un gran error que cometemos en nuestras cocinas. La colocaci\u00f3n de los electrodom\u00e9sticos lo es todo\" data-vars-post-url=\"https:\/\/www.xatakahome.com\/hogar\/esta-arquitecta-confirma-algo-que-sabiamos-no-recomiendo-poner-nevera-a-electrodomesticos-calor\">una buena distribuci\u00f3n<\/a>, incluso en una cocina abierta, es esencial para que no desentone con el resto de la vivienda. Ganar amplitud y mejorar la iluminaci\u00f3n <strong>no est\u00e1 re\u00f1ido con lograr una conexi\u00f3n arm\u00f3nica<\/strong> con el resto de la casa.<\/p>\n<p><!-- BREAK 2 --><\/p>\n<h2>Considerar todo en un conjunto<\/h2>\n<div class=\"article-asset-image article-asset-large article-asset-center\">\n<div class=\"asset-content\">\n<div class=\"caption-img \">\n                    <a rel=\"noopener, noreferrer\" href=\"https:\/\/www.rderoom.es\/wp-content\/uploads\/2023\/01\/R-DE-ROOM-arquitectura-interiorismo-proyecto-reforma-SALAMANCA-II-4583.jpg\"><\/p>\n<p>    <img decoding=\"async\" alt=\"Cocina\" class=\"\" src=\"https:\/\/i.blogs.es\/93e549\/captura-de-pantalla-2025-04-08-a-las-7.51.19\/450_1000.webp\"><br \/>\n     <\/a><\/p>\n<p>        <span>Imagen | R de Room<\/span>\n   <\/div>\n<\/p><\/div>\n<\/div>\n<p>Seg\u00fan las arquitectas Rebeca Campo y Sandra Rodr\u00edguez, del estudio <a rel=\"noopener, noreferrer\" href=\"https:\/\/www.rderoom.es\/\">R de Room<\/a>, elegir una cocina abierta para potenciar la sensaci\u00f3n de espacio y aportar m\u00e1s luz natural en zonas reducidas <strong>no tiene por qu\u00e9 ir en contra de una est\u00e9tica unificada y coherente.<\/strong><\/p>\n<p><!-- BREAK 3 --><\/p>\n<div class=\"article-asset-video article-asset-normal\">\n<div class=\"asset-content\">\n<div class=\"base-asset-video\">\n<div class=\"js-dailymotion\">\n    <script type=\"application\/json\">\n                          {\"videoId\":\"x7znesx\",\"autoplay\":true,\"title\":\"Edificio de autoconsumo ASI\u0301 FUNCIONAN - Paneles solares en bloques de pisos\", \"tag\":\"solar\", \"duration\":\"564\"}\n                  <\/script>\n   <\/div>\n<\/p><\/div>\n<\/p><\/div>\n<\/div>\n<p>Estas profesionales advierten que, al unir cocina y comedor en un mismo ambiente, <strong>es f\u00e1cil caer en el error de tratarlos como zonas independientes<\/strong>. La clave para una integraci\u00f3n total est\u00e1 en c\u00f3mo se organiza el mobiliario, siempre pensando en el conjunto y no en cada \u00e1rea por separado.<\/p>\n<p><!-- BREAK 4 --><\/p>\n<blockquote><p><em>\u201cA menudo se unen sin pensar en c\u00f3mo va a amueblarse el resultado. La consecuencia es que al espacio resultante le faltan paredes para apoyar muebles y pierde funcionalidad\u201d.<\/em><\/p><\/blockquote>\n<p>Un error que, seg\u00fan se\u00f1alan, <strong>puede acentuarse a\u00fan m\u00e1s<\/strong> si, adem\u00e1s del comedor, se incorpora al espacio abierto otra \u00e1rea de la vivienda, como un pasillo o un recibidor.<\/p>\n<p><!-- BREAK 5 --><\/p>\n<blockquote><p><em>\u201cCuando a esta operaci\u00f3n se une alg\u00fan pasillo o el vest\u00edbulo, es habitual dejar expuestos accesos a ba\u00f1os o dormitorios que con el concepto abierto pierden intimidad y confort ac\u00fastico\u00bb.<\/em><\/p><\/blockquote>\n<p>Desde R de Room, las profesionales en arquitectura sugieren <strong>prestar especial atenci\u00f3n a las proporciones<\/strong> para conseguir una armon\u00eda visual entre la cocina y el sal\u00f3n. De no hacerlo, existe el riesgo de que el espacio se perciba simplemente como una cocina ampliada con un sof\u00e1 a\u00f1adido, en lugar de un ambiente unificado y bien equilibrado.<\/p>\n<p><!-- BREAK 6 --><\/p>\n<blockquote><p><em>\u201cEl espacio del sal\u00f3n-comedor debe ser al menos el doble del destinado a la cocina\u201d.<\/em><\/p><\/blockquote>\n<div class=\"article-asset-image article-asset-large article-asset-center\">\n<div class=\"asset-content\">\n<div class=\"caption-img \">\n                    <a rel=\"noopener, noreferrer\" href=\"https:\/\/www.rderoom.es\/proyecto\/malasana-ii\/\"><\/p>\n<p>    <img decoding=\"async\" alt=\"Cocina\" class=\"\" src=\"https:\/\/i.blogs.es\/967f43\/captura-de-pantalla-2025-04-08-a-las-7.57.42\/450_1000.webp\"><br \/>\n     <\/a><\/p>\n<p>        <span>Imagen | R de Room<\/span>\n   <\/div>\n<\/p><\/div>\n<\/div>\n<p>Al integrar la cocina con el sal\u00f3n \u2014ya sea abriendo uno al otro o fusionando ambos espacios\u2014 es fundamental <strong>considerar el mobiliario de la cocina como parte del dise\u00f1o del sal\u00f3n<\/strong>. Para lograr una transici\u00f3n est\u00e9tica fluida, conviene elegir acabados que mantengan la coherencia visual: superficies sin relieves, materiales de calidad y electrodom\u00e9sticos camuflados mediante paneles a juego.<\/p>\n<p><!-- BREAK 7 --><\/p>\n<blockquote><p><em>\u201cCuando se decide tener una cocina abierta o comunicada con el sal\u00f3n, hay que tratar el mobiliario de cocina como un mueble m\u00e1s del sal\u00f3n\u201d.<\/em><\/p><\/blockquote>\n<div class=\"article-asset article-asset-normal article-asset-center\">\n<div class=\"desvio-container\">\n<div class=\"desvio\">\n<div class=\"desvio-figure js-desvio-figure\">\n    <a href=\"https:\/\/www.xatakahome.com\/a-fondo\/quiero-ver-tele-guiso-mi-cocina-pequena-asi-he-aprovechado-vieja-tableta-android\" class=\"pivot-outboundlink\" data-vars-post-title=\"Quiero ver la tele mientras guiso, pero mi cocina es peque\u00f1a. As\u00ed he aprovechado una vieja tableta con Android \"><br \/>\n     <img loading=\"lazy\" decoding=\"async\" alt=\"Quiero ver la tele mientras guiso, pero mi cocina es peque\u00f1a. As\u00ed he aprovechado una vieja tableta con Android \" width=\"375\" height=\"142\" src=\"https:\/\/i.blogs.es\/82b1d9\/img_9108\/375_142.webp\" onerror='this.src=\"https:\/\/i.blogs.es\/82b1d9\/img_9108\/375_142.jpeg\"'><br \/>\n    <\/a>\n   <\/div>\n<div class=\"desvio-summary\">\n<div class=\"desvio-taxonomy js-desvio-taxonomy\">\n     <a href=\"https:\/\/www.xatakahome.com\/a-fondo\/quiero-ver-tele-guiso-mi-cocina-pequena-asi-he-aprovechado-vieja-tableta-android\" class=\"desvio-taxonomy-anchor pivot-outboundlink\" data-vars-post-title=\"Quiero ver la tele mientras guiso, pero mi cocina es peque\u00f1a. As\u00ed he aprovechado una vieja tableta con Android \">En Xataka Smart Home<\/a>\n    <\/div>\n<p>    <a href=\"https:\/\/www.xatakahome.com\/a-fondo\/quiero-ver-tele-guiso-mi-cocina-pequena-asi-he-aprovechado-vieja-tableta-android\" class=\"desvio-title js-desvio-title pivot-outboundlink\" data-vars-post-title=\"Quiero ver la tele mientras guiso, pero mi cocina es peque\u00f1a. As\u00ed he aprovechado una vieja tableta con Android \">Quiero ver la tele mientras guiso, pero mi cocina es peque\u00f1a. As\u00ed he aprovechado una vieja tableta con Android <\/a>\n   <\/div>\n<\/p><\/div>\n<\/p><\/div>\n<\/div>\n<p>Para lograr <strong>un resultado final arm\u00f3nico y satisfactorio<\/strong><em>, <\/em>Rebeca Campo y Sandra Rodr\u00edguez proponen una serie de recomendaciones clave:<\/p>\n<ul>\n<li><strong>Unificar materiales y paleta crom\u00e1tica<\/strong>: Es fundamental que los acabados de la cocina est\u00e9n en consonancia con los del sal\u00f3n. Optar por maderas, lacados en acabado mate o colores neutros favorecer\u00e1 una continuidad visual.<\/li>\n<li><strong>Electrodom\u00e9sticos discretamente integrados<\/strong>: Panelar el frigor\u00edfico y el lavavajillas, o elegir campanas decorativas con dise\u00f1o cuidado, ayudar\u00e1 a proyectar una imagen m\u00e1s sofisticada y menos funcional.<\/li>\n<li><strong>Almacenamiento con est\u00e9tica cuidada<\/strong>: Apostar por mobiliario de cocina que recuerde a aparadores o vitrinas permite suavizar la percepci\u00f3n de zona de trabajo, dando paso a un ambiente m\u00e1s dom\u00e9stico y decorativo.<\/li>\n<li><strong>Separar sin cerrar<\/strong>: Incorporar una isla o pen\u00ednsula puede ser una excelente forma de marcar el l\u00edmite entre cocina y sal\u00f3n sin levantar barreras f\u00edsicas.<\/li>\n<li><strong>Iluminaci\u00f3n estrat\u00e9gica<\/strong>: Colocar l\u00e1mparas suspendidas sobre la isla o instalar focos empotrados espec\u00edficos para cada zona permite diferenciar ambientes manteniendo una atm\u00f3sfera coherente y sin cortes visuales.<\/li>\n<\/ul>\n<p>Imagen portada | <a rel=\"noopener, noreferrer\" href=\"https:\/\/www.rderoom.es\/wp-content\/uploads\/2022\/09\/R-DE-ROOM-arquitectura-interiorismo-proyecto-reforma-CHAMBERI-IV-4B-008.jpg\">R de Room<\/a><\/p>\n<p>V\u00eda | <a rel=\"noopener, noreferrer\" href=\"https:\/\/www.revistainteriores.es\/decoracion\/rebeca-campo-sandra-rodriguez-arquitectas-cocina-abierta-salon-errores-aciertos_11229\">Revista de Interiores<\/a><\/p>\n<p>En Xataka SmartHome | <a class=\"text-outboundlink\" href=\"https:\/\/www.xatakahome.com\/iluminacion-y-energia\/agujeros-cables-enchufes-hacer-obra-asi-he-iluminado-zonas-oscuras-cocina-armarios\" data-vars-post-title=\"He puesto luces sin cables ni enchufes en cocina y armarios. Se integran en los muebles y funcionan mejor que nunca\" data-vars-post-url=\"https:\/\/www.xatakahome.com\/iluminacion-y-energia\/agujeros-cables-enchufes-hacer-obra-asi-he-iluminado-zonas-oscuras-cocina-armarios\">He puesto luces sin cables ni enchufes en cocina y armarios. Se integran en los muebles y funcionan mejor que nunca<\/a><\/p>\n<p><script>\n (function() {\n  window._JS_MODULES = window._JS_MODULES || {};\n  var headElement = document.getElementsByTagName('head')[0];\n  if (_JS_MODULES.instagram) {\n   var instagramScript = document.createElement('script');\n   instagramScript.src = 'https:\/\/platform.instagram.com\/en_US\/embeds.js';\n   instagramScript.async = true;\n   instagramScript.defer = true;\n   headElement.appendChild(instagramScript);\n  }\n })();\n<\/script><\/p>\n<p> &#8211; <br \/> La noticia<br \/>\n      <a href=\"https:\/\/www.xatakahome.com\/diseno-y-arquitectura\/cocina-abierta-puede-hacerse-muy-bien-muy-mal-dos-arquitectas-explican-como-acertar?utm_source=feedburner&amp;utm_medium=feed&amp;utm_campaign=08_Apr_2025\"><br \/>\n       <em> Una cocina abierta puede hacerse muy bien, o muy mal: dos arquitectas explican c\u00f3mo acertar  <\/em><br \/>\n      <\/a><br \/>\n      fue publicada originalmente en<br \/>\n      <a href=\"https:\/\/www.xatakahome.com\/?utm_source=feedburner&amp;utm_medium=feed&amp;utm_campaign=08_Apr_2025\"><br \/>\n       <strong> Xataka Smart Home <\/strong><br \/>\n      <\/a><br \/>\n             por <a href=\"https:\/\/www.xatakahome.com\/autor\/jose-antonio-carmona?utm_source=feedburner&amp;utm_medium=feed&amp;utm_campaign=08_Apr_2025\"><br \/>\n        Jose Antonio Carmona<br \/>\n       <\/a><br \/>\n      . <\/p>\n<\/div>\n","protected":false},"excerpt":{"rendered":"<p>Con viviendas en las que cada metro cuadrado es cada vez m\u00e1s valioso y las habitaciones tienden a ser m\u00e1s peque\u00f1as, una soluci\u00f3n para ganar espacio es optar por una cocina abierta. Sin embargo, para conseguir una integraci\u00f3n adecuada, estas arquitectas tienen la clave. Aunque pueda parecer un detalle menor, una buena distribuci\u00f3n, incluso en &hellip; <a href=\"https:\/\/domosistemas.com\/?p=28127\" class=\"more-link\">Sigue leyendo <span class=\"screen-reader-text\">Una cocina abierta puede hacerse muy bien, o muy mal: dos arquitectas explican c\u00f3mo acertar<\/span><\/a><\/p>\n","protected":false},"author":1,"featured_media":0,"comment_status":"closed","ping_status":"closed","sticky":false,"template":"","format":"standard","meta":{"footnotes":""},"categories":[8],"tags":[],"class_list":["post-28127","post","type-post","status-publish","format-standard","hentry","category-xataka"],"_links":{"self":[{"href":"https:\/\/domosistemas.com\/index.php?rest_route=\/wp\/v2\/posts\/28127","targetHints":{"allow":["GET"]}}],"collection":[{"href":"https:\/\/domosistemas.com\/index.php?rest_route=\/wp\/v2\/posts"}],"about":[{"href":"https:\/\/domosistemas.com\/index.php?rest_route=\/wp\/v2\/types\/post"}],"author":[{"embeddable":true,"href":"https:\/\/domosistemas.com\/index.php?rest_route=\/wp\/v2\/users\/1"}],"replies":[{"embeddable":true,"href":"https:\/\/domosistemas.com\/index.php?rest_route=%2Fwp%2Fv2%2Fcomments&post=28127"}],"version-history":[{"count":0,"href":"https:\/\/domosistemas.com\/index.php?rest_route=\/wp\/v2\/posts\/28127\/revisions"}],"wp:attachment":[{"href":"https:\/\/domosistemas.com\/index.php?rest_route=%2Fwp%2Fv2%2Fmedia&parent=28127"}],"wp:term":[{"taxonomy":"category","embeddable":true,"href":"https:\/\/domosistemas.com\/index.php?rest_route=%2Fwp%2Fv2%2Fcategories&post=28127"},{"taxonomy":"post_tag","embeddable":true,"href":"https:\/\/domosistemas.com\/index.php?rest_route=%2Fwp%2Fv2%2Ftags&post=28127"}],"curies":[{"name":"wp","href":"https:\/\/api.w.org\/{rel}","templated":true}]}}