{"id":28136,"date":"2025-04-08T15:52:10","date_gmt":"2025-04-08T15:52:10","guid":{"rendered":"https:\/\/domosistemas.com\/?p=28136"},"modified":"2025-04-08T15:52:10","modified_gmt":"2025-04-08T15:52:10","slug":"este-accesorio-de-ikea-es-perfecto-para-disfrutar-del-buen-tiempo-en-la-terraza-y-cuesta-menos-de-30-euros","status":"publish","type":"post","link":"https:\/\/domosistemas.com\/?p=28136","title":{"rendered":"Este accesorio de Ikea es perfecto para disfrutar del buen tiempo en la terraza y cuesta menos de 30 euros"},"content":{"rendered":"<div>\n<p>\n      <img decoding=\"async\" src=\"https:\/\/i.blogs.es\/2eac85\/ofertas_cpa_v3-copia---2025-04-08t144235.775\/1024_2000.jpeg\" alt=\"Este accesorio de Ikea es perfecto para disfrutar del buen tiempo en la terraza y cuesta menos de 30 euros\">\n    <\/p>\n<p>El buen tiempo parece que ya est\u00e1 llegando y esto hace que nos apetezca pasar m\u00e1s tiempo en la zona exterior de nuestro hogar, como la terraza. Eso s\u00ed, si no quieres estar a pleno sol, <strong>Ikea<\/strong> tiene un accesorio por <a rel=\"nofollow, sponsored, noopener, noreferrer\" target=\"_blank\" class=\"js-ecommerce\" id=\"link-ecommerce-1\" href=\"https:\/\/www.xatakahome.com\/redirect?url=https%3A%2F%2Fwww.ikea.com%2Fes%2Fes%2Fp%2Flilleo-sombrilla-gris-10504632%2F&amp;category=seleccion&amp;ecomPostExpiration=perish&amp;postId=117136\" data-vars-affiliate-url=\"https:\/\/www.ikea.com\/es\/es\/p\/lilleo-sombrilla-gris-10504632\/\">30 euros<\/a> que se convertir\u00e1 en imprescindible para ti. Se trata de la <strong>sombrilla LILLE\u00d6<\/strong>.<\/p>\n<p><!-- BREAK 1 --><!-- PIVOT START --><\/p>\n<div class=\"pivot-ecommerce-container m-pivot-ecommerce-redesign article-asset-normal article-asset-center\">\n<div class=\"pivot-ecommerce\">\n<div class=\"pivot-ecommerce-figure\">\n  <a rel=\"nofollow, sponsored, noopener, noreferrer\" target=\"_blank\" href=\"https:\/\/www.xatakahome.com\/redirect?url=https%3A%2F%2Fwww.ikea.com%2Fes%2Fes%2Fp%2Flilleo-sombrilla-gris-10504632%2F&amp;category=seleccion&amp;pivot=1&amp;ecomPostExpiration=perish&amp;postId=117136\"><br \/>\n   <img loading=\"lazy\" decoding=\"async\" alt=\"LILLE\u00d6 Sombrilla, gris, 150x100 cm\" width=\"600\" height=\"600\" src=\"https:\/\/i.blogs.es\/6e3e29\/blob\/original.webp\" onerror='this.src=\"https:\/\/i.blogs.es\/6e3e29\/blob\/original.jpeg\"'><br \/>\n  <\/a>\n  <\/div>\n<div class=\"pivot-ecommerce-summary\">\n<p class=\"pivot-ecommerce-desc\">LILLE\u00d6 Sombrilla, gris, 150&#215;100 cm<\/p>\n<div class=\"pivot-actions \">\n<div class=\"pivot-actions-row\">\n <a rel=\"nofollow, sponsored, noopener, noreferrer\" target=\"_blank\" data-asin=\"\" data-store=\"\" href=\"https:\/\/www.xatakahome.com\/redirect?url=https%3A%2F%2Fwww.ikea.com%2Fes%2Fes%2Fp%2Flilleo-sombrilla-gris-10504632%2F&amp;category=seleccion&amp;pivot=1&amp;ecomPostExpiration=perish&amp;postId=117136\" title=\"Precio de venta al p\u00fablico a fecha de publicaci\u00f3n\" class=\"pivot-action-btn pivot-action-primary\">PVP en Ikea \u2014 <strong><span class=\"js-deal-price\">30,00<\/span> \u20ac<\/strong><\/a>\n <\/div>\n<\/p><\/div>\n<\/p><\/div>\n<\/p><\/div>\n<div class=\"pivot-link-msg\">* Alg\u00fan precio puede haber cambiado desde la \u00faltima revisi\u00f3n<\/div>\n<\/p><\/div>\n<p><!-- PIVOT END --><\/p>\n<h2>Una soluci\u00f3n barata para protegerte del sol en la terraza<\/h2>\n<div class=\"article-asset-image article-asset-normal article-asset-center\">\n<div class=\"asset-content\">\n                    <a rel=\"nofollow, sponsored, noopener, noreferrer\" target=\"_blank\" class=\"js-ecommerce\" id=\"link-ecommerce-2\" href=\"https:\/\/www.xatakahome.com\/redirect?url=https%3A%2F%2Fwww.ikea.com%2Fes%2Fes%2Fp%2Flilleo-sombrilla-gris-10504632%2F&amp;category=seleccion&amp;ecomPostExpiration=perish&amp;postId=117136\" data-vars-affiliate-url=\"https:\/\/www.ikea.com\/es\/es\/p\/lilleo-sombrilla-gris-10504632\/\"><\/p>\n<p>    <img decoding=\"async\" alt=\"sombrilla LILL\u00cb de Ikea\" class=\"centro_sinmarco\" src=\"https:\/\/i.blogs.es\/22f834\/proyecto-nuevo---2025-04-08t143021.918\/450_1000.webp\"><br \/>\n     <\/a><\/p><\/div>\n<\/div>\n<p>Este accesorio para exterior de Ikea te permitir\u00e1 protegerte del sol y la lluvia. Est\u00e1 disponible en color gris y acabado efecto mate que combina con todo. Su altura es <strong>regulable entre 217 y 225 cm<\/strong> y presenta un ancho total de 100 cm.<\/p>\n<p><!-- BREAK 2 --><\/p>\n<div class=\"article-asset article-asset-normal article-asset-center\">\n<div class=\"desvio-container\">\n<div class=\"desvio\">\n<div class=\"desvio-figure js-desvio-figure\">\n    <a href=\"https:\/\/www.compradiccion.com\/terraza-y-jardin\/vuelve-cultivador-lidl-que-preparar-jardin-huerto-esta-primavera-esfuerzo-al-precio-barato\" class=\"pivot-outboundlink\" target=\"_blank\" data-vars-post-title=\"Vuelve el cultivador de Lidl con el que preparar el jard\u00edn o el huerto esta primavera sin esfuerzo, al precio m\u00e1s barato\"><br \/>\n     <img loading=\"lazy\" decoding=\"async\" alt=\"Vuelve el cultivador de Lidl con el que preparar el jard\u00edn o el huerto esta primavera sin esfuerzo, al precio m\u00e1s barato\" width=\"375\" height=\"142\" src=\"https:\/\/i.blogs.es\/ca982e\/lidl34\/375_142.webp\" onerror='this.src=\"https:\/\/i.blogs.es\/ca982e\/lidl34\/375_142.jpeg\"'><br \/>\n    <\/a>\n   <\/div>\n<div class=\"desvio-summary\">\n<div class=\"desvio-taxonomy js-desvio-taxonomy\">\n     <a href=\"https:\/\/www.compradiccion.com\/terraza-y-jardin\/vuelve-cultivador-lidl-que-preparar-jardin-huerto-esta-primavera-esfuerzo-al-precio-barato\" class=\"desvio-taxonomy-anchor pivot-outboundlink m-crosspost\" target=\"_blank\" data-vars-post-title=\"Vuelve el cultivador de Lidl con el que preparar el jard\u00edn o el huerto esta primavera sin esfuerzo, al precio m\u00e1s barato\">En Compradicci\u00f3n<\/a>\n    <\/div>\n<p>    <a href=\"https:\/\/www.compradiccion.com\/terraza-y-jardin\/vuelve-cultivador-lidl-que-preparar-jardin-huerto-esta-primavera-esfuerzo-al-precio-barato\" class=\"desvio-title js-desvio-title pivot-outboundlink\" target=\"_blank\" data-vars-post-title=\"Vuelve el cultivador de Lidl con el que preparar el jard\u00edn o el huerto esta primavera sin esfuerzo, al precio m\u00e1s barato\">Vuelve el cultivador de Lidl con el que preparar el jard\u00edn o el huerto esta primavera sin esfuerzo, al precio m\u00e1s barato<\/a>\n   <\/div>\n<\/p><\/div>\n<\/p><\/div>\n<\/div>\n<div class=\"article-asset-video article-asset-normal\">\n<div class=\"asset-content\">\n<div class=\"base-asset-video\">\n<div class=\"js-dailymotion\">\n    <script type=\"application\/json\">\n                          {\"videoId\":\"x8006fc\",\"autoplay\":true,\"title\":\"C\u00f3mo dormir cuando hace mucho calor y no tienes aire acondicionado\", \"tag\":\"\", \"duration\":\"217\"}\n                  <\/script>\n   <\/div>\n<\/p><\/div>\n<\/p><\/div>\n<\/div>\n<p>La puedes instalar <strong>junto a la pared o en el \u00e1rea de la barandilla<\/strong>. Eso s\u00ed, la base se vende aparte. Te puede servir cualquiera, aunque en Ikea venden la base HUV\u00d6N para sombrillas por <a rel=\"nofollow, sponsored, noopener, noreferrer\" target=\"_blank\" class=\"js-ecommerce\" id=\"link-ecommerce-3\" href=\"https:\/\/www.xatakahome.com\/redirect?url=https%3A%2F%2Fwww.ikea.com%2Fes%2Fes%2Fp%2Fhuvon-base-sombrilla-gris-50457105%2F&amp;category=seleccion&amp;ecomPostExpiration=perish&amp;postId=117136\" data-vars-affiliate-url=\"https:\/\/www.ikea.com\/es\/es\/p\/huvon-base-sombrilla-gris-50457105\/\">55 euros<\/a>. Pero si quieres gastar menos, hay otras bases m\u00e1s econ\u00f3micas.<\/p>\n<p><!-- BREAK 3 --><\/p>\n<p>Se trata de una sombrilla que <strong>no requiere de un dif\u00edcil mantenimiento<\/strong>. Se recomienda protegerla con su funda mientras no la estes usando y puedes lavar la tela en la <a class=\"text-outboundlink\" href=\"https:\/\/www.xatakahome.com\/hogar\/no-sabia-que-mi-lavadora-lavavajillas-tenian-esta-opcion-ahora-usamos-a-diario-para-ahorrar-factura-luz\" data-vars-post-title=\"No sab\u00eda que mi lavadora y lavavajillas ten\u00edan esta opci\u00f3n: ahora la usamos a diario para ahorrar en la factura de la luz\" data-vars-post-url=\"https:\/\/www.xatakahome.com\/hogar\/no-sabia-que-mi-lavadora-lavavajillas-tenian-esta-opcion-ahora-usamos-a-diario-para-ahorrar-factura-luz\">lavadora<\/a> a un m\u00e1ximo de 40\u00baC. Por \u00faltimo, se puede destacar que el tubo de acero tiene revestimiento de poli\u00e9ster en polvo, por lo que estar\u00e1 bien protegida a la intemperie.<\/p>\n<p><!-- BREAK 4 --><\/p>\n<h2>Otras opciones para protegerte del sol en tu terraza o balc\u00f3n<\/h2>\n<p><!-- PIVOT START --><\/p>\n<div class=\"pivot-ecommerce-container m-pivot-ecommerce-redesign article-asset-normal article-asset-center\">\n<div class=\"pivot-ecommerce\">\n<div class=\"pivot-ecommerce-figure\">\n  <a rel=\"nofollow, sponsored, noopener, noreferrer\" target=\"_blank\" href=\"https:\/\/www.xatakahome.com\/redirect?url=https%3A%2F%2Fwww.amazon.es%2Fdp%2FB09RCJZBKB%3Ftag%3Dxatakahome-21%26linkCode%3Dogi%26th%3D1%26psc%3D1&amp;category=seleccion&amp;pivot=1&amp;ecomPostExpiration=perish&amp;postId=117136\"><br \/>\n   <img loading=\"lazy\" decoding=\"async\" alt=\"KESSER\u00ae Toldo para balc\u00f3n con manivela\" width=\"500\" height=\"500\" src=\"https:\/\/i.blogs.es\/38b8f9\/41ii9sedewl._sl500_\/original.webp\" onerror='this.src=\"https:\/\/i.blogs.es\/38b8f9\/41ii9sedewl._sl500_\/original.jpeg\"'><br \/>\n  <\/a>\n  <\/div>\n<div class=\"pivot-ecommerce-summary\">\n<p class=\"pivot-ecommerce-desc\">KESSER\u00ae Toldo para balc\u00f3n con manivela<\/p>\n<div class=\"pivot-actions \">\n<div class=\"pivot-actions-row\">\n <a rel=\"nofollow, sponsored, noopener, noreferrer\" target=\"_blank\" data-asin=\"B09RCJZBKB\" data-store=\"Amazon\" href=\"https:\/\/www.xatakahome.com\/redirect?url=https%3A%2F%2Fwww.amazon.es%2Fdp%2FB09RCJZBKB%3Ftag%3Dxatakahome-21%26linkCode%3Dogi%26th%3D1%26psc%3D1&amp;category=seleccion&amp;pivot=1&amp;ecomPostExpiration=perish&amp;postId=117136\" title=\"Precio actualizado hoy\" class=\"pivot-action-btn metrics-pivot-btn pivot-action-primary\">Hoy en Amazon \u2014 <strong><span class=\"js-deal-price\">82,80<\/span> \u20ac<\/strong><\/a>\n <\/div>\n<\/p><\/div>\n<\/p><\/div>\n<\/p><\/div>\n<div class=\"pivot-link-msg\">* Alg\u00fan precio puede haber cambiado desde la \u00faltima revisi\u00f3n<\/div>\n<\/p><\/div>\n<p><!-- PIVOT END --><br \/>\n<!-- PIVOT START --><\/p>\n<div class=\"pivot-ecommerce-container m-pivot-ecommerce-redesign article-asset-normal article-asset-center\">\n<div class=\"pivot-ecommerce\">\n<div class=\"pivot-ecommerce-figure\">\n  <a rel=\"nofollow, sponsored, noopener, noreferrer\" target=\"_blank\" href=\"https:\/\/www.xatakahome.com\/redirect?url=https%3A%2F%2Fwww.amazon.es%2Fdp%2FB0DR6VSFX4%3Ftag%3Dxatakahome-21%26linkCode%3Dogi%26th%3D1%26psc%3D1&amp;category=seleccion&amp;pivot=1&amp;ecomPostExpiration=perish&amp;postId=117136\"><br \/>\n   <img loading=\"lazy\" decoding=\"async\" alt=\"Toldo Vela Rectangular Toldos Exterior Terraza Impermeable\" width=\"457\" height=\"500\" src=\"https:\/\/i.blogs.es\/83244c\/419-rkq10sl._sl500_\/original.webp\" onerror='this.src=\"https:\/\/i.blogs.es\/83244c\/419-rkq10sl._sl500_\/original.jpeg\"'><br \/>\n  <\/a>\n  <\/div>\n<div class=\"pivot-ecommerce-summary\">\n<p class=\"pivot-ecommerce-desc\">Toldo Vela Rectangular Toldos Exterior Terraza Impermeable<\/p>\n<div class=\"pivot-actions \">\n<div class=\"pivot-actions-row\">\n <a rel=\"nofollow, sponsored, noopener, noreferrer\" target=\"_blank\" data-asin=\"B0DR6VSFX4\" data-store=\"Amazon\" href=\"https:\/\/www.xatakahome.com\/redirect?url=https%3A%2F%2Fwww.amazon.es%2Fdp%2FB0DR6VSFX4%3Ftag%3Dxatakahome-21%26linkCode%3Dogi%26th%3D1%26psc%3D1&amp;category=seleccion&amp;pivot=1&amp;ecomPostExpiration=perish&amp;postId=117136\" title=\"Precio actualizado hoy\" class=\"pivot-action-btn metrics-pivot-btn pivot-action-primary\">Hoy en Amazon \u2014 <strong><span class=\"js-deal-price\">31,99<\/span> \u20ac<\/strong><\/a>\n <\/div>\n<\/p><\/div>\n<\/p><\/div>\n<\/p><\/div>\n<div class=\"pivot-link-msg\">* Alg\u00fan precio puede haber cambiado desde la \u00faltima revisi\u00f3n<\/div>\n<\/p><\/div>\n<p><!-- PIVOT END --><\/p>\n<p><em>Nota: algunos de los enlaces aqu\u00ed publicados son de afiliados y pueden reportar un beneficio.<\/em><\/p>\n<p>Im\u00e1genes | Webedia e Ikea<\/p>\n<p>En Xataka Smart Home | <a class=\"text-outboundlink\" href=\"https:\/\/www.xatakahome.com\/seleccion\/mejores-altavoces-bluetooth-cual-comprar-consejos-recomendaciones\" data-vars-post-title=\"Los mejores altavoces Bluetooth: \u00bfCu\u00e1l comprar? Consejos y recomendaciones\" data-vars-post-url=\"https:\/\/www.xatakahome.com\/seleccion\/mejores-altavoces-bluetooth-cual-comprar-consejos-recomendaciones\" data-id=\"noopener noreferrer\">Los mejores altavoces Bluetooth: \u00bfCu\u00e1l comprar? Consejos y recomendaciones<\/a><\/p>\n<p>En Xataka Smart Home | <a class=\"text-outboundlink\" href=\"https:\/\/www.xatakahome.com\/seleccion\/bombillas-led-para-iluminar-de-forma-eficiente-nuestro-hogar-cual-comprar-consejos-y-recomendaciones\" data-vars-post-title=\"Bombillas LED para iluminar de forma eficiente nuestro hogar: \u00bfCu\u00e1l comprar? Consejos y recomendaciones\" data-vars-post-url=\"https:\/\/www.xatakahome.com\/seleccion\/bombillas-led-para-iluminar-de-forma-eficiente-nuestro-hogar-cual-comprar-consejos-y-recomendaciones\" data-id=\"noopener noreferrer\">Bombillas LED para iluminar de forma eficiente nuestro hogar: \u00bfCu\u00e1l comprar? Consejos y recomendaciones<\/a><\/p>\n<p><script>\n (function() {\n  window._JS_MODULES = window._JS_MODULES || {};\n  var headElement = document.getElementsByTagName('head')[0];\n  if (_JS_MODULES.instagram) {\n   var instagramScript = document.createElement('script');\n   instagramScript.src = 'https:\/\/platform.instagram.com\/en_US\/embeds.js';\n   instagramScript.async = true;\n   instagramScript.defer = true;\n   headElement.appendChild(instagramScript);\n  }\n })();\n<\/script><\/p>\n<p> &#8211; <br \/> La noticia<br \/>\n      <a href=\"https:\/\/www.xatakahome.com\/seleccion\/este-accesorio-ikea-perfecto-para-disfrutar-buen-tiempo-terraza-cuesta-30-euros?utm_source=feedburner&amp;utm_medium=feed&amp;utm_campaign=08_Apr_2025\"><br \/>\n       <em> Este accesorio de Ikea es perfecto para disfrutar del buen tiempo en la terraza y cuesta menos de 30 euros <\/em><br \/>\n      <\/a><br \/>\n      fue publicada originalmente en<br \/>\n      <a href=\"https:\/\/www.xatakahome.com\/?utm_source=feedburner&amp;utm_medium=feed&amp;utm_campaign=08_Apr_2025\"><br \/>\n       <strong> Xataka Smart Home <\/strong><br \/>\n      <\/a><br \/>\n             por <a href=\"https:\/\/www.xatakahome.com\/autor\/fran-leon?utm_source=feedburner&amp;utm_medium=feed&amp;utm_campaign=08_Apr_2025\"><br \/>\n        Fran Le\u00f3n<br \/>\n       <\/a><br \/>\n      . <\/p>\n<\/div>\n","protected":false},"excerpt":{"rendered":"<p>El buen tiempo parece que ya est\u00e1 llegando y esto hace que nos apetezca pasar m\u00e1s tiempo en la zona exterior de nuestro hogar, como la terraza. Eso s\u00ed, si no quieres estar a pleno sol, Ikea tiene un accesorio por 30 euros que se convertir\u00e1 en imprescindible para ti. Se trata de la sombrilla &hellip; <a href=\"https:\/\/domosistemas.com\/?p=28136\" class=\"more-link\">Sigue leyendo <span class=\"screen-reader-text\">Este accesorio de Ikea es perfecto para disfrutar del buen tiempo en la terraza y cuesta menos de 30 euros<\/span><\/a><\/p>\n","protected":false},"author":1,"featured_media":0,"comment_status":"closed","ping_status":"closed","sticky":false,"template":"","format":"standard","meta":{"footnotes":""},"categories":[8],"tags":[],"class_list":["post-28136","post","type-post","status-publish","format-standard","hentry","category-xataka"],"_links":{"self":[{"href":"https:\/\/domosistemas.com\/index.php?rest_route=\/wp\/v2\/posts\/28136","targetHints":{"allow":["GET"]}}],"collection":[{"href":"https:\/\/domosistemas.com\/index.php?rest_route=\/wp\/v2\/posts"}],"about":[{"href":"https:\/\/domosistemas.com\/index.php?rest_route=\/wp\/v2\/types\/post"}],"author":[{"embeddable":true,"href":"https:\/\/domosistemas.com\/index.php?rest_route=\/wp\/v2\/users\/1"}],"replies":[{"embeddable":true,"href":"https:\/\/domosistemas.com\/index.php?rest_route=%2Fwp%2Fv2%2Fcomments&post=28136"}],"version-history":[{"count":0,"href":"https:\/\/domosistemas.com\/index.php?rest_route=\/wp\/v2\/posts\/28136\/revisions"}],"wp:attachment":[{"href":"https:\/\/domosistemas.com\/index.php?rest_route=%2Fwp%2Fv2%2Fmedia&parent=28136"}],"wp:term":[{"taxonomy":"category","embeddable":true,"href":"https:\/\/domosistemas.com\/index.php?rest_route=%2Fwp%2Fv2%2Fcategories&post=28136"},{"taxonomy":"post_tag","embeddable":true,"href":"https:\/\/domosistemas.com\/index.php?rest_route=%2Fwp%2Fv2%2Ftags&post=28136"}],"curies":[{"name":"wp","href":"https:\/\/api.w.org\/{rel}","templated":true}]}}