{"id":28143,"date":"2025-04-09T07:46:20","date_gmt":"2025-04-09T07:46:20","guid":{"rendered":"https:\/\/domosistemas.com\/?p=28143"},"modified":"2025-04-09T07:46:20","modified_gmt":"2025-04-09T07:46:20","slug":"leroy-merlin-tiene-el-invento-ideal-para-tener-sombra-en-tu-terraza-esta-primavera","status":"publish","type":"post","link":"https:\/\/domosistemas.com\/?p=28143","title":{"rendered":"Leroy Merlin tiene el invento ideal para tener sombra en tu terraza esta primavera"},"content":{"rendered":"<div>\n<p>\n      <img decoding=\"async\" src=\"https:\/\/i.blogs.es\/3c2e33\/ofertas_cpa_v3-copia---2025-04-09t093805.989\/1024_2000.jpeg\" alt=\"Leroy Merlin tiene el invento ideal para tener sombra en tu terraza esta primavera \">\n    <\/p>\n<p>Junto con las sombrillas, los toldos son los absolutos protagonistas de la temporada primavera-verano en la mayor\u00eda de terrazas. Aunque es cierto que, hoy en d\u00eda, podemos encontrar otras alternativas. Por ejemplo, en Leroy Merlin tienes esta <strong>p\u00e9rgola adosada con techo retr\u00e1ctil<\/strong> rebajada, por <a rel=\"nofollow, sponsored, noopener, noreferrer\" target=\"_blank\" class=\"js-ecommerce\" id=\"link-ecommerce-1\" href=\"https:\/\/www.xatakahome.com\/redirect?url=https%3A%2F%2Fwww.leroymerlin.es%2Fproductos%2Fpergola-adosada-con-techo-retractil-3-x-3-m-gris-antracita-91115817.html&amp;category=seleccion&amp;ecomPostExpiration=everlasting&amp;postId=117145\" data-vars-affiliate-url=\"https:\/\/www.leroymerlin.es\/productos\/pergola-adosada-con-techo-retractil-3-x-3-m-gris-antracita-91115817.html\">199 euros<\/a>.<\/p>\n<p><!-- BREAK 1 --><!-- PIVOT START --><\/p>\n<div class=\"pivot-ecommerce-container m-pivot-ecommerce-redesign article-asset-normal article-asset-center\">\n<div class=\"pivot-ecommerce\">\n<div class=\"pivot-ecommerce-figure\">\n  <a rel=\"nofollow, sponsored, noopener, noreferrer\" target=\"_blank\" href=\"https:\/\/www.xatakahome.com\/redirect?url=https%3A%2F%2Fwww.leroymerlin.es%2Fproductos%2Fpergola-adosada-con-techo-retractil-3-x-3-m-gris-antracita-91115817.html&amp;category=seleccion&amp;pivot=1&amp;ecomPostExpiration=everlasting&amp;postId=117145\"><br \/>\n   <img loading=\"lazy\" decoding=\"async\" alt=\"P\u00e9rgola adosada con techo retr\u00e1ctil - 3 x 3 m \" width=\"600\" height=\"600\" src=\"https:\/\/i.blogs.es\/91e97d\/blob\/original.webp\" onerror='this.src=\"https:\/\/i.blogs.es\/91e97d\/blob\/original.jpeg\"'><br \/>\n  <\/a>\n  <\/div>\n<div class=\"pivot-ecommerce-summary\">\n<p class=\"pivot-ecommerce-desc\">P\u00e9rgola adosada con techo retr\u00e1ctil &#8211; 3 x 3 m <\/p>\n<div class=\"pivot-actions \">\n<div class=\"pivot-actions-row\">\n <a rel=\"nofollow, sponsored, noopener, noreferrer\" target=\"_blank\" data-asin=\"\" data-store=\"\" href=\"https:\/\/www.xatakahome.com\/redirect?url=https%3A%2F%2Fwww.leroymerlin.es%2Fproductos%2Fpergola-adosada-con-techo-retractil-3-x-3-m-gris-antracita-91115817.html&amp;category=seleccion&amp;pivot=1&amp;ecomPostExpiration=everlasting&amp;postId=117145\" title=\"Precio de venta al p\u00fablico a fecha de publicaci\u00f3n\" class=\"pivot-action-btn pivot-action-primary\">PVP en Leroy Merlin \u2014 <strong><span class=\"js-deal-price\">199,00<\/span> \u20ac<\/strong><\/a>\n <\/div>\n<\/p><\/div>\n<\/p><\/div>\n<\/p><\/div>\n<div class=\"pivot-link-msg\">* Alg\u00fan precio puede haber cambiado desde la \u00faltima revisi\u00f3n<\/div>\n<\/p><\/div>\n<p><!-- PIVOT END --><\/p>\n<h2>Una p\u00e9rgola muy resistente y eficaz contra el sol<\/h2>\n<div class=\"article-asset-image article-asset-normal article-asset-center\">\n<div class=\"asset-content\">\n                    <a rel=\"nofollow, sponsored, noopener, noreferrer\" target=\"_blank\" class=\"js-ecommerce\" id=\"link-ecommerce-2\" href=\"https:\/\/www.xatakahome.com\/redirect?url=https%3A%2F%2Fwww.leroymerlin.es%2Fproductos%2Fpergola-adosada-con-techo-retractil-3-x-3-m-gris-antracita-91115817.html&amp;category=seleccion&amp;ecomPostExpiration=everlasting&amp;postId=117145\" data-vars-affiliate-url=\"https:\/\/www.leroymerlin.es\/productos\/pergola-adosada-con-techo-retractil-3-x-3-m-gris-antracita-91115817.html\"><\/p>\n<p>    <img decoding=\"async\" alt=\"p\u00e9rgola adosada con techo retr\u00e1ctil\" class=\"centro_sinmarco\" src=\"https:\/\/i.blogs.es\/cf635c\/proyecto-nuevo---2025-04-09t092847.858\/450_1000.webp\"><br \/>\n     <\/a><\/p><\/div>\n<\/div>\n<p>Esta p\u00e9rgola rebajada en Leroy Merlin tiene unas <strong>dimensiones de 3 x 3 metros<\/strong> y un revestimiento en gris antracita, por lo que presenta un aspecto moderno y atemporal, que se adapta a los diferentes estilos de muebles de exterior.<\/p>\n<p><!-- BREAK 2 --><\/p>\n<div class=\"article-asset article-asset-normal article-asset-center\">\n<div class=\"desvio-container\">\n<div class=\"desvio\">\n<div class=\"desvio-figure js-desvio-figure\">\n    <a href=\"https:\/\/www.compradiccion.com\/terraza-y-jardin\/adios-pergola-carrefour-inaugura-primavera-este-chollo-sombrilla-plegable-para-jardin-que-apenas-necesita-montaje\" class=\"pivot-outboundlink\" target=\"_blank\" data-vars-post-title=\"Adi\u00f3s p\u00e9rgola: Carrefour inaugura la primavera con este chollo de sombrilla plegable para el jard\u00edn que apenas necesita montaje \"><br \/>\n     <img loading=\"lazy\" decoding=\"async\" alt=\"Adi\u00f3s p\u00e9rgola: Carrefour inaugura la primavera con este chollo de sombrilla plegable para el jard\u00edn que apenas necesita montaje \" width=\"375\" height=\"142\" src=\"https:\/\/i.blogs.es\/918a3b\/pexels-pavel-danilyuk-9119728\/375_142.webp\" onerror='this.src=\"https:\/\/i.blogs.es\/918a3b\/pexels-pavel-danilyuk-9119728\/375_142.jpeg\"'><br \/>\n    <\/a>\n   <\/div>\n<div class=\"desvio-summary\">\n<div class=\"desvio-taxonomy js-desvio-taxonomy\">\n     <a href=\"https:\/\/www.compradiccion.com\/terraza-y-jardin\/adios-pergola-carrefour-inaugura-primavera-este-chollo-sombrilla-plegable-para-jardin-que-apenas-necesita-montaje\" class=\"desvio-taxonomy-anchor pivot-outboundlink m-crosspost\" target=\"_blank\" data-vars-post-title=\"Adi\u00f3s p\u00e9rgola: Carrefour inaugura la primavera con este chollo de sombrilla plegable para el jard\u00edn que apenas necesita montaje \">En Compradicci\u00f3n<\/a>\n    <\/div>\n<p>    <a href=\"https:\/\/www.compradiccion.com\/terraza-y-jardin\/adios-pergola-carrefour-inaugura-primavera-este-chollo-sombrilla-plegable-para-jardin-que-apenas-necesita-montaje\" class=\"desvio-title js-desvio-title pivot-outboundlink\" target=\"_blank\" data-vars-post-title=\"Adi\u00f3s p\u00e9rgola: Carrefour inaugura la primavera con este chollo de sombrilla plegable para el jard\u00edn que apenas necesita montaje \">Adi\u00f3s p\u00e9rgola: Carrefour inaugura la primavera con este chollo de sombrilla plegable para el jard\u00edn que apenas necesita montaje <\/a>\n   <\/div>\n<\/p><\/div>\n<\/p><\/div>\n<\/div>\n<div class=\"article-asset-video article-asset-normal\">\n<div class=\"asset-content\">\n<div class=\"base-asset-video\">\n<div class=\"js-dailymotion\">\n    <script type=\"application\/json\">\n                          {\"videoId\":\"x8006fc\",\"autoplay\":true,\"title\":\"C\u00f3mo dormir cuando hace mucho calor y no tienes aire acondicionado\", \"tag\":\"\", \"duration\":\"217\"}\n                  <\/script>\n   <\/div>\n<\/p><\/div>\n<\/p><\/div>\n<\/div>\n<p>Con este accesorio para tu <a class=\"text-outboundlink\" href=\"https:\/\/www.xatakahome.com\/hogar\/cinco-ideas-low-cost-para-transformar-tu-terraza-balcon-que-parezca-otra-distinta-para-aprovechar-primavera\" data-vars-post-title=\"Cinco ideas low cost para transformar tu terraza o balc\u00f3n y que parezca otra distinta para aprovechar la primavera \" data-vars-post-url=\"https:\/\/www.xatakahome.com\/hogar\/cinco-ideas-low-cost-para-transformar-tu-terraza-balcon-que-parezca-otra-distinta-para-aprovechar-primavera\">terraza<\/a> podr\u00e1s crear un <strong>gran espacio de sombra<\/strong> para poder comer al aire libre o disfrutar incluso de un momento de relax, si es que tienes un sof\u00e1 o alg\u00fan mueble tipo columpio en la terraza.<\/p>\n<p><!-- BREAK 3 --><\/p>\n<p>Por otra parte, el <strong>techo retr\u00e1ctil<\/strong> a\u00f1ade un toque de flexibilidad, ya que te permitir\u00e1 ajustar la intensidad de la sombra seg\u00fan tus propias preferencias personales y las condiciones clim\u00e1ticas. Su estructura est\u00e1 formada por dos patas de acero resistentes, por lo que puede soportar condiciones como el viento.<\/p>\n<p><!-- BREAK 4 --><\/p>\n<h2>Otros accesorios ideales para tu terraza<\/h2>\n<p><!-- PIVOT START --><\/p>\n<div class=\"pivot-ecommerce-container m-pivot-ecommerce-redesign article-asset-normal article-asset-center\">\n<div class=\"pivot-ecommerce\">\n<div class=\"pivot-ecommerce-figure\">\n  <a rel=\"nofollow, sponsored, noopener, noreferrer\" target=\"_blank\" href=\"https:\/\/www.xatakahome.com\/redirect?url=https%3A%2F%2Fwww.amazon.es%2Fdp%2FB0DPYPLCXW%3Ftag%3Dxatakahome-21%26linkCode%3Dogi%26th%3D1%26psc%3D1&amp;category=seleccion&amp;pivot=1&amp;ecomPostExpiration=everlasting&amp;postId=117145\"><br \/>\n   <img loading=\"lazy\" decoding=\"async\" alt=\"nipify Luz Solar Exterior,3 Modos \/ 2 unidades\" width=\"500\" height=\"500\" src=\"https:\/\/i.blogs.es\/6ba20d\/416vhq-scdl._sl500_\/original.webp\" onerror='this.src=\"https:\/\/i.blogs.es\/6ba20d\/416vhq-scdl._sl500_\/original.jpeg\"'><br \/>\n  <\/a>\n  <\/div>\n<div class=\"pivot-ecommerce-summary\">\n<p class=\"pivot-ecommerce-desc\">nipify Luz Solar Exterior,3 Modos \/ 2 unidades<\/p>\n<div class=\"pivot-actions \">\n<div class=\"pivot-actions-row\">\n <a rel=\"nofollow, sponsored, noopener, noreferrer\" target=\"_blank\" data-asin=\"B0DPYPLCXW\" data-store=\"Amazon\" href=\"https:\/\/www.xatakahome.com\/redirect?url=https%3A%2F%2Fwww.amazon.es%2Fdp%2FB0DPYPLCXW%3Ftag%3Dxatakahome-21%26linkCode%3Dogi%26th%3D1%26psc%3D1&amp;category=seleccion&amp;pivot=1&amp;ecomPostExpiration=everlasting&amp;postId=117145\" title=\"Precio actualizado hoy\" class=\"pivot-action-btn metrics-pivot-btn pivot-action-primary\">Hoy en Amazon \u2014 <strong><span class=\"js-deal-price\">11,24<\/span> \u20ac<\/strong><\/a>\n <\/div>\n<\/p><\/div>\n<\/p><\/div>\n<\/p><\/div>\n<div class=\"pivot-link-msg\">* Alg\u00fan precio puede haber cambiado desde la \u00faltima revisi\u00f3n<\/div>\n<\/p><\/div>\n<p><!-- PIVOT END --><br \/>\n<!-- PIVOT START --><\/p>\n<div class=\"pivot-ecommerce-container m-pivot-ecommerce-redesign article-asset-normal article-asset-center\">\n<div class=\"pivot-ecommerce\">\n<div class=\"pivot-ecommerce-figure\">\n  <a rel=\"nofollow, sponsored, noopener, noreferrer\" target=\"_blank\" href=\"https:\/\/www.xatakahome.com\/redirect?url=https%3A%2F%2Fwww.amazon.es%2Fdp%2FB0DPMK97HD%3Ftag%3Dxatakahome-21%26linkCode%3Dogi%26th%3D1%26psc%3D1&amp;category=seleccion&amp;pivot=1&amp;ecomPostExpiration=everlasting&amp;postId=117145\"><br \/>\n   <img loading=\"lazy\" decoding=\"async\" alt=\"Moxled Guirnaldas Luces Exterior Solares\" width=\"500\" height=\"500\" src=\"https:\/\/i.blogs.es\/9b0727\/51rqhcca-ol._sl500_\/original.webp\" onerror='this.src=\"https:\/\/i.blogs.es\/9b0727\/51rqhcca-ol._sl500_\/original.jpeg\"'><br \/>\n  <\/a>\n  <\/div>\n<div class=\"pivot-ecommerce-summary\">\n<p class=\"pivot-ecommerce-desc\">Moxled Guirnaldas Luces Exterior Solares<\/p>\n<div class=\"pivot-actions \">\n<div class=\"pivot-actions-row\">\n <a rel=\"nofollow, sponsored, noopener, noreferrer\" target=\"_blank\" data-asin=\"B0DPMK97HD\" data-store=\"Amazon\" href=\"https:\/\/www.xatakahome.com\/redirect?url=https%3A%2F%2Fwww.amazon.es%2Fdp%2FB0DPMK97HD%3Ftag%3Dxatakahome-21%26linkCode%3Dogi%26th%3D1%26psc%3D1&amp;category=seleccion&amp;pivot=1&amp;ecomPostExpiration=everlasting&amp;postId=117145\" title=\"Precio actualizado hoy\" class=\"pivot-action-btn metrics-pivot-btn pivot-action-primary\">Hoy en Amazon \u2014 <strong><span class=\"js-deal-price\">13,99<\/span> \u20ac<\/strong><\/a>\n <\/div>\n<\/p><\/div>\n<\/p><\/div>\n<\/p><\/div>\n<div class=\"pivot-link-msg\">* Alg\u00fan precio puede haber cambiado desde la \u00faltima revisi\u00f3n<\/div>\n<\/p><\/div>\n<p><!-- PIVOT END --><\/p>\n<p><em>Nota: algunos de los enlaces aqu\u00ed publicados son de afiliados y pueden reportar un beneficio.<\/em><\/p>\n<p>Im\u00e1genes | Webedia y Leroy Merlin<\/p>\n<p>En Xataka Smart Home | <a class=\"text-outboundlink\" href=\"https:\/\/www.xatakahome.com\/seleccion\/sensores-movimiento-para-luces-exterior-cual-comprar-consejos-recomendaciones\" data-vars-post-title=\"Sensores de movimiento para luces de exterior: \u00bfCu\u00e1l comprar? Consejos y recomendaciones\" data-vars-post-url=\"https:\/\/www.xatakahome.com\/seleccion\/sensores-movimiento-para-luces-exterior-cual-comprar-consejos-recomendaciones\" data-id=\"noopener noreferrer\">Sensores de movimiento para luces de exterior: \u00bfCu\u00e1l comprar? Consejos y recomendaciones<\/a><\/p>\n<p>En Xataka Smart Home | <a class=\"text-outboundlink\" href=\"https:\/\/www.xatakahome.com\/seleccion\/luces-exterior-para-terraza-jardin-cual-comprar-consejos-recomendaciones\" data-vars-post-title=\"Luces de exterior para terraza y jard\u00edn: \u00bfCu\u00e1l comprar? Consejos y recomendaciones\" data-vars-post-url=\"https:\/\/www.xatakahome.com\/seleccion\/luces-exterior-para-terraza-jardin-cual-comprar-consejos-recomendaciones\" data-id=\"noopener noreferrer\">Luces de exterior para terraza y jard\u00edn: \u00bfCu\u00e1l comprar? Consejos y recomendaciones<\/a><\/p>\n<p><script>\n (function() {\n  window._JS_MODULES = window._JS_MODULES || {};\n  var headElement = document.getElementsByTagName('head')[0];\n  if (_JS_MODULES.instagram) {\n   var instagramScript = document.createElement('script');\n   instagramScript.src = 'https:\/\/platform.instagram.com\/en_US\/embeds.js';\n   instagramScript.async = true;\n   instagramScript.defer = true;\n   headElement.appendChild(instagramScript);\n  }\n })();\n<\/script><\/p>\n<p> &#8211; <br \/> La noticia<br \/>\n      <a href=\"https:\/\/www.xatakahome.com\/seleccion\/leroy-merlin-tiene-invento-ideal-para-tener-sombra-tu-terraza-esta-primavera?utm_source=feedburner&amp;utm_medium=feed&amp;utm_campaign=09_Apr_2025\"><br \/>\n       <em> Leroy Merlin tiene el invento ideal para tener sombra en tu terraza esta primavera  <\/em><br \/>\n      <\/a><br \/>\n      fue publicada originalmente en<br \/>\n      <a href=\"https:\/\/www.xatakahome.com\/?utm_source=feedburner&amp;utm_medium=feed&amp;utm_campaign=09_Apr_2025\"><br \/>\n       <strong> Xataka Smart Home <\/strong><br \/>\n      <\/a><br \/>\n             por <a href=\"https:\/\/www.xatakahome.com\/autor\/fran-leon?utm_source=feedburner&amp;utm_medium=feed&amp;utm_campaign=09_Apr_2025\"><br \/>\n        Fran Le\u00f3n<br \/>\n       <\/a><br \/>\n      . <\/p>\n<\/div>\n","protected":false},"excerpt":{"rendered":"<p>Junto con las sombrillas, los toldos son los absolutos protagonistas de la temporada primavera-verano en la mayor\u00eda de terrazas. Aunque es cierto que, hoy en d\u00eda, podemos encontrar otras alternativas. Por ejemplo, en Leroy Merlin tienes esta p\u00e9rgola adosada con techo retr\u00e1ctil rebajada, por 199 euros. P\u00e9rgola adosada con techo retr\u00e1ctil &#8211; 3 x 3 &hellip; <a href=\"https:\/\/domosistemas.com\/?p=28143\" class=\"more-link\">Sigue leyendo <span class=\"screen-reader-text\">Leroy Merlin tiene el invento ideal para tener sombra en tu terraza esta primavera<\/span><\/a><\/p>\n","protected":false},"author":1,"featured_media":0,"comment_status":"closed","ping_status":"closed","sticky":false,"template":"","format":"standard","meta":{"footnotes":""},"categories":[8],"tags":[],"class_list":["post-28143","post","type-post","status-publish","format-standard","hentry","category-xataka"],"_links":{"self":[{"href":"https:\/\/domosistemas.com\/index.php?rest_route=\/wp\/v2\/posts\/28143","targetHints":{"allow":["GET"]}}],"collection":[{"href":"https:\/\/domosistemas.com\/index.php?rest_route=\/wp\/v2\/posts"}],"about":[{"href":"https:\/\/domosistemas.com\/index.php?rest_route=\/wp\/v2\/types\/post"}],"author":[{"embeddable":true,"href":"https:\/\/domosistemas.com\/index.php?rest_route=\/wp\/v2\/users\/1"}],"replies":[{"embeddable":true,"href":"https:\/\/domosistemas.com\/index.php?rest_route=%2Fwp%2Fv2%2Fcomments&post=28143"}],"version-history":[{"count":0,"href":"https:\/\/domosistemas.com\/index.php?rest_route=\/wp\/v2\/posts\/28143\/revisions"}],"wp:attachment":[{"href":"https:\/\/domosistemas.com\/index.php?rest_route=%2Fwp%2Fv2%2Fmedia&parent=28143"}],"wp:term":[{"taxonomy":"category","embeddable":true,"href":"https:\/\/domosistemas.com\/index.php?rest_route=%2Fwp%2Fv2%2Fcategories&post=28143"},{"taxonomy":"post_tag","embeddable":true,"href":"https:\/\/domosistemas.com\/index.php?rest_route=%2Fwp%2Fv2%2Ftags&post=28143"}],"curies":[{"name":"wp","href":"https:\/\/api.w.org\/{rel}","templated":true}]}}