{"id":28152,"date":"2025-04-09T13:30:16","date_gmt":"2025-04-09T13:30:16","guid":{"rendered":"https:\/\/domosistemas.com\/?p=28152"},"modified":"2025-04-09T13:30:16","modified_gmt":"2025-04-09T13:30:16","slug":"ya-puedes-ir-empezando-a-equipar-tu-hogar-de-cara-al-verano-y-ahorrar-este-ventilador-de-techo-no-cuesta-ni-40-euros","status":"publish","type":"post","link":"https:\/\/domosistemas.com\/?p=28152","title":{"rendered":"Ya puedes ir empezando a equipar tu hogar de cara al verano y ahorrar. Este ventilador de techo no cuesta ni 40 euros"},"content":{"rendered":"<div>\n<p>\n      <img decoding=\"async\" src=\"https:\/\/i.blogs.es\/0f7b10\/ofertas_cpa_v3-copia---2025-04-09t142558.836\/1024_2000.jpeg\" alt=\"Ya puedes ir empezando a equipar tu hogar de cara al verano y ahorrar. Este ventilador de techo no cuesta ni 40 euros \">\n    <\/p>\n<p>El aumento de temperaturas de estos d\u00edas, nos deja entrever que, cada vez, queda menos para el verano y las consiguientes olas de calor. Ya puedes ir empezando a equipar tu hogar de cara a la \u00e9poca veraniega y los <strong>ventiladores de techo<\/strong> son uno de esos dispositivos que te ayudar\u00e1n a refrescar tu piso. Ahora, en <strong>Miravia<\/strong>, puedes conseguir este de Bel Air por solo <a rel=\"nofollow, sponsored, noopener, noreferrer\" target=\"_blank\" class=\"js-ecommerce\" id=\"link-ecommerce-1\" href=\"https:\/\/www.xatakahome.com\/redirect?url=https%3A%2F%2Fwww.miravia.es%2Fp%2Fi1356182446428036-s2069246922669956.html&amp;category=seleccion&amp;ecomPostExpiration=perish&amp;postId=117153\" data-vars-affiliate-url=\"https:\/\/www.miravia.es\/p\/i1356182446428036-s2069246922669956.html\">39,24 euros<\/a>.<\/p>\n<p><!-- BREAK 1 --><!-- PIVOT START --><\/p>\n<div class=\"pivot-ecommerce-container m-pivot-ecommerce-redesign article-asset-normal article-asset-center\">\n<div class=\"pivot-ecommerce\">\n<div class=\"pivot-ecommerce-figure\">\n  <a rel=\"nofollow, sponsored, noopener, noreferrer\" target=\"_blank\" href=\"https:\/\/www.xatakahome.com\/redirect?url=https%3A%2F%2Fwww.miravia.es%2Fp%2Fi1356182446428036-s2069246922669956.html&amp;category=seleccion&amp;pivot=1&amp;ecomPostExpiration=perish&amp;postId=117153\"><br \/>\n   <img loading=\"lazy\" decoding=\"async\" alt=\"BEL AIR HOME - Ventilador de Techo \" width=\"500\" height=\"461\" src=\"https:\/\/i.blogs.es\/95b101\/314pkmzz2fl._sl500_\/original.webp\" onerror='this.src=\"https:\/\/i.blogs.es\/95b101\/314pkmzz2fl._sl500_\/original.jpeg\"'><br \/>\n  <\/a>\n  <\/div>\n<div class=\"pivot-ecommerce-summary\">\n<p class=\"pivot-ecommerce-desc\">BEL AIR HOME &#8211; Ventilador de Techo <\/p>\n<div class=\"pivot-actions \">\n<div class=\"pivot-actions-row\">\n <a rel=\"nofollow, sponsored, noopener, noreferrer\" target=\"_blank\" data-asin=\"\" data-store=\"\" href=\"https:\/\/www.xatakahome.com\/redirect?url=https%3A%2F%2Fwww.miravia.es%2Fp%2Fi1356182446428036-s2069246922669956.html&amp;category=seleccion&amp;pivot=1&amp;ecomPostExpiration=perish&amp;postId=117153\" title=\"Precio de venta al p\u00fablico a fecha de publicaci\u00f3n\" class=\"pivot-action-btn pivot-action-primary\">PVP en Miravia \u2014 <strong><span class=\"js-deal-price\">39,24<\/span> \u20ac<\/strong><\/a><br \/>\n   <a rel=\"nofollow, sponsored, noopener, noreferrer\" target=\"_blank\" data-asin=\"B09TZ1SV91\" data-store=\"Amazon\" href=\"https:\/\/www.xatakahome.com\/redirect?url=https%3A%2F%2Fwww.amazon.es%2Fdp%2FB09TZ1SV91%3Ftag%3Dxatakahome-21%26linkCode%3Dogi%26th%3D1%26psc%3D1&amp;category=seleccion&amp;pivot=1&amp;ecomPostExpiration=perish&amp;postId=117153\" title=\"Precio actualizado hoy\" class=\"pivot-action-btn metrics-pivot-btn pivot-action-secondary\">Amazon \u2014 <strong><span class=\"js-deal-price\">65,90<\/span> \u20ac<\/strong><\/a><br \/>\n   <a rel=\"nofollow, sponsored, noopener, noreferrer\" target=\"_blank\" data-asin=\"10839077\" data-store=\"PcComponentes\" href=\"https:\/\/www.xatakahome.com\/redirect?url=https%3A%2F%2Fwww.pccomponentes.com%2Fbel-air-asgard-ventilador-de-techo-con-mando-a-distancia-72w-108cm-aspas-retractiles-blanco&amp;category=seleccion&amp;pivot=1&amp;ecomPostExpiration=perish&amp;postId=117153\" title=\"Precio actualizado hoy\" class=\"pivot-action-btn metrics-pivot-btn pivot-action-secondary\">PcComponentes \u2014 <strong><span class=\"js-deal-price\">73,99<\/span> \u20ac<\/strong><\/a><br \/>\n   <a rel=\"nofollow, sponsored, noopener, noreferrer\" target=\"_blank\" data-asin=\"87028352\" data-store=\"Leroy Merlin\" href=\"https:\/\/www.xatakahome.com\/redirect?url=https%3A%2F%2Fwww.leroymerlin.es%2Fproductos%2Filuminacion%2Fventiladores-de-techo%2Fventiladores-de-techo-para-estancias-medianas%2Fventilador-dc-asgard-d-108cm-4-aspas-retractiles-con-led-36w-3240lm-3000-4000-6000k-87028352.html%3FhighlightedOfferCode%3D7b699c21252ab3c1cb4380bdcf02c447b8c48c90&amp;category=seleccion&amp;pivot=1&amp;ecomPostExpiration=perish&amp;postId=117153\" title=\"Precio actualizado hoy\" class=\"pivot-action-btn metrics-pivot-btn pivot-action-secondary\">Leroy Merlin \u2014 <strong><span class=\"js-deal-price\">94,99<\/span> \u20ac<\/strong><\/a>\n <\/div>\n<\/p><\/div>\n<\/p><\/div>\n<\/p><\/div>\n<div class=\"pivot-link-msg\">* Alg\u00fan precio puede haber cambiado desde la \u00faltima revisi\u00f3n<\/div>\n<\/p><\/div>\n<p><!-- PIVOT END --><\/p>\n<h2>Un ventilador potente y muy barato<\/h2>\n<div class=\"article-asset-image article-asset-normal article-asset-center\">\n<div class=\"asset-content\">\n                    <a rel=\"nofollow, sponsored, noopener, noreferrer\" target=\"_blank\" class=\"js-ecommerce\" id=\"link-ecommerce-2\" href=\"https:\/\/www.xatakahome.com\/redirect?url=https%3A%2F%2Fwww.miravia.es%2Fp%2Fbel-air-home-ventilador-de-techo-atenas-con-motor-dc-y-aspas-desplegables-con-luz-led-36w-memoria-y-regulable-en-intensidad-dimmer-luz-nocturna-maca-bel-air-home-silencioso-y-eficiente-control-remoto-incluido-ideal-para-dormitorios-y-comedores-i1356182446428036-s2069246922669956.html&amp;category=seleccion&amp;ecomPostExpiration=perish&amp;postId=117153\" data-vars-affiliate-url=\"https:\/\/www.miravia.es\/p\/bel-air-home-ventilador-de-techo-atenas-con-motor-dc-y-aspas-desplegables-con-luz-led-36w-memoria-y-regulable-en-intensidad-dimmer-luz-nocturna-maca-bel-air-home-silencioso-y-eficiente-control-remoto-incluido-ideal-para-dormitorios-y-comedores-i1356182446428036-s2069246922669956.html\"><\/p>\n<p>    <img decoding=\"async\" alt=\"ventilador de techo Bel Air\" class=\"centro_sinmarco\" src=\"https:\/\/i.blogs.es\/c8892d\/proyecto-nuevo---2025-04-09t132315.510\/450_1000.webp\"><br \/>\n     <\/a><\/p><\/div>\n<\/div>\n<p>Este <a class=\"text-outboundlink\" href=\"https:\/\/www.xatakahome.com\/hogar\/he-cambiado-ventilador-pie-uno-techo-estas-ventajas-que-he-notado\" data-vars-post-title=\"He cambiado el ventilador de pie por uno de techo. Estas son las ventajas que he notado \" data-vars-post-url=\"https:\/\/www.xatakahome.com\/hogar\/he-cambiado-ventilador-pie-uno-techo-estas-ventajas-que-he-notado\" data-id=\"noopener noreferrer\">ventilador de techo<\/a> est\u00e1 fabricado en metal y policarbonato y cuenta con <strong>cuatro aspas desplegables<\/strong> de metacrilato en color transparente, que son muy resistentes. Su dise\u00f1o moderno, hace que encaje a la perfecci\u00f3n en dormitorio y espacios comunes como el sal\u00f3n o el comedor.<\/p>\n<p><!-- BREAK 2 --><\/p>\n<div class=\"article-asset article-asset-normal article-asset-center\">\n<div class=\"desvio-container\">\n<div class=\"desvio\">\n<div class=\"desvio-figure js-desvio-figure\">\n    <a href=\"https:\/\/www.compradiccion.com\/herramientas\/lidl-agotara-herramienta-corte-potente-luz-led-integrada-maletin-incluido-hoy-30-euros\" class=\"pivot-outboundlink\" target=\"_blank\" data-vars-post-title=\"Lidl agotar\u00e1 la herramienta de corte potente, con luz LED integrada y malet\u00edn incluido hoy por menos de 30 euros \"><br \/>\n     <img loading=\"lazy\" decoding=\"async\" alt=\"Lidl agotar\u00e1 la herramienta de corte potente, con luz LED integrada y malet\u00edn incluido hoy por menos de 30 euros \" width=\"375\" height=\"142\" src=\"https:\/\/i.blogs.es\/9daa34\/lidl3\/375_142.webp\" onerror='this.src=\"https:\/\/i.blogs.es\/9daa34\/lidl3\/375_142.jpeg\"'><br \/>\n    <\/a>\n   <\/div>\n<div class=\"desvio-summary\">\n<div class=\"desvio-taxonomy js-desvio-taxonomy\">\n     <a href=\"https:\/\/www.compradiccion.com\/herramientas\/lidl-agotara-herramienta-corte-potente-luz-led-integrada-maletin-incluido-hoy-30-euros\" class=\"desvio-taxonomy-anchor pivot-outboundlink m-crosspost\" target=\"_blank\" data-vars-post-title=\"Lidl agotar\u00e1 la herramienta de corte potente, con luz LED integrada y malet\u00edn incluido hoy por menos de 30 euros \">En Compradicci\u00f3n<\/a>\n    <\/div>\n<p>    <a href=\"https:\/\/www.compradiccion.com\/herramientas\/lidl-agotara-herramienta-corte-potente-luz-led-integrada-maletin-incluido-hoy-30-euros\" class=\"desvio-title js-desvio-title pivot-outboundlink\" target=\"_blank\" data-vars-post-title=\"Lidl agotar\u00e1 la herramienta de corte potente, con luz LED integrada y malet\u00edn incluido hoy por menos de 30 euros \">Lidl agotar\u00e1 la herramienta de corte potente, con luz LED integrada y malet\u00edn incluido hoy por menos de 30 euros <\/a>\n   <\/div>\n<\/p><\/div>\n<\/p><\/div>\n<\/div>\n<div class=\"article-asset-video article-asset-normal\">\n<div class=\"asset-content\">\n<div class=\"base-asset-video\">\n<div class=\"js-dailymotion\">\n    <script type=\"application\/json\">\n                          {\"videoId\":\"x8006fc\",\"autoplay\":true,\"title\":\"C\u00f3mo dormir cuando hace mucho calor y no tienes aire acondicionado\", \"tag\":\"\", \"duration\":\"217\"}\n                  <\/script>\n   <\/div>\n<\/p><\/div>\n<\/p><\/div>\n<\/div>\n<p>Su <a class=\"text-outboundlink\" href=\"https:\/\/www.xatakahome.com\/a-fondo\/no-todos-ventiladores-techo-iguales-estas-diferencias-elegir-uno-motor-ac-dc-1\" data-vars-post-title=\"No todos los ventiladores de techo son iguales. Estas son las diferencias entre elegir uno con motor AC o DC \" data-vars-post-url=\"https:\/\/www.xatakahome.com\/a-fondo\/no-todos-ventiladores-techo-iguales-estas-diferencias-elegir-uno-motor-ac-dc-1\">motor DC<\/a> es de seis velocidades y el plaf\u00f3n tiene un di\u00e1metro de 50 cm, mientras que con las aspas desplegadas (que se retraen cuando no est\u00e1s utilizando el modo ventilador), el di\u00e1metro que alcanza es de 108 cm. Otra de las cosas por las que destaca es por ser <strong>muy silencioso<\/strong>.<\/p>\n<p><!-- BREAK 3 --><\/p>\n<p>Tambi\u00e9n viene con una <strong>luz LED de 36 W<\/strong> y que ofrece tres temperaturas de luz blanca (fr\u00eda, c\u00e1lida y neutra). Lo puedes controlar a trav\u00e9s del mando a distancia que incorpora y que integra un temporizador de dos y cuatro horas. Adem\u00e1s, lo puedes utilizar en invierno gracias a la <a class=\"text-outboundlink\" href=\"https:\/\/www.xatakahome.com\/seleccion\/puede-sonar-extrano-mi-mayor-descubrimiento-este-invierno-no-radiador-sino-ventilador-techo\" data-vars-post-title=\"Puede sonar extra\u00f1o, pero mi mayor descubrimiento este invierno no es un radiador, sino un ventilador de techo\" data-vars-post-url=\"https:\/\/www.xatakahome.com\/seleccion\/puede-sonar-extrano-mi-mayor-descubrimiento-este-invierno-no-radiador-sino-ventilador-techo\">funci\u00f3n de giro inverso<\/a> de sus aspas.<\/p>\n<p><!-- BREAK 4 --><\/p>\n<h2>Otros ventiladores de techo que te pueden interesar<\/h2>\n<p><!-- PIVOT START --><\/p>\n<div class=\"pivot-ecommerce-container m-pivot-ecommerce-redesign article-asset-normal article-asset-center\">\n<div class=\"pivot-ecommerce\">\n<div class=\"pivot-ecommerce-figure\">\n  <a rel=\"nofollow, sponsored, noopener, noreferrer\" target=\"_blank\" href=\"https:\/\/www.xatakahome.com\/redirect?url=https%3A%2F%2Fwww.pccomponentes.com%2Fphilips-lighting-ventilador-de-techo-amigo-con-luz-led-y-mando-blanco&amp;category=seleccion&amp;pivot=1&amp;ecomPostExpiration=perish&amp;postId=117153\"><br \/>\n   <img loading=\"lazy\" decoding=\"async\" alt=\"Ventilador Plaf\u00f3n Philips Amigo\" width=\"728\" height=\"800\" src=\"https:\/\/i.blogs.es\/8bc306\/media\/original.webp\" onerror='this.src=\"https:\/\/i.blogs.es\/8bc306\/media\/original.jpeg\"'><br \/>\n  <\/a>\n  <\/div>\n<div class=\"pivot-ecommerce-summary\">\n<p class=\"pivot-ecommerce-desc\">Ventilador Plaf\u00f3n Philips Amigo<\/p>\n<div class=\"pivot-actions \">\n<div class=\"pivot-actions-row\">\n <a rel=\"nofollow, sponsored, noopener, noreferrer\" target=\"_blank\" data-asin=\"10747901\" data-store=\"PcComponentes\" href=\"https:\/\/www.xatakahome.com\/redirect?url=https%3A%2F%2Fwww.pccomponentes.com%2Fphilips-lighting-ventilador-de-techo-amigo-con-luz-led-y-mando-blanco&amp;category=seleccion&amp;pivot=1&amp;ecomPostExpiration=perish&amp;postId=117153\" title=\"Precio de venta al p\u00fablico a fecha de publicaci\u00f3n\" class=\"pivot-action-btn pivot-action-primary\">PVP en PcComponentes \u2014 <strong><span class=\"js-deal-price\">99,99<\/span> \u20ac<\/strong><\/a><br \/>\n   <a rel=\"nofollow, sponsored, noopener, noreferrer\" target=\"_blank\" data-asin=\"1594619\" data-store=\"MediaMarkt\" href=\"https:\/\/www.xatakahome.com\/redirect?url=https%3A%2F%2Fwww.mediamarkt.es%2Fes%2Fproduct%2F_ventilador-de-techo-philips-amigo-4220-w-luz-led-regulable-mando-a-distancia-blanco-1594619.html&amp;category=seleccion&amp;pivot=1&amp;ecomPostExpiration=perish&amp;postId=117153\" title=\"Precio actualizado hoy\" class=\"pivot-action-btn metrics-pivot-btn pivot-action-secondary\">MediaMarkt \u2014 <strong><span class=\"js-deal-price\">99,99<\/span> \u20ac<\/strong><\/a><br \/>\n   <a rel=\"nofollow, sponsored, noopener, noreferrer\" target=\"_blank\" data-asin=\"88783641\" data-store=\"Leroy Merlin\" href=\"https:\/\/www.xatakahome.com\/redirect?url=https%3A%2F%2Fwww.leroymerlin.es%2Fproductos%2Filuminacion%2Fventiladores-de-techo%2Fventiladores-de-techo-silenciosos%2Fventilador-plafon-amigo-dc-88783641.html%3FhighlightedOfferCode%3Db5f5582741209d7873d5af2165a3aec115883640&amp;category=seleccion&amp;pivot=1&amp;ecomPostExpiration=perish&amp;postId=117153\" title=\"Precio actualizado hoy\" class=\"pivot-action-btn metrics-pivot-btn pivot-action-secondary\">Leroy Merlin \u2014 <strong><span class=\"js-deal-price\">135,53<\/span> \u20ac<\/strong><\/a>\n <\/div>\n<\/p><\/div>\n<\/p><\/div>\n<\/p><\/div>\n<div class=\"pivot-link-msg\">* Alg\u00fan precio puede haber cambiado desde la \u00faltima revisi\u00f3n<\/div>\n<\/p><\/div>\n<p><!-- PIVOT END --><br \/>\n<!-- PIVOT START --><\/p>\n<div class=\"pivot-ecommerce-container m-pivot-ecommerce-redesign article-asset-normal article-asset-center\">\n<div class=\"pivot-ecommerce\">\n<div class=\"pivot-ecommerce-figure\">\n  <a rel=\"nofollow, sponsored, noopener, noreferrer\" target=\"_blank\" href=\"https:\/\/www.xatakahome.com\/redirect?url=https%3A%2F%2Fwww.pccomponentes.com%2Fcecotec-energysilence-aero-4280-invisible-white-ventilador-de-techo-con-aspas-retractiles-y-luz-40w&amp;category=seleccion&amp;pivot=1&amp;ecomPostExpiration=perish&amp;postId=117153\"><br \/>\n   <img loading=\"lazy\" decoding=\"async\" alt=\"Ventilador de techo Cecotec EnergySilence Aero 4280\" width=\"800\" height=\"800\" src=\"https:\/\/i.blogs.es\/8c51af\/media\/original.webp\" onerror='this.src=\"https:\/\/i.blogs.es\/8c51af\/media\/original.jpeg\"'><br \/>\n  <\/a>\n  <\/div>\n<div class=\"pivot-ecommerce-summary\">\n<p class=\"pivot-ecommerce-desc\">Ventilador de techo Cecotec EnergySilence Aero 4280<\/p>\n<div class=\"pivot-actions \">\n<div class=\"pivot-actions-row\">\n <a rel=\"nofollow, sponsored, noopener, noreferrer\" target=\"_blank\" data-asin=\"10708210\" data-store=\"PcComponentes\" href=\"https:\/\/www.xatakahome.com\/redirect?url=https%3A%2F%2Fwww.pccomponentes.com%2Fcecotec-energysilence-aero-4280-invisible-white-ventilador-de-techo-con-aspas-retractiles-y-luz-40w&amp;category=seleccion&amp;pivot=1&amp;ecomPostExpiration=perish&amp;postId=117153\" title=\"Precio actualizado hoy\" class=\"pivot-action-btn metrics-pivot-btn pivot-action-primary\">Hoy en PcComponentes \u2014 <strong><span class=\"js-deal-price\">89,90<\/span> \u20ac<\/strong><\/a><br \/>\n   <a rel=\"nofollow, sponsored, noopener, noreferrer\" target=\"_blank\" data-asin=\"86279665\" data-store=\"Leroy Merlin\" href=\"https:\/\/www.xatakahome.com\/redirect?url=https%3A%2F%2Fwww.leroymerlin.es%2Fproductos%2Filuminacion%2Fventiladores-de-techo%2Fventiladores-de-techo-sin-aspas%2Fventilador-de-techo-con-aspas-retractites-y-lampara-energysilence-aero-4280-invisible-white-40-w-diametro-42-106cm-temporizador-3-tonos-de-luz-86279665.html%3FhighlightedOfferCode%3D0f084efd9733112e39604347695f88f3806be5f7&amp;category=seleccion&amp;pivot=1&amp;ecomPostExpiration=perish&amp;postId=117153\" title=\"Precio actualizado hoy\" class=\"pivot-action-btn metrics-pivot-btn pivot-action-secondary\">Leroy Merlin \u2014 <strong><span class=\"js-deal-price\">97,99<\/span> \u20ac<\/strong><\/a>\n <\/div>\n<\/p><\/div>\n<\/p><\/div>\n<\/p><\/div>\n<div class=\"pivot-link-msg\">* Alg\u00fan precio puede haber cambiado desde la \u00faltima revisi\u00f3n<\/div>\n<\/p><\/div>\n<p><!-- PIVOT END --><\/p>\n<p><em>Nota: algunos de los enlaces aqu\u00ed publicados son de afiliados y pueden reportar un beneficio.<\/em><\/p>\n<p>Im\u00e1genes | Freepik y Bel Air<\/p>\n<p>En Xataka Smart Home | <a class=\"text-outboundlink\" href=\"https:\/\/www.xatakahome.com\/seleccion\/ventiladores-de-pie-cual-comprar-consejos-y-recomendaciones\" data-vars-post-title=\"Ventiladores de pie. \u00bfCu\u00e1l comprar? Consejos y recomendaciones\" data-vars-post-url=\"https:\/\/www.xatakahome.com\/seleccion\/ventiladores-de-pie-cual-comprar-consejos-y-recomendaciones\" data-id=\"noopener noreferrer\">Ventiladores de pie: \u00bfCu\u00e1l comprar? Consejos y recomendaciones<\/a><\/p>\n<p>En Xataka Smart Home | <a class=\"text-outboundlink\" href=\"https:\/\/www.xatakahome.com\/seleccion\/mejor-ventilador-techo-wifi-cual-comprar-consejos-recomendaciones\" data-vars-post-title=\"El mejor ventilador de techo con WiFi: \u00bfCu\u00e1l comprar? Consejos y recomendaciones\" data-vars-post-url=\"https:\/\/www.xatakahome.com\/seleccion\/mejor-ventilador-techo-wifi-cual-comprar-consejos-recomendaciones\" data-id=\"noopener noreferrer\">El mejor ventilador de techo con WiFi: \u00bfCu\u00e1l comprar? Consejos y recomendaciones<\/a><\/p>\n<p><script>\n (function() {\n  window._JS_MODULES = window._JS_MODULES || {};\n  var headElement = document.getElementsByTagName('head')[0];\n  if (_JS_MODULES.instagram) {\n   var instagramScript = document.createElement('script');\n   instagramScript.src = 'https:\/\/platform.instagram.com\/en_US\/embeds.js';\n   instagramScript.async = true;\n   instagramScript.defer = true;\n   headElement.appendChild(instagramScript);\n  }\n })();\n<\/script><\/p>\n<p> &#8211; <br \/> La noticia<br \/>\n      <a href=\"https:\/\/www.xatakahome.com\/seleccion\/puedes-ir-empezando-a-equipar-tu-hogar-cara-al-verano-ahorrar-este-ventilador-techo-no-cuesta-40-euros?utm_source=feedburner&amp;utm_medium=feed&amp;utm_campaign=09_Apr_2025\"><br \/>\n       <em> Ya puedes ir empezando a equipar tu hogar de cara al verano y ahorrar. Este ventilador de techo no cuesta ni 40 euros  <\/em><br \/>\n      <\/a><br \/>\n      fue publicada originalmente en<br \/>\n      <a href=\"https:\/\/www.xatakahome.com\/?utm_source=feedburner&amp;utm_medium=feed&amp;utm_campaign=09_Apr_2025\"><br \/>\n       <strong> Xataka Smart Home <\/strong><br \/>\n      <\/a><br \/>\n             por <a href=\"https:\/\/www.xatakahome.com\/autor\/fran-leon?utm_source=feedburner&amp;utm_medium=feed&amp;utm_campaign=09_Apr_2025\"><br \/>\n        Fran Le\u00f3n<br \/>\n       <\/a><br \/>\n      . <\/p>\n<\/div>\n","protected":false},"excerpt":{"rendered":"<p>El aumento de temperaturas de estos d\u00edas, nos deja entrever que, cada vez, queda menos para el verano y las consiguientes olas de calor. Ya puedes ir empezando a equipar tu hogar de cara a la \u00e9poca veraniega y los ventiladores de techo son uno de esos dispositivos que te ayudar\u00e1n a refrescar tu piso. &hellip; <a href=\"https:\/\/domosistemas.com\/?p=28152\" class=\"more-link\">Sigue leyendo <span class=\"screen-reader-text\">Ya puedes ir empezando a equipar tu hogar de cara al verano y ahorrar. Este ventilador de techo no cuesta ni 40 euros<\/span><\/a><\/p>\n","protected":false},"author":1,"featured_media":0,"comment_status":"closed","ping_status":"closed","sticky":false,"template":"","format":"standard","meta":{"footnotes":""},"categories":[8],"tags":[],"class_list":["post-28152","post","type-post","status-publish","format-standard","hentry","category-xataka"],"_links":{"self":[{"href":"https:\/\/domosistemas.com\/index.php?rest_route=\/wp\/v2\/posts\/28152","targetHints":{"allow":["GET"]}}],"collection":[{"href":"https:\/\/domosistemas.com\/index.php?rest_route=\/wp\/v2\/posts"}],"about":[{"href":"https:\/\/domosistemas.com\/index.php?rest_route=\/wp\/v2\/types\/post"}],"author":[{"embeddable":true,"href":"https:\/\/domosistemas.com\/index.php?rest_route=\/wp\/v2\/users\/1"}],"replies":[{"embeddable":true,"href":"https:\/\/domosistemas.com\/index.php?rest_route=%2Fwp%2Fv2%2Fcomments&post=28152"}],"version-history":[{"count":0,"href":"https:\/\/domosistemas.com\/index.php?rest_route=\/wp\/v2\/posts\/28152\/revisions"}],"wp:attachment":[{"href":"https:\/\/domosistemas.com\/index.php?rest_route=%2Fwp%2Fv2%2Fmedia&parent=28152"}],"wp:term":[{"taxonomy":"category","embeddable":true,"href":"https:\/\/domosistemas.com\/index.php?rest_route=%2Fwp%2Fv2%2Fcategories&post=28152"},{"taxonomy":"post_tag","embeddable":true,"href":"https:\/\/domosistemas.com\/index.php?rest_route=%2Fwp%2Fv2%2Ftags&post=28152"}],"curies":[{"name":"wp","href":"https:\/\/api.w.org\/{rel}","templated":true}]}}