{"id":28153,"date":"2025-04-09T14:00:24","date_gmt":"2025-04-09T14:00:24","guid":{"rendered":"https:\/\/domosistemas.com\/?p=28153"},"modified":"2025-04-09T14:00:24","modified_gmt":"2025-04-09T14:00:24","slug":"espana-puede-sufrir-mas-apagones-electricos-el-ano-que-viene-segun-red-electrica-el-cierre-de-las-nucleares-no-ayuda","status":"publish","type":"post","link":"https:\/\/domosistemas.com\/?p=28153","title":{"rendered":"Espa\u00f1a puede sufrir m\u00e1s apagones el\u00e9ctricos el a\u00f1o que viene, seg\u00fan Red El\u00e9ctrica. El cierre de las nucleares no ayuda"},"content":{"rendered":"<div>\n<p>\n      <img decoding=\"async\" src=\"https:\/\/i.blogs.es\/673d37\/caglar-oskay-na89nvkaxk8-unsplash\/1024_2000.jpeg\" alt=\"Espa\u00f1a puede sufrir m\u00e1s apagones el\u00e9ctricos el a\u00f1o que viene, seg\u00fan Red El\u00e9ctrica. El cierre de las nucleares no ayuda \">\n    <\/p>\n<p>Espa\u00f1a podr\u00eda enfrentarse a <strong>un incremento en el riesgo de sufrir cortes el\u00e9ctricos entre 2026 y 2028<\/strong>, coincidiendo con <a class=\"text-outboundlink\" href=\"https:\/\/www.xataka.com\/energia\/durante-anos-han-sido-anti-nucleares-quienes-han-protestado-calles-almaraz-esta-siendo-al-reves\" data-vars-post-title=\"Durante a\u00f1os han sido los anti-nucleares quienes han protestado en las calles. En Almaraz est\u00e1 siendo al rev\u00e9s\" data-vars-post-url=\"https:\/\/www.xataka.com\/energia\/durante-anos-han-sido-anti-nucleares-quienes-han-protestado-calles-almaraz-esta-siendo-al-reves\">el cierre programado<\/a> de la central nuclear de Almaraz.<\/p>\n<p><!-- BREAK 1 --><\/p>\n<p>Esta es la principal conclusi\u00f3n del <a rel=\"noopener, noreferrer\" href=\"https:\/\/eepublicdownloads.blob.core.windows.net\/public-cdn-container\/clean-documents\/sdc-documents\/ERAA\/2024\/report\/ERAA_2024_Executive_Report.pdf\">\u00faltimo informe<\/a> de evaluaci\u00f3n sobre recursos el\u00e9ctricos elaborado por la Red Europea de Gestores de Redes de Transporte de Electricidad (ENTSO-E), con datos facilitados para el caso espa\u00f1ol por Red El\u00e9ctrica.<\/p>\n<p><!-- BREAK 2 --><\/p>\n<h2>Un escenario complejo a corto plazo<\/h2>\n<p>Seg\u00fan las previsiones recogidas en el estudio, realizado en 2024 y <a rel=\"noopener, noreferrer\" href=\"https:\/\/www.20minutos.es\/noticia\/5699162\/0\/red-electrica-preve-que-aumente-posibilidad-apagones-espana-tras-cierre-central-almaraz\/\">publicado por varios medios<\/a>, Red El\u00e9ctrica calcula que <strong>en 2026 podr\u00edan producirse hasta 4 horas anuales en las que la oferta el\u00e9ctrica ser\u00eda insuficiente para cubrir la demanda<\/strong>. Esta cifra aumentar\u00eda hasta las 4,8 horas en 2028, coincidiendo con el cierre definitivo de los dos reactores de la central extreme\u00f1a, programados para noviembre de 2027 y octubre de 2028, respectivamente.<\/p>\n<p><!-- BREAK 3 --><\/p>\n<div class=\"article-asset article-asset-normal article-asset-center\">\n<div class=\"desvio-container\">\n<div class=\"desvio\">\n<div class=\"desvio-figure js-desvio-figure\">\n    <a href=\"https:\/\/www.xatakahome.com\/iluminacion-y-energia\/tarifas-precio-luz-barato-abril-2025-asi-queda-pvpc-respecto-al-mercado-libre\" class=\"pivot-outboundlink\" data-vars-post-title=\"Las tarifas con el precio de la luz m\u00e1s barato en abril de 2025: as\u00ed queda la PVPC con respecto al mercado libre \"><br \/>\n     <img loading=\"lazy\" decoding=\"async\" alt=\"Las tarifas con el precio de la luz m\u00e1s barato en abril de 2025: as\u00ed queda la PVPC con respecto al mercado libre \" width=\"375\" height=\"142\" src=\"https:\/\/i.blogs.es\/a2b677\/anais-murith-t_pedvsmmtc-unsplash\/375_142.webp\" onerror='this.src=\"https:\/\/i.blogs.es\/a2b677\/anais-murith-t_pedvsmmtc-unsplash\/375_142.jpeg\"'><br \/>\n    <\/a>\n   <\/div>\n<div class=\"desvio-summary\">\n<div class=\"desvio-taxonomy js-desvio-taxonomy\">\n     <a href=\"https:\/\/www.xatakahome.com\/iluminacion-y-energia\/tarifas-precio-luz-barato-abril-2025-asi-queda-pvpc-respecto-al-mercado-libre\" class=\"desvio-taxonomy-anchor pivot-outboundlink\" data-vars-post-title=\"Las tarifas con el precio de la luz m\u00e1s barato en abril de 2025: as\u00ed queda la PVPC con respecto al mercado libre \">En Xataka Smart Home<\/a>\n    <\/div>\n<p>    <a href=\"https:\/\/www.xatakahome.com\/iluminacion-y-energia\/tarifas-precio-luz-barato-abril-2025-asi-queda-pvpc-respecto-al-mercado-libre\" class=\"desvio-title js-desvio-title pivot-outboundlink\" data-vars-post-title=\"Las tarifas con el precio de la luz m\u00e1s barato en abril de 2025: as\u00ed queda la PVPC con respecto al mercado libre \">Las tarifas con el precio de la luz m\u00e1s barato en abril de 2025: as\u00ed queda la PVPC con respecto al mercado libre <\/a>\n   <\/div>\n<\/p><\/div>\n<\/p><\/div>\n<\/div>\n<p>El informe advierte espec\u00edficamente sobre \u00aben el corto y medio plazo (a\u00f1os 2026, 2028 y 2030) significativas capacidades est\u00e1n en riesgo de ser desmanteladas\u00bb, haciendo referencia impl\u00edcita al calendario de cierre nuclear espa\u00f1ol, que contempla <strong>el apagado progresivo de todas las centrales entre 2027 y 2035<\/strong>.<\/p>\n<p><!-- BREAK 4 --><\/p>\n<div class=\"article-asset-summary article-asset-normal article-asset-center\">\n<div class=\"asset-content\">\n<div class=\"sumario\">El panorama mejora considerablemente a partir de 2030, cuando las estimaciones sit\u00faan el riesgo de apag\u00f3n en apenas 0,3 horas anuales<\/div>\n<\/p><\/div>\n<\/div>\n<p>En el contexto europeo, los datos revelan que <strong>Espa\u00f1a se encuentra en una posici\u00f3n relativamente favorable<\/strong>. El riesgo de apag\u00f3n previsto para 2026 (4 horas anuales) es significativamente inferior al de Alemania (8,7 horas), Hungr\u00eda (8,4) o Dinamarca (10,3), y ligeramente menor que el de Francia (4,1 horas).<\/p>\n<p><!-- BREAK 5 --><\/p>\n<p>Para 2028, mientras Espa\u00f1a aumenta su riesgo hasta las 4,8 horas anuales, Francia reduce el suyo a 3,6 horas. En contraste, varios pa\u00edses del centro y este de Europa superar\u00e1n ampliamente las 15 y 20 horas de riesgo de desabastecimiento el\u00e9ctrico.<\/p>\n<p><!-- BREAK 6 --><\/p>\n<div class=\"article-asset article-asset-normal article-asset-center\">\n<div class=\"desvio-container\">\n<div class=\"desvio\">\n<div class=\"desvio-figure js-desvio-figure\">\n    <a href=\"https:\/\/www.xatakahome.com\/iluminacion-y-energia\/vampiro-electricidad-este-electrodomestico-que-energia-consume-casa-despues-calefaccion\" class=\"pivot-outboundlink\" data-vars-post-title=\"Es un vampiro de electricidad. Este es el electrodom\u00e9stico que m\u00e1s energ\u00eda consume en casa despu\u00e9s de la calefacci\u00f3n\"><br \/>\n     <img loading=\"lazy\" decoding=\"async\" alt=\"Es un vampiro de electricidad. Este es el electrodom\u00e9stico que m\u00e1s energ\u00eda consume en casa despu\u00e9s de la calefacci\u00f3n\" width=\"375\" height=\"142\" src=\"https:\/\/i.blogs.es\/3c8e3e\/captura-de-pantalla-2025-02-21-a-las-10.56.51\/375_142.webp\" onerror='this.src=\"https:\/\/i.blogs.es\/3c8e3e\/captura-de-pantalla-2025-02-21-a-las-10.56.51\/375_142.jpeg\"'><br \/>\n    <\/a>\n   <\/div>\n<div class=\"desvio-summary\">\n<div class=\"desvio-taxonomy js-desvio-taxonomy\">\n     <a href=\"https:\/\/www.xatakahome.com\/iluminacion-y-energia\/vampiro-electricidad-este-electrodomestico-que-energia-consume-casa-despues-calefaccion\" class=\"desvio-taxonomy-anchor pivot-outboundlink\" data-vars-post-title=\"Es un vampiro de electricidad. Este es el electrodom\u00e9stico que m\u00e1s energ\u00eda consume en casa despu\u00e9s de la calefacci\u00f3n\">En Xataka Smart Home<\/a>\n    <\/div>\n<p>    <a href=\"https:\/\/www.xatakahome.com\/iluminacion-y-energia\/vampiro-electricidad-este-electrodomestico-que-energia-consume-casa-despues-calefaccion\" class=\"desvio-title js-desvio-title pivot-outboundlink\" data-vars-post-title=\"Es un vampiro de electricidad. Este es el electrodom\u00e9stico que m\u00e1s energ\u00eda consume en casa despu\u00e9s de la calefacci\u00f3n\">Es un vampiro de electricidad. Este es el electrodom\u00e9stico que m\u00e1s energ\u00eda consume en casa despu\u00e9s de la calefacci\u00f3n<\/a>\n   <\/div>\n<\/p><\/div>\n<\/p><\/div>\n<\/div>\n<p><strong>El panorama mejora considerablemente a partir de 2030<\/strong>, tal y como aportan los datos, cuando las estimaciones de Red El\u00e9ctrica sit\u00faan el riesgo de apag\u00f3n en apenas 0,3 horas anuales, descendiendo hasta las 0,5 horas en 2035. Estas cifras posicionar\u00edan a Espa\u00f1a entre los pa\u00edses con menor riesgo de toda la Uni\u00f3n Europea, junto con Italia y Grecia.<\/p>\n<p><!-- BREAK 7 --><\/p>\n<p>La mejora de las expectativas se basa en varias iniciativas previstas para el medio y largo plazo, como <a class=\"text-outboundlink\" href=\"https:\/\/www.xataka.com\/energia\/energia-renovable-no-para-crecer-espana-a-ritmo-desigual-dos-regiones-acaparan-mitad-proyectos\" data-vars-post-title=\"La energ\u00eda renovable no para de crecer en Espa\u00f1a, pero a ritmo desigual: dos regiones acaparan la mitad de los proyectos\" data-vars-post-url=\"https:\/\/www.xataka.com\/energia\/energia-renovable-no-para-crecer-espana-a-ritmo-desigual-dos-regiones-acaparan-mitad-proyectos\">un mayor despliegue de energ\u00edas renovables<\/a> y la creaci\u00f3n del <a rel=\"noopener, noreferrer\" href=\"https:\/\/www.miteco.gob.es\/es\/prensa\/ultimas-noticias\/2024\/diciembre\/el-miteco-lanza-la-propuesta-de-regulacion-para-un-mercado-de-ca.html\">mercado de capacidad<\/a> que est\u00e1 desarrollando el Ministerio para la Transici\u00f3n Ecol\u00f3gica. Este \u00faltimo instrumento prev\u00e9 establecer una reserva de electricidad no destinada al consumo regular, sino <strong>para intervenir en momentos cr\u00edticos<\/strong> cuando la demanda supere a la oferta disponible.<\/p>\n<p><!-- BREAK 8 --><\/p>\n<div class=\"article-asset-video article-asset-normal\">\n<div class=\"asset-content\">\n<div class=\"base-asset-video\">\n<div class=\"js-dailymotion\">\n    <script type=\"application\/json\">\n                          {\"videoId\":\"x88tf3k\",\"autoplay\":true,\"title\":\"AHORRA EN TU FACTURA DE LA LUZ: Las MEJORES OPCIONES para conocer los PRECIOS EN TU M\u00d3VIL\", \"tag\":\"webedia-prod\", \"duration\":\"258\"}\n                  <\/script>\n   <\/div>\n<\/p><\/div>\n<\/p><\/div>\n<\/div>\n<p>A pesar de estas previsiones optimistas para el largo plazo, el informe tambi\u00e9n identifica varios desaf\u00edos que podr\u00edan complicar el escenario energ\u00e9tico. Uno de los principales concierne a las energ\u00edas renovables y <strong>la necesidad de realizar importantes inversiones en un contexto de precios bajos<\/strong>.<\/p>\n<p><!-- BREAK 9 --><\/p>\n<p>El documento alerta de que, aunque se espera <strong>una expansi\u00f3n significativa de la capacidad de generaci\u00f3n renovable<\/strong> en los pr\u00f3ximos a\u00f1os, \u00abdebido a la intermitencias de los recursos renovables, la capacidad no ser\u00e1 suficiente para compensar el declive esperado de la electricidad t\u00e9rmica y la creciente electrificaci\u00f3n para 2025\u00bb.<\/p>\n<p><!-- BREAK 10 --><\/p>\n<p>Otro factor de riesgo es <strong>la posible reticencia de los inversores ante la falta de garant\u00edas a largo plazo<\/strong>: \u00abEste informe asume que una parte significativa de las inversiones se \u00a0orientar\u00e1 por precios escasos durante periodos de alta demanda o \u00a0restricciones de suministro, cuando se esperan los picos de operaci\u00f3n de estas unidades. Sin embargo, inversores que no quieran arriesgarse podr\u00edan decidir posponer las inversiones si no est\u00e1n respaldadas por contratos a largo plazo\u00bb.<\/p>\n<p><!-- BREAK 11 --><\/p>\n<p>Imagen de portada | <a rel=\"noopener, noreferrer\" href=\"https:\/\/unsplash.com\/es\/@oskaycaglar\">\u00c7a\u011flar Oskay<\/a><\/p>\n<p>En Xataka Smart Home | <a class=\"text-outboundlink\" href=\"https:\/\/www.xatakahome.com\/iluminacion-y-energia\/que-ventanas-casa-te-den-electricidad-gratis-no-cosa-magia-esta-empresa-quiere-hacerlo-posible\" data-vars-post-title=\"Que las ventanas de casa te den electricidad gratis no es cosa de magia: esta empresa quiere hacerlo posible \" data-vars-post-url=\"https:\/\/www.xatakahome.com\/iluminacion-y-energia\/que-ventanas-casa-te-den-electricidad-gratis-no-cosa-magia-esta-empresa-quiere-hacerlo-posible\">Que las ventanas de casa te den electricidad gratis no es cosa de magia: esta empresa quiere hacerlo posible<\/a><\/p>\n<p><script>\n (function() {\n  window._JS_MODULES = window._JS_MODULES || {};\n  var headElement = document.getElementsByTagName('head')[0];\n  if (_JS_MODULES.instagram) {\n   var instagramScript = document.createElement('script');\n   instagramScript.src = 'https:\/\/platform.instagram.com\/en_US\/embeds.js';\n   instagramScript.async = true;\n   instagramScript.defer = true;\n   headElement.appendChild(instagramScript);\n  }\n })();\n<\/script><\/p>\n<p> &#8211; <br \/> La noticia<br \/>\n      <a href=\"https:\/\/www.xatakahome.com\/iluminacion-y-energia\/espana-puede-sufrir-apagones-electricos-ano-que-viene-red-electrica-cierre-nucleares-no-ayuda?utm_source=feedburner&amp;utm_medium=feed&amp;utm_campaign=09_Apr_2025\"><br \/>\n       <em> Espa\u00f1a puede sufrir m\u00e1s apagones el\u00e9ctricos el a\u00f1o que viene, seg\u00fan Red El\u00e9ctrica. El cierre de las nucleares no ayuda  <\/em><br \/>\n      <\/a><br \/>\n      fue publicada originalmente en<br \/>\n      <a href=\"https:\/\/www.xatakahome.com\/?utm_source=feedburner&amp;utm_medium=feed&amp;utm_campaign=09_Apr_2025\"><br \/>\n       <strong> Xataka Smart Home <\/strong><br \/>\n      <\/a><br \/>\n             por <a href=\"https:\/\/www.xatakahome.com\/autor\/antonio-vallejo?utm_source=feedburner&amp;utm_medium=feed&amp;utm_campaign=09_Apr_2025\"><br \/>\n        Antonio Vallejo<br \/>\n       <\/a><br \/>\n      . <\/p>\n<\/div>\n","protected":false},"excerpt":{"rendered":"<p>Espa\u00f1a podr\u00eda enfrentarse a un incremento en el riesgo de sufrir cortes el\u00e9ctricos entre 2026 y 2028, coincidiendo con el cierre programado de la central nuclear de Almaraz. Esta es la principal conclusi\u00f3n del \u00faltimo informe de evaluaci\u00f3n sobre recursos el\u00e9ctricos elaborado por la Red Europea de Gestores de Redes de Transporte de Electricidad (ENTSO-E), &hellip; <a href=\"https:\/\/domosistemas.com\/?p=28153\" class=\"more-link\">Sigue leyendo <span class=\"screen-reader-text\">Espa\u00f1a puede sufrir m\u00e1s apagones el\u00e9ctricos el a\u00f1o que viene, seg\u00fan Red El\u00e9ctrica. El cierre de las nucleares no ayuda<\/span><\/a><\/p>\n","protected":false},"author":1,"featured_media":0,"comment_status":"closed","ping_status":"closed","sticky":false,"template":"","format":"standard","meta":{"footnotes":""},"categories":[8],"tags":[],"class_list":["post-28153","post","type-post","status-publish","format-standard","hentry","category-xataka"],"_links":{"self":[{"href":"https:\/\/domosistemas.com\/index.php?rest_route=\/wp\/v2\/posts\/28153","targetHints":{"allow":["GET"]}}],"collection":[{"href":"https:\/\/domosistemas.com\/index.php?rest_route=\/wp\/v2\/posts"}],"about":[{"href":"https:\/\/domosistemas.com\/index.php?rest_route=\/wp\/v2\/types\/post"}],"author":[{"embeddable":true,"href":"https:\/\/domosistemas.com\/index.php?rest_route=\/wp\/v2\/users\/1"}],"replies":[{"embeddable":true,"href":"https:\/\/domosistemas.com\/index.php?rest_route=%2Fwp%2Fv2%2Fcomments&post=28153"}],"version-history":[{"count":0,"href":"https:\/\/domosistemas.com\/index.php?rest_route=\/wp\/v2\/posts\/28153\/revisions"}],"wp:attachment":[{"href":"https:\/\/domosistemas.com\/index.php?rest_route=%2Fwp%2Fv2%2Fmedia&parent=28153"}],"wp:term":[{"taxonomy":"category","embeddable":true,"href":"https:\/\/domosistemas.com\/index.php?rest_route=%2Fwp%2Fv2%2Fcategories&post=28153"},{"taxonomy":"post_tag","embeddable":true,"href":"https:\/\/domosistemas.com\/index.php?rest_route=%2Fwp%2Fv2%2Ftags&post=28153"}],"curies":[{"name":"wp","href":"https:\/\/api.w.org\/{rel}","templated":true}]}}