{"id":28167,"date":"2025-04-10T13:00:16","date_gmt":"2025-04-10T13:00:16","guid":{"rendered":"https:\/\/domosistemas.com\/?p=28167"},"modified":"2025-04-10T13:00:16","modified_gmt":"2025-04-10T13:00:16","slug":"leroy-merlin-te-permite-disfrutar-de-la-primavera-en-tu-balcon-sin-arruinarte-con-este-conjunto-que-cuesta-menos-de-65-euros","status":"publish","type":"post","link":"https:\/\/domosistemas.com\/?p=28167","title":{"rendered":"Leroy Merlin te permite disfrutar de la primavera en tu balc\u00f3n sin arruinarte con este conjunto que cuesta menos de 65 euros"},"content":{"rendered":"<div>\n<p>\n      <img decoding=\"async\" src=\"https:\/\/i.blogs.es\/f7c590\/ofertas_cpa_v3-copia---2025-04-10t143855.668\/1024_2000.jpeg\" alt=\"Leroy Merlin te permite disfrutar de la primavera en tu balc\u00f3n sin arruinarte con este conjunto que cuesta menos de 65 euros \">\n    <\/p>\n<p>Ahora que ya parece que empieza a hacer buen tiempo, seguro que te entran ganas de pasar m\u00e1s tiempo en el balc\u00f3n en la terraza. Si vives en un piso peque\u00f1o, quiz\u00e1 pienses que no hay mesas y sillas compactas para sentarte un rato al sol, pero est\u00e1s equivocado. Ahora, en Leroy Merlin tienes este <strong>conjunto de mesa y dos sillas de acero<\/strong> a muy buen precio. Solo cuesta <a rel=\"nofollow, sponsored, noopener, noreferrer\" target=\"_blank\" class=\"js-ecommerce\" id=\"link-ecommerce-1\" href=\"https:\/\/www.xatakahome.com\/redirect?url=https%3A%2F%2Fwww.leroymerlin.es%2Fproductos%2Fde-acero-para-comensales-82004948.html&amp;category=seleccion&amp;ecomPostExpiration=perish&amp;postId=117170\" data-vars-affiliate-url=\"https:\/\/www.leroymerlin.es\/productos\/de-acero-para-comensales-82004948.html\">63,77 euros<\/a>.<\/p>\n<p><!-- BREAK 1 --><!-- PIVOT START --><\/p>\n<div class=\"pivot-ecommerce-container m-pivot-ecommerce-redesign article-asset-normal article-asset-center\">\n<div class=\"pivot-ecommerce\">\n<div class=\"pivot-ecommerce-figure\">\n  <a rel=\"nofollow, sponsored, noopener, noreferrer\" target=\"_blank\" href=\"https:\/\/www.xatakahome.com\/redirect?url=https%3A%2F%2Fwww.leroymerlin.es%2Fproductos%2Fde-acero-para-comensales-82004948.html&amp;category=seleccion&amp;pivot=1&amp;ecomPostExpiration=perish&amp;postId=117170\"><br \/>\n   <img loading=\"lazy\" decoding=\"async\" alt=\"Conjunto de mesa y dos sillas de acero\" width=\"600\" height=\"600\" src=\"https:\/\/i.blogs.es\/6aa4f2\/blob\/original.webp\" onerror='this.src=\"https:\/\/i.blogs.es\/6aa4f2\/blob\/original.jpeg\"'><br \/>\n  <\/a>\n  <\/div>\n<div class=\"pivot-ecommerce-summary\">\n<p class=\"pivot-ecommerce-desc\">Conjunto de mesa y dos sillas de acero<\/p>\n<div class=\"pivot-actions \">\n<div class=\"pivot-actions-row\">\n <a rel=\"nofollow, sponsored, noopener, noreferrer\" target=\"_blank\" data-asin=\"\" data-store=\"\" href=\"https:\/\/www.xatakahome.com\/redirect?url=https%3A%2F%2Fwww.leroymerlin.es%2Fproductos%2Fde-acero-para-comensales-82004948.html&amp;category=seleccion&amp;pivot=1&amp;ecomPostExpiration=perish&amp;postId=117170\" title=\"Precio de venta al p\u00fablico a fecha de publicaci\u00f3n\" class=\"pivot-action-btn pivot-action-primary\">PVP en Leroy Merlin \u2014 <strong><span class=\"js-deal-price\">63,77<\/span> \u20ac<\/strong><\/a>\n <\/div>\n<\/p><\/div>\n<\/p><\/div>\n<\/p><\/div>\n<div class=\"pivot-link-msg\">* Alg\u00fan precio puede haber cambiado desde la \u00faltima revisi\u00f3n<\/div>\n<\/p><\/div>\n<p><!-- PIVOT END --><\/p>\n<h2>Un set ideal para disfrutar del buen tiempo incluso en balcones peque\u00f1os<\/h2>\n<div class=\"article-asset-image article-asset-normal article-asset-center\">\n<div class=\"asset-content\">\n                    <a rel=\"nofollow, sponsored, noopener, noreferrer\" target=\"_blank\" class=\"js-ecommerce\" id=\"link-ecommerce-2\" href=\"https:\/\/www.xatakahome.com\/redirect?url=https%3A%2F%2Fwww.leroymerlin.es%2Fproductos%2Fde-acero-para-comensales-82004948.html&amp;category=seleccion&amp;ecomPostExpiration=perish&amp;postId=117170\" data-vars-affiliate-url=\"https:\/\/www.leroymerlin.es\/productos\/de-acero-para-comensales-82004948.html\"><\/p>\n<p>    <img decoding=\"async\" alt=\"set de mesa y dos sillas de acero Leroy Merlin\" class=\"centro_sinmarco\" src=\"https:\/\/i.blogs.es\/82d663\/proyecto-nuevo---2025-04-10t143032.733\/450_1000.webp\"><br \/>\n     <\/a><\/p><\/div>\n<\/div>\n<p>Este conjunto (que ha sido bautizado con el nombre de Flora), est\u00e1 compuesto por una mesa y dos sillas <strong>fabricadas en acero de color blanco<\/strong>. Dicha tonalidad, hace que quede perfecto en cualquier tipo de decoraci\u00f3n.<\/p>\n<p><!-- BREAK 2 --><\/p>\n<div class=\"article-asset article-asset-normal article-asset-center\">\n<div class=\"desvio-container\">\n<div class=\"desvio\">\n<div class=\"desvio-figure js-desvio-figure\">\n    <a href=\"https:\/\/www.xataka.com\/seleccion\/xiaomi-tv-box-s-3rd-gen-se-ha-lanzado-algunas-tiendas-incluso-se-puede-comprar-oferta\" class=\"pivot-outboundlink\" target=\"_blank\" data-vars-post-title=\"Ya se puede comprar el nuevo Xiaomi TV Box S 3rd Gen, un dispositivo para el televisor que no ha tardado en bajar de precio\"><br \/>\n     <img loading=\"lazy\" decoding=\"async\" alt=\"Ya se puede comprar el nuevo Xiaomi TV Box S 3rd Gen, un dispositivo para el televisor que no ha tardado en bajar de precio\" width=\"375\" height=\"142\" src=\"https:\/\/i.blogs.es\/094b4c\/xiaomi-tv-box-s-3rd-gen\/375_142.webp\" onerror='this.src=\"https:\/\/i.blogs.es\/094b4c\/xiaomi-tv-box-s-3rd-gen\/375_142.jpeg\"'><br \/>\n    <\/a>\n   <\/div>\n<div class=\"desvio-summary\">\n<div class=\"desvio-taxonomy js-desvio-taxonomy\">\n     <a href=\"https:\/\/www.xataka.com\/seleccion\/xiaomi-tv-box-s-3rd-gen-se-ha-lanzado-algunas-tiendas-incluso-se-puede-comprar-oferta\" class=\"desvio-taxonomy-anchor pivot-outboundlink m-crosspost\" target=\"_blank\" data-vars-post-title=\"Ya se puede comprar el nuevo Xiaomi TV Box S 3rd Gen, un dispositivo para el televisor que no ha tardado en bajar de precio\">En Xataka<\/a>\n    <\/div>\n<p>    <a href=\"https:\/\/www.xataka.com\/seleccion\/xiaomi-tv-box-s-3rd-gen-se-ha-lanzado-algunas-tiendas-incluso-se-puede-comprar-oferta\" class=\"desvio-title js-desvio-title pivot-outboundlink\" target=\"_blank\" data-vars-post-title=\"Ya se puede comprar el nuevo Xiaomi TV Box S 3rd Gen, un dispositivo para el televisor que no ha tardado en bajar de precio\">Ya se puede comprar el nuevo Xiaomi TV Box S 3rd Gen, un dispositivo para el televisor que no ha tardado en bajar de precio<\/a>\n   <\/div>\n<\/p><\/div>\n<\/p><\/div>\n<\/div>\n<div class=\"article-asset-video article-asset-normal\">\n<div class=\"asset-content\">\n<div class=\"base-asset-video\">\n<div class=\"js-dailymotion\">\n    <script type=\"application\/json\">\n                          {\"videoId\":\"x8006fc\",\"autoplay\":true,\"title\":\"C\u00f3mo dormir cuando hace mucho calor y no tienes aire acondicionado\", \"tag\":\"\", \"duration\":\"217\"}\n                  <\/script>\n   <\/div>\n<\/p><\/div>\n<\/p><\/div>\n<\/div>\n<p>Como ya hemos dicho, es ideal incluso para balcones y terrazas estrechas. Adem\u00e1s, <strong>son plegables<\/strong>, por lo que podr\u00e1s guardarlo f\u00e1cilmente cuando no lo utilices y as\u00ed ahorrar espacio, algo que facilita su almacenaje.<\/p>\n<p><!-- BREAK 3 --><\/p>\n<p>En cuanto al mantenimiento de este tipo de mobiliarios es muy sencillo, debes protegerlo directamente del sol y <strong>guardarlo en un lugar seco y ventilado<\/strong> cuando no lo utilices. Aunque tambi\u00e9n puedes cubrirlo con una funda. Las medidas de la mesa son de 70 x 71 x 70 cm y las de las sillas de 41 x 80 x 47 cm.<\/p>\n<p><!-- BREAK 4 --><\/p>\n<h2>Otros accesorios ideales para tu terraza o balc\u00f3n<\/h2>\n<p><!-- PIVOT START --><\/p>\n<div class=\"pivot-ecommerce-container m-pivot-ecommerce-redesign article-asset-normal article-asset-center\">\n<div class=\"pivot-ecommerce\">\n<div class=\"pivot-ecommerce-figure\">\n  <a rel=\"nofollow, sponsored, noopener, noreferrer\" target=\"_blank\" href=\"https:\/\/www.xatakahome.com\/redirect?url=https%3A%2F%2Fwww.amazon.es%2Fdp%2FB0DPMK97HD%3Ftag%3Dxatakahome-21%26linkCode%3Dogi%26th%3D1%26psc%3D1&amp;category=seleccion&amp;pivot=1&amp;ecomPostExpiration=perish&amp;postId=117170\"><br \/>\n   <img loading=\"lazy\" decoding=\"async\" alt=\"Moxled Guirnaldas Luces Exterior Solares\" width=\"500\" height=\"500\" src=\"https:\/\/i.blogs.es\/229558\/51rqhcca-ol._sl500_\/original.webp\" onerror='this.src=\"https:\/\/i.blogs.es\/229558\/51rqhcca-ol._sl500_\/original.jpeg\"'><br \/>\n  <\/a>\n  <\/div>\n<div class=\"pivot-ecommerce-summary\">\n<p class=\"pivot-ecommerce-desc\">Moxled Guirnaldas Luces Exterior Solares<\/p>\n<div class=\"pivot-actions \">\n<div class=\"pivot-actions-row\">\n <a rel=\"nofollow, sponsored, noopener, noreferrer\" target=\"_blank\" data-asin=\"B0DPMK97HD\" data-store=\"Amazon\" href=\"https:\/\/www.xatakahome.com\/redirect?url=https%3A%2F%2Fwww.amazon.es%2Fdp%2FB0DPMK97HD%3Ftag%3Dxatakahome-21%26linkCode%3Dogi%26th%3D1%26psc%3D1&amp;category=seleccion&amp;pivot=1&amp;ecomPostExpiration=perish&amp;postId=117170\" title=\"Precio actualizado hoy\" class=\"pivot-action-btn metrics-pivot-btn pivot-action-primary\">Hoy en Amazon \u2014 <strong><span class=\"js-deal-price\">13,99<\/span> \u20ac<\/strong><\/a>\n <\/div>\n<\/p><\/div>\n<\/p><\/div>\n<\/p><\/div>\n<div class=\"pivot-link-msg\">* Alg\u00fan precio puede haber cambiado desde la \u00faltima revisi\u00f3n<\/div>\n<\/p><\/div>\n<p><!-- PIVOT END --><br \/>\n<!-- PIVOT START --><\/p>\n<div class=\"pivot-ecommerce-container m-pivot-ecommerce-redesign article-asset-normal article-asset-center\">\n<div class=\"pivot-ecommerce\">\n<div class=\"pivot-ecommerce-figure\">\n  <a rel=\"nofollow, sponsored, noopener, noreferrer\" target=\"_blank\" href=\"https:\/\/www.xatakahome.com\/redirect?url=https%3A%2F%2Fwww.amazon.es%2Fdp%2FB09TP1GD93%3Ftag%3Dxatakahome-21%26linkCode%3Dogi%26th%3D1%26psc%3D1&amp;category=seleccion&amp;pivot=1&amp;ecomPostExpiration=perish&amp;postId=117170\"><br \/>\n   <img loading=\"lazy\" decoding=\"async\" alt=\"OUILA Luz Solar Exterior, 185 LED 3 Modos Luces Solares, pack de 2\" width=\"500\" height=\"500\" src=\"https:\/\/i.blogs.es\/3252bb\/51cmpwoglpl._sl500_\/original.webp\" onerror='this.src=\"https:\/\/i.blogs.es\/3252bb\/51cmpwoglpl._sl500_\/original.jpeg\"'><br \/>\n  <\/a>\n  <\/div>\n<div class=\"pivot-ecommerce-summary\">\n<p class=\"pivot-ecommerce-desc\">OUILA Luz Solar Exterior, 185 LED 3 Modos Luces Solares, pack de 2<\/p>\n<div class=\"pivot-actions \">\n<div class=\"pivot-actions-row\">\n <a rel=\"nofollow, sponsored, noopener, noreferrer\" target=\"_blank\" data-asin=\"B09TP1GD93\" data-store=\"Amazon\" href=\"https:\/\/www.xatakahome.com\/redirect?url=https%3A%2F%2Fwww.amazon.es%2Fdp%2FB09TP1GD93%3Ftag%3Dxatakahome-21%26linkCode%3Dogi%26th%3D1%26psc%3D1&amp;category=seleccion&amp;pivot=1&amp;ecomPostExpiration=perish&amp;postId=117170\" title=\"Precio actualizado hoy\" class=\"pivot-action-btn metrics-pivot-btn pivot-action-primary\">Hoy en Amazon \u2014 <strong><span class=\"js-deal-price\">19,99<\/span> \u20ac<\/strong><\/a>\n <\/div>\n<\/p><\/div>\n<\/p><\/div>\n<\/p><\/div>\n<div class=\"pivot-link-msg\">* Alg\u00fan precio puede haber cambiado desde la \u00faltima revisi\u00f3n<\/div>\n<\/p><\/div>\n<p><!-- PIVOT END --><\/p>\n<p><em>Nota: algunos de los enlaces aqu\u00ed publicados son de afiliados y pueden reportar un beneficio.<\/em><\/p>\n<p>Im\u00e1genes | Webedia y Leroy Merlin<\/p>\n<p>En Xataka Smart Home | <a class=\"text-outboundlink\" href=\"https:\/\/www.xatakahome.com\/seleccion\/ikea-tiene-mejores-muebles-para-terraza-jardin-incluso-para-pisos-pequenos\" data-vars-post-title=\"Ikea tiene los muebles ideales para disfrutar de tu terraza o balc\u00f3n esta primavera, incluso si vives en un piso peque\u00f1o\" data-vars-post-url=\"https:\/\/www.xatakahome.com\/seleccion\/ikea-tiene-mejores-muebles-para-terraza-jardin-incluso-para-pisos-pequenos\">Ikea tiene los muebles ideales para disfrutar de tu terraza o balc\u00f3n esta primavera, incluso si vives en un piso peque\u00f1o<\/a><\/p>\n<p>En Xataka Smart Home | <a class=\"text-outboundlink\" href=\"https:\/\/www.xatakahome.com\/seleccion\/sensores-movimiento-para-luces-exterior-cual-comprar-consejos-recomendaciones-1\" data-vars-post-title=\"Sensores de movimiento para luces de exterior: \u00bfCu\u00e1l comprar? Consejos y recomendaciones\" data-vars-post-url=\"https:\/\/www.xatakahome.com\/seleccion\/sensores-movimiento-para-luces-exterior-cual-comprar-consejos-recomendaciones-1\">Sensores de movimiento para luces de exterior: \u00bfCu\u00e1l comprar? Consejos y recomendaciones<\/a><\/p>\n<p><script>\n (function() {\n  window._JS_MODULES = window._JS_MODULES || {};\n  var headElement = document.getElementsByTagName('head')[0];\n  if (_JS_MODULES.instagram) {\n   var instagramScript = document.createElement('script');\n   instagramScript.src = 'https:\/\/platform.instagram.com\/en_US\/embeds.js';\n   instagramScript.async = true;\n   instagramScript.defer = true;\n   headElement.appendChild(instagramScript);\n  }\n })();\n<\/script><\/p>\n<p> &#8211; <br \/> La noticia<br \/>\n      <a href=\"https:\/\/www.xatakahome.com\/seleccion\/leroy-merlin-te-permite-disfrutar-primavera-tu-balcon-arruinarte-este-conjunto-que-cuesta-65-euros?utm_source=feedburner&amp;utm_medium=feed&amp;utm_campaign=10_Apr_2025\"><br \/>\n       <em> Leroy Merlin te permite disfrutar de la primavera en tu balc\u00f3n sin arruinarte con este conjunto que cuesta menos de 65 euros  <\/em><br \/>\n      <\/a><br \/>\n      fue publicada originalmente en<br \/>\n      <a href=\"https:\/\/www.xatakahome.com\/?utm_source=feedburner&amp;utm_medium=feed&amp;utm_campaign=10_Apr_2025\"><br \/>\n       <strong> Xataka Smart Home <\/strong><br \/>\n      <\/a><br \/>\n             por <a href=\"https:\/\/www.xatakahome.com\/autor\/fran-leon?utm_source=feedburner&amp;utm_medium=feed&amp;utm_campaign=10_Apr_2025\"><br \/>\n        Fran Le\u00f3n<br \/>\n       <\/a><br \/>\n      . <\/p>\n<\/div>\n","protected":false},"excerpt":{"rendered":"<p>Ahora que ya parece que empieza a hacer buen tiempo, seguro que te entran ganas de pasar m\u00e1s tiempo en el balc\u00f3n en la terraza. Si vives en un piso peque\u00f1o, quiz\u00e1 pienses que no hay mesas y sillas compactas para sentarte un rato al sol, pero est\u00e1s equivocado. Ahora, en Leroy Merlin tienes este &hellip; <a href=\"https:\/\/domosistemas.com\/?p=28167\" class=\"more-link\">Sigue leyendo <span class=\"screen-reader-text\">Leroy Merlin te permite disfrutar de la primavera en tu balc\u00f3n sin arruinarte con este conjunto que cuesta menos de 65 euros<\/span><\/a><\/p>\n","protected":false},"author":1,"featured_media":0,"comment_status":"closed","ping_status":"closed","sticky":false,"template":"","format":"standard","meta":{"footnotes":""},"categories":[8],"tags":[],"class_list":["post-28167","post","type-post","status-publish","format-standard","hentry","category-xataka"],"_links":{"self":[{"href":"https:\/\/domosistemas.com\/index.php?rest_route=\/wp\/v2\/posts\/28167","targetHints":{"allow":["GET"]}}],"collection":[{"href":"https:\/\/domosistemas.com\/index.php?rest_route=\/wp\/v2\/posts"}],"about":[{"href":"https:\/\/domosistemas.com\/index.php?rest_route=\/wp\/v2\/types\/post"}],"author":[{"embeddable":true,"href":"https:\/\/domosistemas.com\/index.php?rest_route=\/wp\/v2\/users\/1"}],"replies":[{"embeddable":true,"href":"https:\/\/domosistemas.com\/index.php?rest_route=%2Fwp%2Fv2%2Fcomments&post=28167"}],"version-history":[{"count":0,"href":"https:\/\/domosistemas.com\/index.php?rest_route=\/wp\/v2\/posts\/28167\/revisions"}],"wp:attachment":[{"href":"https:\/\/domosistemas.com\/index.php?rest_route=%2Fwp%2Fv2%2Fmedia&parent=28167"}],"wp:term":[{"taxonomy":"category","embeddable":true,"href":"https:\/\/domosistemas.com\/index.php?rest_route=%2Fwp%2Fv2%2Fcategories&post=28167"},{"taxonomy":"post_tag","embeddable":true,"href":"https:\/\/domosistemas.com\/index.php?rest_route=%2Fwp%2Fv2%2Ftags&post=28167"}],"curies":[{"name":"wp","href":"https:\/\/api.w.org\/{rel}","templated":true}]}}