{"id":28194,"date":"2025-04-13T09:08:15","date_gmt":"2025-04-13T09:08:15","guid":{"rendered":"https:\/\/domosistemas.com\/?p=28194"},"modified":"2025-04-13T09:08:15","modified_gmt":"2025-04-13T09:08:15","slug":"quiero-evitar-las-miradas-indiscretas-de-los-vecinos-en-mi-terraza-patio-o-balcon-estas-siete-plantas-te-ayudaran-a-conseguirlo","status":"publish","type":"post","link":"https:\/\/domosistemas.com\/?p=28194","title":{"rendered":"Quiero evitar las miradas indiscretas de los vecinos en mi terraza, patio o balc\u00f3n: estas siete plantas te ayudar\u00e1n a conseguirlo"},"content":{"rendered":"<div>\n<p>\n      <img decoding=\"async\" src=\"https:\/\/i.blogs.es\/f3e5ce\/pexels-egor-kunovsky-1199972-6738991\/1024_2000.jpeg\" alt=\"Quiero evitar las miradas indiscretas de los vecinos en mi terraza, patio o balc\u00f3n: estas siete plantas te ayudar\u00e1n a conseguirlo\">\n    <\/p>\n<p>La primavera es el momento ideal para empezar a <strong>preparar los espacios de exterior <\/strong>de nuestras casas, y una de las cuestiones que suele ser un tema recurrente en muchos de ellos es <strong>mantener la privacidad<\/strong>.<\/p>\n<p><!-- BREAK 1 --><\/p>\n<p>Vamos a pasar m\u00e1s tiempo fuera y en general no suele gustarnos estar a la vista de las <strong>miradas indiscretas de los vecinos<\/strong> o de la gente que pasa por la calle, algo que se puede resolver parcialmente con soluciones artificiales como <strong>toldos, <\/strong><a class=\"text-outboundlink\" href=\"https:\/\/www.xatakahome.com\/hogar\/jysk-tiene-solucion-barata-obras-para-dar-privacidad-a-tu-terraza-patio-balcon-transforma-vergel\" data-vars-post-title=\"JYSK tiene la soluci\u00f3n barata y sin obras para dar m\u00e1s privacidad a tu terraza, patio o balc\u00f3n: adem\u00e1s lo transforma en un vergel \" data-vars-post-url=\"https:\/\/www.xatakahome.com\/hogar\/jysk-tiene-solucion-barata-obras-para-dar-privacidad-a-tu-terraza-patio-balcon-transforma-vergel\">cortinas o celos\u00edas<\/a>, pero que tambi\u00e9n es posible solucionar de forma m\u00e1s natural.<\/p>\n<p><!-- BREAK 2 --><\/p>\n<p>La idea es sembrar en macetas, jardineras y macetones diferentes <strong>plantas y flores con gran volumen<\/strong> que aguanten bien esta \u00e9poca primaveral y preveraniega y que no necesiten demasiados cuidados. \u00bfNo sabes por donde empezar? A continuaci\u00f3n vamos a repasar algunas de lo m\u00e1s interesante.<\/p>\n<p><!-- BREAK 3 --><\/p>\n<div class=\"article-asset article-asset-normal article-asset-center\">\n<div class=\"desvio-container\">\n<div class=\"desvio\">\n<div class=\"desvio-figure js-desvio-figure\">\n    <a href=\"https:\/\/www.xatakahome.com\/hogar\/prepara-tu-terraza-balcon-para-esta-primavera-13-plantas-flores-faciles-cuidar-para-convertirlo-vergel\" class=\"pivot-outboundlink\" data-vars-post-title=\"Prepara tu terraza y balc\u00f3n para esta primavera: 13 plantas y flores f\u00e1ciles de cuidar para convertirlo en un vergel \"><br \/>\n     <img loading=\"lazy\" decoding=\"async\" alt=\"Prepara tu terraza y balc\u00f3n para esta primavera: 13 plantas y flores f\u00e1ciles de cuidar para convertirlo en un vergel \" width=\"375\" height=\"142\" src=\"https:\/\/i.blogs.es\/b7bf21\/pexels-tirachard-kumtanom-112571-347141\/375_142.webp\" onerror='this.src=\"https:\/\/i.blogs.es\/b7bf21\/pexels-tirachard-kumtanom-112571-347141\/375_142.jpeg\"'><br \/>\n    <\/a>\n   <\/div>\n<div class=\"desvio-summary\">\n<div class=\"desvio-taxonomy js-desvio-taxonomy\">\n     <a href=\"https:\/\/www.xatakahome.com\/hogar\/prepara-tu-terraza-balcon-para-esta-primavera-13-plantas-flores-faciles-cuidar-para-convertirlo-vergel\" class=\"desvio-taxonomy-anchor pivot-outboundlink\" data-vars-post-title=\"Prepara tu terraza y balc\u00f3n para esta primavera: 13 plantas y flores f\u00e1ciles de cuidar para convertirlo en un vergel \">En Xataka Smart Home<\/a>\n    <\/div>\n<p>    <a href=\"https:\/\/www.xatakahome.com\/hogar\/prepara-tu-terraza-balcon-para-esta-primavera-13-plantas-flores-faciles-cuidar-para-convertirlo-vergel\" class=\"desvio-title js-desvio-title pivot-outboundlink\" data-vars-post-title=\"Prepara tu terraza y balc\u00f3n para esta primavera: 13 plantas y flores f\u00e1ciles de cuidar para convertirlo en un vergel \">Prepara tu terraza y balc\u00f3n para esta primavera: 13 plantas y flores f\u00e1ciles de cuidar para convertirlo en un vergel <\/a>\n   <\/div>\n<\/p><\/div>\n<\/p><\/div>\n<\/div>\n<h2>Rosal de Banksiae<\/h2>\n<div class=\"article-asset-image article-asset-normal article-asset-center\">\n<div class=\"asset-content\">\n<div class=\"caption-img \">\n                    <a rel=\"noopener, noreferrer\" href=\"https:\/\/www.pexels.com\/es-es\/@lina\/\"><\/p>\n<p>    <img decoding=\"async\" alt=\"Pexels Lina 4482677\" class=\"centro_sinmarco\" src=\"https:\/\/i.blogs.es\/7f1417\/pexels-lina-4482677\/450_1000.webp\"><br \/>\n     <\/a><\/p>\n<p>        <span>Imagen: Lina Kivaka<\/span>\n   <\/div>\n<\/p><\/div>\n<\/div>\n<p>El rosal de Banksiae es un claro ejemplo de lo que andamos buscando, puesto que <strong>pueden alcanzar entre seis y ocho metros de altura<\/strong> si tienen una pared o una estructura por la que trepar, ofreciendo rosas de colores blancas y amarillas mucho m\u00e1s peque\u00f1as que el resto de variedades de rosales, ya que no llegan a los tres cent\u00edmetros, y sin espinas.<\/p>\n<p><!-- BREAK 4 --><\/p>\n<p>Son fuertes y resistentes, creciendo incluso en suelos pobres o \u00e1cidos, necesitando<strong> vivir a pleno sol<\/strong>, aunque si vives en una zona de mucho calor, es mejor que la cultives en un sitio con sombra parcial y<strong> protegida del viento. <\/strong>Conviene usar una maceta de gran volumen con un buen drenaje para evitar encharcamientos y crece feliz en temperaturas inferiores a los 25 \u00baC.<\/p>\n<p><!-- BREAK 5 --><\/p>\n<h2>La clem\u00e1tide<\/h2>\n<div class=\"article-asset-image article-asset-normal article-asset-center\">\n<div class=\"asset-content\">\n<div class=\"caption-img \">\n                    <a rel=\"noopener, noreferrer\" href=\"https:\/\/pxhere.com\/es\/photo\/1595691\"><\/p>\n<p>    <img decoding=\"async\" alt=\"Clematis Blanket Violet Flowers Blooms Blossoms 1595691 Pxhere Com\" class=\"centro_sinmarco\" src=\"https:\/\/i.blogs.es\/fe7b98\/clematis-blanket-violet-flowers-blooms-blossoms-1595691-pxhere.com\/450_1000.webp\"><br \/>\n     <\/a><\/p>\n<p>        <span>Imagen: PxHere<\/span>\n   <\/div>\n<\/p><\/div>\n<\/div>\n<p>La <strong>clem\u00e1tide o clematis<\/strong> es una planta trepadora ideal para dar un aire rom\u00e1ntico y de privacidad a tu terraza o jard\u00edn gracias a la espectacular floraci\u00f3n que nos ofrece en primavera y verano. Hay m\u00e1s de 400 variedades cultivables de esta especie, pero en Espa\u00f1a la m\u00e1s com\u00fan es la Clematis vitalba, con unas<strong> preciosas flores con olor a jazm\u00edn que salen agrupadas en ramilletes<\/strong>.<\/p>\n<p><!-- BREAK 6 --><\/p>\n<p>De ellas saldr\u00e1n unos frutos llamativos de aspecto plum\u00edfero que visten la planta en oto\u00f1o y en invierno. Para desarrollarse en altura necesitar\u00e1 apoyarse en alg\u00fan sitio, por lo que es bueno cultivarla con gu\u00edas, enrejados o en torno a una <strong>p\u00e9rgola o una celos\u00eda<\/strong> que nos dar\u00e1 m\u00e1s privacidad a\u00fan.<\/p>\n<p><!-- BREAK 7 --><\/p>\n<p>El <strong>mejor momento para plantar la clem\u00e1tide es al principio de la primavera,<\/strong> tanto en maceta (mejor de cer\u00e1mica o terracota) o directamente en el jard\u00edn. Conviene que los tallos reciban sol abundante y <strong>el suelo debe estar bien drenado.<\/strong><\/p>\n<p><!-- BREAK 8 --><\/p>\n<h2>Claveles, todo un cl\u00e1sico<\/h2>\n<div class=\"article-asset-image article-asset-normal article-asset-center\">\n<div class=\"asset-content\">\n<div class=\"caption-img \">\n                    <a rel=\"noopener, noreferrer\" href=\"https:\/\/pxhere.com\/es\/photo\/651280\"><\/p>\n<p>    <img decoding=\"async\" alt=\"Plant Flower Flowers Colors Shrub Mixed 651280 Pxhere Com\" class=\"centro_sinmarco\" src=\"https:\/\/i.blogs.es\/258895\/plant-flower-flowers-colors-shrub-mixed-651280-pxhere.com\/450_1000.webp\"><br \/>\n     <\/a><\/p>\n<p>        <span>Imagen: PxHere<\/span>\n   <\/div>\n<\/p><\/div>\n<\/div>\n<p>En la terraza y ventanas de mi casa siempre recuerdo haber tenido claveles desde peque\u00f1o, existiendo una <strong>amplia variedad de colores <\/strong>y formas que permiten ajustarse a nuestros gustos e intenciones de mejorar la privacidad.<\/p>\n<p><!-- BREAK 9 --><\/p>\n<p>Tienen una floraci\u00f3n prolongada, que se suele extender desde abril hasta noviembre y en general es una planta muy dura acostumbrada a los climas extremos que tenemos en Espa\u00f1a, aunque con matices.<\/p>\n<p><!-- BREAK 10 --><\/p>\n<p>Hay que plantarlos en marzo, <strong>siempre en lugares luminosos y soleados pero si podemos evitando las zonas m\u00e1s calurosas de la casa.<\/strong> Es decir, si pueden estar en una zona de sol y sombra mejor en verano.<\/p>\n<p><!-- BREAK 11 --><\/p>\n<p>Hay que regarlos un par de veces a la semana en primavera y oto\u00f1o, y cada dos d\u00edas en verano. Es importante que cuenten con un buen drenaje y no encharcarlos nunca.<\/p>\n<p><!-- BREAK 12 --><\/p>\n<h2>Pensamientos<\/h2>\n<div class=\"article-asset-image article-asset-normal article-asset-center\">\n<div class=\"asset-content\">\n<div class=\"caption-img \">\n                    <a rel=\"noopener, noreferrer\" href=\"https:\/\/www.freepik.es\/foto-gratis\/pequenas-flores-amarillas-hermosas_1017544.htm#fromView=search&amp;page=1&amp;position=0&amp;uuid=c2ed6870-fcbd-4073-b45a-0431eee6089c&amp;query=pensamientos+flor\"><\/p>\n<p>    <img decoding=\"async\" alt=\"Pensamientos\" class=\"centro_sinmarco\" src=\"https:\/\/i.blogs.es\/6ad4ff\/1366_2000pensamientos\/450_1000.webp\"><br \/>\n     <\/a><\/p>\n<p>        <span>Imagen: jannoon028<\/span>\n   <\/div>\n<\/p><\/div>\n<\/div>\n<p>Si lo que buscamos es una soluci\u00f3n m\u00e1s florar podemos optar por <strong>los pensamientos<\/strong>, una planta con flor disponible en una infinidad de tonalidades, a \u00a0cada cual m\u00e1s viva y brillante.<\/p>\n<p><!-- BREAK 13 --><\/p>\n<p>Permiten gracias a su colorido llenar el balc\u00f3n o la terraza de una gran vistosidad al tiempo que ocultan o disimulan lo que hay detr\u00e1s y aportan un <strong>suave aroma floral.<\/strong><\/p>\n<p><!-- BREAK 14 --><\/p>\n<p>Esta planta semiperenne que ofrece peque\u00f1as flores crece mejor en lugares luminosos, y sobre todo, si tienen orientaci\u00f3n al sur o al oeste. Si vives en una zona calurosa, es mejor cultivarlas en semisombra.<\/p>\n<p><!-- BREAK 15 --><\/p>\n<h2>Azucenas<\/h2>\n<div class=\"article-asset-image article-asset-normal article-asset-center\">\n<div class=\"asset-content\">\n<div class=\"caption-img \">\n                    <a rel=\"noopener, noreferrer\" href=\"https:\/\/commons.wikimedia.org\/wiki\/File:Flor_azucena_blanca.jpg\"><\/p>\n<p>    <img decoding=\"async\" alt=\"Flor Azucena Blanca\" class=\"centro_sinmarco\" src=\"https:\/\/i.blogs.es\/2f55b3\/flor_azucena_blanca\/450_1000.webp\"><br \/>\n     <\/a><\/p>\n<p>        <span>Imagen: Wikimedia<\/span>\n   <\/div>\n<\/p><\/div>\n<\/div>\n<p>Otra opci\u00f3n si buscamos adem\u00e1s de vistosidad buen olor son las <strong>azucenas<\/strong>, conocidas tambi\u00e9n como Lilium candidum o varas de San Jos\u00e9 se plantan tambi\u00e9n en el mes de marzo o abril.<\/p>\n<p><!-- BREAK 16 --><\/p>\n<p>La flor de esta planta bulbosa tiene una fragancia intensa, y las puedes exponer al \u00a0sol, aunque lo ideal es cultivarlas entre sol y sombra.<\/p>\n<p>Esta planta <strong>no resiste bien las sequ\u00edas pero tampoco el exceso de agua, <\/strong>as\u00ed que conviene asegurarnos de que tenga un buen drenaje, evitar los encharcamientos y comprobar si la tierra est\u00e1 h\u00fameda.<\/p>\n<p><!-- BREAK 17 --><\/p>\n<h2>Petunias<\/h2>\n<div class=\"article-asset-image article-asset-normal article-asset-center\">\n<div class=\"asset-content\">\n<div class=\"caption-img \">\n                    <a rel=\"noopener, noreferrer\" href=\"https:\/\/pxhere.com\/es\/photo\/1140562\"><\/p>\n<p>    <img decoding=\"async\" alt=\"Plant Flower Purple Petal Summer Botany 1140562 Pxhere Com\" class=\"centro_sinmarco\" src=\"https:\/\/i.blogs.es\/779977\/plant-flower-purple-petal-summer-botany-1140562-pxhere.com\/450_1000.webp\"><br \/>\n     <\/a><\/p>\n<p>        <span>Imagen: PxHere<\/span>\n   <\/div>\n<\/p><\/div>\n<\/div>\n<p>Junto a los pensamientos y las azucenas, <strong>las petunias<\/strong> tambi\u00e9n nos ayudar\u00e1n a dar el toque natural a nuestros balc\u00f3n gracias a su follaje abundante y a sus colores vibrantes, ya sea con sus flores bicolores, o con las monocrom\u00e1ticas.<\/p>\n<p><!-- BREAK 18 --><\/p>\n<p>Esta planta comienza a florecer en primavera, y si las cuidadas de forma adecuada, puede mantener su floraci\u00f3n hasta finales del oto\u00f1o en climas templados.<\/p>\n<p><!-- BREAK 19 --><\/p>\n<p>Es bastante resistente, y para prosperar necesita mucha luz, evitar las temperaturas bajas y regarla con frecuencia, a diario en verano si vives en una zona de temperaturas altas, pero sin encharcar el suelo.<\/p>\n<p><!-- BREAK 20 --><\/p>\n<h2>Pr\u00edmulas<\/h2>\n<div class=\"article-asset-image article-asset-normal article-asset-center\">\n<div class=\"asset-content\">\n<div class=\"caption-img \">\n                    <a rel=\"noopener, noreferrer\" href=\"https:\/\/www.freepik.es\/foto-gratis\/flores-amarillas-moradas-bonitas_1077050.htm#fromView=search&amp;page=1&amp;position=2&amp;uuid=e8ecef32-cb77-4f5a-9d81-6a25c67bf002&amp;query=pr%C3%ADmulas\"><\/p>\n<p>    <img decoding=\"async\" alt=\"primulas\" class=\"centro_sinmarco\" src=\"https:\/\/i.blogs.es\/814fac\/13primulas66_2000\/450_1000.webp\"><br \/>\n     <\/a><\/p>\n<p>        <span>Imagen. Freepik<\/span>\n   <\/div>\n<\/p><\/div>\n<\/div>\n<p>Otra alternativa dentro de la variedad de plantas con flor ideales para dar color al balc\u00f3n, son <strong>las pr\u00edmulas<\/strong>, unas plantas que necesitan una <strong>ubicaci\u00f3n luminosa,<\/strong> aunque evitando la luz directa del sol, y fresca.<\/p>\n<p><!-- BREAK 21 --><\/p>\n<p>A esta planta no le gusta el calor, y aunque soporta muy bien el fr\u00edo, las heladas pueden ser peligrosas para ellas. Por ello hay que escoger la ubicaci\u00f3n con cuidado y si nuestra terraza o balc\u00f3n es muy soleado y caluroso mejor no tenerlas pues ser\u00e1 dif\u00edcil que sobrevivan la temporada de verano.<\/p>\n<p><!-- BREAK 22 --><\/p>\n<p>Respecto al <strong>riego<\/strong>, hay que regar la pr\u00edmula de forma abundante dejando secar el sustrato entre riego y riego. En verano podemos regar cada dos o tres d\u00edas.<\/p>\n<p><!-- BREAK 23 --><\/p>\n<p>Imagen portada | <a rel=\"noopener, noreferrer\" href=\"https:\/\/www.pexels.com\/es-es\/foto\/flores-edificio-techo-arquitectura-6738991\/\" data-id=\"noopener, noreferrer\">Egor Kunovsky<\/a><\/p>\n<p>En Xataka Smart Home | <a class=\"text-outboundlink\" href=\"https:\/\/www.xatakahome.com\/hogar\/podar-arbol-tu-vecino-este-invade-tu-jardin-no-buena-idea-esto-que-dice-ley\" data-vars-post-title=\"Podar el \u00e1rbol de tu vecino si \u00e9ste invade tu jard\u00edn no es buena idea: esto es lo que dice la ley \" data-vars-post-url=\"https:\/\/www.xatakahome.com\/hogar\/podar-arbol-tu-vecino-este-invade-tu-jardin-no-buena-idea-esto-que-dice-ley\">Podar el \u00e1rbol de tu vecino si \u00e9ste invade tu jard\u00edn no es buena idea: esto es lo que dice la ley<\/a><\/p>\n<h2><\/h2>\n<p><script>\n (function() {\n  window._JS_MODULES = window._JS_MODULES || {};\n  var headElement = document.getElementsByTagName('head')[0];\n  if (_JS_MODULES.instagram) {\n   var instagramScript = document.createElement('script');\n   instagramScript.src = 'https:\/\/platform.instagram.com\/en_US\/embeds.js';\n   instagramScript.async = true;\n   instagramScript.defer = true;\n   headElement.appendChild(instagramScript);\n  }\n })();\n<\/script><\/p>\n<p> &#8211; <br \/> La noticia<br \/>\n      <a href=\"https:\/\/www.xatakahome.com\/hogar\/quiero-evitar-miradas-indiscretas-vecinos-mi-terraza-patio-balcon-estas-siete-plantas-te-ayudaran-a-conseguirlo?utm_source=feedburner&amp;utm_medium=feed&amp;utm_campaign=13_Apr_2025\"><br \/>\n       <em> Quiero evitar las miradas indiscretas de los vecinos en mi terraza, patio o balc\u00f3n: estas siete plantas te ayudar\u00e1n a conseguirlo <\/em><br \/>\n      <\/a><br \/>\n      fue publicada originalmente en<br \/>\n      <a href=\"https:\/\/www.xatakahome.com\/?utm_source=feedburner&amp;utm_medium=feed&amp;utm_campaign=13_Apr_2025\"><br \/>\n       <strong> Xataka Smart Home <\/strong><br \/>\n      <\/a><br \/>\n             por <a href=\"https:\/\/www.xatakahome.com\/autor\/paco-rodriguez?utm_source=feedburner&amp;utm_medium=feed&amp;utm_campaign=13_Apr_2025\"><br \/>\n        Paco Rodr\u00edguez<br \/>\n       <\/a><br \/>\n      . <\/p>\n<\/div>\n","protected":false},"excerpt":{"rendered":"<p>La primavera es el momento ideal para empezar a preparar los espacios de exterior de nuestras casas, y una de las cuestiones que suele ser un tema recurrente en muchos de ellos es mantener la privacidad. Vamos a pasar m\u00e1s tiempo fuera y en general no suele gustarnos estar a la vista de las miradas &hellip; <a href=\"https:\/\/domosistemas.com\/?p=28194\" class=\"more-link\">Sigue leyendo <span class=\"screen-reader-text\">Quiero evitar las miradas indiscretas de los vecinos en mi terraza, patio o balc\u00f3n: estas siete plantas te ayudar\u00e1n a conseguirlo<\/span><\/a><\/p>\n","protected":false},"author":1,"featured_media":0,"comment_status":"closed","ping_status":"closed","sticky":false,"template":"","format":"standard","meta":{"footnotes":""},"categories":[8],"tags":[],"class_list":["post-28194","post","type-post","status-publish","format-standard","hentry","category-xataka"],"_links":{"self":[{"href":"https:\/\/domosistemas.com\/index.php?rest_route=\/wp\/v2\/posts\/28194","targetHints":{"allow":["GET"]}}],"collection":[{"href":"https:\/\/domosistemas.com\/index.php?rest_route=\/wp\/v2\/posts"}],"about":[{"href":"https:\/\/domosistemas.com\/index.php?rest_route=\/wp\/v2\/types\/post"}],"author":[{"embeddable":true,"href":"https:\/\/domosistemas.com\/index.php?rest_route=\/wp\/v2\/users\/1"}],"replies":[{"embeddable":true,"href":"https:\/\/domosistemas.com\/index.php?rest_route=%2Fwp%2Fv2%2Fcomments&post=28194"}],"version-history":[{"count":0,"href":"https:\/\/domosistemas.com\/index.php?rest_route=\/wp\/v2\/posts\/28194\/revisions"}],"wp:attachment":[{"href":"https:\/\/domosistemas.com\/index.php?rest_route=%2Fwp%2Fv2%2Fmedia&parent=28194"}],"wp:term":[{"taxonomy":"category","embeddable":true,"href":"https:\/\/domosistemas.com\/index.php?rest_route=%2Fwp%2Fv2%2Fcategories&post=28194"},{"taxonomy":"post_tag","embeddable":true,"href":"https:\/\/domosistemas.com\/index.php?rest_route=%2Fwp%2Fv2%2Ftags&post=28194"}],"curies":[{"name":"wp","href":"https:\/\/api.w.org\/{rel}","templated":true}]}}