{"id":28201,"date":"2025-04-14T06:30:15","date_gmt":"2025-04-14T06:30:15","guid":{"rendered":"https:\/\/domosistemas.com\/?p=28201"},"modified":"2025-04-14T06:30:15","modified_gmt":"2025-04-14T06:30:15","slug":"lidl-tiene-un-toldo-vertical-que-protege-del-calor-ideal-para-balcones-y-terrazas-es-opaco-muy-resistente-y-facil-de-instalar","status":"publish","type":"post","link":"https:\/\/domosistemas.com\/?p=28201","title":{"rendered":"Lidl tiene un toldo vertical que protege del calor, ideal para balcones y terrazas: es opaco, muy resistente y f\u00e1cil de instalar"},"content":{"rendered":"<div>\n<p>\n      <img decoding=\"async\" src=\"https:\/\/i.blogs.es\/ba2871\/ofertas_cpa_v3-copia---2025-04-14t074816.637\/1024_2000.jpeg\" alt=\"Lidl tiene un toldo vertical que protege del calor, ideal para balcones y terrazas: es opaco, muy resistente y f\u00e1cil de instalar \">\n    <\/p>\n<p>La primavera es sin\u00f3nimo de subida de temperaturas y el anticipo al verano, momento en el que el sol estar\u00e1 pegando fuerte en nuestros hogares. Si quieres Ir preparando tu casa de cara a la temporada veraniega y protegerla del calor y las miradas de vecinos cotillas, este <strong>toldo vertical de Lidl<\/strong> es una buena opci\u00f3n a tener en cuenta. Lo puedes comprar por <a rel=\"nofollow, sponsored, noopener, noreferrer\" target=\"_blank\" class=\"js-ecommerce\" id=\"link-ecommerce-1\" href=\"https:\/\/www.xatakahome.com\/redirect?url=https%3A%2F%2Fwww.lidl.es%2Fes%2Ftoldo-vertical-250-x-140-cm%2Fp77937&amp;category=seleccion&amp;ecomPostExpiration=everlasting&amp;postId=117206\" data-vars-affiliate-url=\"https:\/\/www.lidl.es\/es\/toldo-vertical-250-x-140-cm\/p77937\">59,99 euros<\/a>.<\/p>\n<p><!-- BREAK 1 --><!-- PIVOT START --><\/p>\n<div class=\"pivot-ecommerce-container m-pivot-ecommerce-redesign article-asset-normal article-asset-center\">\n<div class=\"pivot-ecommerce\">\n<div class=\"pivot-ecommerce-figure\">\n  <a rel=\"nofollow, sponsored, noopener, noreferrer\" target=\"_blank\" href=\"https:\/\/www.xatakahome.com\/redirect?url=https%3A%2F%2Fwww.lidl.es%2Fes%2Ftoldo-vertical-250-x-140-cm%2Fp77937&amp;category=seleccion&amp;pivot=1&amp;ecomPostExpiration=everlasting&amp;postId=117206\"><br \/>\n   <img loading=\"lazy\" decoding=\"async\" alt=\"Toldo vertical\" width=\"600\" height=\"600\" src=\"https:\/\/i.blogs.es\/dea9ed\/blob\/original.webp\" onerror='this.src=\"https:\/\/i.blogs.es\/dea9ed\/blob\/original.jpeg\"'><br \/>\n  <\/a>\n  <\/div>\n<div class=\"pivot-ecommerce-summary\">\n<p class=\"pivot-ecommerce-desc\">Toldo vertical<\/p>\n<div class=\"pivot-actions \">\n<div class=\"pivot-actions-row\">\n <a rel=\"nofollow, sponsored, noopener, noreferrer\" target=\"_blank\" data-asin=\"\" data-store=\"\" href=\"https:\/\/www.xatakahome.com\/redirect?url=https%3A%2F%2Fwww.lidl.es%2Fes%2Ftoldo-vertical-250-x-140-cm%2Fp77937&amp;category=seleccion&amp;pivot=1&amp;ecomPostExpiration=everlasting&amp;postId=117206\" title=\"Precio de venta al p\u00fablico a fecha de publicaci\u00f3n\" class=\"pivot-action-btn pivot-action-primary\">PVP en Lidl \u2014 <strong><span class=\"js-deal-price\">59,99<\/span> \u20ac<\/strong><\/a>\n <\/div>\n<\/p><\/div>\n<\/p><\/div>\n<\/p><\/div>\n<div class=\"pivot-link-msg\">* Alg\u00fan precio puede haber cambiado desde la \u00faltima revisi\u00f3n<\/div>\n<\/p><\/div>\n<p><!-- PIVOT END --><\/p>\n<h2>Un toldo vertical que se instala sin obras<\/h2>\n<div class=\"article-asset-image article-asset-normal article-asset-center\">\n<div class=\"asset-content\">\n                    <a rel=\"nofollow, sponsored, noopener, noreferrer\" target=\"_blank\" class=\"js-ecommerce\" id=\"link-ecommerce-2\" href=\"https:\/\/www.xatakahome.com\/redirect?url=https%3A%2F%2Fwww.lidl.es%2Fes%2Ftoldo-vertical-250-x-140-cm%2Fp77937&amp;category=seleccion&amp;ecomPostExpiration=everlasting&amp;postId=117206\" data-vars-affiliate-url=\"https:\/\/www.lidl.es\/es\/toldo-vertical-250-x-140-cm\/p77937\"><\/p>\n<p>    <img decoding=\"async\" alt=\"toldo vertical\" class=\"centro_sinmarco\" src=\"https:\/\/i.blogs.es\/8aa1a4\/proyecto-nuevo---2025-04-14t075924.237\/450_1000.webp\"><br \/>\n     <\/a><\/p><\/div>\n<\/div>\n<p>Si para el interior de nuestro hogar, contamos con dispositivos como <a class=\"text-outboundlink\" href=\"https:\/\/www.xataka.com\/seleccion\/que-ventilador-techo-comprar-mejores-recomendaciones-para-acertar-siete-modelos-100-euros\" data-vars-post-title=\"Qu\u00e9 ventilador de techo comprar. Mejores recomendaciones para acertar y cinco modelos desde menos de 100 euros\" data-vars-post-url=\"https:\/\/www.xataka.com\/seleccion\/que-ventilador-techo-comprar-mejores-recomendaciones-para-acertar-siete-modelos-100-euros\">ventiladores de techo<\/a> para mitigar el calor en casa, tambi\u00e9n hay opciones muy interesantes para <strong>conseguir bajar la temperatura de casa desde el exterior<\/strong>. Un claro ejemplo es este toldo vertical de Lidl que tambi\u00e9n protege de las miradas indiscretas.<\/p>\n<p><!-- BREAK 2 --><\/p>\n<div class=\"article-asset article-asset-normal article-asset-center\">\n<div class=\"desvio-container\">\n<div class=\"desvio\">\n<div class=\"desvio-figure js-desvio-figure\">\n    <a href=\"https:\/\/www.xatakahome.com\/seleccion\/no-todas-pergolas-cuestan-dineral-esta-leroy-merlin-muy-amplia-tiene-techo-retractil\" class=\"pivot-outboundlink\" data-vars-post-title=\"No todas las p\u00e9rgolas cuestan un dineral. Esta de Leroy Merlin es muy amplia y tiene techo retr\u00e1ctil \"><br \/>\n     <img loading=\"lazy\" decoding=\"async\" alt=\"No todas las p\u00e9rgolas cuestan un dineral. Esta de Leroy Merlin es muy amplia y tiene techo retr\u00e1ctil \" width=\"375\" height=\"142\" src=\"https:\/\/i.blogs.es\/7d17b8\/ofertas_cpa_v3-copia---2025-04-11t142452.384\/375_142.webp\" onerror='this.src=\"https:\/\/i.blogs.es\/7d17b8\/ofertas_cpa_v3-copia---2025-04-11t142452.384\/375_142.jpeg\"'><br \/>\n    <\/a>\n   <\/div>\n<div class=\"desvio-summary\">\n<div class=\"desvio-taxonomy js-desvio-taxonomy\">\n     <a href=\"https:\/\/www.xatakahome.com\/seleccion\/no-todas-pergolas-cuestan-dineral-esta-leroy-merlin-muy-amplia-tiene-techo-retractil\" class=\"desvio-taxonomy-anchor pivot-outboundlink\" data-vars-post-title=\"No todas las p\u00e9rgolas cuestan un dineral. Esta de Leroy Merlin es muy amplia y tiene techo retr\u00e1ctil \">En Xataka Smart Home<\/a>\n    <\/div>\n<p>    <a href=\"https:\/\/www.xatakahome.com\/seleccion\/no-todas-pergolas-cuestan-dineral-esta-leroy-merlin-muy-amplia-tiene-techo-retractil\" class=\"desvio-title js-desvio-title pivot-outboundlink\" data-vars-post-title=\"No todas las p\u00e9rgolas cuestan un dineral. Esta de Leroy Merlin es muy amplia y tiene techo retr\u00e1ctil \">No todas las p\u00e9rgolas cuestan un dineral. Esta de Leroy Merlin es muy amplia y tiene techo retr\u00e1ctil <\/a>\n   <\/div>\n<\/p><\/div>\n<\/p><\/div>\n<\/div>\n<div class=\"article-asset-video article-asset-normal\">\n<div class=\"asset-content\">\n<div class=\"base-asset-video\">\n<div class=\"js-dailymotion\">\n    <script type=\"application\/json\">\n                          {\"videoId\":\"x911f88\",\"autoplay\":true,\"title\":\"* \u00bfCu\u00e1nto gasta REALMENTE el VENTILADOR o el AIRE ACONDICIONADO? Por un verano SIN CALOR\", \"tag\":\"Ventilador\", \"duration\":\"257\"}\n                  <\/script>\n   <\/div>\n<\/p><\/div>\n<\/p><\/div>\n<\/div>\n<p>Instalar este toldo vertical es muy sencillo. Tan solo tienes que colocarlo en las puertas de acceso a tu hogar desde la terraza, balc\u00f3n o jard\u00edn. Incluye las instrucciones y el material de montaje, un proceso que resulta muy sencillo. Se puede fijar en la pared o el techo y es <strong>extensible hasta 2,5 metros<\/strong>.<\/p>\n<p><!-- BREAK 3 --><\/p>\n<p>Es un toldo opaco fabricado en poli\u00e9ster con revestimiento de PU y <strong>cuenta con una manivela de acero<\/strong> para poder subirlo y bajarlo de forma c\u00f3moda. Sus medidas son de 140 x 250 cm y el tejido en el que est\u00e1 fabricado es repelente al agua y con factor de protecci\u00f3n UV 50+.<\/p>\n<p><!-- BREAK 4 --><\/p>\n<h2>Una alternativa por si se agota<\/h2>\n<p>Casi todo lo que lanza Lidl para el hogar, se suele agotar r\u00e1pidamente en su web. Si no llegas a tiempo para conseguir este toldo vertical, en <strong>AliExpress<\/strong> hemos encontrado una alternativa. Se trata de esta pantalla de privacidad de 160 x 350 cm y que est\u00e1 disponible por <a rel=\"nofollow, sponsored, noopener, noreferrer\" target=\"_blank\" class=\"js-ecommerce\" id=\"link-ecommerce-3\" href=\"https:\/\/www.xatakahome.com\/redirect?url=https%3A%2F%2Fes.aliexpress.com%2Fitem%2F1005008750872156.html&amp;category=seleccion&amp;ecomPostExpiration=everlasting&amp;postId=117206\" data-vars-affiliate-url=\"https:\/\/es.aliexpress.com\/item\/1005008750872156.html\">79,39 euros<\/a>.<\/p>\n<p><!-- BREAK 5 --><!-- PIVOT START --><\/p>\n<div class=\"pivot-ecommerce-container m-pivot-ecommerce-redesign article-asset-normal article-asset-center\">\n<div class=\"pivot-ecommerce\">\n<div class=\"pivot-ecommerce-figure\">\n  <a rel=\"nofollow, sponsored, noopener, noreferrer\" target=\"_blank\" href=\"https:\/\/www.xatakahome.com\/redirect?url=https%3A%2F%2Fes.aliexpress.com%2Fitem%2F1005008750872156.html&amp;category=seleccion&amp;pivot=1&amp;ecomPostExpiration=everlasting&amp;postId=117206\"><br \/>\n   <img loading=\"lazy\" decoding=\"async\" alt=\"Toldo lateral extensible\" width=\"600\" height=\"600\" src=\"https:\/\/i.blogs.es\/730810\/blob\/original.webp\" onerror='this.src=\"https:\/\/i.blogs.es\/730810\/blob\/original.jpeg\"'><br \/>\n  <\/a>\n  <\/div>\n<div class=\"pivot-ecommerce-summary\">\n<p class=\"pivot-ecommerce-desc\">Toldo lateral extensible<\/p>\n<div class=\"pivot-actions \">\n<div class=\"pivot-actions-row\">\n <a rel=\"nofollow, sponsored, noopener, noreferrer\" target=\"_blank\" data-asin=\"\" data-store=\"\" href=\"https:\/\/www.xatakahome.com\/redirect?url=https%3A%2F%2Fes.aliexpress.com%2Fitem%2F1005008750872156.html&amp;category=seleccion&amp;pivot=1&amp;ecomPostExpiration=everlasting&amp;postId=117206\" title=\"Precio de venta al p\u00fablico a fecha de publicaci\u00f3n\" class=\"pivot-action-btn pivot-action-primary\">PVP en AliExpress \u2014 <strong><span class=\"js-deal-price\">79,39<\/span> \u20ac<\/strong><\/a>\n <\/div>\n<\/p><\/div>\n<\/p><\/div>\n<\/p><\/div>\n<div class=\"pivot-link-msg\">* Alg\u00fan precio puede haber cambiado desde la \u00faltima revisi\u00f3n<\/div>\n<\/p><\/div>\n<p><!-- PIVOT END --><\/p>\n<h2>Otras soluciones para proteger tu hogar del sol que te pueden interesar<\/h2>\n<p><!-- PIVOT START --><\/p>\n<div class=\"pivot-ecommerce-container m-pivot-ecommerce-redesign article-asset-normal article-asset-center\">\n<div class=\"pivot-ecommerce\">\n<div class=\"pivot-ecommerce-figure\">\n  <a rel=\"nofollow, sponsored, noopener, noreferrer\" target=\"_blank\" href=\"https:\/\/www.xatakahome.com\/redirect?url=https%3A%2F%2Fwww.amazon.es%2Fdp%2FB00TERN37M%3Ftag%3Dxatakahome-21%26linkCode%3Dogi%26th%3D1%26psc%3D1&amp;category=seleccion&amp;pivot=1&amp;ecomPostExpiration=everlasting&amp;postId=117206\"><br \/>\n   <img loading=\"lazy\" decoding=\"async\" alt=\"SONGMICS Toldo Lateral, Extensible, 180 x 300 cm\" width=\"500\" height=\"500\" src=\"https:\/\/i.blogs.es\/024b68\/31ymuhklx5l._sl500_\/original.webp\" onerror='this.src=\"https:\/\/i.blogs.es\/024b68\/31ymuhklx5l._sl500_\/original.jpeg\"'><br \/>\n  <\/a>\n  <\/div>\n<div class=\"pivot-ecommerce-summary\">\n<p class=\"pivot-ecommerce-desc\">SONGMICS Toldo Lateral, Extensible, 180 x 300 cm<\/p>\n<div class=\"pivot-actions \">\n<div class=\"pivot-actions-row\">\n <a rel=\"nofollow, sponsored, noopener, noreferrer\" target=\"_blank\" data-asin=\"B00TERN37M\" data-store=\"Amazon\" href=\"https:\/\/www.xatakahome.com\/redirect?url=https%3A%2F%2Fwww.amazon.es%2Fdp%2FB00TERN37M%3Ftag%3Dxatakahome-21%26linkCode%3Dogi%26th%3D1%26psc%3D1&amp;category=seleccion&amp;pivot=1&amp;ecomPostExpiration=everlasting&amp;postId=117206\" title=\"Precio actualizado hoy\" class=\"pivot-action-btn metrics-pivot-btn pivot-action-primary\">Hoy en Amazon \u2014 <strong><span class=\"js-deal-price\">109,99<\/span> \u20ac<\/strong><\/a>\n <\/div>\n<\/p><\/div>\n<\/p><\/div>\n<\/p><\/div>\n<div class=\"pivot-link-msg\">* Alg\u00fan precio puede haber cambiado desde la \u00faltima revisi\u00f3n<\/div>\n<\/p><\/div>\n<p><!-- PIVOT END --><br \/>\n<!-- PIVOT START --><\/p>\n<div class=\"pivot-ecommerce-container m-pivot-ecommerce-redesign article-asset-normal article-asset-center\">\n<div class=\"pivot-ecommerce\">\n<div class=\"pivot-ecommerce-figure\">\n  <a rel=\"nofollow, sponsored, noopener, noreferrer\" target=\"_blank\" href=\"https:\/\/www.xatakahome.com\/redirect?url=https%3A%2F%2Fwww.amazon.es%2Fdp%2FB0BLSK9235%3Ftag%3Dxatakahome-21%26linkCode%3Dogi%26th%3D1%26psc%3D1&amp;category=seleccion&amp;pivot=1&amp;ecomPostExpiration=everlasting&amp;postId=117206\"><br \/>\n   <img loading=\"lazy\" decoding=\"async\" alt=\"HAIKUS Toldo Vela Rectangular 3x4 m\" width=\"500\" height=\"500\" src=\"https:\/\/i.blogs.es\/815776\/61pjseb0ctl._sl500_\/original.webp\" onerror='this.src=\"https:\/\/i.blogs.es\/815776\/61pjseb0ctl._sl500_\/original.jpeg\"'><br \/>\n  <\/a>\n  <\/div>\n<div class=\"pivot-ecommerce-summary\">\n<p class=\"pivot-ecommerce-desc\">HAIKUS Toldo Vela Rectangular 3&#215;4 m<\/p>\n<div class=\"pivot-actions \">\n<div class=\"pivot-actions-row\">\n <a rel=\"nofollow, sponsored, noopener, noreferrer\" target=\"_blank\" data-asin=\"B0BLSK9235\" data-store=\"Amazon\" href=\"https:\/\/www.xatakahome.com\/redirect?url=https%3A%2F%2Fwww.amazon.es%2Fdp%2FB0BLSK9235%3Ftag%3Dxatakahome-21%26linkCode%3Dogi%26th%3D1%26psc%3D1&amp;category=seleccion&amp;pivot=1&amp;ecomPostExpiration=everlasting&amp;postId=117206\" title=\"Precio actualizado hoy\" class=\"pivot-action-btn metrics-pivot-btn pivot-action-primary\">Hoy en Amazon \u2014 <strong><span class=\"js-deal-price\">30,68<\/span> \u20ac<\/strong><\/a>\n <\/div>\n<\/p><\/div>\n<\/p><\/div>\n<\/p><\/div>\n<div class=\"pivot-link-msg\">* Alg\u00fan precio puede haber cambiado desde la \u00faltima revisi\u00f3n<\/div>\n<\/p><\/div>\n<p><!-- PIVOT END --><\/p>\n<div class=\"article-asset article-asset-normal article-asset-center\">\n<div class=\"desvio-container\">\n<div class=\"desvio\">\n<div class=\"desvio-figure js-desvio-figure\">\n    <a href=\"https:\/\/www.xataka.com\/seleccion\/cinco-ofertas-para-aprovechar-campana-abril-ahorral-mediamarkt-xiaomi-14t-pro-1-tb-tele-oled-samsung\" class=\"pivot-outboundlink\" target=\"_blank\" data-vars-post-title='Cinco ofertas para aprovechar la campa\u00f1a \"Abril ahorral\" de MediaMarkt. Un Xiaomi 14T Pro de 1 TB, una tele OLED de Samsung y m\u00e1s '><br \/>\n     <img loading=\"lazy\" decoding=\"async\" alt='Cinco ofertas para aprovechar la campa\u00f1a \"Abril ahorral\" de MediaMarkt. Un Xiaomi 14T Pro de 1 TB, una tele OLED de Samsung y m\u00e1s ' width=\"375\" height=\"142\" src=\"https:\/\/i.blogs.es\/5feba4\/mediamarkt\/375_142.webp\" onerror='this.src=\"https:\/\/i.blogs.es\/5feba4\/mediamarkt\/375_142.jpeg\"'><br \/>\n    <\/a>\n   <\/div>\n<div class=\"desvio-summary\">\n<div class=\"desvio-taxonomy js-desvio-taxonomy\">\n     <a href=\"https:\/\/www.xataka.com\/seleccion\/cinco-ofertas-para-aprovechar-campana-abril-ahorral-mediamarkt-xiaomi-14t-pro-1-tb-tele-oled-samsung\" class=\"desvio-taxonomy-anchor pivot-outboundlink m-crosspost\" target=\"_blank\" data-vars-post-title='Cinco ofertas para aprovechar la campa\u00f1a \"Abril ahorral\" de MediaMarkt. Un Xiaomi 14T Pro de 1 TB, una tele OLED de Samsung y m\u00e1s '>En Xataka<\/a>\n    <\/div>\n<p>    <a href=\"https:\/\/www.xataka.com\/seleccion\/cinco-ofertas-para-aprovechar-campana-abril-ahorral-mediamarkt-xiaomi-14t-pro-1-tb-tele-oled-samsung\" class=\"desvio-title js-desvio-title pivot-outboundlink\" target=\"_blank\" data-vars-post-title='Cinco ofertas para aprovechar la campa\u00f1a \"Abril ahorral\" de MediaMarkt. Un Xiaomi 14T Pro de 1 TB, una tele OLED de Samsung y m\u00e1s '>Cinco ofertas para aprovechar la campa\u00f1a \u00abAbril ahorral\u00bb de MediaMarkt. Un Xiaomi 14T Pro de 1 TB, una tele OLED de Samsung y m\u00e1s <\/a>\n   <\/div>\n<\/p><\/div>\n<\/p><\/div>\n<\/div>\n<p><em>Nota: algunos de los enlaces aqu\u00ed publicados son de afiliados y pueden reportar un beneficio.<\/em><\/p>\n<p>Im\u00e1genes | Webedia y Lidl<\/p>\n<p>En Xataka Smart Home | <a class=\"text-outboundlink\" href=\"https:\/\/www.xatakahome.com\/seleccion\/ventiladores-pie-cual-comprar-consejos-recomendaciones\" data-vars-post-title=\"Ventiladores de pie: \u00bfCu\u00e1l comprar? Consejos y recomendaciones\" data-vars-post-url=\"https:\/\/www.xatakahome.com\/seleccion\/ventiladores-pie-cual-comprar-consejos-recomendaciones\">Ventiladores de pie: \u00bfCu\u00e1l comprar? Consejos y recomendaciones<\/a><\/p>\n<p>En Xataka Smart Home | <a class=\"text-outboundlink\" href=\"https:\/\/www.xatakahome.com\/seleccion\/luces-exterior-para-terraza-jardin-cual-comprar-consejos-recomendaciones\" data-vars-post-title=\"Luces de exterior para terraza y jard\u00edn: \u00bfCu\u00e1l comprar? Consejos y recomendaciones\" data-vars-post-url=\"https:\/\/www.xatakahome.com\/seleccion\/luces-exterior-para-terraza-jardin-cual-comprar-consejos-recomendaciones\">Luces de exterior para terraza y jard\u00edn: \u00bfCu\u00e1l comprar? Consejos y recomendaciones<\/a><\/p>\n<p><script>\n (function() {\n  window._JS_MODULES = window._JS_MODULES || {};\n  var headElement = document.getElementsByTagName('head')[0];\n  if (_JS_MODULES.instagram) {\n   var instagramScript = document.createElement('script');\n   instagramScript.src = 'https:\/\/platform.instagram.com\/en_US\/embeds.js';\n   instagramScript.async = true;\n   instagramScript.defer = true;\n   headElement.appendChild(instagramScript);\n  }\n })();\n<\/script><\/p>\n<p> &#8211; <br \/> La noticia<br \/>\n      <a href=\"https:\/\/www.xatakahome.com\/seleccion\/lidl-tiene-toldo-vertical-que-protege-calor-ideal-para-balcones-terrazas-opaco-muy-resistente-facil-instalar?utm_source=feedburner&amp;utm_medium=feed&amp;utm_campaign=14_Apr_2025\"><br \/>\n       <em> Lidl tiene un toldo vertical que protege del calor, ideal para balcones y terrazas: es opaco, muy resistente y f\u00e1cil de instalar  <\/em><br \/>\n      <\/a><br \/>\n      fue publicada originalmente en<br \/>\n      <a href=\"https:\/\/www.xatakahome.com\/?utm_source=feedburner&amp;utm_medium=feed&amp;utm_campaign=14_Apr_2025\"><br \/>\n       <strong> Xataka Smart Home <\/strong><br \/>\n      <\/a><br \/>\n             por <a href=\"https:\/\/www.xatakahome.com\/autor\/fran-leon?utm_source=feedburner&amp;utm_medium=feed&amp;utm_campaign=14_Apr_2025\"><br \/>\n        Fran Le\u00f3n<br \/>\n       <\/a><br \/>\n      . <\/p>\n<\/div>\n","protected":false},"excerpt":{"rendered":"<p>La primavera es sin\u00f3nimo de subida de temperaturas y el anticipo al verano, momento en el que el sol estar\u00e1 pegando fuerte en nuestros hogares. Si quieres Ir preparando tu casa de cara a la temporada veraniega y protegerla del calor y las miradas de vecinos cotillas, este toldo vertical de Lidl es una buena &hellip; <a href=\"https:\/\/domosistemas.com\/?p=28201\" class=\"more-link\">Sigue leyendo <span class=\"screen-reader-text\">Lidl tiene un toldo vertical que protege del calor, ideal para balcones y terrazas: es opaco, muy resistente y f\u00e1cil de instalar<\/span><\/a><\/p>\n","protected":false},"author":1,"featured_media":0,"comment_status":"closed","ping_status":"closed","sticky":false,"template":"","format":"standard","meta":{"footnotes":""},"categories":[8],"tags":[],"class_list":["post-28201","post","type-post","status-publish","format-standard","hentry","category-xataka"],"_links":{"self":[{"href":"https:\/\/domosistemas.com\/index.php?rest_route=\/wp\/v2\/posts\/28201","targetHints":{"allow":["GET"]}}],"collection":[{"href":"https:\/\/domosistemas.com\/index.php?rest_route=\/wp\/v2\/posts"}],"about":[{"href":"https:\/\/domosistemas.com\/index.php?rest_route=\/wp\/v2\/types\/post"}],"author":[{"embeddable":true,"href":"https:\/\/domosistemas.com\/index.php?rest_route=\/wp\/v2\/users\/1"}],"replies":[{"embeddable":true,"href":"https:\/\/domosistemas.com\/index.php?rest_route=%2Fwp%2Fv2%2Fcomments&post=28201"}],"version-history":[{"count":0,"href":"https:\/\/domosistemas.com\/index.php?rest_route=\/wp\/v2\/posts\/28201\/revisions"}],"wp:attachment":[{"href":"https:\/\/domosistemas.com\/index.php?rest_route=%2Fwp%2Fv2%2Fmedia&parent=28201"}],"wp:term":[{"taxonomy":"category","embeddable":true,"href":"https:\/\/domosistemas.com\/index.php?rest_route=%2Fwp%2Fv2%2Fcategories&post=28201"},{"taxonomy":"post_tag","embeddable":true,"href":"https:\/\/domosistemas.com\/index.php?rest_route=%2Fwp%2Fv2%2Ftags&post=28201"}],"curies":[{"name":"wp","href":"https:\/\/api.w.org\/{rel}","templated":true}]}}