{"id":28252,"date":"2025-04-19T13:01:40","date_gmt":"2025-04-19T13:01:40","guid":{"rendered":"https:\/\/domosistemas.com\/?p=28252"},"modified":"2025-04-19T13:01:40","modified_gmt":"2025-04-19T13:01:40","slug":"tenia-una-terraza-pequena-y-mal-aprovechada-que-parecia-un-trastero-asi-la-convirtio-en-un-espacio-util-y-agradable","status":"publish","type":"post","link":"https:\/\/domosistemas.com\/?p=28252","title":{"rendered":"Ten\u00eda una terraza peque\u00f1a y mal aprovechada que parec\u00eda un trastero: as\u00ed la convirti\u00f3 en un espacio \u00fatil y agradable"},"content":{"rendered":"<div>\n<p>\n      <img decoding=\"async\" src=\"https:\/\/i.blogs.es\/14f44e\/pexels-olly-3764173\/1024_2000.jpeg\" alt=\"Ten\u00eda una terraza peque\u00f1a y mal aprovechada que parec\u00eda un trastero: as\u00ed la convirti\u00f3 en un espacio \u00fatil y agradable\">\n    <\/p>\n<p>Si contamos en casa con una zona de exterior como una <strong>terraza, patio o balc\u00f3n,<\/strong> la primavera es la \u00e9poca del a\u00f1o ideal para hacer peque\u00f1as reformas, renovando y mejorando su aspecto para que podamos disfrutarlas en cuanto empieza a llegar el calor.<\/p>\n<p><!-- BREAK 1 --><\/p>\n<p>Y <strong>no hace falta meterse en obras<\/strong> ni gastar un dineral. A veces con unos peque\u00f1os cambios, una buena limpieza y un poco de imaginaci\u00f3n es posible darle la vuelta por completo a un espacio feo y soso y convertirlo en un peque\u00f1o oasis personal.<\/p>\n<p><!-- BREAK 2 --><\/p>\n<div class=\"article-asset article-asset-normal article-asset-center\">\n<div class=\"desvio-container\">\n<div class=\"desvio\">\n<div class=\"desvio-figure js-desvio-figure\">\n    <a href=\"https:\/\/www.xatakahome.com\/hogar\/cinco-ideas-low-cost-para-transformar-tu-terraza-balcon-que-parezca-otra-distinta-para-aprovechar-primavera\" class=\"pivot-outboundlink\" data-vars-post-title=\"Cinco ideas low cost para transformar tu terraza o balc\u00f3n y que parezca otra distinta para aprovechar la primavera \"><br \/>\n     <img loading=\"lazy\" decoding=\"async\" alt=\"Cinco ideas low cost para transformar tu terraza o balc\u00f3n y que parezca otra distinta para aprovechar la primavera \" width=\"375\" height=\"142\" src=\"https:\/\/i.blogs.es\/3075d6\/balcony-4990666_1920\/375_142.webp\" onerror='this.src=\"https:\/\/i.blogs.es\/3075d6\/balcony-4990666_1920\/375_142.jpeg\"'><br \/>\n    <\/a>\n   <\/div>\n<div class=\"desvio-summary\">\n<div class=\"desvio-taxonomy js-desvio-taxonomy\">\n     <a href=\"https:\/\/www.xatakahome.com\/hogar\/cinco-ideas-low-cost-para-transformar-tu-terraza-balcon-que-parezca-otra-distinta-para-aprovechar-primavera\" class=\"desvio-taxonomy-anchor pivot-outboundlink\" data-vars-post-title=\"Cinco ideas low cost para transformar tu terraza o balc\u00f3n y que parezca otra distinta para aprovechar la primavera \">En Xataka Smart Home<\/a>\n    <\/div>\n<p>    <a href=\"https:\/\/www.xatakahome.com\/hogar\/cinco-ideas-low-cost-para-transformar-tu-terraza-balcon-que-parezca-otra-distinta-para-aprovechar-primavera\" class=\"desvio-title js-desvio-title pivot-outboundlink\" data-vars-post-title=\"Cinco ideas low cost para transformar tu terraza o balc\u00f3n y que parezca otra distinta para aprovechar la primavera \">Cinco ideas low cost para transformar tu terraza o balc\u00f3n y que parezca otra distinta para aprovechar la primavera <\/a>\n   <\/div>\n<\/p><\/div>\n<\/p><\/div>\n<\/div>\n<h2>Cambiado por completo el aspecto de una terraza<\/h2>\n<div class=\"article-asset-image article-asset-normal article-asset-center\">\n<div class=\"asset-content\">\n<div class=\"caption-img \">\n                    <a rel=\"noopener, noreferrer\" href=\"https:\/\/www.tiktok.com\/@aichaemlk\/video\/7482336835553856790\"><\/p>\n<p>    <img decoding=\"async\" alt=\"balc\u00f3n\" class=\"centro_sinmarco\" src=\"https:\/\/i.blogs.es\/adcbd1\/1balcon0\/450_1000.webp\"><br \/>\n     <\/a><\/p>\n<p>        <span>V\u00eddeo: @aichaemlk en TikTok<\/span>\n   <\/div>\n<\/p><\/div>\n<\/div>\n<p>La idea la hemos encontrado en la cuenta de <strong>TikTok<\/strong> de <a rel=\"noopener, noreferrer\" href=\"https:\/\/www.tiktok.com\/@aichaemlk\/video\/7482336835553856790?_r=1&amp;_t=ZN-8vM8snLHABS\" data-id=\"noopener, noreferrer\">@aichaemlk<\/a>, donde se muestra c\u00f3mo es posible con un poco de imaginaci\u00f3n y prestando atenci\u00f3n al detalle transformar una terraza peque\u00f1a (o un balc\u00f3n grande) en todo un <strong>espacio con encanto sin hacer obras <\/strong>ni gastar mucho presupuesto.<\/p>\n<p><!-- BREAK 3 --><\/p>\n<p>Era la t\u00edpica terracita de interior<strong> <\/strong>que ni es grande ni peque\u00f1a y no sabes muy bien qu\u00e9 hacer con ella, quedando al final en un <strong>espacio mal aprovechado <\/strong>que se termina usando para guardar los trastos viejos, macetas rotas, etc.<\/p>\n<p><!-- BREAK 4 --><\/p>\n<div class=\"article-asset-image article-asset-normal article-asset-center\">\n<div class=\"asset-content\">\n<div class=\"caption-img \">\n                    <a rel=\"noopener, noreferrer\" href=\"https:\/\/www.tiktok.com\/@aichaemlk\/video\/7482336835553856790\"><\/p>\n<p>    <img decoding=\"async\" alt=\"terraza\" class=\"centro_sinmarco\" src=\"https:\/\/i.blogs.es\/aefe1b\/1366_2000\/450_1000.webp\"><br \/>\n     <\/a><\/p>\n<p>        <span>Imagen: @aichaemlk en TikTok<\/span>\n   <\/div>\n<\/p><\/div>\n<\/div>\n<p>Sus due\u00f1os han conseguido un cambio \u00fanico utilizando varios trucos de decoraci\u00f3n, como usar <strong>plantas vistosas<\/strong> para dotarlo de elegancia o cambiar el aspecto del suelo gracias a baldosas en kit sin obra como por ejemplo <a rel=\"nofollow, sponsored, noopener, noreferrer\" target=\"_blank\" class=\"js-ecommerce\" id=\"link-ecommerce-1\" href=\"https:\/\/www.xatakahome.com\/redirect?url=https%3A%2F%2Fwww.ikea.com%2Fes%2Fes%2Fp%2Frunnen-suelo-exterior-suelo-terraza-acacia-60518486%2F&amp;category=hogar&amp;ecomPostExpiration=not_classified&amp;postId=117168\" data-vars-affiliate-url=\"https:\/\/www.ikea.com\/es\/es\/p\/runnen-suelo-exterior-suelo-terraza-acacia-60518486\/\">estas compradas en IKEA<\/a> de madera natural de acacia que son las que han empleado en el proyecto.<\/p>\n<p><!-- BREAK 5 --><\/p>\n<div class=\"article-asset-image article-asset-normal article-asset-center\">\n<div class=\"asset-content\">\n<div class=\"caption-img \">\n                    <a rel=\"noopener, noreferrer\" href=\"https:\/\/www.tiktok.com\/@aichaemlk\/video\/7482336835553856790\"><\/p>\n<p>    <img decoding=\"async\" alt=\"Balc\u00f3n\" class=\"centro_sinmarco\" src=\"https:\/\/i.blogs.es\/6a357d\/1366_20080\/450_1000.webp\"><br \/>\n     <\/a><\/p>\n<p>        <span>Imagen: @aichaemlk en TikTok<\/span>\n   <\/div>\n<\/p><\/div>\n<\/div>\n<p>Tambi\u00e9n se han acompa\u00f1ado de una <strong>mesita y sillas plegables<\/strong> para poder aprovechar mejor el espacio y disfrutar de \u00e9l de forma m\u00e1s c\u00f3moda. En concreto, han optado por <a rel=\"nofollow, sponsored, noopener, noreferrer\" target=\"_blank\" class=\"js-ecommerce\" id=\"link-ecommerce-2\" href=\"https:\/\/www.xatakahome.com\/redirect?url=https%3A%2F%2Fwww.ikea.com%2Fes%2Fes%2Fp%2Faskholmen-mesa-plegable-jardin-marron-oscuro-10557526%2F&amp;category=hogar&amp;ecomPostExpiration=not_classified&amp;postId=117168\" data-vars-affiliate-url=\"https:\/\/www.ikea.com\/es\/es\/p\/askholmen-mesa-plegable-jardin-marron-oscuro-10557526\/\">estos muebles de IKEA<\/a> que van en la misma l\u00ednea del suelo de madera.<\/p>\n<p><!-- BREAK 6 --><\/p>\n<p>Por supuesto se ha despejado el espacio de trastos, cajas y dem\u00e1s elementos viejos, limpiando el suelo y las paredes para que quede todo mucho m\u00e1s limpio y agradable a la vista, eligiendo <strong>macetas que conjuntan<\/strong> con el color de las plantas y flores escogidas.<\/p>\n<p><!-- BREAK 7 --><\/p>\n<div class=\"article-asset-video article-asset-normal\">\n<div class=\"asset-content\">\n<div class=\"base-asset-video\">\n<div class=\"js-dailymotion\">\n    <script type=\"application\/json\">\n                          {\"videoId\":\"x7znesx\",\"autoplay\":true,\"title\":\"Edificio de autoconsumo ASI\u0301 FUNCIONAN - Paneles solares en bloques de pisos\", \"tag\":\"solar\", \"duration\":\"564\"}\n                  <\/script>\n   <\/div>\n<\/p><\/div>\n<\/p><\/div>\n<\/div>\n<p>Hubiera sido posible adem\u00e1s a\u00f1adir alg\u00fan elemento m\u00e1s como <a class=\"text-outboundlink\" href=\"https:\/\/www.xatakahome.com\/hogar\/cambiar-completo-aspecto-terraza-patio-obras-gastando-poco-asi-puedes-hacerlo-usando-cesped-artificial\" data-vars-post-title=\"Cambiar por completo el aspecto de una terraza o patio sin obras y gastando poco: as\u00ed puedes hacerlo usando c\u00e9sped artificial \" data-vars-post-url=\"https:\/\/www.xatakahome.com\/hogar\/cambiar-completo-aspecto-terraza-patio-obras-gastando-poco-asi-puedes-hacerlo-usando-cesped-artificial\">c\u00e9sped artificial<\/a>, una <strong>mejor iluminaci\u00f3n o apliques decorativos<\/strong> en las paredes, aunque eso queda ya al gusto y posibilidades de cada usuario, siendo una opci\u00f3n ideal para mejorar el aspecto en pisos de alquiler o cuando no queremos meternos en muchas obras.<\/p>\n<p><!-- BREAK 8 --><\/p>\n<p>V\u00eda | \u00a0<a rel=\"noopener, noreferrer\" href=\"https:\/\/www.tiktok.com\/@aichaemlk\/video\/7482336835553856790\" data-id=\"noopener, noreferrer\">@aichaemlk<\/a><\/p>\n<p>Imagen portada | <a rel=\"noopener, noreferrer\" href=\"https:\/\/www.pexels.com\/es-es\/foto\/mujer-en-sueter-blanco-sosteniendo-una-taza-de-ceramica-blanca-3764173\/\">Andrea Piacquadio<\/a><\/p>\n<p>En Xataka SmartHome | <a class=\"text-outboundlink\" href=\"https:\/\/www.xatakahome.com\/televisores\/proyectores-portatiles-para-terraza-patio-jardin-que-fijarse-al-comprar-uno-modelos-recomendados\" data-vars-post-title=\"Proyectores port\u00e1tiles para la terraza, patio o jard\u00edn: en qu\u00e9 fijarse al comprar uno y modelos recomendados\" data-vars-post-url=\"https:\/\/www.xatakahome.com\/televisores\/proyectores-portatiles-para-terraza-patio-jardin-que-fijarse-al-comprar-uno-modelos-recomendados\">Proyectores port\u00e1tiles para la terraza, patio o jard\u00edn: en qu\u00e9 fijarse al comprar uno y modelos recomendados<\/a><\/p>\n<p><script>\n (function() {\n  window._JS_MODULES = window._JS_MODULES || {};\n  var headElement = document.getElementsByTagName('head')[0];\n  if (_JS_MODULES.instagram) {\n   var instagramScript = document.createElement('script');\n   instagramScript.src = 'https:\/\/platform.instagram.com\/en_US\/embeds.js';\n   instagramScript.async = true;\n   instagramScript.defer = true;\n   headElement.appendChild(instagramScript);\n  }\n })();\n<\/script><\/p>\n<p> &#8211; <br \/> La noticia<br \/>\n      <a href=\"https:\/\/www.xatakahome.com\/hogar\/tenia-terraza-pequena-mal-aprovechada-que-parecia-trastero-asi-convirtio-espacio-util-agradable?utm_source=feedburner&amp;utm_medium=feed&amp;utm_campaign=19_Apr_2025\"><br \/>\n       <em> Ten\u00eda una terraza peque\u00f1a y mal aprovechada que parec\u00eda un trastero: as\u00ed la convirti\u00f3 en un espacio \u00fatil y agradable <\/em><br \/>\n      <\/a><br \/>\n      fue publicada originalmente en<br \/>\n      <a href=\"https:\/\/www.xatakahome.com\/?utm_source=feedburner&amp;utm_medium=feed&amp;utm_campaign=19_Apr_2025\"><br \/>\n       <strong> Xataka Smart Home <\/strong><br \/>\n      <\/a><br \/>\n             por <a href=\"https:\/\/www.xatakahome.com\/autor\/paco-rodriguez?utm_source=feedburner&amp;utm_medium=feed&amp;utm_campaign=19_Apr_2025\"><br \/>\n        Paco Rodr\u00edguez<br \/>\n       <\/a><br \/>\n      . <\/p>\n<\/div>\n","protected":false},"excerpt":{"rendered":"<p>Si contamos en casa con una zona de exterior como una terraza, patio o balc\u00f3n, la primavera es la \u00e9poca del a\u00f1o ideal para hacer peque\u00f1as reformas, renovando y mejorando su aspecto para que podamos disfrutarlas en cuanto empieza a llegar el calor. Y no hace falta meterse en obras ni gastar un dineral. A &hellip; <a href=\"https:\/\/domosistemas.com\/?p=28252\" class=\"more-link\">Sigue leyendo <span class=\"screen-reader-text\">Ten\u00eda una terraza peque\u00f1a y mal aprovechada que parec\u00eda un trastero: as\u00ed la convirti\u00f3 en un espacio \u00fatil y agradable<\/span><\/a><\/p>\n","protected":false},"author":1,"featured_media":0,"comment_status":"closed","ping_status":"closed","sticky":false,"template":"","format":"standard","meta":{"footnotes":""},"categories":[8],"tags":[],"class_list":["post-28252","post","type-post","status-publish","format-standard","hentry","category-xataka"],"_links":{"self":[{"href":"https:\/\/domosistemas.com\/index.php?rest_route=\/wp\/v2\/posts\/28252","targetHints":{"allow":["GET"]}}],"collection":[{"href":"https:\/\/domosistemas.com\/index.php?rest_route=\/wp\/v2\/posts"}],"about":[{"href":"https:\/\/domosistemas.com\/index.php?rest_route=\/wp\/v2\/types\/post"}],"author":[{"embeddable":true,"href":"https:\/\/domosistemas.com\/index.php?rest_route=\/wp\/v2\/users\/1"}],"replies":[{"embeddable":true,"href":"https:\/\/domosistemas.com\/index.php?rest_route=%2Fwp%2Fv2%2Fcomments&post=28252"}],"version-history":[{"count":0,"href":"https:\/\/domosistemas.com\/index.php?rest_route=\/wp\/v2\/posts\/28252\/revisions"}],"wp:attachment":[{"href":"https:\/\/domosistemas.com\/index.php?rest_route=%2Fwp%2Fv2%2Fmedia&parent=28252"}],"wp:term":[{"taxonomy":"category","embeddable":true,"href":"https:\/\/domosistemas.com\/index.php?rest_route=%2Fwp%2Fv2%2Fcategories&post=28252"},{"taxonomy":"post_tag","embeddable":true,"href":"https:\/\/domosistemas.com\/index.php?rest_route=%2Fwp%2Fv2%2Ftags&post=28252"}],"curies":[{"name":"wp","href":"https:\/\/api.w.org\/{rel}","templated":true}]}}