{"id":28266,"date":"2025-04-21T09:09:40","date_gmt":"2025-04-21T09:09:40","guid":{"rendered":"https:\/\/domosistemas.com\/?p=28266"},"modified":"2025-04-21T09:09:40","modified_gmt":"2025-04-21T09:09:40","slug":"al-volver-de-vacaciones-de-semana-santa-mi-casa-olia-fatal-cual-fue-el-problema-y-que-hago-ahora-para-evitar-que-se-repita","status":"publish","type":"post","link":"https:\/\/domosistemas.com\/?p=28266","title":{"rendered":"Al volver de vacaciones de Semana Santa mi casa ol\u00eda fatal: cu\u00e1l fue el problema y qu\u00e9 hago ahora para evitar que se repita"},"content":{"rendered":"<div>\n<p>\n      <img decoding=\"async\" src=\"https:\/\/i.blogs.es\/a6e5f1\/pexels-heyho-8089156\/1024_2000.jpeg\" alt=\"Al volver de vacaciones de Semana Santa mi casa ol\u00eda fatal: cu\u00e1l fue el problema y qu\u00e9 hago ahora para evitar que se repita  \">\n    <\/p>\n<p>Hace unos a\u00f1os salimos de vacaciones en <strong>Semana Santa, <\/strong>siete d\u00edas de ocio fuera de la vivienda que por supuesto hab\u00edamos preparado tomando unas m\u00ednimas precauciones&#8230; pero no fue suficiente. Al volver todo estaba correcto, salvo por el <strong>olor nauseabundo<\/strong> que detectamos nada m\u00e1s abrir la puerta.<\/p>\n<p><!-- BREAK 1 --><\/p>\n<p>R\u00e1pidamente nos dimos cuenta de que algo pasaba, sobre todo cuando vimos que <strong>las luces no se encend\u00edan<\/strong>, ni funcionaba el timbre ni el interfono de la puerta. Ya est\u00e1, <strong>se ha ido la luz<\/strong> en nuestra ausencia y se ha estropeado algo en el frio.<\/p>\n<p><!-- BREAK 2 --><\/p>\n<p>Efectivamente as\u00ed era. Fuimos al <a class=\"text-outboundlink\" href=\"https:\/\/www.xatakahome.com\/iluminacion-y-energia\/cuadro-electrico-casa-partes-funciones-diferentes-interruptores\" data-vars-post-title=\"El cuadro el\u00e9ctrico de casa: partes y funciones de los diferentes interruptores\" data-vars-post-url=\"https:\/\/www.xatakahome.com\/iluminacion-y-energia\/cuadro-electrico-casa-partes-funciones-diferentes-interruptores\">cuadro de luces<\/a> y vimos que <strong>la palanca general estaba bajada<\/strong>, la subimos y volvi\u00f3 la luz, pero esto solo sirvi\u00f3 para poder ver con m\u00e1s detalle c\u00f3mo lo poco que hab\u00eda en el frigo estaba para tirarlo. Y ese no fue el \u00fanico problema, ya que hab\u00eda crecido como una especie de hongo en la parte trasera de la nevera que era el principal causante del mal olor.<\/p>\n<p><!-- BREAK 3 --><\/p>\n<div class=\"toc-container article-asset-normal\">\n<details>\n<summary class=\"toc-header \">\n   <span class=\"toc-heading\"><br \/>\n    <span>\u00cdndice de Contenidos (3)<\/span><br \/>\n   <\/span><br \/>\n   <span class=\"icon-folded\"><\/span><br \/>\n  <\/summary>\n<\/details>\n<div class=\"toc-list-wrap \">\n<div class=\"toc-list-item\">\n<ul class=\"toc-list\">\n<li class=\"toc-item\">\n       <a href=\"https:\/\/www.xatakahome.com\/hogar\/al-volver-vacaciones-semana-santa-mi-casa-olia-fatal-cual-fue-problema-que-hago-ahora-para-evitar-que-se-repita#preparando-frigorificos-congeladores-1\" class=\"toc-item-link\">Preparando frigor\u00edficos y congeladores<\/a>\n      <\/li>\n<li class=\"toc-item\">\n       <a href=\"https:\/\/www.xatakahome.com\/hogar\/al-volver-vacaciones-semana-santa-mi-casa-olia-fatal-cual-fue-problema-que-hago-ahora-para-evitar-que-se-repita#bajar-palanca-luz-al-salir-casa-opcion-no-apta-para-todos-2\" class=\"toc-item-link\">Bajar la palanca de la luz al salir de casa, una opci\u00f3n no apta para todos<\/a>\n      <\/li>\n<li class=\"toc-item\">\n       <a href=\"https:\/\/www.xatakahome.com\/hogar\/al-volver-vacaciones-semana-santa-mi-casa-olia-fatal-cual-fue-problema-que-hago-ahora-para-evitar-que-se-repita#que-hacer-otros-electrodomesticos-calefaccion-aire-acondicionado-3\" class=\"toc-item-link\">Qu\u00e9 hacer con otros electrodom\u00e9sticos, calefacci\u00f3n y aire acondicionado<\/a>\n      <\/li>\n<\/ul><\/div>\n<\/p><\/div>\n<\/div>\n<div class=\"article-asset article-asset-normal article-asset-center\">\n<div class=\"desvio-container\">\n<div class=\"desvio\">\n<div class=\"desvio-figure js-desvio-figure\">\n    <a href=\"https:\/\/www.xatakahome.com\/iluminacion-y-energia\/cuadro-electrico-casa-partes-funciones-diferentes-interruptores\" class=\"pivot-outboundlink\" data-vars-post-title=\"El cuadro el\u00e9ctrico de casa: partes y funciones de los diferentes interruptores\"><br \/>\n     <img loading=\"lazy\" decoding=\"async\" alt=\"El cuadro el\u00e9ctrico de casa: partes y funciones de los diferentes interruptores\" width=\"375\" height=\"142\" src=\"https:\/\/i.blogs.es\/495ea0\/1366_2000cuadro-electrcio\/375_142.webp\" onerror='this.src=\"https:\/\/i.blogs.es\/495ea0\/1366_2000cuadro-electrcio\/375_142.jpg\"'><br \/>\n    <\/a>\n   <\/div>\n<div class=\"desvio-summary\">\n<div class=\"desvio-taxonomy js-desvio-taxonomy\">\n     <a href=\"https:\/\/www.xatakahome.com\/iluminacion-y-energia\/cuadro-electrico-casa-partes-funciones-diferentes-interruptores\" class=\"desvio-taxonomy-anchor pivot-outboundlink\" data-vars-post-title=\"El cuadro el\u00e9ctrico de casa: partes y funciones de los diferentes interruptores\">En Xataka Smart Home<\/a>\n    <\/div>\n<p>    <a href=\"https:\/\/www.xatakahome.com\/iluminacion-y-energia\/cuadro-electrico-casa-partes-funciones-diferentes-interruptores\" class=\"desvio-title js-desvio-title pivot-outboundlink\" data-vars-post-title=\"El cuadro el\u00e9ctrico de casa: partes y funciones de los diferentes interruptores\">El cuadro el\u00e9ctrico de casa: partes y funciones de los diferentes interruptores<\/a>\n   <\/div>\n<\/p><\/div>\n<\/p><\/div>\n<\/div>\n<h2 id=\"preparando-frigorificos-congeladores-1\" class=\"toc-enabled\"><span class=\"toc-shortcut-icon\" title=\"Ver \u00cdndice de contenido\"><\/span>Preparando frigor\u00edficos y congeladores<\/h2>\n<p>Seg\u00fan un <a rel=\"noopener, noreferrer\" href=\"https:\/\/www.ocu.org\/electrodomesticos\/frigorificos\/consejos\/electrodomesticos-vacaciones\" data-id=\"noopener, noreferrer\">estudio publicado por la Organizaci\u00f3n de Consumidores y Usuarios (OCU)<\/a>, mantener un frigor\u00edfico funcionando durante todo un mes puede llegar a costar aproximadamente \u00a0<strong>entre 3,5 y 7 euros<\/strong> en funci\u00f3n del tama\u00f1o, caracter\u00edsticas y prestaciones, unas cifras que son m\u00e1s elevadas en los modelos m\u00e1s<strong> grandes, de tipo americano, side by side<\/strong> o en los antiguos muy poco eficientes.<\/p>\n<p><!-- BREAK 4 --><\/p>\n<p>Si vamos a estar fuera una semana el coste va a ser m\u00ednimo, por lo que el ahorro no es algo destacable en este caso. Sin embargo, hay m\u00e1s motivos para plantearse su <strong>apagado completo<\/strong> o por lo menos su <strong>preparaci\u00f3n exhaustiva<\/strong> antes de salir de casa unos d\u00edas, evitando as\u00ed lo que nos sucedi\u00f3 a nosotros.<\/p>\n<p><!-- BREAK 5 --><\/p>\n<p>En algunas regiones sobre todo fuera de las grandes ciudades pueden darse <strong>tormentas el\u00e9ctricas en la temporada de lluvias y en verano<\/strong>, con apagones que en ocasiones <strong>desarman el cuadro el\u00e9ctrico<\/strong> dejando cortada la corriente dentro de casa aunque vuelva luego la luz al cabo de unos minutos.<\/p>\n<p><!-- BREAK 6 --><\/p>\n<p>Esto har\u00e1 que <strong>todo lo que tengamos dentro del frigo y el congelador comience a estropearse<\/strong> pasadas unas horas sin energ\u00eda, y nos toque un proceso de limpieza y ventilaci\u00f3n a fondo cuando volvamos para tratar de acabar con el mal olor y las colonias de bacterias y hongos que hayan proliferado.<\/p>\n<p><!-- BREAK 7 --><\/p>\n<div class=\"article-asset-image article-asset-normal article-asset-center\">\n<div class=\"asset-content\">\n<div class=\"caption-img \">\n                    <a rel=\"noopener, noreferrer\" href=\"https:\/\/pxhere.com\/es\/photo\/1456091\"><\/p>\n<p>    <img decoding=\"async\" alt=\"Hospitality Fridge Hand Door Refrigerator Invitation 1456091 Pxhere Com\" class=\"centro_sinmarco\" src=\"https:\/\/i.blogs.es\/c6854b\/hospitality-fridge-hand-door-refrigerator-invitation-1456091-pxhere.com\/450_1000.webp\"><br \/>\n     <\/a><\/p>\n<p>        <span>Imagen: PxHere<\/span>\n   <\/div>\n<\/p><\/div>\n<\/div>\n<p>Si tenemos alimentos que queremos conservar en el frigor\u00edfico y no es habitual que haya estos apagones en nuestra zona, podemos optar por <strong>cambiar la temperatura <\/strong>para seleccionar una m\u00e1s elevada que se sit\u00fae <strong>alrededor de los 10 grados <\/strong>consumiendo as\u00ed menos energ\u00eda, algo que algunos modelos ya tienen previsto con un modo especial de funcionamiento denominado \u00ab<strong>modo vacaciones<\/strong>\u00ab<\/p>\n<p><!-- BREAK 8 --><\/p>\n<p>Lo que hace esta funci\u00f3n es subir unos grados la temperatura objetivo del frigo de los entre 3 o 5 habituales a entre 10 y 15 grados, <strong>bajando el consumo el\u00e9ctrico<\/strong>, pero tambi\u00e9n, no debemos olvidarlo, <strong>conservando peor los alimentos<\/strong> que en \u00e9l almacenemos. Y como <a class=\"text-outboundlink\" href=\"https:\/\/www.xatakahome.com\/a-fondo\/dejar-frigorifico-encendido-apagado-vacaciones-esto-que-conviene-hacer-como-podemos-prepararlo\" data-vars-post-title=\"Dejar el frigor\u00edfico encendido o apagado en vacaciones: esto es lo que conviene hacer y c\u00f3mo podemos prepararlo \" data-vars-post-url=\"https:\/\/www.xatakahome.com\/a-fondo\/dejar-frigorifico-encendido-apagado-vacaciones-esto-que-conviene-hacer-como-podemos-prepararlo\">vimos a fondo en este art\u00edculo<\/a> es la opci\u00f3n recomendada por los fabricantes en lugar de dejar desenchufadas las neveras si no vamos a estar fuera m\u00e1s de un mes.<\/p>\n<p><!-- BREAK 9 --><\/p>\n<p>En cualquier caso, conviene que tomemos las siguientes precauciones con nuestras neveras si queremos evitar este potencial problema del mal olor:<\/p>\n<ul>\n<li>En el caso de que vayamos a <strong>dejarlo encendido<\/strong> conviene que <strong>limpiemos bien el frigo por dentro<\/strong>, que gastemos todo lo posible antes de irnos sobre todo en alimentos frescos, sin dejar<strong> nada de carne o pescado, <\/strong>precocinados o recipientes con restos de comida.<\/li>\n<li>Hay que <strong>adaptar la cocina <\/strong>a nuestro periodo fuera de casa para que el frigor\u00edfico trabaje lo menos posible pero mantenga bien fresquitos los alimentos.<\/li>\n<li>Conviene bajar <strong>toldos y persianas <\/strong>para que no d\u00e9 el sol, asegurarnos de que la ventana est\u00e1 cerrada e incluso la puerta tambi\u00e9n para que se cree un microclima donde la temperatura de la cocina no suba en exceso y as\u00ed el<strong> frigo trabajar\u00e1 menos.<\/strong><\/li>\n<li>Si lo vamos a dejar<strong> completamente apagado<\/strong>, lo recomendable es irlo preparando con un par de d\u00edas de anterioridad, por ejemplo descongelando todo lo que tengamos, para poder limpiarlo bien antes de irnos y no dejar bacterias en su interior.<\/li>\n<li>Una vez vac\u00edo podemos <strong>dejar las puertas abiertas<\/strong>, con un tope en forma de pa\u00f1o para que no se cierren y as\u00ed desenchufarlo o apagarlo por completo, lo que har\u00e1 que los posibles olores que se produzcan en su interior tras el apagado vayan saliendo poco a poco y no nos los encontremos reconcentrados al volver.<\/li>\n<\/ul>\n<h2 id=\"bajar-palanca-luz-al-salir-casa-opcion-no-apta-para-todos-2\" class=\"toc-enabled\"><span class=\"toc-shortcut-icon\" title=\"Ver \u00cdndice de contenido\"><\/span>Bajar la palanca de la luz al salir de casa, una opci\u00f3n no apta para todos<\/h2>\n<div class=\"article-asset-image article-asset-normal article-asset-center\">\n<div class=\"asset-content\">\n<div class=\"caption-img \">\n<p>   <img decoding=\"async\" alt=\"Jota\" class=\"centro_sinmarco\" src=\"https:\/\/i.blogs.es\/6f1b86\/840_560jota\/450_1000.webp\"><\/p>\n<p>        <span>Imagen: Jos\u00e9 Antonio Carmona<\/span>\n   <\/div>\n<\/p><\/div>\n<\/div>\n<p>Una de las dudas m\u00e1s frecuentes es si al irnos de casa unos d\u00edas hay que dejar la palanca de la luz bajada. B\u00e1sicamente tenemos dos opciones: <strong>desconectar el interruptor general<\/strong> de la vivienda o bien <strong>solo algunos circuitos concretos<\/strong> que dan servicio a las distintas zonas de la casa.<\/p>\n<p><!-- BREAK 10 --><\/p>\n<p>En el primer caso lograremos ahorrar lo m\u00e1ximo posible en la factura de la luz, pero la vivienda se va a quedar completamente sin energ\u00eda el\u00e9ctrica. Nada va a \u00a0funcionar, ni timbres, c\u00e1maras de seguridad, conexi\u00f3n a Internet, \u00a0electrodom\u00e9sticos, tel\u00e9fono fijo que funcione por VoIP, etc. Puede que en principio no nos preocupe que quede todo apagado, pero en el caso de los timbres, por ejemplo, al no sonar <strong>puede dar una pista<\/strong> de que nos hemos ido de casa.<\/p>\n<p><!-- BREAK 11 --><\/p>\n<p>Por ello suele ser recomendable la segunda opci\u00f3n, la de <strong>desconectar solo algunas palancas concretas del cuadro,<\/strong> ya que nos permite dejar activas ciertas tomas el\u00e9ctricas de la vivienda apagando el resto. Es algo que puede venir muy bien en el caso de que estemos pensando en dejar alg\u00fan <strong>dispositivo que simule presencia<\/strong>, como unas luces que se enciendan solas, o si no queremos apagar por completo el frigor\u00edfico.<\/p>\n<p><!-- BREAK 12 --><\/p>\n<p>En este \u00faltimo caso nos interesar\u00e1 tratar de averiguar si los frigor\u00edficos est\u00e1n conectados a un <strong>diferencial concreto<\/strong> (en general habr\u00e1 uno que controle toda la cocina) y podremos dejar la general encendida bajando todas las dem\u00e1s palancas menos la de la nevera.<\/p>\n<p><!-- BREAK 13 --><\/p>\n<div class=\"article-asset-video article-asset-normal\">\n<div class=\"asset-content\">\n<div class=\"base-asset-video\">\n<div class=\"js-dailymotion\">\n    <script type=\"application\/json\">\n                          {\"videoId\":\"x7zivh7\",\"autoplay\":true,\"title\":\"El mejor sitio para el router WiFi en casa  | Trucos y consejos para una conexi\u00f3n WiFi perfecta\", \"tag\":\"webedia-prod\", \"duration\":\"357\"}\n                  <\/script>\n   <\/div>\n<\/p><\/div>\n<\/p><\/div>\n<\/div>\n<h2 id=\"que-hacer-otros-electrodomesticos-calefaccion-aire-acondicionado-3\" class=\"toc-enabled\"><span class=\"toc-shortcut-icon\" title=\"Ver \u00cdndice de contenido\"><\/span>Qu\u00e9 hacer con otros electrodom\u00e9sticos, calefacci\u00f3n y aire acondicionado<\/h2>\n<div class=\"article-asset-image article-asset-normal article-asset-center\">\n<div class=\"asset-content\">\n<div class=\"caption-img \">\n<p>   <img decoding=\"async\" alt=\"Aire acondicionado\" class=\"centro_sinmarco\" src=\"https:\/\/i.blogs.es\/11a577\/1366_2000\/450_1000.webp\"><\/p>\n<p>        <span>Imagen: Paco Rodr\u00edguez<\/span>\n   <\/div>\n<\/p><\/div>\n<\/div>\n<p>En el caso de la <a class=\"text-outboundlink\" href=\"https:\/\/www.xatakahome.com\/electrodomesticos-innovadores\/que-hay-que-mirar-para-comprar-lavadora-asegurarnos-que-tenga-tecnologias-proximos-anos\" data-vars-post-title=\"Qu\u00e9 hay que mirar para comprar una lavadora y asegurarnos de que tenga las tecnolog\u00edas de los pr\u00f3ximos a\u00f1os\" data-vars-post-url=\"https:\/\/www.xatakahome.com\/electrodomesticos-innovadores\/que-hay-que-mirar-para-comprar-lavadora-asegurarnos-que-tenga-tecnologias-proximos-anos\">lavadora<\/a>, <a class=\"text-outboundlink\" href=\"https:\/\/www.xatakahome.com\/electrodomesticos-innovadores\/que-hay-que-mirar-para-comprar-lavavajillas-asegurarnos-que-tenga-tecnologias-proximos-anos\" data-vars-post-title=\"Qu\u00e9 hay que mirar para comprar un lavavajillas y asegurarnos de que tenga las tecnolog\u00edas de los pr\u00f3ximos a\u00f1os\" data-vars-post-url=\"https:\/\/www.xatakahome.com\/electrodomesticos-innovadores\/que-hay-que-mirar-para-comprar-lavavajillas-asegurarnos-que-tenga-tecnologias-proximos-anos\">lavavajillas<\/a>, horno y microondas, lo conveniente es <strong>dejarlos \u00ablimpios y secos\u00bb<\/strong> antes de salir de casa durante unos d\u00edas para evitar posibles malos olores al volver y la proliferaci\u00f3n de microorganismos durante nuestra ausencia.<\/p>\n<p><!-- BREAK 14 --><\/p>\n<p>No es recomendable dejar <strong>platos y cubiertos sucios en el lavavajillas<\/strong>, ropa sucia en el tambor de la lavadora o el horno sin limpiar, ya que todo esto har\u00e1 que florezcan las colonias de bacterias, y con ellas el mal olor.<\/p>\n<p><!-- BREAK 15 --><\/p>\n<p>Si tenemos un <strong>termo el\u00e9ctrico<\/strong> podemos optar por apagarlo completamente o directamente desenchufarlo para que no gaste \u00a0electricidad de forma innecesaria mientras no vamos a utilizarlo.<\/p>\n<p><!-- BREAK 16 --><\/p>\n<p>En cuanto a los <strong>equipos de climatizaci\u00f3n<\/strong>, <a class=\"text-outboundlink\" href=\"https:\/\/www.xataka.com\/domotica-1\/guia-compras-para-hacernos-aire-acondicionado-inteligente-aspectos-tener-cuenta-opciones-mercado\" data-vars-post-title='Gu\u00eda de compras para hacernos con un aire acondicionado \"inteligente\": aspectos a tener en cuenta y opciones del mercado' data-vars-post-url=\"https:\/\/www.xataka.com\/domotica-1\/guia-compras-para-hacernos-aire-acondicionado-inteligente-aspectos-tener-cuenta-opciones-mercado\">aire acondicionado<\/a> y calefacci\u00f3n, tambi\u00e9n es conveniente <strong>dejarlos todos apagados o desenchufados<\/strong> para ahorrar el consumo en modo de espera. Si nuestro modelo es de tipo inteligente podemos programarlo para que encienda unas horas antes de volver o hacerlo nosotros a distancia desde el m\u00f3vil en el caso de que cuente con esa opci\u00f3n.<\/p>\n<p><!-- BREAK 17 --><\/p>\n<p>Imagen portada | <a rel=\"noopener, noreferrer\" href=\"https:\/\/www.pexels.com\/es-es\/foto\/cocina-alacena-despensa-armario-8089156\/\">Max Vakhtbovycn<\/a><\/p>\n<p>En Xataka Smart Home | <a class=\"text-outboundlink\" href=\"https:\/\/www.xatakahome.com\/a-fondo\/dejar-frigorifico-encendido-apagado-vacaciones-esto-que-conviene-hacer-como-podemos-prepararlo\" data-vars-post-title=\"Dejar el frigor\u00edfico encendido o apagado en vacaciones: esto es lo que conviene hacer y c\u00f3mo podemos prepararlo \" data-vars-post-url=\"https:\/\/www.xatakahome.com\/a-fondo\/dejar-frigorifico-encendido-apagado-vacaciones-esto-que-conviene-hacer-como-podemos-prepararlo\">Dejar el frigor\u00edfico encendido o apagado en vacaciones: esto es lo que conviene hacer y c\u00f3mo podemos prepararlo<\/a><\/p>\n<p><script>\n (function() {\n  window._JS_MODULES = window._JS_MODULES || {};\n  var headElement = document.getElementsByTagName('head')[0];\n  if (_JS_MODULES.instagram) {\n   var instagramScript = document.createElement('script');\n   instagramScript.src = 'https:\/\/platform.instagram.com\/en_US\/embeds.js';\n   instagramScript.async = true;\n   instagramScript.defer = true;\n   headElement.appendChild(instagramScript);\n  }\n })();\n<\/script><\/p>\n<p> &#8211; <br \/> La noticia<br \/>\n      <a href=\"https:\/\/www.xatakahome.com\/hogar\/al-volver-vacaciones-semana-santa-mi-casa-olia-fatal-cual-fue-problema-que-hago-ahora-para-evitar-que-se-repita?utm_source=feedburner&amp;utm_medium=feed&amp;utm_campaign=21_Apr_2025\"><br \/>\n       <em> Al volver de vacaciones de Semana Santa mi casa ol\u00eda fatal: cu\u00e1l fue el problema y qu\u00e9 hago ahora para evitar que se repita   <\/em><br \/>\n      <\/a><br \/>\n      fue publicada originalmente en<br \/>\n      <a href=\"https:\/\/www.xatakahome.com\/?utm_source=feedburner&amp;utm_medium=feed&amp;utm_campaign=21_Apr_2025\"><br \/>\n       <strong> Xataka Smart Home <\/strong><br \/>\n      <\/a><br \/>\n             por <a href=\"https:\/\/www.xatakahome.com\/autor\/paco-rodriguez?utm_source=feedburner&amp;utm_medium=feed&amp;utm_campaign=21_Apr_2025\"><br \/>\n        Paco Rodr\u00edguez<br \/>\n       <\/a><br \/>\n      . <\/p>\n<\/div>\n","protected":false},"excerpt":{"rendered":"<p>Hace unos a\u00f1os salimos de vacaciones en Semana Santa, siete d\u00edas de ocio fuera de la vivienda que por supuesto hab\u00edamos preparado tomando unas m\u00ednimas precauciones&#8230; pero no fue suficiente. Al volver todo estaba correcto, salvo por el olor nauseabundo que detectamos nada m\u00e1s abrir la puerta. R\u00e1pidamente nos dimos cuenta de que algo pasaba, &hellip; <a href=\"https:\/\/domosistemas.com\/?p=28266\" class=\"more-link\">Sigue leyendo <span class=\"screen-reader-text\">Al volver de vacaciones de Semana Santa mi casa ol\u00eda fatal: cu\u00e1l fue el problema y qu\u00e9 hago ahora para evitar que se repita<\/span><\/a><\/p>\n","protected":false},"author":1,"featured_media":0,"comment_status":"closed","ping_status":"closed","sticky":false,"template":"","format":"standard","meta":{"footnotes":""},"categories":[8],"tags":[],"class_list":["post-28266","post","type-post","status-publish","format-standard","hentry","category-xataka"],"_links":{"self":[{"href":"https:\/\/domosistemas.com\/index.php?rest_route=\/wp\/v2\/posts\/28266","targetHints":{"allow":["GET"]}}],"collection":[{"href":"https:\/\/domosistemas.com\/index.php?rest_route=\/wp\/v2\/posts"}],"about":[{"href":"https:\/\/domosistemas.com\/index.php?rest_route=\/wp\/v2\/types\/post"}],"author":[{"embeddable":true,"href":"https:\/\/domosistemas.com\/index.php?rest_route=\/wp\/v2\/users\/1"}],"replies":[{"embeddable":true,"href":"https:\/\/domosistemas.com\/index.php?rest_route=%2Fwp%2Fv2%2Fcomments&post=28266"}],"version-history":[{"count":0,"href":"https:\/\/domosistemas.com\/index.php?rest_route=\/wp\/v2\/posts\/28266\/revisions"}],"wp:attachment":[{"href":"https:\/\/domosistemas.com\/index.php?rest_route=%2Fwp%2Fv2%2Fmedia&parent=28266"}],"wp:term":[{"taxonomy":"category","embeddable":true,"href":"https:\/\/domosistemas.com\/index.php?rest_route=%2Fwp%2Fv2%2Fcategories&post=28266"},{"taxonomy":"post_tag","embeddable":true,"href":"https:\/\/domosistemas.com\/index.php?rest_route=%2Fwp%2Fv2%2Ftags&post=28266"}],"curies":[{"name":"wp","href":"https:\/\/api.w.org\/{rel}","templated":true}]}}