{"id":28269,"date":"2025-04-21T16:03:41","date_gmt":"2025-04-21T16:03:41","guid":{"rendered":"https:\/\/domosistemas.com\/?p=28269"},"modified":"2025-04-21T16:03:41","modified_gmt":"2025-04-21T16:03:41","slug":"estas-son-todas-las-deducciones-por-vivienda-en-la-renta-que-puedes-aplicar-para-pagar-menos","status":"publish","type":"post","link":"https:\/\/domosistemas.com\/?p=28269","title":{"rendered":"Estas son todas las deducciones por vivienda en la Renta que puedes aplicar para pagar menos"},"content":{"rendered":"<div>\n<p>\n      <img decoding=\"async\" src=\"https:\/\/i.blogs.es\/2ec2a2\/portada\/1024_2000.jpeg\" alt=\"Estas son todas las deducciones por vivienda en la Renta que puedes aplicar para pagar menos\">\n    <\/p>\n<p>Llega la \u00e9poca de presentar la declaraci\u00f3n de la Renta, y <a class=\"text-outboundlink\" href=\"https:\/\/www.xatakahome.com\/hogar\/llevo-anos-pagando-seguro-casa-ahora-me-entero-que-podia-haberlo-deducido-al-hacer-declaracion-renta\" data-vars-post-title=\"Llevo a\u00f1os pagando el seguro de la casa y ahora me entero de que pod\u00eda haberlo deducido al hacer la declaraci\u00f3n de la renta \" data-vars-post-url=\"https:\/\/www.xatakahome.com\/hogar\/llevo-anos-pagando-seguro-casa-ahora-me-entero-que-podia-haberlo-deducido-al-hacer-declaracion-renta\">cualquier ventaja<\/a> que nos ayude a pagar menos \u2014o incluso a recibir una devoluci\u00f3n\u2014 siempre es bienvenida. Por ello, conviene repasar las <strong>distintas deducciones disponibles<\/strong> seg\u00fan la comunidad aut\u00f3noma de residencia, con el objetivo de ahorrar algunos euros.<\/p>\n<p><!-- BREAK 1 --><\/p>\n<p>Las <strong>deducciones auton\u00f3micas por vivienda dentro del IRPF<\/strong> son incentivos fiscales que cada comunidad en Espa\u00f1a puede definir libremente, siempre dentro del marco establecido por la normativa estatal. A continuaci\u00f3n, revisaremos cu\u00e1les est\u00e1n vigentes para que puedas comprobar si cumples los requisitos para aplicarte alguna.<\/p>\n<p><!-- BREAK 2 --><\/p>\n<div class=\"article-asset-video article-asset-normal\">\n<div class=\"asset-content\">\n<div class=\"base-asset-video\">\n<div class=\"js-dailymotion\">\n    <script type=\"application\/json\">\n                          {\"videoId\":\"x8k9arv\",\"autoplay\":true,\"title\":\"Podr\u00edas estar PERDIENDO DINERO con tu DECLARACI\u00d3N DE LA RENTA 2022\", \"tag\":\"Webedia-prod\", \"duration\":\"402\"}\n                  <\/script>\n   <\/div>\n<\/p><\/div>\n<\/p><\/div>\n<\/div>\n<p>Estas deducciones permiten a los contribuyentes <strong>reducir su carga tributaria<\/strong> siempre que se cumplan ciertas condiciones vinculadas a la vivienda habitual, como el alquiler, la compra, reformas, eficiencia energ\u00e9tica o mejoras de accesibilidad, entre otros casos.<\/p>\n<p><!-- BREAK 3 --><\/p>\n<div class=\"toc-container article-asset-normal\">\n<details>\n<summary class=\"toc-header \">\n   <span class=\"toc-heading\"><br \/>\n    <span>\u00cdndice de Contenidos (16)<\/span><br \/>\n   <\/span><br \/>\n   <span class=\"icon-folded\"><\/span><br \/>\n  <\/summary>\n<\/details>\n<div class=\"toc-list-wrap \">\n<div class=\"toc-list-item\">\n<ul class=\"toc-list\">\n<li class=\"toc-item\">\n       <a href=\"https:\/\/www.xatakahome.com\/hogar\/estas-todas-deducciones-vivienda-renta-que-puedes-aplicar-para-pagar#andalucia-1\" class=\"toc-item-link\">Andaluc\u00eda<\/a>\n      <\/li>\n<li class=\"toc-item\">\n       <a href=\"https:\/\/www.xatakahome.com\/hogar\/estas-todas-deducciones-vivienda-renta-que-puedes-aplicar-para-pagar#aragon-2\" class=\"toc-item-link\">Arag\u00f3n<\/a>\n      <\/li>\n<li class=\"toc-item\">\n       <a href=\"https:\/\/www.xatakahome.com\/hogar\/estas-todas-deducciones-vivienda-renta-que-puedes-aplicar-para-pagar#principado-asturias-3\" class=\"toc-item-link\">Principado de Asturias<\/a>\n      <\/li>\n<li class=\"toc-item\">\n       <a href=\"https:\/\/www.xatakahome.com\/hogar\/estas-todas-deducciones-vivienda-renta-que-puedes-aplicar-para-pagar#islas-baleares-4\" class=\"toc-item-link\">Islas Baleares<\/a>\n      <\/li>\n<li class=\"toc-item\">\n       <a href=\"https:\/\/www.xatakahome.com\/hogar\/estas-todas-deducciones-vivienda-renta-que-puedes-aplicar-para-pagar#canarias-5\" class=\"toc-item-link\">Canarias<\/a>\n      <\/li>\n<li class=\"toc-item\">\n       <a href=\"https:\/\/www.xatakahome.com\/hogar\/estas-todas-deducciones-vivienda-renta-que-puedes-aplicar-para-pagar#cantabria-6\" class=\"toc-item-link\">Cantabria<\/a>\n      <\/li>\n<li class=\"toc-item\">\n       <a href=\"https:\/\/www.xatakahome.com\/hogar\/estas-todas-deducciones-vivienda-renta-que-puedes-aplicar-para-pagar#castilla--mancha-7\" class=\"toc-item-link\">Castilla-La Mancha<\/a>\n      <\/li>\n<li class=\"toc-item\">\n       <a href=\"https:\/\/www.xatakahome.com\/hogar\/estas-todas-deducciones-vivienda-renta-que-puedes-aplicar-para-pagar#castilla-leon-8\" class=\"toc-item-link\">Castilla y Le\u00f3n<\/a>\n      <\/li>\n<li class=\"toc-item\">\n       <a href=\"https:\/\/www.xatakahome.com\/hogar\/estas-todas-deducciones-vivienda-renta-que-puedes-aplicar-para-pagar#cataluna-9\" class=\"toc-item-link\">Catalu\u00f1a<\/a>\n      <\/li>\n<li class=\"toc-item\">\n       <a href=\"https:\/\/www.xatakahome.com\/hogar\/estas-todas-deducciones-vivienda-renta-que-puedes-aplicar-para-pagar#-10\" class=\"toc-item-link\"><\/a>\n      <\/li>\n<li class=\"toc-item\">\n       <a href=\"https:\/\/www.xatakahome.com\/hogar\/estas-todas-deducciones-vivienda-renta-que-puedes-aplicar-para-pagar#extremadura-11\" class=\"toc-item-link\">Extremadura<\/a>\n      <\/li>\n<li class=\"toc-item\">\n       <a href=\"https:\/\/www.xatakahome.com\/hogar\/estas-todas-deducciones-vivienda-renta-que-puedes-aplicar-para-pagar#galicia-12\" class=\"toc-item-link\">Galicia<\/a>\n      <\/li>\n<li class=\"toc-item\">\n       <a href=\"https:\/\/www.xatakahome.com\/hogar\/estas-todas-deducciones-vivienda-renta-que-puedes-aplicar-para-pagar#comunidad-madrid-13\" class=\"toc-item-link\">Comunidad de Madrid<\/a>\n      <\/li>\n<li class=\"toc-item\">\n       <a href=\"https:\/\/www.xatakahome.com\/hogar\/estas-todas-deducciones-vivienda-renta-que-puedes-aplicar-para-pagar#region-murcia-14\" class=\"toc-item-link\">Regi\u00f3n de Murcia<\/a>\n      <\/li>\n<li class=\"toc-item\">\n       <a href=\"https:\/\/www.xatakahome.com\/hogar\/estas-todas-deducciones-vivienda-renta-que-puedes-aplicar-para-pagar#rioja-15\" class=\"toc-item-link\">La Rioja<\/a>\n      <\/li>\n<li class=\"toc-item\">\n       <a href=\"https:\/\/www.xatakahome.com\/hogar\/estas-todas-deducciones-vivienda-renta-que-puedes-aplicar-para-pagar#comunidad-valenciana-16\" class=\"toc-item-link\">Comunidad Valenciana<\/a>\n      <\/li>\n<\/ul><\/div>\n<\/p><\/div>\n<\/div>\n<h2 id=\"andalucia-1\" class=\"toc-enabled\"><span class=\"toc-shortcut-icon\" title=\"Ver \u00cdndice de contenido\"><\/span><strong>Andaluc\u00eda<\/strong><\/h2>\n<p>En la <a rel=\"noopener, noreferrer\" href=\"https:\/\/sede.agenciatributaria.gob.es\/Sede\/vivienda-otros-inmuebles\/irpf-deducciones-autonomicas\/andalucia.html\">Comunidad Aut\u00f3noma de Andaluc\u00eda<\/a> existen dos tipos de beneficios fiscales vinculados a la vivienda: por un lado, <strong>ayudas aplicables a la compra o rehabilitaci\u00f3n<\/strong>, y por otro, deducciones relacionadas con el alquiler, siempre que la vivienda constituya el domicilio habitual del contribuyente.<\/p>\n<p><!-- BREAK 4 --><\/p>\n<ul>\n<li><strong>Compra o rehabilitaci\u00f3n de vivienda habitual<\/strong>: Deducci\u00f3n del 5% para viviendas protegidas o adquiridas por menores de 35 a\u00f1os.<\/li>\n<li><strong>Alquiler de vivienda habitual<\/strong>: Deducci\u00f3n del 15%, con un m\u00e1ximo de 600 \u20ac (900 \u20ac si el contribuyente tiene una discapacidad reconocida).<\/li>\n<\/ul>\n<h2 id=\"aragon-2\" class=\"toc-enabled\"><span class=\"toc-shortcut-icon\" title=\"Ver \u00cdndice de contenido\"><\/span><strong>Arag\u00f3n<\/strong><\/h2>\n<p>En <a rel=\"noopener, noreferrer\" href=\"https:\/\/sede.agenciatributaria.gob.es\/Sede\/vivienda-otros-inmuebles\/irpf-deducciones-autonomicas\/aragon.html\">Arag\u00f3n<\/a> se ofrecen diferentes tipos de beneficios fiscales en forma de deducciones en la declaraci\u00f3n de la Renta. Como novedad, se han incorporado deducciones espec\u00edficas para la adquisici\u00f3n o rehabilitaci\u00f3n de <strong>viviendas situadas en zonas rurales.<\/strong><\/p>\n<p><!-- BREAK 5 --><\/p>\n<ul>\n<li><strong>Adquisici\u00f3n o rehabilitaci\u00f3n en zonas rurales<\/strong>:<br \/>\nR\u00e9gimen general: deducci\u00f3n del 5% para menores de 36 a\u00f1os que adquieran su primera vivienda en municipios con menos de 3.000 habitantes.<br \/>\nR\u00e9gimen de fiscalidad diferenciada: deducci\u00f3n del 7,5% para quienes residan en \u00e1reas con alto riesgo de despoblaci\u00f3n y mantengan su residencia durante al menos cuatro a\u00f1os.<\/li>\n<li><strong>Alquiler de vivienda social<\/strong>: Deducci\u00f3n del 30% para propietarios que cedan viviendas al Plan de Vivienda Social de Arag\u00f3n.<\/li>\n<li><strong>Alquiler tras daci\u00f3n en pago<\/strong>: Deducci\u00f3n del 10% del alquiler, hasta 4.800 \u20ac anuales, si se ha entregado la vivienda en daci\u00f3n en pago y se ha formalizado un contrato de arrendamiento con opci\u00f3n de compra.<\/li>\n<li><strong>Compra de vivienda por v\u00edctimas del terrorismo<\/strong>: Deducci\u00f3n del 3% para la adquisici\u00f3n de vivienda protegida por v\u00edctimas del terrorismo o sus familiares.<\/li>\n<\/ul>\n<div class=\"article-asset article-asset-normal article-asset-center\">\n<div class=\"desvio-container\">\n<div class=\"desvio\">\n<div class=\"desvio-figure js-desvio-figure\">\n    <a href=\"https:\/\/www.xatakahome.com\/hogar\/voy-a-alquilar-piso-esto-todo-que-voy-a-revisar-lupa-para-no-llevarme-sustos\" class=\"pivot-outboundlink\" data-vars-post-title=\"Voy a alquilar un piso. Esto es todo lo que voy a revisar con lupa para no llevarme sustos\"><br \/>\n     <img loading=\"lazy\" decoding=\"async\" alt=\"Voy a alquilar un piso. Esto es todo lo que voy a revisar con lupa para no llevarme sustos\" width=\"375\" height=\"142\" src=\"https:\/\/i.blogs.es\/228013\/pexels-evgeniy-grozev-933969\/375_142.webp\" onerror='this.src=\"https:\/\/i.blogs.es\/228013\/pexels-evgeniy-grozev-933969\/375_142.jpeg\"'><br \/>\n    <\/a>\n   <\/div>\n<div class=\"desvio-summary\">\n<div class=\"desvio-taxonomy js-desvio-taxonomy\">\n     <a href=\"https:\/\/www.xatakahome.com\/hogar\/voy-a-alquilar-piso-esto-todo-que-voy-a-revisar-lupa-para-no-llevarme-sustos\" class=\"desvio-taxonomy-anchor pivot-outboundlink\" data-vars-post-title=\"Voy a alquilar un piso. Esto es todo lo que voy a revisar con lupa para no llevarme sustos\">En Xataka Smart Home<\/a>\n    <\/div>\n<p>    <a href=\"https:\/\/www.xatakahome.com\/hogar\/voy-a-alquilar-piso-esto-todo-que-voy-a-revisar-lupa-para-no-llevarme-sustos\" class=\"desvio-title js-desvio-title pivot-outboundlink\" data-vars-post-title=\"Voy a alquilar un piso. Esto es todo lo que voy a revisar con lupa para no llevarme sustos\">Voy a alquilar un piso. Esto es todo lo que voy a revisar con lupa para no llevarme sustos<\/a>\n   <\/div>\n<\/p><\/div>\n<\/p><\/div>\n<\/div>\n<h2 id=\"principado-asturias-3\" class=\"toc-enabled\"><span class=\"toc-shortcut-icon\" title=\"Ver \u00cdndice de contenido\"><\/span><strong>Principado de Asturias<\/strong><\/h2>\n<p>En el <a rel=\"noopener, noreferrer\" href=\"https:\/\/sede.agenciatributaria.gob.es\/Sede\/vivienda-otros-inmuebles\/irpf-deducciones-autonomicas\/principado-asturias.html\">Principado de Asturias<\/a> tambi\u00e9n se contemplan deducciones fiscales para personas con discapacidad que adquieran o adapten una vivienda. Adem\u00e1s, es posible beneficiarse de ventajas fiscales en la <strong>compra o rehabilitaci\u00f3n de viviendas protegidas<\/strong>, as\u00ed como en inmuebles ubicados en zonas consideradas en riesgo de despoblaci\u00f3n.<\/p>\n<p><!-- BREAK 6 --><\/p>\n<ul>\n<li><strong>Compra o adecuaci\u00f3n de vivienda para personas con discapacidad:<\/strong> Deducci\u00f3n del 3% hasta un m\u00e1ximo de 15.000 \u20ac, aplicable si el contribuyente o sus familiares directos tienen una discapacidad igual o superior al 65%.<\/li>\n<li><strong>Compra o rehabilitaci\u00f3n de vivienda protegida<\/strong>: Deducci\u00f3n del 100% del gasto, con un l\u00edmite de 5.000 \u20ac, para viviendas con calificaci\u00f3n de protegidas.<\/li>\n<li><strong>Compra o rehabilitaci\u00f3n en concejos en riesgo de despoblaci\u00f3n<\/strong>: Deducci\u00f3n del 5% (10% si el contribuyente es menor de 35 a\u00f1os, miembro de familia numerosa o monoparental) para viviendas en concejos con poblaci\u00f3n decreciente.<\/li>\n<\/ul>\n<h2 id=\"islas-baleares-4\" class=\"toc-enabled\"><span class=\"toc-shortcut-icon\" title=\"Ver \u00cdndice de contenido\"><\/span><strong>Islas Baleares<\/strong><\/h2>\n<p>En las <a rel=\"noopener, noreferrer\" href=\"https:\/\/sede.agenciatributaria.gob.es\/Sede\/vivienda-otros-inmuebles\/irpf-deducciones-autonomicas\/illes-balears.html\">Islas Baleares<\/a>, las ayudas fiscales est\u00e1n vinculadas a la vivienda habitual y se dirigen especialmente a <strong>j\u00f3venes, personas mayores de 65 a\u00f1os y contribuyentes con discapacidad<\/strong>. Adem\u00e1s, los j\u00f3venes pueden beneficiarse de deducciones espec\u00edficas por la compra de su primera vivienda.<\/p>\n<p><!-- BREAK 7 --><\/p>\n<ul>\n<li><strong>Alquiler de vivienda habitual<\/strong>: Deducci\u00f3n para j\u00f3venes, mayores de 65 a\u00f1os y personas con discapacidad que alquilen su vivienda habitual.<\/li>\n<li><strong>Compra de vivienda habitual<\/strong>: Deducci\u00f3n para j\u00f3venes que adquieran su primera vivienda.<\/li>\n<\/ul>\n<h2 id=\"canarias-5\" class=\"toc-enabled\"><span class=\"toc-shortcut-icon\" title=\"Ver \u00cdndice de contenido\"><\/span><strong>Canarias<\/strong><\/h2>\n<p>En las <a rel=\"noopener, noreferrer\" href=\"https:\/\/sede.agenciatributaria.gob.es\/Sede\/vivienda-otros-inmuebles\/irpf-deducciones-autonomicas\/canarias.html\">Islas Canarias<\/a>, existen beneficios fiscales en la declaraci\u00f3n de la renta tanto para j\u00f3venes que adquieren su primera vivienda como para <strong>contribuyentes con ingresos reducidos<\/strong> que alquilan su vivienda habitual.<\/p>\n<p><!-- BREAK 8 --><\/p>\n<ul>\n<li><strong>Compra de vivienda habitual:<\/strong> Deducci\u00f3n para j\u00f3venes que adquieran su primera vivienda.<\/li>\n<li><strong>Alquiler de vivienda habitual<\/strong>: Deducci\u00f3n para contribuyentes con bajos ingresos que alquilen su vivienda habitual.<\/li>\n<\/ul>\n<h2 id=\"cantabria-6\" class=\"toc-enabled\"><span class=\"toc-shortcut-icon\" title=\"Ver \u00cdndice de contenido\"><\/span><strong>Cantabria<\/strong><\/h2>\n<p>En <a rel=\"noopener, noreferrer\" href=\"https:\/\/sede.agenciatributaria.gob.es\/Sede\/vivienda-otros-inmuebles\/irpf-deducciones-autonomicas\/cantabria.html\">Cantabria<\/a>, los <strong>j\u00f3venes que adquieren su primera vivienda<\/strong> pueden beneficiarse de deducciones en la declaraci\u00f3n de la renta. Asimismo, tambi\u00e9n pueden acceder a estas ayudas los contribuyentes que alquilan una vivienda situada en zonas con riesgo de despoblaci\u00f3n.<\/p>\n<p><!-- BREAK 9 --><\/p>\n<ul>\n<li><strong>Compra o rehabilitaci\u00f3n de vivienda habitual<\/strong>: Deducci\u00f3n para j\u00f3venes que adquieran su primera vivienda.<\/li>\n<li><strong>Alquiler de vivienda habitual<\/strong>: Deducci\u00f3n para contribuyentes que alquilen su vivienda habitual en zonas con reto demogr\u00e1fico.<\/li>\n<\/ul>\n<div class=\"article-asset article-asset-normal article-asset-center\">\n<div class=\"desvio-container\">\n<div class=\"desvio\">\n<div class=\"desvio-figure js-desvio-figure\">\n    <a href=\"https:\/\/www.xatakahome.com\/a-fondo\/gobierno-ofrece-ayudas-para-compra-tu-casa-que-avales-ico-como-donde-pedirlos-quien-puede-usarlos\" class=\"pivot-outboundlink\" data-vars-post-title=\"Qu\u00e9 son los Avales ICO del Gobierno para comprar un piso: todo lo que debes saber para solicitarlos\"><br \/>\n     <img loading=\"lazy\" decoding=\"async\" alt=\"Qu\u00e9 son los Avales ICO del Gobierno para comprar un piso: todo lo que debes saber para solicitarlos\" width=\"375\" height=\"142\" src=\"https:\/\/i.blogs.es\/dea21c\/captura-de-pantalla-2025-01-15-a-las-11.19.58\/375_142.webp\" onerror='this.src=\"https:\/\/i.blogs.es\/dea21c\/captura-de-pantalla-2025-01-15-a-las-11.19.58\/375_142.jpeg\"'><br \/>\n    <\/a>\n   <\/div>\n<div class=\"desvio-summary\">\n<div class=\"desvio-taxonomy js-desvio-taxonomy\">\n     <a href=\"https:\/\/www.xatakahome.com\/a-fondo\/gobierno-ofrece-ayudas-para-compra-tu-casa-que-avales-ico-como-donde-pedirlos-quien-puede-usarlos\" class=\"desvio-taxonomy-anchor pivot-outboundlink\" data-vars-post-title=\"Qu\u00e9 son los Avales ICO del Gobierno para comprar un piso: todo lo que debes saber para solicitarlos\">En Xataka Smart Home<\/a>\n    <\/div>\n<p>    <a href=\"https:\/\/www.xatakahome.com\/a-fondo\/gobierno-ofrece-ayudas-para-compra-tu-casa-que-avales-ico-como-donde-pedirlos-quien-puede-usarlos\" class=\"desvio-title js-desvio-title pivot-outboundlink\" data-vars-post-title=\"Qu\u00e9 son los Avales ICO del Gobierno para comprar un piso: todo lo que debes saber para solicitarlos\">Qu\u00e9 son los Avales ICO del Gobierno para comprar un piso: todo lo que debes saber para solicitarlos<\/a>\n   <\/div>\n<\/p><\/div>\n<\/p><\/div>\n<\/div>\n<h2 id=\"castilla--mancha-7\" class=\"toc-enabled\"><span class=\"toc-shortcut-icon\" title=\"Ver \u00cdndice de contenido\"><\/span><strong>Castilla-La Mancha<\/strong><\/h2>\n<p>En <a rel=\"noopener, noreferrer\" href=\"https:\/\/sede.agenciatributaria.gob.es\/Sede\/vivienda-otros-inmuebles\/irpf-deducciones-autonomicas\/castilla-mancha.html\">Castilla-La Mancha<\/a> se aplican deducciones en el IRPF por el alquiler de vivienda habitual para <strong>j\u00f3venes menores de 36 a\u00f1os<\/strong>, personas con discapacidad, familias numerosas y monoparentales.<\/p>\n<p><!-- BREAK 10 --><\/p>\n<p>Existen tambi\u00e9n beneficios fiscales por la compra o rehabilitaci\u00f3n de vivienda en zonas rurales y por intereses de <strong>pr\u00e9stamos hipotecarios para menores de 40 a\u00f1os<\/strong>. Adem\u00e1s, existen deducciones por alquiler tras operaciones de daci\u00f3n en pago.<\/p>\n<p><!-- BREAK 11 --><\/p>\n<ul>\n<li><strong>Compra o rehabilitaci\u00f3n de vivienda habitual<\/strong>: Deducci\u00f3n para j\u00f3venes que adquieran su primera vivienda.<\/li>\n<li><strong>Alquiler de vivienda habitual<\/strong>: Deducci\u00f3n para j\u00f3venes, familias numerosas, monoparentales y personas con discapacidad que alquilen su vivienda habitual.<\/li>\n<\/ul>\n<h2 id=\"castilla-leon-8\" class=\"toc-enabled\"><span class=\"toc-shortcut-icon\" title=\"Ver \u00cdndice de contenido\"><\/span><strong>Castilla y Le\u00f3n<\/strong><\/h2>\n<p>En <a rel=\"noopener, noreferrer\" href=\"https:\/\/sede.agenciatributaria.gob.es\/Sede\/vivienda-otros-inmuebles\/irpf-deducciones-autonomicas\/castilla-leon.html\">Castilla y Le\u00f3n<\/a> se contemplan deducciones en el IRPF por el <strong>alquiler de vivienda habitual para j\u00f3venes<\/strong>, as\u00ed como por la adquisici\u00f3n o rehabilitaci\u00f3n de vivienda en el medio rural.<\/p>\n<p><!-- BREAK 12 --><\/p>\n<p>Tambi\u00e9n se aplican beneficios fiscales por la compra de vivienda nueva destinada a residencia habitual y por o<strong>bras de rehabilitaci\u00f3n para su posterior alquiler en zonas rurales.<\/strong><\/p>\n<p><!-- BREAK 13 --><\/p>\n<ul>\n<li><strong>Compra o rehabilitaci\u00f3n de vivienda habitual<\/strong>: Deducci\u00f3n para j\u00f3venes que adquieran su primera vivienda.<\/li>\n<li><strong>Alquiler de vivienda habitual<\/strong>: Deducci\u00f3n para j\u00f3venes, familias numerosas y personas con discapacidad que alquilen su vivienda habitual.<\/li>\n<\/ul>\n<h2 id=\"cataluna-9\" class=\"toc-enabled\"><span class=\"toc-shortcut-icon\" title=\"Ver \u00cdndice de contenido\"><\/span><strong>Catalu\u00f1a<\/strong><\/h2>\n<p>En <a rel=\"noopener, noreferrer\" href=\"https:\/\/sede.agenciatributaria.gob.es\/Sede\/vivienda-otros-inmuebles\/irpf-deducciones-autonomicas\/cataluna.html\">Catalu\u00f1a<\/a> las deducciones tienen que ver con la rehabilitaci\u00f3n de la vivienda habitual y por el alquiler de la misma, especialmente para <strong>j\u00f3venes, mayores de 65 a\u00f1os y personas con discapacidad.<\/strong><\/p>\n<p><!-- BREAK 14 --><\/p>\n<p>Igualmente <strong>contempla un tramo auton\u00f3mico espec\u00edfico<\/strong> dentro de la deducci\u00f3n por inversi\u00f3n en vivienda habitual. Estas ayudas buscan facilitar el acceso y la conservaci\u00f3n de la vivienda principal.<\/p>\n<p><!-- BREAK 15 --><\/p>\n<ul>\n<li><strong>Compra o rehabilitaci\u00f3n de vivienda habitual<\/strong>: Deducci\u00f3n para j\u00f3venes que adquieran su primera vivienda.<\/li>\n<li><strong>Alquiler de vivienda habitual<\/strong>: Deducci\u00f3n para j\u00f3venes, mayores de 65 a\u00f1os y personas con discapacidad que alquilen su vivienda habitual.<\/li>\n<\/ul>\n<div class=\"article-asset-image article-asset-large article-asset-center\">\n<div class=\"asset-content\">\n<p>   <img decoding=\"async\" alt=\"Aeat\" class=\"\" src=\"https:\/\/i.blogs.es\/c289c8\/aeat\/450_1000.webp\"><\/p><\/div>\n<\/div>\n<h2 id=\"-10\" class=\"toc-enabled\"><span class=\"toc-shortcut-icon\" title=\"Ver \u00cdndice de contenido\"><\/span><br \/><\/h2>\n<h2 id=\"extremadura-11\" class=\"toc-enabled\"><span class=\"toc-shortcut-icon\" title=\"Ver \u00cdndice de contenido\"><\/span><strong>Extremadura<\/strong><\/h2>\n<p>En <a rel=\"noopener, noreferrer\" href=\"https:\/\/sede.agenciatributaria.gob.es\/Sede\/vivienda-otros-inmuebles\/irpf-deducciones-autonomicas\/extremadura.html\">Extremadura<\/a> se aplican deducciones en el IRPF por la compra o rehabilitaci\u00f3n de vivienda habitual en zonas rurales, as\u00ed como por el alquiler de vivienda habitual. A todo esto se pueden sumar beneficios fiscales para <strong>arrendadores de viviendas vac\u00edas<\/strong>, j\u00f3venes que financien la adquisici\u00f3n de su primera vivienda y v\u00edctimas del terrorismo. Adem\u00e1s, se contemplan deducciones por obras en viviendas rurales destinadas al alquiler.<\/p>\n<p><!-- BREAK 16 --><\/p>\n<ul>\n<li><strong>Compra o rehabilitaci\u00f3n de vivienda habitual<\/strong>: Deducci\u00f3n para j\u00f3venes que adquieran su primera vivienda.<\/li>\n<li><strong>Alquiler de vivienda habitual<\/strong>: Deducci\u00f3n para j\u00f3venes, familias numerosas y personas con discapacidad que alquilen su vivienda habitual.<\/li>\n<\/ul>\n<h2 id=\"galicia-12\" class=\"toc-enabled\"><span class=\"toc-shortcut-icon\" title=\"Ver \u00cdndice de contenido\"><\/span><strong>Galicia<\/strong><\/h2>\n<p>En <a rel=\"noopener, noreferrer\" href=\"https:\/\/sede.agenciatributaria.gob.es\/Sede\/vivienda-otros-inmuebles\/irpf-deducciones-autonomicas\/galicia.html\">Galicia<\/a> se puede ahorrar en el IRPF por la adquisici\u00f3n y rehabilitaci\u00f3n de <strong>viviendas incluidas en proyectos de aldeas modelo<\/strong>, as\u00ed como por el alquiler de la vivienda habitual. Tambi\u00e9n se contemplan beneficios fiscales por la rehabilitaci\u00f3n de inmuebles situados en centros hist\u00f3ricos.<\/p>\n<p><!-- BREAK 17 --><\/p>\n<ul>\n<li><strong>Compra o rehabilitaci\u00f3n de vivienda habitual<\/strong>: Deducci\u00f3n para j\u00f3venes que adquieran su primera vivienda.<\/li>\n<li><strong>Alquiler de vivienda habitual<\/strong>: Deducci\u00f3n para j\u00f3venes, mayores de 65 a\u00f1os y personas con discapacidad que alquilen su vivienda habitual.<\/li>\n<\/ul>\n<h2 id=\"comunidad-madrid-13\" class=\"toc-enabled\"><span class=\"toc-shortcut-icon\" title=\"Ver \u00cdndice de contenido\"><\/span><strong>Comunidad de Madrid<\/strong><\/h2>\n<p>En la <a rel=\"noopener, noreferrer\" href=\"https:\/\/sede.agenciatributaria.gob.es\/Sede\/vivienda-otros-inmuebles\/irpf-deducciones-autonomicas\/madrid.html\">Comunidad de Madrid<\/a> se pueden aplicar deducciones en el IRPF por el alquiler de la vivienda habitual, la compra en municipios en riesgo de despoblaci\u00f3n y los gastos relacionados con viviendas vac\u00edas. Se conceden tambi\u00e9n ayudas por el <strong>pago de intereses hipotecarios para j\u00f3venes<\/strong> menores de 30 a\u00f1os, as\u00ed como por nacimiento o adopci\u00f3n de hijos vinculados a la adquisici\u00f3n de vivienda habitual.<\/p>\n<p><!-- BREAK 18 --><\/p>\n<div class=\"article-asset article-asset-normal article-asset-center\">\n<div class=\"desvio-container\">\n<div class=\"desvio\">\n<div class=\"desvio-figure js-desvio-figure\">\n    <a href=\"https:\/\/www.xatakahome.com\/a-fondo\/voy-a-vender-alquilar-piso-me-piden-certificado-energetico-que-cuanto-cuesta-como-pedirlo\" class=\"pivot-outboundlink\" data-vars-post-title=\"Voy a vender o alquilar un piso y me piden el Certificado Energ\u00e9tico: qu\u00e9 es, cu\u00e1nto cuesta y c\u00f3mo pedirlo \"><br \/>\n     <img loading=\"lazy\" decoding=\"async\" alt=\"Voy a vender o alquilar un piso y me piden el Certificado Energ\u00e9tico: qu\u00e9 es, cu\u00e1nto cuesta y c\u00f3mo pedirlo \" width=\"375\" height=\"142\" src=\"https:\/\/i.blogs.es\/f0d59b\/portada\/375_142.webp\" onerror='this.src=\"https:\/\/i.blogs.es\/f0d59b\/portada\/375_142.jpeg\"'><br \/>\n    <\/a>\n   <\/div>\n<div class=\"desvio-summary\">\n<div class=\"desvio-taxonomy js-desvio-taxonomy\">\n     <a href=\"https:\/\/www.xatakahome.com\/a-fondo\/voy-a-vender-alquilar-piso-me-piden-certificado-energetico-que-cuanto-cuesta-como-pedirlo\" class=\"desvio-taxonomy-anchor pivot-outboundlink\" data-vars-post-title=\"Voy a vender o alquilar un piso y me piden el Certificado Energ\u00e9tico: qu\u00e9 es, cu\u00e1nto cuesta y c\u00f3mo pedirlo \">En Xataka Smart Home<\/a>\n    <\/div>\n<p>    <a href=\"https:\/\/www.xatakahome.com\/a-fondo\/voy-a-vender-alquilar-piso-me-piden-certificado-energetico-que-cuanto-cuesta-como-pedirlo\" class=\"desvio-title js-desvio-title pivot-outboundlink\" data-vars-post-title=\"Voy a vender o alquilar un piso y me piden el Certificado Energ\u00e9tico: qu\u00e9 es, cu\u00e1nto cuesta y c\u00f3mo pedirlo \">Voy a vender o alquilar un piso y me piden el Certificado Energ\u00e9tico: qu\u00e9 es, cu\u00e1nto cuesta y c\u00f3mo pedirlo <\/a>\n   <\/div>\n<\/p><\/div>\n<\/p><\/div>\n<\/div>\n<ul>\n<li><strong>Compra o rehabilitaci\u00f3n de vivienda habitual<\/strong>: Deducci\u00f3n para j\u00f3venes que adquieran su primera vivienda.<\/li>\n<li><strong>Alquiler de vivienda habitual<\/strong>: Deducci\u00f3n para j\u00f3venes, familias numerosas y personas con discapacidad que alquilen su vivienda habitual.<\/li>\n<\/ul>\n<h2 id=\"region-murcia-14\" class=\"toc-enabled\"><span class=\"toc-shortcut-icon\" title=\"Ver \u00cdndice de contenido\"><\/span><strong>Regi\u00f3n de Murcia<\/strong><\/h2>\n<p>En la <a rel=\"noopener, noreferrer\" href=\"https:\/\/sede.agenciatributaria.gob.es\/Sede\/vivienda-otros-inmuebles\/irpf-deducciones-autonomicas\/region-murcia.html\">Regi\u00f3n de Murcia<\/a> los contribuyentes pueden ahorrar en el alquiler de vivienda habitual, la adquisici\u00f3n de nueva vivienda o ampliaci\u00f3n por parte de familias numerosas, y por <strong>inversi\u00f3n en vivienda habitual realizada por j\u00f3venes<\/strong> de hasta 40 a\u00f1os.<\/p>\n<p><!-- BREAK 19 --><\/p>\n<p>Tambi\u00e9n se contempla el <strong>r\u00e9gimen transitorio de la deducci\u00f3n estatal<\/strong> por compra de vivienda. Estas ayudas buscan facilitar el acceso a la vivienda y apoyar a colectivos con necesidades espec\u00edficas.<\/p>\n<p><!-- BREAK 20 --><\/p>\n<ul>\n<li><strong>Compra o rehabilitaci\u00f3n de vivienda habitual<\/strong>: Deducci\u00f3n para j\u00f3venes que adquieran su primera vivienda.<\/li>\n<li><strong>Alquiler de vivienda habitual<\/strong>: Deducci\u00f3n para j\u00f3venes, familias numerosas y personas con discapacidad que alquilen su vivienda habitual.<\/li>\n<\/ul>\n<h2 id=\"rioja-15\" class=\"toc-enabled\"><span class=\"toc-shortcut-icon\" title=\"Ver \u00cdndice de contenido\"><\/span><strong>La Rioja<\/strong><\/h2>\n<p>En <a rel=\"noopener, noreferrer\" href=\"https:\/\/sede.agenciatributaria.gob.es\/Sede\/vivienda-otros-inmuebles\/irpf-deducciones-autonomicas\/rioja.html\">La Rioja<\/a> se pueden aplicar deducciones en el IRPF por el <strong>alquiler de vivienda habitual para menores de 36 a\u00f1os<\/strong>, por rehabilitaci\u00f3n de la vivienda habitual y por inversi\u00f3n para compensar la subida de intereses hipotecarios.<\/p>\n<p><!-- BREAK 21 --><\/p>\n<p>Igualmente existen ayudas por la compra o rehabilitaci\u00f3n de una <strong>segunda vivienda en zonas rurales<\/strong> y por la adquisici\u00f3n de vivienda habitual en peque\u00f1os municipios. Adem\u00e1s, los j\u00f3venes cuentan con deducciones espec\u00edficas por la compra, construcci\u00f3n o rehabilitaci\u00f3n de su primera vivienda.<\/p>\n<p><!-- BREAK 22 --><\/p>\n<ul>\n<li><strong>Compra o rehabilitaci\u00f3n de vivienda habitual<\/strong>: Deducci\u00f3n para j\u00f3venes que adquieran su primera vivienda.<\/li>\n<li><strong>Alquiler de vivienda habitual<\/strong>: Deducci\u00f3n para j\u00f3venes, familias numerosas y personas con discapacidad que alquilen su vivienda habitual.<\/li>\n<\/ul>\n<h2 id=\"comunidad-valenciana-16\" class=\"toc-enabled\"><span class=\"toc-shortcut-icon\" title=\"Ver \u00cdndice de contenido\"><\/span><strong>Comunidad Valenciana<\/strong><\/h2>\n<p>En la <a rel=\"noopener, noreferrer\" href=\"https:\/\/sede.agenciatributaria.gob.es\/Sede\/vivienda-otros-inmuebles\/irpf-deducciones-autonomicas\/comunitat-valenciana.html\">Comunidad Valenciana<\/a> se aplican deducciones en el IRPF por la <strong>adquisici\u00f3n o rehabilitaci\u00f3n de vivienda habitual<\/strong> con ayudas p\u00fablicas, por el alquiler o cesi\u00f3n en uso de vivienda habitual y por el aumento de los costes hipotecarios.<\/p>\n<p><!-- BREAK 23 --><\/p>\n<p><strong>Tambi\u00e9n hay deducciones espec\u00edficas<\/strong> para j\u00f3venes menores de 35 a\u00f1os, personas con discapacidad y por cambio de residencia por motivos laborales. Adem\u00e1s, los arrendadores pueden deducir si la renta del alquiler no supera el precio de referencia auton\u00f3mico.<\/p>\n<p><!-- BREAK 24 --><\/p>\n<ul>\n<li><strong>Compra o rehabilitaci\u00f3n de vivienda habitual<\/strong>: Deducci\u00f3n para j\u00f3venes que adquieran su primera vivienda.<\/li>\n<li><strong>Alquiler de vivienda habitual<\/strong>: Deducci\u00f3n para j\u00f3venes, familias numerosas y personas con discapacidad que alquilen su vivienda habitual.<\/li>\n<\/ul>\n<p>Este es <strong>un resumen de las deducciones disponibles<\/strong> al realizar la declaraci\u00f3n de la renta. En <a rel=\"noopener, noreferrer\" href=\"https:\/\/sede.agenciatributaria.gob.es\/Sede\/vivienda-otros-inmuebles\/irpf-deducciones-autonomicas.html\">este enlace<\/a> de la Agencia Tributaria se recoge, de forma detallada y organizada por comunidades aut\u00f3nomas, toda la informaci\u00f3n sobre las ayudas fiscales relacionadas con la vivienda, as\u00ed como los requisitos necesarios para poder beneficiarse de ellas.<\/p>\n<p><!-- BREAK 25 --><\/p>\n<p>En Xataka SmartHome | <a class=\"text-outboundlink\" href=\"https:\/\/www.xatakahome.com\/a-fondo\/quiero-vender-comprar-piso-inmueble-estos-todos-documentos-que-necesito-para-hacerlo-seguridad\" data-vars-post-title=\"Quiero vender o comprar un piso o inmueble. Esto es lo que dice la ley y estos todos los documentos que necesito\" data-vars-post-url=\"https:\/\/www.xatakahome.com\/a-fondo\/quiero-vender-comprar-piso-inmueble-estos-todos-documentos-que-necesito-para-hacerlo-seguridad\">Quiero vender o comprar un piso o inmueble. Esto es lo que dice la ley y estos todos los documentos que necesito<\/a><\/p>\n<p><script>\n (function() {\n  window._JS_MODULES = window._JS_MODULES || {};\n  var headElement = document.getElementsByTagName('head')[0];\n  if (_JS_MODULES.instagram) {\n   var instagramScript = document.createElement('script');\n   instagramScript.src = 'https:\/\/platform.instagram.com\/en_US\/embeds.js';\n   instagramScript.async = true;\n   instagramScript.defer = true;\n   headElement.appendChild(instagramScript);\n  }\n })();\n<\/script><\/p>\n<p> &#8211; <br \/> La noticia<br \/>\n      <a href=\"https:\/\/www.xatakahome.com\/hogar\/estas-todas-deducciones-vivienda-renta-que-puedes-aplicar-para-pagar?utm_source=feedburner&amp;utm_medium=feed&amp;utm_campaign=21_Apr_2025\"><br \/>\n       <em> Estas son todas las deducciones por vivienda en la Renta que puedes aplicar para pagar menos <\/em><br \/>\n      <\/a><br \/>\n      fue publicada originalmente en<br \/>\n      <a href=\"https:\/\/www.xatakahome.com\/?utm_source=feedburner&amp;utm_medium=feed&amp;utm_campaign=21_Apr_2025\"><br \/>\n       <strong> Xataka Smart Home <\/strong><br \/>\n      <\/a><br \/>\n             por <a href=\"https:\/\/www.xatakahome.com\/autor\/jose-antonio-carmona?utm_source=feedburner&amp;utm_medium=feed&amp;utm_campaign=21_Apr_2025\"><br \/>\n        Jose Antonio Carmona<br \/>\n       <\/a><br \/>\n      . <\/p>\n<\/div>\n","protected":false},"excerpt":{"rendered":"<p>Llega la \u00e9poca de presentar la declaraci\u00f3n de la Renta, y cualquier ventaja que nos ayude a pagar menos \u2014o incluso a recibir una devoluci\u00f3n\u2014 siempre es bienvenida. Por ello, conviene repasar las distintas deducciones disponibles seg\u00fan la comunidad aut\u00f3noma de residencia, con el objetivo de ahorrar algunos euros. Las deducciones auton\u00f3micas por vivienda dentro &hellip; <a href=\"https:\/\/domosistemas.com\/?p=28269\" class=\"more-link\">Sigue leyendo <span class=\"screen-reader-text\">Estas son todas las deducciones por vivienda en la Renta que puedes aplicar para pagar menos<\/span><\/a><\/p>\n","protected":false},"author":1,"featured_media":0,"comment_status":"closed","ping_status":"closed","sticky":false,"template":"","format":"standard","meta":{"footnotes":""},"categories":[8],"tags":[],"class_list":["post-28269","post","type-post","status-publish","format-standard","hentry","category-xataka"],"_links":{"self":[{"href":"https:\/\/domosistemas.com\/index.php?rest_route=\/wp\/v2\/posts\/28269","targetHints":{"allow":["GET"]}}],"collection":[{"href":"https:\/\/domosistemas.com\/index.php?rest_route=\/wp\/v2\/posts"}],"about":[{"href":"https:\/\/domosistemas.com\/index.php?rest_route=\/wp\/v2\/types\/post"}],"author":[{"embeddable":true,"href":"https:\/\/domosistemas.com\/index.php?rest_route=\/wp\/v2\/users\/1"}],"replies":[{"embeddable":true,"href":"https:\/\/domosistemas.com\/index.php?rest_route=%2Fwp%2Fv2%2Fcomments&post=28269"}],"version-history":[{"count":0,"href":"https:\/\/domosistemas.com\/index.php?rest_route=\/wp\/v2\/posts\/28269\/revisions"}],"wp:attachment":[{"href":"https:\/\/domosistemas.com\/index.php?rest_route=%2Fwp%2Fv2%2Fmedia&parent=28269"}],"wp:term":[{"taxonomy":"category","embeddable":true,"href":"https:\/\/domosistemas.com\/index.php?rest_route=%2Fwp%2Fv2%2Fcategories&post=28269"},{"taxonomy":"post_tag","embeddable":true,"href":"https:\/\/domosistemas.com\/index.php?rest_route=%2Fwp%2Fv2%2Ftags&post=28269"}],"curies":[{"name":"wp","href":"https:\/\/api.w.org\/{rel}","templated":true}]}}