{"id":28294,"date":"2025-04-23T10:09:39","date_gmt":"2025-04-23T10:09:39","guid":{"rendered":"https:\/\/domosistemas.com\/?p=28294"},"modified":"2025-04-23T10:09:39","modified_gmt":"2025-04-23T10:09:39","slug":"ventilar-o-no-ventilar-tu-casa-para-que-no-entre-la-contaminacion-los-expertos-lo-tienen-claro-salvo-en-un-caso","status":"publish","type":"post","link":"https:\/\/domosistemas.com\/?p=28294","title":{"rendered":"Ventilar o no ventilar tu casa para que no entre la contaminaci\u00f3n. Los expertos lo tienen claro, salvo en un caso"},"content":{"rendered":"<div>\n<p>\n      <img decoding=\"async\" src=\"https:\/\/i.blogs.es\/ae67b9\/chatgpt-image-23-abr-2025-08_55_10\/1024_2000.jpeg\" alt=\"Ventilar o no ventilar tu casa para que no entre la contaminaci\u00f3n. Los expertos lo tienen claro, salvo en un caso \">\n    <\/p>\n<p>Si vivimos en una gran ciudad donde suele haber<strong> contaminaci\u00f3n ambiental<\/strong> debida a causas como el tr\u00e1fico, las industrias, calefacciones de gas, etc., puede que nos d\u00e9 la sensaci\u00f3n de que <strong>el aire del exterior est\u00e1 menos limpio que el de dentro de casa<\/strong> y que por tanto no hay que abrir las ventanas para ventilar.<\/p>\n<p><!-- BREAK 1 --><\/p>\n<p>En teor\u00eda es una tarea b\u00e1sica que <a class=\"text-outboundlink\" href=\"https:\/\/www.xatakahome.com\/hogar\/tiempo-minimo-que-hay-que-ventilar-casa-para-tener-buena-salud-no-derrochar-calefaccion-durante-invierno-1\" data-vars-post-title=\"El tiempo m\u00ednimo que hay que ventilar la casa para tener buena salud y no derrochar calefacci\u00f3n durante el invierno  \" data-vars-post-url=\"https:\/\/www.xatakahome.com\/hogar\/tiempo-minimo-que-hay-que-ventilar-casa-para-tener-buena-salud-no-derrochar-calefaccion-durante-invierno-1\">deber\u00edamos hacer a diario<\/a> para eliminar el aire viciado del interior dejando pasar<strong> aire \u00ablimpio\u00bb de la calle. <\/strong>Pero claro, cuando ya no tenemos tan claro que el de fuera sea propicio para ello, entonces surgen las dudas. \u00bfNo es conveniente ventilar?, \u00bfc\u00f3mo hay que hacerlo para que sea seguro? Veamos qu\u00e9 opinan los expertos.<\/p>\n<p><!-- BREAK 2 --><\/p>\n<div class=\"article-asset article-asset-normal article-asset-center\">\n<div class=\"desvio-container\">\n<div class=\"desvio\">\n<div class=\"desvio-figure js-desvio-figure\">\n    <a href=\"https:\/\/www.xatakahome.com\/seguridad-en-el-hogar\/alergias-primaverales-como-saber-niveles-polen-tu-zona-que-hacer-casa-para-evitar-sintomas\" class=\"pivot-outboundlink\" data-vars-post-title=\"Alergias primaverales: c\u00f3mo saber los niveles de polen en tu zona y qu\u00e9 hacer en casa para evitar s\u00edntomas\"><br \/>\n     <img loading=\"lazy\" decoding=\"async\" alt=\"Alergias primaverales: c\u00f3mo saber los niveles de polen en tu zona y qu\u00e9 hacer en casa para evitar s\u00edntomas\" width=\"375\" height=\"142\" src=\"https:\/\/i.blogs.es\/445e60\/alex-jones-zaor6t7mvom-unsplash\/375_142.webp\" onerror='this.src=\"https:\/\/i.blogs.es\/445e60\/alex-jones-zaor6t7mvom-unsplash\/375_142.jpg\"'><br \/>\n    <\/a>\n   <\/div>\n<div class=\"desvio-summary\">\n<div class=\"desvio-taxonomy js-desvio-taxonomy\">\n     <a href=\"https:\/\/www.xatakahome.com\/seguridad-en-el-hogar\/alergias-primaverales-como-saber-niveles-polen-tu-zona-que-hacer-casa-para-evitar-sintomas\" class=\"desvio-taxonomy-anchor pivot-outboundlink\" data-vars-post-title=\"Alergias primaverales: c\u00f3mo saber los niveles de polen en tu zona y qu\u00e9 hacer en casa para evitar s\u00edntomas\">En Xataka Smart Home<\/a>\n    <\/div>\n<p>    <a href=\"https:\/\/www.xatakahome.com\/seguridad-en-el-hogar\/alergias-primaverales-como-saber-niveles-polen-tu-zona-que-hacer-casa-para-evitar-sintomas\" class=\"desvio-title js-desvio-title pivot-outboundlink\" data-vars-post-title=\"Alergias primaverales: c\u00f3mo saber los niveles de polen en tu zona y qu\u00e9 hacer en casa para evitar s\u00edntomas\">Alergias primaverales: c\u00f3mo saber los niveles de polen en tu zona y qu\u00e9 hacer en casa para evitar s\u00edntomas<\/a>\n   <\/div>\n<\/p><\/div>\n<\/p><\/div>\n<\/div>\n<h2>Ventilar la casa: una tarea imprescindible<\/h2>\n<div class=\"article-asset-image article-asset-normal article-asset-center\">\n<div class=\"asset-content\">\n<div class=\"caption-img \">\n                    <a rel=\"noopener, noreferrer\" href=\"https:\/\/unsplash.com\/es\/fotos\/ventana-abierta-durante-el-dia-iB3rDL7FNcI\"><\/p>\n<p>    <img decoding=\"async\" alt=\"Adrien Siami Ib3rdl7fnci Unsplash\" class=\"centro_sinmarco\" src=\"https:\/\/i.blogs.es\/8f44c8\/adrien-siami-ib3rdl7fnci-unsplash\/450_1000.webp\"><br \/>\n     <\/a><\/p>\n<p>        <span>Imagen: Adrien Siami<\/span>\n   <\/div>\n<\/p><\/div>\n<\/div>\n<p>Ventilar la casa permite <strong>expulsar al exterior parte de ese aire viciado<\/strong> que se acumula en las estancias de la casa y que de otro modo estar\u00edamos respirando continuamente d\u00eda tras d\u00eda. El objetivo principal es <strong>reducir la concentraci\u00f3n de CO2<\/strong> y \u00abrefrescar\u00bb el aire eliminando sustancias y part\u00edculas que se encuentren en \u00e9l disueltas y que puedan ser potencialmente molestas o perjudiciales para la salud.<\/p>\n<p><!-- BREAK 3 --><\/p>\n<p>As\u00ed podemos minimizar la acumulaci\u00f3n de <strong>polvo, \u00e1caros y otros microorganismos<\/strong> no deseados como virus y bacterias presentes en el ambiente dom\u00e9stico. Tambi\u00e9n nos ayuda a <strong>regular la humedad relativa del aire<\/strong> dentro de casa, que idealmente deber\u00eda <a class=\"text-outboundlink\" href=\"https:\/\/www.xatakahome.com\/a-fondo\/temperatura-ideal-calefaccion-para-superar-ola-frio-polar-ahorrando-energia-esto-que-dice-ciencia\" data-vars-post-title=\"La temperatura ideal de la calefacci\u00f3n para superar la ola de fr\u00edo polar ahorrando energ\u00eda: esto es lo que dice la ciencia\" data-vars-post-url=\"https:\/\/www.xatakahome.com\/a-fondo\/temperatura-ideal-calefaccion-para-superar-ola-frio-polar-ahorrando-energia-esto-que-dice-ciencia\">oscilar entre el 40 y 50%<\/a>, y a deshacernos de los malos olores.<\/p>\n<p><!-- BREAK 4 --><\/p>\n<p><strong>Pero si el aire de fuera est\u00e1 contaminado, \u00bfno ser\u00eda mejor no abrir las ventanas?<\/strong> Pues si no ventilamos en general no significar\u00e1 que la contaminaci\u00f3n no entrar\u00e1 dentro por completo (o por lo menos no lo har\u00e1 tan r\u00e1pido), puesto que las casas no suelen ser estancas. Es algo que se\u00f1ala la doctora en Qu\u00edmica y profesora de la Universidad de Castilla la Mancha, Mar\u00eda Teresa Baeza Romero en <a rel=\"noopener, noreferrer\" href=\"https:\/\/maldita.es\/clima\/20240229\/ventilar-casa-contaminacion-aire\/\">esta entrevista.<\/a><\/p>\n<p><!-- BREAK 5 --><\/p>\n<p>Baeza explica la <strong>importancia de ventilar a pesar de vivir en una zona urbana<\/strong>, ya que expulsamos <a rel=\"noopener, noreferrer\" href=\"https:\/\/www.epa.gov\/indoor-air-quality-iaq\/inside-story-guide-indoor-air-quality#outdoor-air\">contaminantes espec\u00edficos<\/a> que se generan en el interior de nuestros hogares derivados, por ejemplo, del uso de productos qu\u00edmicos para la limpieza, del cocinado de alimentos o residuos de la propia respiraci\u00f3n durante enfermedades infecciosas. Eso s\u00ed, conviene hacerlo de forma inteligente, en horas concretas.<\/p>\n<p><!-- BREAK 6 --><\/p>\n<p><strong>\u00bfCu\u00e1ndo es m\u00e1s recomendable ventilar?<\/strong> Pues seg\u00fan <a rel=\"noopener, noreferrer\" href=\"https:\/\/rdgroups.ciemat.es\/web\/geca-ciemat\/equipo\">Roc\u00edo Alonso<\/a>, ecotoxic\u00f3loga de la contaminaci\u00f3n atmosf\u00e9rica en el CIEMAT, lo ideal es estar atentos y ventilar cuando las concentraciones de<strong> contaminantes en el exterior son m\u00e1s bajas<\/strong>.<\/p>\n<p><!-- BREAK 7 --><\/p>\n<div class=\"article-asset-image article-asset-normal article-asset-center\">\n<div class=\"asset-content\">\n<div class=\"caption-img \">\n                    <a rel=\"noopener, noreferrer\" href=\"https:\/\/play.google.com\/store\/apps\/details?id=es.gob.ica\"><\/p>\n<p>    <img decoding=\"async\" alt=\"aplicaci\u00f3n\" class=\"centro_sinmarco\" src=\"https:\/\/i.blogs.es\/d670e6\/1366_2000\/450_1000.webp\"><br \/>\n     <\/a><\/p>\n<p>        <span>Imagen: ICA<\/span>\n   <\/div>\n<\/p><\/div>\n<\/div>\n<p><strong>\u00bfC\u00f3mo sabemos cu\u00e1ndo el aire exterior est\u00e1 m\u00e1s limpio?<\/strong> Pues podemos consultar fuentes oficiales desde servicios oficiales como el <a rel=\"noopener, noreferrer\" href=\"https:\/\/ica.miteco.es\/\">ICA (\u00cdndice Calidad del Aire)<\/a> del Ministerio para la Transici\u00f3n Ecol\u00f3gica que nos dar\u00e1 datos concretos de nuestra zona en funci\u00f3n de las horas, puesto que los picos de contaminaci\u00f3n var\u00edan a lo largo del d\u00eda.<\/p>\n<p><!-- BREAK 8 --><\/p>\n<p>Por ejemplo, en el caso de Madrid los picos de NO2<strong> <\/strong>se dan por la ma\u00f1ana, a la hora punta de entrar a trabajar. Por eso <strong>en invierno se recomienda ventilar a mediod\u00eda<\/strong>. Sin embargo, en verano<strong> <\/strong>aumenta el O3 en las horas centrales y es <strong>mejor ventilar por la noche o temprano por la ma\u00f1ana<\/strong>.<\/p>\n<p><!-- BREAK 9 --><\/p>\n<p><strong>\u00bfNo hay ning\u00fan caso en el que no se recomiende ventilar la casa?<\/strong> Pues hay uno. Como <a rel=\"noopener, noreferrer\" href=\"https:\/\/maldita.es\/clima\/20240229\/ventilar-casa-contaminacion-aire\/\">se\u00f1ala Miriam Catal\u00e1<\/a>, investigadora del Instituto de Investigaci\u00f3n en Cambio Global y profesora en la Universidad Rey Juan Carlos: \u00ab<strong>S\u00f3lo es recomendable dejar de ventilar<\/strong> cuando as\u00ed lo recomienden las autoridades sanitarias por <strong>episodios cr\u00edticos<\/strong> como incendios o vertidos accidentales\u00bb.<\/p>\n<p><!-- BREAK 10 --><\/p>\n<div class=\"article-asset-video article-asset-normal\">\n<div class=\"asset-content\">\n<div class=\"base-asset-video\">\n<div class=\"js-dailymotion\">\n    <script type=\"application\/json\">\n                          {\"videoId\":\"x859iu8\",\"autoplay\":true,\"title\":\"\u00bfPara qu\u00e9 sirve un purificador Lo probamos con este Dyson en situaciones reales   RETO XATAKA\", \"tag\":\"\", \"duration\":\"775\"}\n                  <\/script>\n   <\/div>\n<\/p><\/div>\n<\/p><\/div>\n<\/div>\n<p>Como vemos, los expertos coinciden en que, en general, y salvo que haya un caso grave de alerta por contaminaci\u00f3n extrema debida a causas como incendios o vertidos accidentales, <strong>ventilar nuestras viviendas es esencial y conviene hacerlo a diario<\/strong>. Eso s\u00ed, de forma inteligente consultando las horas m\u00e1s propicias para ello por ejemplo usando el <a rel=\"noopener, noreferrer\" href=\"https:\/\/ica.miteco.es\/\">servicio ICA oficial desde la web<\/a> o desde nuestro m\u00f3vil bajando la aplicaci\u00f3n para <a rel=\"noopener, noreferrer\" href=\"https:\/\/play.google.com\/store\/apps\/details?id=es.gob.ica\">Android<\/a> o <a rel=\"noopener, noreferrer\" href=\"https:\/\/apps.apple.com\/es\/app\/ica-%C3%ADndice-de-calidad-del-aire\/id6503063828\">iOS<\/a>.<\/p>\n<p><!-- BREAK 11 --><\/p>\n<p>M\u00e1s informaci\u00f3n | <a rel=\"noopener, noreferrer\" href=\"https:\/\/maldita.es\/clima\/20240229\/ventilar-casa-contaminacion-aire\/\">Maldita<\/a> | <a rel=\"noopener, noreferrer\" href=\"https:\/\/ica.miteco.es\/\">ICA<\/a><\/p>\n<p>Imagen portada | Generada con ChatGPT<\/p>\n<p>En Xataka SmartHome | <a class=\"text-outboundlink\" href=\"https:\/\/www.xatakahome.com\/guia-de-compra\/purificadores-aire-para-unas-reuniones-navidenas-seguras-que-mirar-al-comprar-uno-modelos-recomendados\" data-vars-post-title=\"Purificadores de aire para unas reuniones navide\u00f1as m\u00e1s seguras: qu\u00e9 mirar al comprar uno y modelos recomendados\" data-vars-post-url=\"https:\/\/www.xatakahome.com\/guia-de-compra\/purificadores-aire-para-unas-reuniones-navidenas-seguras-que-mirar-al-comprar-uno-modelos-recomendados\">Purificadores de aire para unas reuniones navide\u00f1as m\u00e1s seguras: qu\u00e9 mirar al comprar uno y modelos recomendados<\/a><\/p>\n<p><script>\n (function() {\n  window._JS_MODULES = window._JS_MODULES || {};\n  var headElement = document.getElementsByTagName('head')[0];\n  if (_JS_MODULES.instagram) {\n   var instagramScript = document.createElement('script');\n   instagramScript.src = 'https:\/\/platform.instagram.com\/en_US\/embeds.js';\n   instagramScript.async = true;\n   instagramScript.defer = true;\n   headElement.appendChild(instagramScript);\n  }\n })();\n<\/script><\/p>\n<p> &#8211; <br \/> La noticia<br \/>\n      <a href=\"https:\/\/www.xatakahome.com\/seguridad-en-el-hogar\/ventilar-no-ventilar-tu-casa-no-contaminacion-expertos-tienen-claro-salvo-caso?utm_source=feedburner&amp;utm_medium=feed&amp;utm_campaign=23_Apr_2025\"><br \/>\n       <em> Ventilar o no ventilar tu casa para que no entre la contaminaci\u00f3n. Los expertos lo tienen claro, salvo en un caso  <\/em><br \/>\n      <\/a><br \/>\n      fue publicada originalmente en<br \/>\n      <a href=\"https:\/\/www.xatakahome.com\/?utm_source=feedburner&amp;utm_medium=feed&amp;utm_campaign=23_Apr_2025\"><br \/>\n       <strong> Xataka Smart Home <\/strong><br \/>\n      <\/a><br \/>\n             por <a href=\"https:\/\/www.xatakahome.com\/autor\/paco-rodriguez?utm_source=feedburner&amp;utm_medium=feed&amp;utm_campaign=23_Apr_2025\"><br \/>\n        Paco Rodr\u00edguez<br \/>\n       <\/a><br \/>\n      . <\/p>\n<\/div>\n","protected":false},"excerpt":{"rendered":"<p>Si vivimos en una gran ciudad donde suele haber contaminaci\u00f3n ambiental debida a causas como el tr\u00e1fico, las industrias, calefacciones de gas, etc., puede que nos d\u00e9 la sensaci\u00f3n de que el aire del exterior est\u00e1 menos limpio que el de dentro de casa y que por tanto no hay que abrir las ventanas para &hellip; <a href=\"https:\/\/domosistemas.com\/?p=28294\" class=\"more-link\">Sigue leyendo <span class=\"screen-reader-text\">Ventilar o no ventilar tu casa para que no entre la contaminaci\u00f3n. Los expertos lo tienen claro, salvo en un caso<\/span><\/a><\/p>\n","protected":false},"author":1,"featured_media":0,"comment_status":"closed","ping_status":"closed","sticky":false,"template":"","format":"standard","meta":{"footnotes":""},"categories":[8],"tags":[],"class_list":["post-28294","post","type-post","status-publish","format-standard","hentry","category-xataka"],"_links":{"self":[{"href":"https:\/\/domosistemas.com\/index.php?rest_route=\/wp\/v2\/posts\/28294","targetHints":{"allow":["GET"]}}],"collection":[{"href":"https:\/\/domosistemas.com\/index.php?rest_route=\/wp\/v2\/posts"}],"about":[{"href":"https:\/\/domosistemas.com\/index.php?rest_route=\/wp\/v2\/types\/post"}],"author":[{"embeddable":true,"href":"https:\/\/domosistemas.com\/index.php?rest_route=\/wp\/v2\/users\/1"}],"replies":[{"embeddable":true,"href":"https:\/\/domosistemas.com\/index.php?rest_route=%2Fwp%2Fv2%2Fcomments&post=28294"}],"version-history":[{"count":0,"href":"https:\/\/domosistemas.com\/index.php?rest_route=\/wp\/v2\/posts\/28294\/revisions"}],"wp:attachment":[{"href":"https:\/\/domosistemas.com\/index.php?rest_route=%2Fwp%2Fv2%2Fmedia&parent=28294"}],"wp:term":[{"taxonomy":"category","embeddable":true,"href":"https:\/\/domosistemas.com\/index.php?rest_route=%2Fwp%2Fv2%2Fcategories&post=28294"},{"taxonomy":"post_tag","embeddable":true,"href":"https:\/\/domosistemas.com\/index.php?rest_route=%2Fwp%2Fv2%2Ftags&post=28294"}],"curies":[{"name":"wp","href":"https:\/\/api.w.org\/{rel}","templated":true}]}}