{"id":28295,"date":"2025-04-23T10:31:40","date_gmt":"2025-04-23T10:31:40","guid":{"rendered":"https:\/\/domosistemas.com\/?p=28295"},"modified":"2025-04-23T10:31:40","modified_gmt":"2025-04-23T10:31:40","slug":"lidl-tiene-el-set-perfecto-para-disfrutar-del-buen-tiempo-en-tu-terraza-o-jardin","status":"publish","type":"post","link":"https:\/\/domosistemas.com\/?p=28295","title":{"rendered":"Lidl tiene el set perfecto para disfrutar del buen tiempo en tu terraza o jard\u00edn"},"content":{"rendered":"<div>\n<p>\n      <img decoding=\"async\" src=\"https:\/\/i.blogs.es\/9258ac\/ofertas_cpa_v3-copia---2025-04-23t113446.129\/1024_2000.jpeg\" alt=\"Lidl tiene el set perfecto para disfrutar del buen tiempo en tu terraza o jard\u00edn \">\n    <\/p>\n<p>El buen tiempo ya ha llegado para quedarse (o al menos, eso parece). Ahora es un excelente momento para ir preparando la terraza o jard\u00edn de tu hogar de cara a las veladas que pasar\u00e1s en estas zonas de casa. En Lidl, tienen ahora un <strong>set de muebles para jard\u00edn Keter<\/strong> rebajad\u00edsimo. Concretamente, puedes comprarlo por <a rel=\"nofollow, sponsored, noopener, noreferrer\" target=\"_blank\" class=\"js-ecommerce\" id=\"link-ecommerce-1\" href=\"https:\/\/www.xatakahome.com\/redirect?url=https%3A%2F%2Fwww.lidl.es%2Fu%2F8711245147062&amp;category=seleccion&amp;ecomPostExpiration=perish&amp;postId=117300\" data-vars-affiliate-url=\"https:\/\/www.lidl.es\/u\/8711245147062\">209,99 euros<\/a>.<\/p>\n<p><!-- BREAK 1 --><!-- PIVOT START --><\/p>\n<div class=\"pivot-ecommerce-container m-pivot-ecommerce-redesign article-asset-normal article-asset-center\">\n<div class=\"pivot-ecommerce\">\n<div class=\"pivot-ecommerce-figure\">\n  <a rel=\"nofollow, sponsored, noopener, noreferrer\" target=\"_blank\" href=\"https:\/\/www.xatakahome.com\/redirect?url=https%3A%2F%2Fwww.lidl.es%2Fu%2F8711245147062&amp;category=seleccion&amp;pivot=1&amp;ecomPostExpiration=perish&amp;postId=117300\"><br \/>\n   <img loading=\"lazy\" decoding=\"async\" alt=\"Set de muebles para jard\u00edn\" width=\"600\" height=\"600\" src=\"https:\/\/i.blogs.es\/03ef79\/blob\/original.webp\" onerror='this.src=\"https:\/\/i.blogs.es\/03ef79\/blob\/original.jpeg\"'><br \/>\n  <\/a>\n  <\/div>\n<div class=\"pivot-ecommerce-summary\">\n<p class=\"pivot-ecommerce-desc\">Set de muebles para jard\u00edn<\/p>\n<div class=\"pivot-actions \">\n<div class=\"pivot-actions-row\">\n <a rel=\"nofollow, sponsored, noopener, noreferrer\" target=\"_blank\" data-asin=\"\" data-store=\"\" href=\"https:\/\/www.xatakahome.com\/redirect?url=https%3A%2F%2Fwww.lidl.es%2Fu%2F8711245147062&amp;category=seleccion&amp;pivot=1&amp;ecomPostExpiration=perish&amp;postId=117300\" title=\"Precio de venta al p\u00fablico a fecha de publicaci\u00f3n\" class=\"pivot-action-btn pivot-action-primary\">PVP en Lidl \u2014 <strong><span class=\"js-deal-price\">209,99<\/span> \u20ac<\/strong><\/a>\n <\/div>\n<\/p><\/div>\n<\/p><\/div>\n<\/p><\/div>\n<div class=\"pivot-link-msg\">* Alg\u00fan precio puede haber cambiado desde la \u00faltima revisi\u00f3n<\/div>\n<\/p><\/div>\n<p><!-- PIVOT END --><\/p>\n<h2>Una soluci\u00f3n barata para disfrutar del buen tiempo en la terraza o el jard\u00edn<\/h2>\n<div class=\"article-asset-image article-asset-normal article-asset-center\">\n<div class=\"asset-content\">\n                    <a rel=\"nofollow, sponsored, noopener, noreferrer\" target=\"_blank\" class=\"js-ecommerce\" id=\"link-ecommerce-2\" href=\"https:\/\/www.xatakahome.com\/redirect?url=https%3A%2F%2Fwww.lidl.es%2Fu%2F8711245147062&amp;category=seleccion&amp;ecomPostExpiration=perish&amp;postId=117300\" data-vars-affiliate-url=\"https:\/\/www.lidl.es\/u\/8711245147062\"><\/p>\n<p>    <img decoding=\"async\" alt=\"set de muebles para exterior Lidl\" class=\"centro_sinmarco\" src=\"https:\/\/i.blogs.es\/3d1216\/proyecto-nuevo---2025-04-23t111415.648\/450_1000.webp\"><br \/>\n     <\/a><\/p><\/div>\n<\/div>\n<p>Este set de muebles para jard\u00edn de Lidl est\u00e1 compuesto por una <strong>mesa baja, un sof\u00e1 de dos plazas y dos sillones individuales<\/strong>. Todos est\u00e1n fabricado es materiales resistentes a la intemperie, por lo que los podr\u00e1s tener en el exterior de tu hogar durante todo el a\u00f1o sin problema.<\/p>\n<p><!-- BREAK 2 --><\/p>\n<div class=\"article-asset article-asset-normal article-asset-center\">\n<div class=\"desvio-container\">\n<div class=\"desvio\">\n<div class=\"desvio-figure js-desvio-figure\">\n    <a href=\"https:\/\/www.compradiccion.com\/electrodomesticos-y-hogar\/lidl-liquida-foco-solar-instalacion-que-iluminara-tu-terraza-fachada-modo-facil-6-euros\" class=\"pivot-outboundlink\" target=\"_blank\" data-vars-post-title=\"Lidl liquida el foco solar sin instalaci\u00f3n que iluminar\u00e1 tu terraza y fachada del modo m\u00e1s f\u00e1cil por menos de 6 euros\"><br \/>\n     <img loading=\"lazy\" decoding=\"async\" alt=\"Lidl liquida el foco solar sin instalaci\u00f3n que iluminar\u00e1 tu terraza y fachada del modo m\u00e1s f\u00e1cil por menos de 6 euros\" width=\"375\" height=\"142\" src=\"https:\/\/i.blogs.es\/b0e327\/lidl6\/375_142.webp\" onerror='this.src=\"https:\/\/i.blogs.es\/b0e327\/lidl6\/375_142.jpeg\"'><br \/>\n    <\/a>\n   <\/div>\n<div class=\"desvio-summary\">\n<div class=\"desvio-taxonomy js-desvio-taxonomy\">\n     <a href=\"https:\/\/www.compradiccion.com\/electrodomesticos-y-hogar\/lidl-liquida-foco-solar-instalacion-que-iluminara-tu-terraza-fachada-modo-facil-6-euros\" class=\"desvio-taxonomy-anchor pivot-outboundlink m-crosspost\" target=\"_blank\" data-vars-post-title=\"Lidl liquida el foco solar sin instalaci\u00f3n que iluminar\u00e1 tu terraza y fachada del modo m\u00e1s f\u00e1cil por menos de 6 euros\">En Compradicci\u00f3n<\/a>\n    <\/div>\n<p>    <a href=\"https:\/\/www.compradiccion.com\/electrodomesticos-y-hogar\/lidl-liquida-foco-solar-instalacion-que-iluminara-tu-terraza-fachada-modo-facil-6-euros\" class=\"desvio-title js-desvio-title pivot-outboundlink\" target=\"_blank\" data-vars-post-title=\"Lidl liquida el foco solar sin instalaci\u00f3n que iluminar\u00e1 tu terraza y fachada del modo m\u00e1s f\u00e1cil por menos de 6 euros\">Lidl liquida el foco solar sin instalaci\u00f3n que iluminar\u00e1 tu terraza y fachada del modo m\u00e1s f\u00e1cil por menos de 6 euros<\/a>\n   <\/div>\n<\/p><\/div>\n<\/p><\/div>\n<\/div>\n<div class=\"article-asset-video article-asset-normal\">\n<div class=\"asset-content\">\n<div class=\"base-asset-video\">\n<div class=\"js-dailymotion\">\n    <script type=\"application\/json\">\n                          {\"videoId\":\"x8006fc\",\"autoplay\":true,\"title\":\"C\u00f3mo dormir cuando hace mucho calor y no tienes aire acondicionado\", \"tag\":\"\", \"duration\":\"217\"}\n                  <\/script>\n   <\/div>\n<\/p><\/div>\n<\/p><\/div>\n<\/div>\n<p>Una de sus principales ventajas es que <strong>no necesitar\u00e1s herramientas<\/strong> para montar cada uno de los muebles que componen este set. Esto se traduce en que en muy poco tiempo lo tendr\u00e1s ya listo en la terraza o jard\u00edn y podr\u00e1s empezar a disfrutarlo.<\/p>\n<p><!-- BREAK 3 --><\/p>\n<p>La estructura es de polipropileno y, adem\u00e1s, tanto los sillones como el sof\u00e1 <strong>vienen con los cojines<\/strong> para que te sientas m\u00e1s c\u00f3modo. Por \u00faltimo, se puede destacar que la mesa es regulable en altura, entre 40 y 66 cm, por lo que te servir\u00e1 como mesa baja y tambi\u00e9n para comer.<\/p>\n<p><!-- BREAK 4 --><\/p>\n<h2>La alternativa de Leroy Merlin por si este set de Lidl se agota<\/h2>\n<p>A este precio, no es de extra\u00f1ar que este set de muebles para exterior de Lidl se acabe agotando. Si no llegaras a conseguir este chollo, no te preocupes porque en Leroy Merlin hemos encontrado otra alternativa. Se trata de este <strong>set de jard\u00edn Nassau Microlight <\/strong>que tambi\u00e9n viene con sof\u00e1, dos sillones y una mesa y que cuesta <a rel=\"nofollow, sponsored, noopener, noreferrer\" target=\"_blank\" class=\"js-ecommerce\" id=\"link-ecommerce-3\" href=\"https:\/\/www.xatakahome.com\/redirect?url=https%3A%2F%2Fwww.leroymerlin.es%2Fproductos%2Fset-de-jardin-nassau-microlight-de-polipropileno-reciclado-antracita-4-personas-90185425.html&amp;category=seleccion&amp;ecomPostExpiration=perish&amp;postId=117300\" data-vars-affiliate-url=\"https:\/\/www.leroymerlin.es\/productos\/set-de-jardin-nassau-microlight-de-polipropileno-reciclado-antracita-4-personas-90185425.html\">199 euros<\/a>.<\/p>\n<p><!-- BREAK 5 --><!-- PIVOT START --><\/p>\n<div class=\"pivot-ecommerce-container m-pivot-ecommerce-redesign article-asset-normal article-asset-center\">\n<div class=\"pivot-ecommerce\">\n<div class=\"pivot-ecommerce-figure\">\n  <a rel=\"nofollow, sponsored, noopener, noreferrer\" target=\"_blank\" href=\"https:\/\/www.xatakahome.com\/redirect?url=https%3A%2F%2Fwww.leroymerlin.es%2Fproductos%2Fset-de-jardin-nassau-microlight-de-polipropileno-reciclado-antracita-4-personas-90185425.html&amp;category=seleccion&amp;pivot=1&amp;ecomPostExpiration=perish&amp;postId=117300\"><br \/>\n   <img loading=\"lazy\" decoding=\"async\" alt=\"Set de jard\u00edn Nassau Microlight de polipropileno reciclado antracita 4 personas\n\" width=\"412\" height=\"413\" src=\"https:\/\/i.blogs.es\/5db0f3\/blob\/original.webp\" onerror='this.src=\"https:\/\/i.blogs.es\/5db0f3\/blob\/original.jpeg\"'><br \/>\n  <\/a>\n  <\/div>\n<div class=\"pivot-ecommerce-summary\">\n<p class=\"pivot-ecommerce-desc\">Set de jard\u00edn Nassau Microlight de polipropileno reciclado antracita 4 personas\n<\/p>\n<div class=\"pivot-actions \">\n<div class=\"pivot-actions-row\">\n <a rel=\"nofollow, sponsored, noopener, noreferrer\" target=\"_blank\" data-asin=\"\" data-store=\"\" href=\"https:\/\/www.xatakahome.com\/redirect?url=https%3A%2F%2Fwww.leroymerlin.es%2Fproductos%2Fset-de-jardin-nassau-microlight-de-polipropileno-reciclado-antracita-4-personas-90185425.html&amp;category=seleccion&amp;pivot=1&amp;ecomPostExpiration=perish&amp;postId=117300\" title=\"Precio de venta al p\u00fablico a fecha de publicaci\u00f3n\" class=\"pivot-action-btn pivot-action-primary\">PVP en Leroy Merlin \u2014 <strong><span class=\"js-deal-price\">199,00<\/span> \u20ac<\/strong><\/a>\n <\/div>\n<\/p><\/div>\n<\/p><\/div>\n<\/p><\/div>\n<div class=\"pivot-link-msg\">* Alg\u00fan precio puede haber cambiado desde la \u00faltima revisi\u00f3n<\/div>\n<\/p><\/div>\n<p><!-- PIVOT END --><\/p>\n<h2>Tambi\u00e9n te pueden interesar estas opciones de iluminaci\u00f3n para tu jard\u00edn<\/h2>\n<p><!-- PIVOT START --><\/p>\n<div class=\"pivot-ecommerce-container m-pivot-ecommerce-redesign article-asset-normal article-asset-center\">\n<div class=\"pivot-ecommerce\">\n<div class=\"pivot-ecommerce-figure\">\n  <a rel=\"nofollow, sponsored, noopener, noreferrer\" target=\"_blank\" href=\"https:\/\/www.xatakahome.com\/redirect?url=https%3A%2F%2Fwww.amazon.es%2Fdp%2FB0DWF9QY31%3Ftag%3Dxatakahome-21%26linkCode%3Dogi%26th%3D1%26psc%3D1&amp;category=seleccion&amp;pivot=1&amp;ecomPostExpiration=perish&amp;postId=117300\"><br \/>\n   <img loading=\"lazy\" decoding=\"async\" alt=\"Luz Exterior Solar LED Jardin: 248 LED, Pack de 2\" width=\"500\" height=\"500\" src=\"https:\/\/i.blogs.es\/db6bfb\/41l1xaqnahl._sl500_\/original.webp\" onerror='this.src=\"https:\/\/i.blogs.es\/db6bfb\/41l1xaqnahl._sl500_\/original.jpeg\"'><br \/>\n  <\/a>\n  <\/div>\n<div class=\"pivot-ecommerce-summary\">\n<p class=\"pivot-ecommerce-desc\">Luz Exterior Solar LED Jardin: 248 LED, Pack de 2<\/p>\n<div class=\"pivot-actions \">\n<div class=\"pivot-actions-row\">\n <a rel=\"nofollow, sponsored, noopener, noreferrer\" target=\"_blank\" data-asin=\"B0DWF9QY31\" data-store=\"Amazon\" href=\"https:\/\/www.xatakahome.com\/redirect?url=https%3A%2F%2Fwww.amazon.es%2Fdp%2FB0DWF9QY31%3Ftag%3Dxatakahome-21%26linkCode%3Dogi%26th%3D1%26psc%3D1&amp;category=seleccion&amp;pivot=1&amp;ecomPostExpiration=perish&amp;postId=117300\" title=\"Precio actualizado hoy\" class=\"pivot-action-btn metrics-pivot-btn pivot-action-primary\">Hoy en Amazon \u2014 <strong><span class=\"js-deal-price\">14,99<\/span> \u20ac<\/strong><\/a>\n <\/div>\n<\/p><\/div>\n<\/p><\/div>\n<\/p><\/div>\n<div class=\"pivot-link-msg\">* Alg\u00fan precio puede haber cambiado desde la \u00faltima revisi\u00f3n<\/div>\n<\/p><\/div>\n<p><!-- PIVOT END --><br \/>\n<!-- PIVOT START --><\/p>\n<div class=\"pivot-ecommerce-container m-pivot-ecommerce-redesign article-asset-normal article-asset-center\">\n<div class=\"pivot-ecommerce\">\n<div class=\"pivot-ecommerce-figure\">\n  <a rel=\"nofollow, sponsored, noopener, noreferrer\" target=\"_blank\" href=\"https:\/\/www.xatakahome.com\/redirect?url=https%3A%2F%2Fwww.amazon.es%2Fdp%2FB0DMN8DVVX%3Ftag%3Dxatakahome-21%26linkCode%3Dogi%26th%3D1%26psc%3D1&amp;category=seleccion&amp;pivot=1&amp;ecomPostExpiration=perish&amp;postId=117300\"><br \/>\n   <img loading=\"lazy\" decoding=\"async\" alt=\"Joomer Luces Solares LED Exterior Jardin, 4 Pack\" width=\"500\" height=\"500\" src=\"https:\/\/i.blogs.es\/bdb496\/514i-aro4-l._sl500_\/original.webp\" onerror='this.src=\"https:\/\/i.blogs.es\/bdb496\/514i-aro4-l._sl500_\/original.jpeg\"'><br \/>\n  <\/a>\n  <\/div>\n<div class=\"pivot-ecommerce-summary\">\n<p class=\"pivot-ecommerce-desc\">Joomer Luces Solares LED Exterior Jardin, 4 Pack<\/p>\n<div class=\"pivot-actions \">\n<div class=\"pivot-actions-row\">\n <a rel=\"nofollow, sponsored, noopener, noreferrer\" target=\"_blank\" data-asin=\"B0DMN8DVVX\" data-store=\"Amazon\" href=\"https:\/\/www.xatakahome.com\/redirect?url=https%3A%2F%2Fwww.amazon.es%2Fdp%2FB0DMN8DVVX%3Ftag%3Dxatakahome-21%26linkCode%3Dogi%26th%3D1%26psc%3D1&amp;category=seleccion&amp;pivot=1&amp;ecomPostExpiration=perish&amp;postId=117300\" title=\"Precio actualizado hoy\" class=\"pivot-action-btn metrics-pivot-btn pivot-action-primary\">Hoy en Amazon \u2014 <strong><span class=\"js-deal-price\">33,99<\/span> \u20ac<\/strong><\/a>\n <\/div>\n<\/p><\/div>\n<\/p><\/div>\n<\/p><\/div>\n<div class=\"pivot-link-msg\">* Alg\u00fan precio puede haber cambiado desde la \u00faltima revisi\u00f3n<\/div>\n<\/p><\/div>\n<p><!-- PIVOT END --><\/p>\n<p><em>Nota: algunos de los enlaces aqu\u00ed publicados son de afiliados y pueden reportar un beneficio.<\/em><\/p>\n<p>Im\u00e1genes | Webedia y Lidl<\/p>\n<p>En Xataka Smart Home | <a class=\"text-outboundlink\" href=\"https:\/\/www.xatakahome.com\/seleccion\/ikea-tiene-mejores-muebles-para-terraza-jardin-incluso-para-pisos-pequenos\" data-vars-post-title=\"Ikea tiene los muebles ideales para disfrutar de tu terraza o balc\u00f3n esta primavera, incluso si vives en un piso peque\u00f1o\" data-vars-post-url=\"https:\/\/www.xatakahome.com\/seleccion\/ikea-tiene-mejores-muebles-para-terraza-jardin-incluso-para-pisos-pequenos\">Ikea tiene los muebles ideales para disfrutar de tu terraza o balc\u00f3n esta primavera, incluso si vives en un piso peque\u00f1o<\/a><\/p>\n<p>En Xataka Smart Home | <a class=\"text-outboundlink\" href=\"https:\/\/www.xatakahome.com\/seleccion\/sensores-movimiento-para-luces-exterior-cual-comprar-consejos-recomendaciones-1\" data-vars-post-title=\"Sensores de movimiento para luces de exterior: \u00bfCu\u00e1l comprar? Consejos y recomendaciones\" data-vars-post-url=\"https:\/\/www.xatakahome.com\/seleccion\/sensores-movimiento-para-luces-exterior-cual-comprar-consejos-recomendaciones-1\">Sensores de movimiento para luces de exterior: \u00bfCu\u00e1l comprar? Consejos y recomendaciones<\/a><\/p>\n<p><script>\n (function() {\n  window._JS_MODULES = window._JS_MODULES || {};\n  var headElement = document.getElementsByTagName('head')[0];\n  if (_JS_MODULES.instagram) {\n   var instagramScript = document.createElement('script');\n   instagramScript.src = 'https:\/\/platform.instagram.com\/en_US\/embeds.js';\n   instagramScript.async = true;\n   instagramScript.defer = true;\n   headElement.appendChild(instagramScript);\n  }\n })();\n<\/script><\/p>\n<p> &#8211; <br \/> La noticia<br \/>\n      <a href=\"https:\/\/www.xatakahome.com\/seleccion\/lidl-tiene-set-perfecto-para-disfrutar-buen-tiempo-tu-terraza-jardin?utm_source=feedburner&amp;utm_medium=feed&amp;utm_campaign=23_Apr_2025\"><br \/>\n       <em> Lidl tiene el set perfecto para disfrutar del buen tiempo en tu terraza o jard\u00edn  <\/em><br \/>\n      <\/a><br \/>\n      fue publicada originalmente en<br \/>\n      <a href=\"https:\/\/www.xatakahome.com\/?utm_source=feedburner&amp;utm_medium=feed&amp;utm_campaign=23_Apr_2025\"><br \/>\n       <strong> Xataka Smart Home <\/strong><br \/>\n      <\/a><br \/>\n             por <a href=\"https:\/\/www.xatakahome.com\/autor\/fran-leon?utm_source=feedburner&amp;utm_medium=feed&amp;utm_campaign=23_Apr_2025\"><br \/>\n        Fran Le\u00f3n<br \/>\n       <\/a><br \/>\n      . <\/p>\n<\/div>\n","protected":false},"excerpt":{"rendered":"<p>El buen tiempo ya ha llegado para quedarse (o al menos, eso parece). Ahora es un excelente momento para ir preparando la terraza o jard\u00edn de tu hogar de cara a las veladas que pasar\u00e1s en estas zonas de casa. En Lidl, tienen ahora un set de muebles para jard\u00edn Keter rebajad\u00edsimo. Concretamente, puedes comprarlo &hellip; <a href=\"https:\/\/domosistemas.com\/?p=28295\" class=\"more-link\">Sigue leyendo <span class=\"screen-reader-text\">Lidl tiene el set perfecto para disfrutar del buen tiempo en tu terraza o jard\u00edn<\/span><\/a><\/p>\n","protected":false},"author":1,"featured_media":0,"comment_status":"closed","ping_status":"closed","sticky":false,"template":"","format":"standard","meta":{"footnotes":""},"categories":[8],"tags":[],"class_list":["post-28295","post","type-post","status-publish","format-standard","hentry","category-xataka"],"_links":{"self":[{"href":"https:\/\/domosistemas.com\/index.php?rest_route=\/wp\/v2\/posts\/28295","targetHints":{"allow":["GET"]}}],"collection":[{"href":"https:\/\/domosistemas.com\/index.php?rest_route=\/wp\/v2\/posts"}],"about":[{"href":"https:\/\/domosistemas.com\/index.php?rest_route=\/wp\/v2\/types\/post"}],"author":[{"embeddable":true,"href":"https:\/\/domosistemas.com\/index.php?rest_route=\/wp\/v2\/users\/1"}],"replies":[{"embeddable":true,"href":"https:\/\/domosistemas.com\/index.php?rest_route=%2Fwp%2Fv2%2Fcomments&post=28295"}],"version-history":[{"count":0,"href":"https:\/\/domosistemas.com\/index.php?rest_route=\/wp\/v2\/posts\/28295\/revisions"}],"wp:attachment":[{"href":"https:\/\/domosistemas.com\/index.php?rest_route=%2Fwp%2Fv2%2Fmedia&parent=28295"}],"wp:term":[{"taxonomy":"category","embeddable":true,"href":"https:\/\/domosistemas.com\/index.php?rest_route=%2Fwp%2Fv2%2Fcategories&post=28295"},{"taxonomy":"post_tag","embeddable":true,"href":"https:\/\/domosistemas.com\/index.php?rest_route=%2Fwp%2Fv2%2Ftags&post=28295"}],"curies":[{"name":"wp","href":"https:\/\/api.w.org\/{rel}","templated":true}]}}