{"id":28316,"date":"2025-04-24T13:51:59","date_gmt":"2025-04-24T13:51:59","guid":{"rendered":"https:\/\/domosistemas.com\/?p=28316"},"modified":"2025-04-24T13:51:59","modified_gmt":"2025-04-24T13:51:59","slug":"pensaba-que-la-vitroceramica-o-el-horno-era-lo-que-mas-luz-gastaba-en-casa-me-equivocaba-hay-uno-que-gasta-tanto-o-mas-que-ellos","status":"publish","type":"post","link":"https:\/\/domosistemas.com\/?p=28316","title":{"rendered":"Pensaba que la vitrocer\u00e1mica o el horno era lo que m\u00e1s luz gastaba en casa. Me equivocaba, hay uno que gasta tanto o m\u00e1s que ellos"},"content":{"rendered":"<div>\n<p>\n      <img decoding=\"async\" src=\"https:\/\/i.blogs.es\/c45252\/lisa-anna-b4cx1ohc6gi-unsplash\/1024_2000.jpeg\" alt=\"Pensaba que la vitrocer\u00e1mica o el horno era lo que m\u00e1s luz gastaba en casa. Me equivocaba, hay uno que gasta tanto o m\u00e1s que ellos \">\n    <\/p>\n<p>Nos hemos acostumbrado a tener en casa un <a class=\"text-outboundlink\" href=\"https:\/\/www.xatakahome.com\/a-fondo\/estos-pequenos-electrodomesticos-que-luz-gastan-casa-que-te-cuestan-factura-luz\" data-vars-post-title=\"Estos son los peque\u00f1os electrodom\u00e9sticos que m\u00e1s luz gastan en casa y lo que te cuestan en la factura a final de mes\" data-vars-post-url=\"https:\/\/www.xatakahome.com\/a-fondo\/estos-pequenos-electrodomesticos-que-luz-gastan-casa-que-te-cuestan-factura-luz\">ej\u00e9rcito de grandes y peque\u00f1os electrodom\u00e9sticos<\/a> que nos ayudan en las tareas cotidianas sin pararnos muchas veces a pensar en que <strong>su encendido diario supone un gasto considerable<\/strong> de energ\u00eda que luego debemos pagar en la factura de la luz.<\/p>\n<p><!-- BREAK 1 --><\/p>\n<p>Pero en este aspecto del consumo <strong>no todos los aparatos son iguales<\/strong>, ya que algunos son aut\u00e9nticos pozos sin fondo tanto por su uso frecuente como por las necesidades puntuales o de pico que pueden tener. \u00bfCu\u00e1les son los que m\u00e1s gastan?<\/p>\n<p><!-- BREAK 2 --><\/p>\n<div class=\"toc-container article-asset-normal\">\n<details>\n<summary class=\"toc-header \">\n   <span class=\"toc-heading\"><br \/>\n    <span>\u00cdndice de Contenidos (2)<\/span><br \/>\n   <\/span><br \/>\n   <span class=\"icon-folded\"><\/span><br \/>\n  <\/summary>\n<\/details>\n<div class=\"toc-list-wrap \">\n<div class=\"toc-list-item\">\n<ul class=\"toc-list\">\n<li class=\"toc-item\">\n       <a href=\"https:\/\/www.xatakahome.com\/hogar\/pensaba-que-vitroceramica-horno-era-que-luz-gastaba-casa-me-equivocaba-hay-uno-que-gasta-que-ellos#electrodomesticos-que-luz-gastan-1\" class=\"toc-item-link\">Los electrodom\u00e9sticos que m\u00e1s luz gastan<\/a>\n      <\/li>\n<li class=\"toc-item\">\n       <a href=\"https:\/\/www.xatakahome.com\/hogar\/pensaba-que-vitroceramica-horno-era-que-luz-gastaba-casa-me-equivocaba-hay-uno-que-gasta-que-ellos#haciendo-numeros-frigorifico-vs-vitroceramicainduccionhorno-2\" class=\"toc-item-link\">Haciendo n\u00fameros: frigor\u00edfico vs vitrocer\u00e1mica\/inducci\u00f3n\/horno<\/a>\n      <\/li>\n<\/ul><\/div>\n<\/p><\/div>\n<\/div>\n<div class=\"article-asset article-asset-normal article-asset-center\">\n<div class=\"desvio-container\">\n<div class=\"desvio\">\n<div class=\"desvio-figure js-desvio-figure\">\n    <a href=\"https:\/\/www.xatakahome.com\/iluminacion-y-energia\/estos-cinco-electrodomesticos-que-energia-consumen-casa-stand-by-ocu-1\" class=\"pivot-outboundlink\" data-vars-post-title=\"Estos son los cinco electrodom\u00e9sticos y aparatos que m\u00e1s energ\u00eda consumen de la casa en stand by, seg\u00fan la OCU\"><br \/>\n     <img loading=\"lazy\" decoding=\"async\" alt=\"Estos son los cinco electrodom\u00e9sticos y aparatos que m\u00e1s energ\u00eda consumen de la casa en stand by, seg\u00fan la OCU\" width=\"375\" height=\"142\" src=\"https:\/\/i.blogs.es\/de7f77\/naomi-hebert-mp0bgas_d1c-unsplash\/375_142.webp\" onerror='this.src=\"https:\/\/i.blogs.es\/de7f77\/naomi-hebert-mp0bgas_d1c-unsplash\/375_142.jpeg\"'><br \/>\n    <\/a>\n   <\/div>\n<div class=\"desvio-summary\">\n<div class=\"desvio-taxonomy js-desvio-taxonomy\">\n     <a href=\"https:\/\/www.xatakahome.com\/iluminacion-y-energia\/estos-cinco-electrodomesticos-que-energia-consumen-casa-stand-by-ocu-1\" class=\"desvio-taxonomy-anchor pivot-outboundlink\" data-vars-post-title=\"Estos son los cinco electrodom\u00e9sticos y aparatos que m\u00e1s energ\u00eda consumen de la casa en stand by, seg\u00fan la OCU\">En Xataka Smart Home<\/a>\n    <\/div>\n<p>    <a href=\"https:\/\/www.xatakahome.com\/iluminacion-y-energia\/estos-cinco-electrodomesticos-que-energia-consumen-casa-stand-by-ocu-1\" class=\"desvio-title js-desvio-title pivot-outboundlink\" data-vars-post-title=\"Estos son los cinco electrodom\u00e9sticos y aparatos que m\u00e1s energ\u00eda consumen de la casa en stand by, seg\u00fan la OCU\">Estos son los cinco electrodom\u00e9sticos y aparatos que m\u00e1s energ\u00eda consumen de la casa en stand by, seg\u00fan la OCU<\/a>\n   <\/div>\n<\/p><\/div>\n<\/p><\/div>\n<\/div>\n<h2 id=\"electrodomesticos-que-luz-gastan-1\" class=\"toc-enabled\"><span class=\"toc-shortcut-icon\" title=\"Ver \u00cdndice de contenido\"><\/span>Los electrodom\u00e9sticos que m\u00e1s luz gastan<\/h2>\n<div class=\"article-asset-image article-asset-normal article-asset-center\">\n<div class=\"asset-content\">\n<div class=\"caption-img \">\n                    <a rel=\"noopener, noreferrer\" href=\"https:\/\/unsplash.com\/es\/fotos\/hombre-y-mujer-cocinando-UaBIcWSS4FY\"><\/p>\n<p>    <img decoding=\"async\" alt=\"Becca Tapert Uabicwss4fy Unsplash\" class=\"centro_sinmarco\" src=\"https:\/\/i.blogs.es\/e7c7f9\/becca-tapert-uabicwss4fy-unsplash\/450_1000.webp\"><br \/>\n     <\/a><\/p>\n<p>        <span>Imagen: Becca Tapert<\/span>\n   <\/div>\n<\/p><\/div>\n<\/div>\n<p>Seg\u00fan el <a rel=\"noopener, noreferrer\" href=\"https:\/\/www.idae.es\/uploads\/documentos\/12826.pdf\">Instituto para la Diversificaci\u00f3n y ahorro de la Energ\u00eda (IDAE)<\/a>, un hogar medio en Espa\u00f1a consume unos 3.300 kWh al a\u00f1o en electricidad, siendo la mayor parte debido al <strong>uso de grandes electrodom\u00e9sticos<\/strong> con alrededor del <strong>61,8%<\/strong> del total y el resto a otros peque\u00f1os dispositivos de uso diario y al <a class=\"text-outboundlink\" href=\"https:\/\/www.xataka.com\/energia\/consumo-fantasma-mitos-verdades-y-soluciones\" data-vars-post-title=\"Consumo fantasma. Mitos, verdades y soluciones\" data-vars-post-url=\"https:\/\/www.xataka.com\/energia\/consumo-fantasma-mitos-verdades-y-soluciones\">\u00abconsumo fantasma\u00bb<\/a> o de equipos en modo de espera, que supone <strong>hasta un 6%<\/strong> del total.<\/p>\n<p><!-- BREAK 3 --><\/p>\n<p>Y entre los electrodom\u00e9sticos t\u00edpicos podemos diferenciar claramente <strong>dos clases de equipos<\/strong> en funci\u00f3n de su tiempo de uso y del gasto energ\u00e9tico:<\/p>\n<ul>\n<li>En primer lugar est\u00e1n los que tienen un <strong>bajo consumo de pico <\/strong>(muy por debajo de 1.000 vatios) pero su tiempo de utilizaci\u00f3n es de <strong>muchas horas a lo largo del d\u00eda,<\/strong> como por ejemplo sucede con los frigor\u00edficos, congeladores o la televisi\u00f3n.<\/li>\n<li>En segundo lugar tenemos a los que <strong>consumen mucha potencia de forma puntual<\/strong> (t\u00edpicamente m\u00e1s de 1.000 vatios) necesitando gran energ\u00eda pero durante periodos cortos, como por ejemplo el <strong>horno, la plancha, la vitrocer\u00e1mica o la lavadora<\/strong>.<\/li>\n<\/ul>\n<p>Y si nos ponemos a pensar cu\u00e1les de todos ellos son los que m\u00e1s energ\u00eda necesitan a final de a\u00f1o hay cuatro sospechosos habituales en cuanto a la frecuencia de uso medio en los hogares: <strong>la placa de inducci\u00f3n, la vitrocer\u00e1mica, el horno y el frigor\u00edfico<\/strong>, ya que los tres primeros son<strong> <\/strong>capaces de consumir una cantidad de potencia considerable, incluso si los usamos solo una o dos horas al d\u00eda, mientras que el \u00faltimo tiene que estar las 24 horas del d\u00eda encendido aunque gasta poco cada hora.<\/p>\n<p><!-- BREAK 4 --><\/p>\n<p>Seg\u00fan <a rel=\"noopener, noreferrer\" href=\"https:\/\/www.idae.es\/uploads\/documentos\/12826.pdf\">datos del IDAE<\/a>, <strong>el 4% del consumo energ\u00e9tico en nuestra casa proviene del horno<\/strong>, mientras que <strong>el 9% proviene de las placas de vitrocer\u00e1mica y el frigor\u00edfico se lleva la palma con un 18%. <\/strong>Esto supone miles de vatios a final de cada a\u00f1o, lo que se traslada a cientos de euros en la factura de la luz. \u00bfCu\u00e1ntos en concreto?<\/p>\n<p><!-- BREAK 5 --><\/p>\n<div class=\"article-asset-image article-asset-normal article-asset-center\">\n<div class=\"asset-content\">\n<div class=\"caption-img \">\n<p>   <img decoding=\"async\" alt=\"Teka\" class=\"centro_sinmarco\" src=\"https:\/\/i.blogs.es\/6298ee\/teka\/450_1000.webp\"><\/p>\n<p>        <span>Imagen: Teka<\/span>\n   <\/div>\n<\/p><\/div>\n<\/div>\n<p>Como se\u00f1alan en su web <a rel=\"noopener, noreferrer\" href=\"https:\/\/www.repsol.es\/particulares\/asesoramiento-consumo\/que-consume-mas-vitroceramica-induccion\/#:~:text=El%20consumo%20de%20la%20vitrocer%C3%A1mica%20Seg%C3%BAn%20el,438%20kWh%20y%20900%20kWh%20al%20a%C3%B1o.\">Repsol<\/a> y <a rel=\"noopener, noreferrer\" href=\"https:\/\/www.naturgy.es\/hogar\/blog\/cuanto_gasta_una_vitroceramica#:~:text=Analizadas%20las%20ventajas%20de%20usar%20una%20vitrocer%C3%A1mica,medida%20entre%20los%201200%20y%202500%20W\/h.\">Naturgy<\/a>, una vitrocer\u00e1mica puede consumir <strong>entre 1.200 y 2.500 vatios de media frente a los entre 1.500-2.000<\/strong> vatios de una placa de inducci\u00f3n, cifras que dependen de cu\u00e1ntos fuegos tengamos encendidos y de la potencia seleccionada. De hecho, las cantidades de pico de estos aparatos son estratosf\u00e9ricas, superando f\u00e1cilmente los <strong>5.000 vatios<\/strong> si lo ponemos todo al m\u00e1ximo, algo que por otra parte no suele ser habitual.<\/p>\n<p><!-- BREAK 6 --><\/p>\n<p>Y con los hornos sucede algo parecido, ya que un modelo t\u00edpico puede consumir f\u00e1cilmente entre <strong>2.500-3.000 vatios<\/strong> dependiendo de la temperatura elegida, de si ponemos funciones especiales como el grill, del tipo de aislamiento que tenga la puerta, de si la abrimos o no varias veces durante el proceso de cocinado, etc.<\/p>\n<p><!-- BREAK 7 --><\/p>\n<p>Sin embargo, puede dar la impresi\u00f3n de que como son aparatos que se usan relativamente poco tiempo cada d\u00eda su impacto no es tan alto como por ejemplo el de un frigor\u00edfico que se pasa funcionando las <strong>24 horas del d\u00eda<\/strong> a pesar de tener consumos de pico m\u00e1s reducidos que rondan los 100-300 vatios. Veamos cu\u00e1l es la realidad haciendo n\u00fameros.<\/p>\n<p><!-- BREAK 8 --><\/p>\n<div class=\"article-asset-video article-asset-normal\">\n<div class=\"asset-content\">\n<div class=\"base-asset-video\">\n<div class=\"js-dailymotion\">\n    <script type=\"application\/json\">\n                          {\"videoId\":\"x88tf3k\",\"autoplay\":true,\"title\":\"AHORRA EN TU FACTURA DE LA LUZ: Las MEJORES OPCIONES para conocer los PRECIOS EN TU M\u00d3VIL\", \"tag\":\"webedia-prod\", \"duration\":\"258\"}\n                  <\/script>\n   <\/div>\n<\/p><\/div>\n<\/p><\/div>\n<\/div>\n<h2 id=\"haciendo-numeros-frigorifico-vs-vitroceramicainduccionhorno-2\" class=\"toc-enabled\"><span class=\"toc-shortcut-icon\" title=\"Ver \u00cdndice de contenido\"><\/span>Haciendo n\u00fameros: frigor\u00edfico vs vitrocer\u00e1mica\/inducci\u00f3n\/horno<\/h2>\n<p>Por ejemplo, vamos a comparar cu\u00e1nto gastan las vitrocer\u00e1micas\/placas de inducci\u00f3n\/hornos en relaci\u00f3n con el frigor\u00edfico, sospechoso habitual del gasto el\u00e9ctrico en las viviendas. Si suponemos que vamos a usar cada d\u00eda para cocinar una placa de inducci\u00f3n, vitrocer\u00e1mica u horno con un consumo medio de <strong>2.000 vatios<\/strong> y los tenemos encendidos aunque sea solo <strong>1 hora<\/strong>, esto supone un consumo de unos <strong>730 kWh al a\u00f1o<\/strong>.<\/p>\n<p><!-- BREAK 9 --><\/p>\n<p>Y los frigor\u00edficos, \u00bfcu\u00e1nto gastan? Pues aqu\u00ed depende mucho tambi\u00e9n del uso que le demos y sobre todo del<strong> tipo de modelo<\/strong> que tengamos, ya que los m\u00e1s modernos y eficientes tienen consumos mucho m\u00e1s reducidos como vimos a fondo en <a class=\"text-outboundlink\" href=\"https:\/\/www.xatakahome.com\/a-fondo\/he-comparado-que-gasta-mi-antiguo-frigorifico-otro-moderno-eficiente-ruina-no-se-como-no-he-cambiado-todavia\" data-vars-post-title=\"He comparado lo que gasta mi antiguo frigor\u00edfico con otro m\u00e1s moderno y eficiente. Es una ruina y no s\u00e9 c\u00f3mo no lo he cambiado todav\u00eda\" data-vars-post-url=\"https:\/\/www.xatakahome.com\/a-fondo\/he-comparado-que-gasta-mi-antiguo-frigorifico-otro-moderno-eficiente-ruina-no-se-como-no-he-cambiado-todavia\">este art\u00edculo<\/a> donde compar\u00e1bamos un ejemplo real con dos aparatos que ten\u00edamos en casa.<\/p>\n<p><!-- BREAK 10 --><\/p>\n<p>As\u00ed, un frigor\u00edfico antiguo poco eficiente puede gastar una media de <strong>2,6 kWh al d\u00eda<\/strong> (unos 100 vatios cada hora) frente a los <strong>0,6 kWh<\/strong> (menos de 30 vatios cada hora) de un modelo m\u00e1s moderno y eficiente, es decir, tenemos un consumo anual de <strong>entre 219 y 949 kWh<\/strong>. Si tomamos el valor medio nos da unos <strong>584 kWh<\/strong>.<\/p>\n<p><!-- BREAK 11 --><\/p>\n<div class=\"article-asset-table article-asset-normal m-hr-scroll\">\n<div class=\"asset-content\">\n<table class=\"tabla-datos\">\n<thead>\n<tr>\n<th class=\"align-right\">\n<p><\/p>\n<\/th>\n<th class=\"align-right\">\n<p>Frigor\u00edfico poco eficiente<\/p>\n<\/th>\n<th class=\"align-right\">\n<p>frigor\u00edfico muy eficiente<\/p>\n<\/th>\n<th class=\"align-right\">\n<p>Vitrocer\u00e1mica\/inducci\u00f3n\/horno<\/p>\n<\/th>\n<\/tr>\n<\/thead>\n<tbody>\n<tr>\n<th class=\"align-right\">\n<p>Consumo medio diario<\/p>\n<\/th>\n<td class=\"align-right\">\n<p>2,6 kWh<\/p>\n<\/td>\n<td class=\"align-right\">\n<p>0,6 kWh<\/p>\n<\/td>\n<td class=\"align-right\">\n<p>2 kWh<\/p>\n<\/td>\n<\/tr>\n<tr>\n<th class=\"align-right\">\n<p>Consumo medio a\u00f1o<\/p>\n<\/th>\n<td class=\"align-right\">\n<p>949 kWh<\/p>\n<\/td>\n<td class=\"align-right\">\n<p>219 kWh<\/p>\n<\/td>\n<td class=\"align-right\">\n<p>730 kWh<\/p>\n<\/td>\n<\/tr>\n<tr>\n<th class=\"align-right\">\n<p>Coste anual tarifa PVPC (0,14\u20ac\/kWh)<\/p>\n<\/th>\n<td class=\"align-right\">\n<p>132,86 \u20ac<\/p>\n<\/td>\n<td class=\"align-right\">\n<p>30,66 \u20ac<\/p>\n<\/td>\n<td class=\"align-right\">\n<p>102,2 \u20ac<\/p>\n<\/td>\n<\/tr>\n<\/tbody>\n<\/table><\/div>\n<\/div>\n<p>Tomando un precio medio de la electricidad de unos <a rel=\"noopener, noreferrer\" href=\"https:\/\/comparador.cnmc.gob.es\/preciosPVPC\/inicio\/\">0,14 \u20ac\/kWh seg\u00fan los datos de la CNMC<\/a> para abril de 2025 tenemos los costes de <strong>132,86 euros anuales<\/strong> para el caso de un frigor\u00edfico poco eficiente, <strong>30,66 euros<\/strong> de un modelo moderno muy eficiente y los <strong>102,2 euros<\/strong> anuales de usar la vitrocer\u00e1mica, inducci\u00f3n, horno.<\/p>\n<p><!-- BREAK 12 --><\/p>\n<div class=\"article-asset-image article-asset-normal article-asset-center\">\n<div class=\"asset-content\">\n<div class=\"caption-img \">\n                    <a rel=\"noopener, noreferrer\" href=\"https:\/\/www.esios.ree.es\/es\/pvpc?date=22-04-2025#\"><\/p>\n<p>    <img decoding=\"async\" alt=\"Precio Luz Por Horas\" class=\"centro_sinmarco\" src=\"https:\/\/i.blogs.es\/714fc4\/precio-luz-por-horas\/450_1000.webp\"><br \/>\n     <\/a><\/p>\n<p>        <span>Imagen: ESIOS<\/span>\n   <\/div>\n<\/p><\/div>\n<\/div>\n<p>Como vemos, las abultadas diferencias en el consumo de pico de los aparatos se disipan cuando valoramos el gasto real final de los electrodom\u00e9sticos, puesto que <strong>la cantidad de horas que pasan encendidos cada d\u00eda es muy diferente<\/strong>, y de ah\u00ed que al final se equilibren los datos.<\/p>\n<p><!-- BREAK 13 --><\/p>\n<p>Suponiendo, claro est\u00e1, que el uso que hagamos de ellos sea el que hemos comentado de una hora al d\u00eda, ya que si somos muy cocinillas y los tenemos encendidos varias horas al d\u00eda y de forma intensiva (muchos fogones encendidos y a altas temperaturas) superamos claramente al consumo de los frigor\u00edficos, sobre todo si contamos con un modelo muy eficiente en casa.<\/p>\n<p><!-- BREAK 14 --><\/p>\n<div class=\"article-asset-image article-asset-normal article-asset-center\">\n<div class=\"asset-content\">\n<div class=\"caption-img \">\n<p>   <img decoding=\"async\" alt=\"consumo\" class=\"centro_sinmarco\" src=\"https:\/\/i.blogs.es\/308efc\/1366_2000\/450_1000.webp\"><\/p>\n<p>        <span>Imagen: elaboraci\u00f3n propia<\/span>\n   <\/div>\n<\/p><\/div>\n<\/div>\n<p>Sin embargo, a\u00fan hay otro factor m\u00e1s que podemos tener en cuenta para comparar el gasto y es que <strong>en el caso del frigor\u00edfico no podemos elegir a qu\u00e9 horas lo encendemos y apagamos<\/strong>, puesto que estar\u00e1 conectado siempre, mientras que con el resto s\u00ed tenemos m\u00e1s margen de maniobra.<\/p>\n<p><!-- BREAK 15 --><\/p>\n<p>As\u00ed, si podemos <strong>trasladar el cocinado a los horarios valle y llano<\/strong> podremos ahorrar hasta un 95% con respecto al uso de estos electrodom\u00e9sticos en horario punta dependiendo del d\u00eda y de si contamos con una tarifa con discriminaci\u00f3n horaria como la PVPC.<\/p>\n<p><!-- BREAK 16 --><\/p>\n<p>Por ejemplo, si es posible empezar a <strong>cocinar a partir de las 14:00 horas<\/strong> o dejarse hechos algunos platos o pasos de la comida por la ma\u00f1ana, podremos lograr un ahorro muy importante tal y como est\u00e1n los <a class=\"text-outboundlink\" href=\"https:\/\/www.xatakahome.com\/iluminacion-y-energia\/usuarios-esta-tarifa-luz-estan-viendo-como-precios-se-desploman-cual-motivo-que-horas-baratas\" data-vars-post-title=\"Los usuarios con esta tarifa de la luz est\u00e1n viendo c\u00f3mo los precios se desploman: cu\u00e1l es el motivo y qu\u00e9 horas son las m\u00e1s baratas \" data-vars-post-url=\"https:\/\/www.xatakahome.com\/iluminacion-y-energia\/usuarios-esta-tarifa-luz-estan-viendo-como-precios-se-desploman-cual-motivo-que-horas-baratas\">precios de la luz ahora mismo<\/a>.<\/p>\n<p><!-- BREAK 17 --><\/p>\n<p>M\u00e1s informaci\u00f3n | <a rel=\"noopener, noreferrer\" href=\"https:\/\/www.idae.es\/uploads\/documentos\/12826.pdf\">IDAE<\/a> | <a rel=\"noopener, noreferrer\" href=\"https:\/\/www.repsol.es\/particulares\/asesoramiento-consumo\/que-consume-mas-vitroceramica-induccion\/#:~:text=El%20consumo%20de%20la%20vitrocer%C3%A1mica%20Seg%C3%BAn%20el,438%20kWh%20y%20900%20kWh%20al%20a%C3%B1o.\">Repsol<\/a> | <a rel=\"noopener, noreferrer\" href=\"https:\/\/www.naturgy.es\/hogar\/blog\/cuanto_gasta_una_vitroceramica#:~:text=Analizadas%20las%20ventajas%20de%20usar%20una%20vitrocer%C3%A1mica,medida%20entre%20los%201200%20y%202500%20W\/h.\">Naturgy<\/a><\/p>\n<p>Imagen portada | <a rel=\"noopener, noreferrer\" href=\"https:\/\/unsplash.com\/es\/@lisaanna195\">Lisa Anna<\/a><\/p>\n<p>En Xataka Smart Home | <a class=\"text-outboundlink\" href=\"https:\/\/www.xatakahome.com\/a-fondo\/he-comparado-que-gasta-mi-antiguo-frigorifico-otro-moderno-eficiente-ruina-no-se-como-no-he-cambiado-todavia\" data-vars-post-title=\"He comparado lo que gasta mi antiguo frigor\u00edfico con otro m\u00e1s moderno y eficiente. Es una ruina y no s\u00e9 c\u00f3mo no lo he cambiado todav\u00eda\" data-vars-post-url=\"https:\/\/www.xatakahome.com\/a-fondo\/he-comparado-que-gasta-mi-antiguo-frigorifico-otro-moderno-eficiente-ruina-no-se-como-no-he-cambiado-todavia\">He comparado lo que gasta mi antiguo frigor\u00edfico \u00a0con otro m\u00e1s moderno y eficiente. Es una ruina y no s\u00e9 c\u00f3mo no lo he \u00a0cambiado todav\u00eda<\/a><\/p>\n<p><!-- BREAK 18 --><script>\n (function() {\n  window._JS_MODULES = window._JS_MODULES || {};\n  var headElement = document.getElementsByTagName('head')[0];\n  if (_JS_MODULES.instagram) {\n   var instagramScript = document.createElement('script');\n   instagramScript.src = 'https:\/\/platform.instagram.com\/en_US\/embeds.js';\n   instagramScript.async = true;\n   instagramScript.defer = true;\n   headElement.appendChild(instagramScript);\n  }\n })();\n<\/script><\/p>\n<p> &#8211; <br \/> La noticia<br \/>\n      <a href=\"https:\/\/www.xatakahome.com\/hogar\/pensaba-que-vitroceramica-horno-era-que-luz-gastaba-casa-me-equivocaba-hay-uno-que-gasta-que-ellos?utm_source=feedburner&amp;utm_medium=feed&amp;utm_campaign=24_Apr_2025\"><br \/>\n       <em> Pensaba que la vitrocer\u00e1mica o el horno era lo que m\u00e1s luz gastaba en casa. Me equivocaba, hay uno que gasta tanto o m\u00e1s que ellos  <\/em><br \/>\n      <\/a><br \/>\n      fue publicada originalmente en<br \/>\n      <a href=\"https:\/\/www.xatakahome.com\/?utm_source=feedburner&amp;utm_medium=feed&amp;utm_campaign=24_Apr_2025\"><br \/>\n       <strong> Xataka Smart Home <\/strong><br \/>\n      <\/a><br \/>\n             por <a href=\"https:\/\/www.xatakahome.com\/autor\/paco-rodriguez?utm_source=feedburner&amp;utm_medium=feed&amp;utm_campaign=24_Apr_2025\"><br \/>\n        Paco Rodr\u00edguez<br \/>\n       <\/a><br \/>\n      . <\/p>\n<\/div>\n","protected":false},"excerpt":{"rendered":"<p>Nos hemos acostumbrado a tener en casa un ej\u00e9rcito de grandes y peque\u00f1os electrodom\u00e9sticos que nos ayudan en las tareas cotidianas sin pararnos muchas veces a pensar en que su encendido diario supone un gasto considerable de energ\u00eda que luego debemos pagar en la factura de la luz. Pero en este aspecto del consumo no &hellip; <a href=\"https:\/\/domosistemas.com\/?p=28316\" class=\"more-link\">Sigue leyendo <span class=\"screen-reader-text\">Pensaba que la vitrocer\u00e1mica o el horno era lo que m\u00e1s luz gastaba en casa. Me equivocaba, hay uno que gasta tanto o m\u00e1s que ellos<\/span><\/a><\/p>\n","protected":false},"author":1,"featured_media":0,"comment_status":"closed","ping_status":"closed","sticky":false,"template":"","format":"standard","meta":{"footnotes":""},"categories":[8],"tags":[],"class_list":["post-28316","post","type-post","status-publish","format-standard","hentry","category-xataka"],"_links":{"self":[{"href":"https:\/\/domosistemas.com\/index.php?rest_route=\/wp\/v2\/posts\/28316","targetHints":{"allow":["GET"]}}],"collection":[{"href":"https:\/\/domosistemas.com\/index.php?rest_route=\/wp\/v2\/posts"}],"about":[{"href":"https:\/\/domosistemas.com\/index.php?rest_route=\/wp\/v2\/types\/post"}],"author":[{"embeddable":true,"href":"https:\/\/domosistemas.com\/index.php?rest_route=\/wp\/v2\/users\/1"}],"replies":[{"embeddable":true,"href":"https:\/\/domosistemas.com\/index.php?rest_route=%2Fwp%2Fv2%2Fcomments&post=28316"}],"version-history":[{"count":0,"href":"https:\/\/domosistemas.com\/index.php?rest_route=\/wp\/v2\/posts\/28316\/revisions"}],"wp:attachment":[{"href":"https:\/\/domosistemas.com\/index.php?rest_route=%2Fwp%2Fv2%2Fmedia&parent=28316"}],"wp:term":[{"taxonomy":"category","embeddable":true,"href":"https:\/\/domosistemas.com\/index.php?rest_route=%2Fwp%2Fv2%2Fcategories&post=28316"},{"taxonomy":"post_tag","embeddable":true,"href":"https:\/\/domosistemas.com\/index.php?rest_route=%2Fwp%2Fv2%2Ftags&post=28316"}],"curies":[{"name":"wp","href":"https:\/\/api.w.org\/{rel}","templated":true}]}}