{"id":28324,"date":"2025-04-25T03:03:06","date_gmt":"2025-04-25T03:03:06","guid":{"rendered":"https:\/\/domosistemas.com\/?p=28324"},"modified":"2025-04-25T03:03:06","modified_gmt":"2025-04-25T03:03:06","slug":"el-perte-de-la-industrializacion-de-la-vivienda-impulsara-la-construccion-industrializada-en-espana","status":"publish","type":"post","link":"https:\/\/domosistemas.com\/?p=28324","title":{"rendered":"El Perte de la Industrializaci\u00f3n de la Vivienda impulsar\u00e1 la construcci\u00f3n industrializada en Espa\u00f1a"},"content":{"rendered":"<div>\n<p>El <a href=\"https:\/\/www.lamoncloa.gob.es\/Paginas\/index.aspx\" target=\"_blank\" rel=\"noopener\">Gobierno de Espa\u00f1a<\/a> ha anunciado el lanzamiento del nuevo proyecto estrat\u00e9gico para la recuperaci\u00f3n y transformaci\u00f3n econ\u00f3mica (Perte) de la Industrializaci\u00f3n de la Vivienda, que contar\u00e1 con una inversi\u00f3n p\u00fablica de 1.300 millones de euros en 10 a\u00f1os, a trav\u00e9s de instrumentos financieros capaces de movilizar tambi\u00e9n la inversi\u00f3n privada. El objetivo es construir m\u00e1s y mejor vivienda, construir m\u00e1s r\u00e1pido y a precios m\u00e1s asequibles. Para ello, el gobierno considera que hay que hacer un cambio de paradigma en la propia cadena de edificaci\u00f3n, incidiendo en su industrializaci\u00f3n, digitalizaci\u00f3n y sostenibilidad.<\/p>\n<figure id=\"attachment_154027\" aria-describedby=\"caption-attachment-154027\" style=\"width: 800px\" class=\"wp-caption aligncenter\"><img loading=\"lazy\" decoding=\"async\" class=\"size-full wp-image-154027\" src=\"https:\/\/static.casadomo.com\/media\/2025\/04\/gobierno-espana-nuevo-marco-perte-construccion-industrializada.png\" alt=\"Pedro S\u00e1nchez, presidente del Gobierno de Espa\u00f1a.\" width=\"800\" height=\"471\" srcset=\"https:\/\/static.casadomo.com\/media\/2025\/04\/gobierno-espana-nuevo-marco-perte-construccion-industrializada.png 800w, https:\/\/static.casadomo.com\/media\/2025\/04\/gobierno-espana-nuevo-marco-perte-construccion-industrializada-300x177.png 300w, https:\/\/static.casadomo.com\/media\/2025\/04\/gobierno-espana-nuevo-marco-perte-construccion-industrializada-768x452.png 768w, https:\/\/static.casadomo.com\/media\/2025\/04\/gobierno-espana-nuevo-marco-perte-construccion-industrializada-180x106.png 180w\" sizes=\"auto, (max-width: 800px) 100vw, 800px\"><figcaption id=\"caption-attachment-154027\" class=\"wp-caption-text\">Pedro S\u00e1nchez, presidente del Gobierno de Espa\u00f1a, durante el anuncio del Perte de Industrializaci\u00f3n de la Vivienda en Rebuild 2025.<\/figcaption><\/figure>\n<p>En este contexto, el Perte de la Industrializaci\u00f3n de la Vivienda se art\u00edculo en tres grandes ejes estrat\u00e9gicos: aumentar la capacidad productiva, eficiencia y sostenibilidad, y formaci\u00f3n y talento. A trav\u00e9s del primero, se impulsar\u00e1 la producci\u00f3n industrial de vivienda apoyando la financiaci\u00f3n de iniciativas industriales, contribuyendo a la creaci\u00f3n de una demanda estable y creando un entorno regulatorio que fomente que las grandes empresas de este pa\u00eds apuesten por esta tecnolog\u00eda, junto al apoyo al crecimiento de escala de las peque\u00f1as y medianas empresas que apuesten por la industrializaci\u00f3n, financiando el desarrollo de nuevas soluciones industriales. El objetivo es construir una media de 15.000 viviendas industrializadas al a\u00f1o y llegar a las 20.000 anuales dentro de 10 a\u00f1os.<\/p>\n<p>En cuanto a la eficiencia y sostenibilidad, el impulso de una industrializaci\u00f3n abierta permitir\u00e1 construir m\u00e1s r\u00e1pido, reduciendo los tiempos de edificaci\u00f3n entre un 20% y un 60%, aprovechando todas las soluciones que la tecnolog\u00eda ofrece para hacer viviendas adaptadas a los desaf\u00edos como el cambio clim\u00e1tico. Por \u00faltimo, la industrializaci\u00f3n ayudar\u00e1 a dignificar el empleo en la construcci\u00f3n. Para ello, se trabajar\u00e1 con universidades, centros de Formaci\u00f3n Profesional y todos los agentes para adecuar un nuevo esquema de formaci\u00f3n de talento a todos los niveles: perfiles t\u00e9cnicos, gestores, promotores e instaladores, y tambi\u00e9n para atraer a m\u00e1s mujeres al sector.<\/p>\n<h2><span data-teams=\"true\">Valencia albergar\u00e1 la Ciudad de la Industrializaci\u00f3n de la Construcci\u00f3n<\/span><\/h2>\n<p>Por otro lado, en el marco del nuevo Perte, que vuelve a poner el acento en la colaboraci\u00f3n p\u00fablico-privada como elemento esencial para su despliegue, se establecer\u00e1 la nueva Ciudad de la Industrializaci\u00f3n de la Construcci\u00f3n en la zona de Actividades Log\u00edsticas del Puerto de Valencia, en suelo titularidad de la Entidad P\u00fablica Empresarial de Suelo (Sepes), dependiente del Ministerio de Vivienda.<\/p>\n<p>El nuevo espacio acoger\u00e1 iniciativas industriales que puedan beneficiarse de suelo o de financiaci\u00f3n p\u00fablica, como a promover formaci\u00f3n especializada, mostrar\u00e1 los proyectos m\u00e1s innovadores del sector, y promover\u00e1 el intercambio de informaci\u00f3n sobre nuevos sistemas y productos constructivos.<\/p>\n<p>Ello contribuir\u00e1 a potenciar el desarrollo econ\u00f3mico e industrial de las \u00e1reas m\u00e1s afectadas por la DANA del pasado 29 de octubre en Valencia. Asimismo, el nuevo proyecto estrat\u00e9gico se nutre de fondos europeos vinculados a reformas, por lo que se necesitan reformas ni pol\u00edticas verdes, pol\u00edticas de protecci\u00f3n y conservaci\u00f3n del litoral y de los recursos h\u00eddricos para disponer de las ayudas.<\/p>\n<p>En el \u00e1mbito de la rehabilitaci\u00f3n, Espa\u00f1a cerr\u00f3 2024 con m\u00e1s de 26.600 viviendas visadas, un 7% m\u00e1s que hace un a\u00f1o y, por primera vez tras la pandemia, se construyen m\u00e1s viviendas que hogares se crean: 127.721 nuevas viviendas residenciales visadas en 2024, frente a 111.000 nuevos hogares creados en el mismo periodo. En base a estos datos, las \u00faltimas previsiones del FMI vuelven a situar a Espa\u00f1a a la cabeza del crecimiento de las grandes econom\u00edas avanzadas, triplicando la media de la zona euro.<\/p>\n<p>La entrada <a href=\"https:\/\/www.casadomo.com\/2025\/04\/25\/perte-industrializacion-vivienda-impulsara-construccion-industrializada-espana\">El Perte de la Industrializaci\u00f3n de la Vivienda impulsar\u00e1 la construcci\u00f3n industrializada en Espa\u00f1a<\/a> aparece primero en <a href=\"https:\/\/www.casadomo.com\/\">CASADOMO<\/a>.<\/p>\n<\/div>\n","protected":false},"excerpt":{"rendered":"<p>El Gobierno de Espa\u00f1a ha anunciado el lanzamiento del nuevo proyecto estrat\u00e9gico para la recuperaci\u00f3n y transformaci\u00f3n econ\u00f3mica (Perte) de la Industrializaci\u00f3n de la Vivienda, que contar\u00e1 con una inversi\u00f3n p\u00fablica de 1.300 millones de euros en 10 a\u00f1os, a trav\u00e9s de instrumentos financieros capaces de movilizar tambi\u00e9n la inversi\u00f3n privada. El objetivo es construir &hellip; <a href=\"https:\/\/domosistemas.com\/?p=28324\" class=\"more-link\">Sigue leyendo <span class=\"screen-reader-text\">El Perte de la Industrializaci\u00f3n de la Vivienda impulsar\u00e1 la construcci\u00f3n industrializada en Espa\u00f1a<\/span><\/a><\/p>\n","protected":false},"author":1,"featured_media":0,"comment_status":"closed","ping_status":"closed","sticky":false,"template":"","format":"standard","meta":{"footnotes":""},"categories":[3],"tags":[],"class_list":["post-28324","post","type-post","status-publish","format-standard","hentry","category-casadomo-com"],"_links":{"self":[{"href":"https:\/\/domosistemas.com\/index.php?rest_route=\/wp\/v2\/posts\/28324","targetHints":{"allow":["GET"]}}],"collection":[{"href":"https:\/\/domosistemas.com\/index.php?rest_route=\/wp\/v2\/posts"}],"about":[{"href":"https:\/\/domosistemas.com\/index.php?rest_route=\/wp\/v2\/types\/post"}],"author":[{"embeddable":true,"href":"https:\/\/domosistemas.com\/index.php?rest_route=\/wp\/v2\/users\/1"}],"replies":[{"embeddable":true,"href":"https:\/\/domosistemas.com\/index.php?rest_route=%2Fwp%2Fv2%2Fcomments&post=28324"}],"version-history":[{"count":0,"href":"https:\/\/domosistemas.com\/index.php?rest_route=\/wp\/v2\/posts\/28324\/revisions"}],"wp:attachment":[{"href":"https:\/\/domosistemas.com\/index.php?rest_route=%2Fwp%2Fv2%2Fmedia&parent=28324"}],"wp:term":[{"taxonomy":"category","embeddable":true,"href":"https:\/\/domosistemas.com\/index.php?rest_route=%2Fwp%2Fv2%2Fcategories&post=28324"},{"taxonomy":"post_tag","embeddable":true,"href":"https:\/\/domosistemas.com\/index.php?rest_route=%2Fwp%2Fv2%2Ftags&post=28324"}],"curies":[{"name":"wp","href":"https:\/\/api.w.org\/{rel}","templated":true}]}}