{"id":28424,"date":"2025-05-05T13:01:36","date_gmt":"2025-05-05T13:01:36","guid":{"rendered":"https:\/\/domosistemas.com\/?p=28424"},"modified":"2025-05-05T13:01:36","modified_gmt":"2025-05-05T13:01:36","slug":"este-es-la-novedad-de-ikea-perfecta-para-disfrutar-del-buen-tiempo-incluso-en-terrazas-pequenas","status":"publish","type":"post","link":"https:\/\/domosistemas.com\/?p=28424","title":{"rendered":"Este es la novedad de Ikea perfecta para disfrutar del buen tiempo incluso en terrazas peque\u00f1as"},"content":{"rendered":"<div>\n<p>\n      <img decoding=\"async\" src=\"https:\/\/i.blogs.es\/3e82c4\/ofertas_cpa_v3-copia-38-\/1024_2000.jpeg\" alt=\"Este es la novedad de Ikea perfecta para disfrutar del buen tiempo incluso en terrazas peque\u00f1as \">\n    <\/p>\n<p>Aunque las lluvias han vuelto, queda poco para que el buen tiempo se instale ya de forma definitiva. Si tienes una terraza o balc\u00f3n y quieres prepararlo para la temporada primavera-verano, esta <strong>mesa plegable TORPAR\u00d6<\/strong> es novedad en Ikea y la puedes comprar por <a rel=\"nofollow, sponsored, noopener, noreferrer\" target=\"_blank\" class=\"js-ecommerce\" id=\"link-ecommerce-1\" href=\"https:\/\/www.xatakahome.com\/redirect?url=https%3A%2F%2Fwww.ikea.com%2Fes%2Fes%2Fp%2Ftorparo-mesa-jardin-blanco-plegable-60595724%2F&amp;category=seleccion&amp;ecomPostExpiration=everlasting&amp;postId=117431\" data-vars-affiliate-url=\"https:\/\/www.ikea.com\/es\/es\/p\/torparo-mesa-jardin-blanco-plegable-60595724\/\">89 euros<\/a>.<\/p>\n<p><!-- BREAK 1 --><!-- PIVOT START --><\/p>\n<div class=\"pivot-ecommerce-container m-pivot-ecommerce-redesign article-asset-normal article-asset-center\">\n<div class=\"pivot-ecommerce\">\n<div class=\"pivot-ecommerce-figure\">\n  <a rel=\"nofollow, sponsored, noopener, noreferrer\" target=\"_blank\" href=\"https:\/\/www.xatakahome.com\/redirect?url=https%3A%2F%2Fwww.ikea.com%2Fes%2Fes%2Fp%2Ftorparo-mesa-jardin-blanco-plegable-60595724%2F&amp;category=seleccion&amp;pivot=1&amp;ecomPostExpiration=everlasting&amp;postId=117431\"><br \/>\n   <img loading=\"lazy\" decoding=\"async\" alt=\"TORPAR\u00d6 Mesa jard\u00edn, blanco\/plegable, 130x74 cm\" width=\"600\" height=\"600\" src=\"https:\/\/i.blogs.es\/262aed\/blob\/original.jpeg\"><br \/>\n  <\/a>\n  <\/div>\n<div class=\"pivot-ecommerce-summary\">\n<p class=\"pivot-ecommerce-desc\">TORPAR\u00d6 Mesa jard\u00edn, blanco\/plegable, 130&#215;74 cm<\/p>\n<div class=\"pivot-actions \">\n<div class=\"pivot-actions-row\">\n <a rel=\"nofollow, sponsored, noopener, noreferrer\" target=\"_blank\" data-asin=\"\" data-store=\"\" href=\"https:\/\/www.xatakahome.com\/redirect?url=https%3A%2F%2Fwww.ikea.com%2Fes%2Fes%2Fp%2Ftorparo-mesa-jardin-blanco-plegable-60595724%2F&amp;category=seleccion&amp;pivot=1&amp;ecomPostExpiration=everlasting&amp;postId=117431\" title=\"Precio de venta al p\u00fablico a fecha de publicaci\u00f3n\" class=\"pivot-action-btn pivot-action-primary\">PVP en Ikea \u2014 <strong><span class=\"js-deal-price\">89,00<\/span> \u20ac<\/strong><\/a>\n <\/div>\n<\/p><\/div>\n<\/p><\/div>\n<\/p><\/div>\n<div class=\"pivot-link-msg\">* Alg\u00fan precio puede haber cambiado desde la \u00faltima revisi\u00f3n<\/div>\n<\/p><\/div>\n<p><!-- PIVOT END --><\/p>\n<h2>Una mesa que se convertir\u00e1 en un elemento esencia en la primavera-verano<\/h2>\n<div class=\"article-asset-image article-asset-normal article-asset-center\">\n<div class=\"asset-content\">\n                    <a rel=\"nofollow, sponsored, noopener, noreferrer\" target=\"_blank\" class=\"js-ecommerce\" id=\"link-ecommerce-2\" href=\"https:\/\/www.xatakahome.com\/redirect?url=https%3A%2F%2Fwww.ikea.com%2Fes%2Fes%2Fp%2Ftorparo-mesa-jardin-blanco-plegable-60595724%2F&amp;category=seleccion&amp;ecomPostExpiration=everlasting&amp;postId=117431\" data-vars-affiliate-url=\"https:\/\/www.ikea.com\/es\/es\/p\/torparo-mesa-jardin-blanco-plegable-60595724\/\"><\/p>\n<p>    <img decoding=\"async\" alt=\"TORPAR\u00d6 Mesa jard\u00edn, blanco\/plegable Ikea\" class=\"centro_sinmarco\" src=\"https:\/\/i.blogs.es\/a2d946\/proyecto-nuevo-46-\/450_1000.jpeg\"><br \/>\n     <\/a><\/p><\/div>\n<\/div>\n<p>Esta es una de las principales novedades de Ikea para la nueva temporada primavera-verano 2025. Mide <strong>130&#215;74 cm<\/strong> y es perfecta para acoger hasta seis comensales. Aunque su principal sello de identidad es que es plegable, por lo que podr\u00e1s guardarla en cualquier rinc\u00f3n cuando no la utilices.<\/p>\n<p><!-- BREAK 2 --><\/p>\n<div class=\"article-asset article-asset-normal article-asset-center\">\n<div class=\"desvio-container\">\n<div class=\"desvio\">\n<div class=\"desvio-figure js-desvio-figure\">\n    <a href=\"https:\/\/www.xatakahome.com\/seleccion\/este-toldo-lateral-leroy-merlin-te-servira-para-protegerte-sol-miradas-indiscretas-a-tu-balcon-terraza\" class=\"pivot-outboundlink\" data-vars-post-title=\"Este toldo lateral de Leroy Merlin te servir\u00e1 para protegerte del sol y las miradas indiscretas a tu balc\u00f3n o terraza\"><br \/>\n     <img loading=\"lazy\" decoding=\"async\" alt=\"Este toldo lateral de Leroy Merlin te servir\u00e1 para protegerte del sol y las miradas indiscretas a tu balc\u00f3n o terraza\" width=\"375\" height=\"142\" src=\"https:\/\/i.blogs.es\/04609d\/ofertas_cpa_v3-copia-30-\/375_142.jpeg\"><br \/>\n    <\/a>\n   <\/div>\n<div class=\"desvio-summary\">\n<div class=\"desvio-taxonomy js-desvio-taxonomy\">\n     <a href=\"https:\/\/www.xatakahome.com\/seleccion\/este-toldo-lateral-leroy-merlin-te-servira-para-protegerte-sol-miradas-indiscretas-a-tu-balcon-terraza\" class=\"desvio-taxonomy-anchor pivot-outboundlink\" data-vars-post-title=\"Este toldo lateral de Leroy Merlin te servir\u00e1 para protegerte del sol y las miradas indiscretas a tu balc\u00f3n o terraza\">En Xataka Smart Home<\/a>\n    <\/div>\n<p>    <a href=\"https:\/\/www.xatakahome.com\/seleccion\/este-toldo-lateral-leroy-merlin-te-servira-para-protegerte-sol-miradas-indiscretas-a-tu-balcon-terraza\" class=\"desvio-title js-desvio-title pivot-outboundlink\" data-vars-post-title=\"Este toldo lateral de Leroy Merlin te servir\u00e1 para protegerte del sol y las miradas indiscretas a tu balc\u00f3n o terraza\">Este toldo lateral de Leroy Merlin te servir\u00e1 para protegerte del sol y las miradas indiscretas a tu balc\u00f3n o terraza<\/a>\n   <\/div>\n<\/p><\/div>\n<\/p><\/div>\n<\/div>\n<div class=\"article-asset-video article-asset-normal\">\n<div class=\"asset-content\">\n<div class=\"base-asset-video\">\n<div class=\"js-dailymotion\">\n    <script type=\"application\/json\">\n                          {\"videoId\":\"x8c12ag\",\"autoplay\":true,\"title\":\"Design Your Home   IKEA\", \"tag\":\"IKEA\", \"duration\":\"60\"}\n                  <\/script>\n   <\/div>\n<\/p><\/div>\n<\/p><\/div>\n<\/div>\n<p>Ya <strong>viene montada<\/strong>, por lo que tan solo tendr\u00e1s que sacarla del embalaje y ya podr\u00e1s utilizarla, algo a lo que no estamos acostumbrados con los productos de Ikea. Tambi\u00e9n destaca por ser muy resistente, ya que est\u00e1 fabricada en acero y pl\u00e1stico.<\/p>\n<p><!-- BREAK 3 --><\/p>\n<p>Es muy resistente a la intemperie y aguanta bien la lluvia y los rayos del sol y, adem\u00e1s, cuenta con una <strong>capa que la protege del \u00f3xido<\/strong>. Eso s\u00ed, si no tienes sillas para el exterior, tendr\u00edas que pensarla comprar para poder aprovechar al m\u00e1ximo esta mesa.<\/p>\n<p><!-- BREAK 4 --><\/p>\n<h2>Tambi\u00e9n te pueden interesar estas sillas para complementar esta mesa<\/h2>\n<p><!-- PIVOT START --><\/p>\n<div class=\"pivot-ecommerce-container m-pivot-ecommerce-redesign article-asset-normal article-asset-center\">\n<div class=\"pivot-ecommerce\">\n<div class=\"pivot-ecommerce-figure\">\n  <a rel=\"nofollow, sponsored, noopener, noreferrer\" target=\"_blank\" href=\"https:\/\/www.xatakahome.com\/redirect?url=https%3A%2F%2Fwww.amazon.es%2Fdp%2FB0DV4HM5M1%3Ftag%3Dxatakahome-21%26linkCode%3Dogi%26th%3D1%26psc%3D1&amp;category=seleccion&amp;pivot=1&amp;ecomPostExpiration=everlasting&amp;postId=117431\"><br \/>\n   <img loading=\"lazy\" decoding=\"async\" alt=\"Outsunny Juego de 4 Sillas de Jard\u00edn Exterior Sillas Terraza Exterior Apilables \" width=\"500\" height=\"500\" src=\"https:\/\/i.blogs.es\/22fd75\/31bdsmmftil._sl500_\/original.jpeg\"><br \/>\n  <\/a>\n  <\/div>\n<div class=\"pivot-ecommerce-summary\">\n<p class=\"pivot-ecommerce-desc\">Outsunny Juego de 4 Sillas de Jard\u00edn Exterior Sillas Terraza Exterior Apilables <\/p>\n<div class=\"pivot-actions \">\n<div class=\"pivot-actions-row\">\n <a rel=\"nofollow, sponsored, noopener, noreferrer\" target=\"_blank\" data-asin=\"B0DV4HM5M1\" data-store=\"Amazon\" href=\"https:\/\/www.xatakahome.com\/redirect?url=https%3A%2F%2Fwww.amazon.es%2Fdp%2FB0DV4HM5M1%3Ftag%3Dxatakahome-21%26linkCode%3Dogi%26th%3D1%26psc%3D1&amp;category=seleccion&amp;pivot=1&amp;ecomPostExpiration=everlasting&amp;postId=117431\" title=\"Precio actualizado hoy\" class=\"pivot-action-btn metrics-pivot-btn pivot-action-primary\">Hoy en Amazon \u2014 <strong><span class=\"js-deal-price\">119,99<\/span> \u20ac<\/strong><\/a>\n <\/div>\n<\/p><\/div>\n<\/p><\/div>\n<\/p><\/div>\n<div class=\"pivot-link-msg\">* Alg\u00fan precio puede haber cambiado desde la \u00faltima revisi\u00f3n<\/div>\n<\/p><\/div>\n<p><!-- PIVOT END --><br \/>\n<!-- PIVOT START --><\/p>\n<div class=\"pivot-ecommerce-container m-pivot-ecommerce-redesign article-asset-normal article-asset-center\">\n<div class=\"pivot-ecommerce\">\n<div class=\"pivot-ecommerce-figure\">\n  <a rel=\"nofollow, sponsored, noopener, noreferrer\" target=\"_blank\" href=\"https:\/\/www.xatakahome.com\/redirect?url=https%3A%2F%2Fwww.amazon.es%2Fdp%2FB07174P9SD%3Ftag%3Dxatakahome-21%26linkCode%3Dogi%26th%3D1%26psc%3D1&amp;category=seleccion&amp;pivot=1&amp;ecomPostExpiration=everlasting&amp;postId=117431\"><br \/>\n   <img loading=\"lazy\" decoding=\"async\" alt=\"SP Berner - Pack de 6 Sillas Grana - Apilables\" width=\"500\" height=\"500\" src=\"https:\/\/i.blogs.es\/cb74dc\/31ognyeuxil._sl500_\/original.jpeg\"><br \/>\n  <\/a>\n  <\/div>\n<div class=\"pivot-ecommerce-summary\">\n<p class=\"pivot-ecommerce-desc\">SP Berner &#8211; Pack de 6 Sillas Grana &#8211; Apilables<\/p>\n<div class=\"pivot-actions \">\n<div class=\"pivot-actions-row\">\n <a rel=\"nofollow, sponsored, noopener, noreferrer\" target=\"_blank\" data-asin=\"B07174P9SD\" data-store=\"Amazon\" href=\"https:\/\/www.xatakahome.com\/redirect?url=https%3A%2F%2Fwww.amazon.es%2Fdp%2FB07174P9SD%3Ftag%3Dxatakahome-21%26linkCode%3Dogi%26th%3D1%26psc%3D1&amp;category=seleccion&amp;pivot=1&amp;ecomPostExpiration=everlasting&amp;postId=117431\" title=\"Precio actualizado hoy\" class=\"pivot-action-btn metrics-pivot-btn pivot-action-primary\">Hoy en Amazon \u2014 <strong><span class=\"js-deal-price\">147,89<\/span> \u20ac<\/strong><\/a><br \/>\n   <a rel=\"nofollow, sponsored, noopener, noreferrer\" target=\"_blank\" data-asin=\"81927625\" data-store=\"Leroy Merlin\" href=\"https:\/\/www.xatakahome.com\/redirect?url=https%3A%2F%2Fwww.leroymerlin.es%2Fproductos%2Fjardin-y-terraza%2Fmuebles-de-jardin%2Fsillas-de-jardin-y-terraza%2Fsilla-de-jardin-de-polipropileno-granada-blanco-81927625.html%3FhighlightedOfferCode%3Dfa026cc6a802a139ee22c63d84fba003ad548bb5&amp;category=seleccion&amp;pivot=1&amp;ecomPostExpiration=everlasting&amp;postId=117431\" title=\"Precio actualizado hoy\" class=\"pivot-action-btn metrics-pivot-btn pivot-action-secondary\">Leroy Merlin \u2014 <strong><span class=\"js-deal-price\">201,00<\/span> \u20ac<\/strong><\/a>\n <\/div>\n<\/p><\/div>\n<\/p><\/div>\n<\/p><\/div>\n<div class=\"pivot-link-msg\">* Alg\u00fan precio puede haber cambiado desde la \u00faltima revisi\u00f3n<\/div>\n<\/p><\/div>\n<p><!-- PIVOT END --><\/p>\n<p><em>Nota: algunos de los enlaces aqu\u00ed publicados son de afiliados y pueden reportar un beneficio.<\/em><\/p>\n<p>Im\u00e1genes | Webedia e Ikea<\/p>\n<p>En Xataka Smart Home | En Xataka Smart Home | <a class=\"text-outboundlink\" href=\"https:\/\/www.xatakahome.com\/seleccion\/ikea-tiene-mejores-muebles-para-terraza-jardin-incluso-para-pisos-pequenos\" data-vars-post-title=\"Ikea tiene los muebles ideales para disfrutar de tu terraza o balc\u00f3n esta primavera, incluso si vives en un piso peque\u00f1o\" data-vars-post-url=\"https:\/\/www.xatakahome.com\/seleccion\/ikea-tiene-mejores-muebles-para-terraza-jardin-incluso-para-pisos-pequenos\" data-id=\"noopener noreferrer\">Ikea tiene los muebles ideales para disfrutar de tu terraza o balc\u00f3n esta primavera, incluso si vives en un piso peque\u00f1o<\/a><\/p>\n<p><!-- BREAK 5 --><\/p>\n<p>En Xataka Smart Home | <a class=\"text-outboundlink\" href=\"https:\/\/www.xatakahome.com\/seleccion\/luces-exterior-para-terraza-jardin-cual-comprar-consejos-recomendaciones\" data-vars-post-title=\"Luces de exterior para terraza y jard\u00edn: \u00bfCu\u00e1l comprar? Consejos y recomendaciones\" data-vars-post-url=\"https:\/\/www.xatakahome.com\/seleccion\/luces-exterior-para-terraza-jardin-cual-comprar-consejos-recomendaciones\">Luces de exterior para terraza y jard\u00edn: \u00bfCu\u00e1l comprar? Consejos y recomendaciones<\/a><\/p>\n<p><script>\n (function() {\n  window._JS_MODULES = window._JS_MODULES || {};\n  var headElement = document.getElementsByTagName('head')[0];\n  if (_JS_MODULES.instagram) {\n   var instagramScript = document.createElement('script');\n   instagramScript.src = 'https:\/\/platform.instagram.com\/en_US\/embeds.js';\n   instagramScript.async = true;\n   instagramScript.defer = true;\n   headElement.appendChild(instagramScript);\n  }\n })();\n<\/script><\/p>\n<p> &#8211; <br \/> La noticia<br \/>\n      <a href=\"https:\/\/www.xatakahome.com\/seleccion\/este-novedad-ikea-perfecta-para-disfrutar-buen-tiempo-incluso-terrazas-pequenas?utm_source=feedburner&amp;utm_medium=feed&amp;utm_campaign=05_May_2025\"><br \/>\n       <em> Este es la novedad de Ikea perfecta para disfrutar del buen tiempo incluso en terrazas peque\u00f1as  <\/em><br \/>\n      <\/a><br \/>\n      fue publicada originalmente en<br \/>\n      <a href=\"https:\/\/www.xatakahome.com\/?utm_source=feedburner&amp;utm_medium=feed&amp;utm_campaign=05_May_2025\"><br \/>\n       <strong> Xataka Smart Home <\/strong><br \/>\n      <\/a><br \/>\n             por <a href=\"https:\/\/www.xatakahome.com\/autor\/fran-leon?utm_source=feedburner&amp;utm_medium=feed&amp;utm_campaign=05_May_2025\"><br \/>\n        Fran Le\u00f3n<br \/>\n       <\/a><br \/>\n      . <\/p>\n<\/div>\n","protected":false},"excerpt":{"rendered":"<p>Aunque las lluvias han vuelto, queda poco para que el buen tiempo se instale ya de forma definitiva. Si tienes una terraza o balc\u00f3n y quieres prepararlo para la temporada primavera-verano, esta mesa plegable TORPAR\u00d6 es novedad en Ikea y la puedes comprar por 89 euros. TORPAR\u00d6 Mesa jard\u00edn, blanco\/plegable, 130&#215;74 cm PVP en Ikea &hellip; <a href=\"https:\/\/domosistemas.com\/?p=28424\" class=\"more-link\">Sigue leyendo <span class=\"screen-reader-text\">Este es la novedad de Ikea perfecta para disfrutar del buen tiempo incluso en terrazas peque\u00f1as<\/span><\/a><\/p>\n","protected":false},"author":1,"featured_media":0,"comment_status":"closed","ping_status":"closed","sticky":false,"template":"","format":"standard","meta":{"footnotes":""},"categories":[8],"tags":[],"class_list":["post-28424","post","type-post","status-publish","format-standard","hentry","category-xataka"],"_links":{"self":[{"href":"https:\/\/domosistemas.com\/index.php?rest_route=\/wp\/v2\/posts\/28424","targetHints":{"allow":["GET"]}}],"collection":[{"href":"https:\/\/domosistemas.com\/index.php?rest_route=\/wp\/v2\/posts"}],"about":[{"href":"https:\/\/domosistemas.com\/index.php?rest_route=\/wp\/v2\/types\/post"}],"author":[{"embeddable":true,"href":"https:\/\/domosistemas.com\/index.php?rest_route=\/wp\/v2\/users\/1"}],"replies":[{"embeddable":true,"href":"https:\/\/domosistemas.com\/index.php?rest_route=%2Fwp%2Fv2%2Fcomments&post=28424"}],"version-history":[{"count":0,"href":"https:\/\/domosistemas.com\/index.php?rest_route=\/wp\/v2\/posts\/28424\/revisions"}],"wp:attachment":[{"href":"https:\/\/domosistemas.com\/index.php?rest_route=%2Fwp%2Fv2%2Fmedia&parent=28424"}],"wp:term":[{"taxonomy":"category","embeddable":true,"href":"https:\/\/domosistemas.com\/index.php?rest_route=%2Fwp%2Fv2%2Fcategories&post=28424"},{"taxonomy":"post_tag","embeddable":true,"href":"https:\/\/domosistemas.com\/index.php?rest_route=%2Fwp%2Fv2%2Ftags&post=28424"}],"curies":[{"name":"wp","href":"https:\/\/api.w.org\/{rel}","templated":true}]}}