{"id":28464,"date":"2025-05-08T03:03:05","date_gmt":"2025-05-08T03:03:05","guid":{"rendered":"https:\/\/domosistemas.com\/?p=28464"},"modified":"2025-05-08T03:03:05","modified_gmt":"2025-05-08T03:03:05","slug":"el-nuevo-perte-de-industrializacion-de-la-vivienda-apuesta-por-la-digitalizacion-de-la-construccion","status":"publish","type":"post","link":"https:\/\/domosistemas.com\/?p=28464","title":{"rendered":"El nuevo Perte de Industrializaci\u00f3n de la Vivienda apuesta por la digitalizaci\u00f3n de la construcci\u00f3n"},"content":{"rendered":"<div>\n<p>A propuesta del <a href=\"https:\/\/www.mivau.gob.es\/\" target=\"_blank\" rel=\"noopener\">Ministerio de vivienda y Agenda Urbana<\/a>, el Consejo de Ministros ha aprobado el Proyecto Estrat\u00e9gico para la Recuperaci\u00f3n y la Transformaci\u00f3n Econ\u00f3mica (Perte) de la Industrializaci\u00f3n de la Vivienda. Con una inversi\u00f3n p\u00fablica de 1.300 millones de euros en 10 a\u00f1os, la Empresa P\u00fablica de Vivienda puntuar\u00e1 hasta un 10% los elementos de industrializaci\u00f3n en sus licitaciones con el fin de incentivar la industrializaci\u00f3n. Esta medida tiene como fin aumentar el parque p\u00fablico de vivienda incorporando la aplicaci\u00f3n de tecnolog\u00edas avanzadas al proceso de dise\u00f1o, producci\u00f3n, gesti\u00f3n y montaje a trav\u00e9s de t\u00e9cnicas mecanizadas y de fabricaci\u00f3n en serie.<\/p>\n<figure id=\"attachment_154496\" aria-describedby=\"caption-attachment-154496\" style=\"width: 500px\" class=\"wp-caption aligncenter\"><img loading=\"lazy\" decoding=\"async\" class=\"size-full wp-image-154496\" src=\"https:\/\/static.casadomo.com\/media\/2025\/05\/perte-industrializacion-vivienda-aprobado.png\" alt=\"Perte de industrializaci\u00f3n de la vivienda.\" width=\"500\" height=\"712\" srcset=\"https:\/\/static.casadomo.com\/media\/2025\/05\/perte-industrializacion-vivienda-aprobado.png 500w, https:\/\/static.casadomo.com\/media\/2025\/05\/perte-industrializacion-vivienda-aprobado-211x300.png 211w, https:\/\/static.casadomo.com\/media\/2025\/05\/perte-industrializacion-vivienda-aprobado-180x256.png 180w\" sizes=\"auto, (max-width: 500px) 100vw, 500px\"><figcaption id=\"caption-attachment-154496\" class=\"wp-caption-text\">El Perte propone aplicar tecnolog\u00edas avanzadas en el proceso de dise\u00f1o, producci\u00f3n, gesti\u00f3n y montaje de viviendas.<\/figcaption><\/figure>\n<p>El objetivo del nuevo <a href=\"https:\/\/www.casadomo.com\/biblioteca\/perte-industrializacion-vivienda\">Perte de la Industrializaci\u00f3n de la Vivienda<\/a> es la transformaci\u00f3n del sector de la construcci\u00f3n, aumentando su capacidad productiva y convergiendo a las mejores pr\u00e1cticas en materia de industrializaci\u00f3n de la vivienda. El proyecto se articula en torno a tres grandes ejes estrat\u00e9gicos: aumentar la capacidad productiva, la eficiencia y sostenibilidad, y la formaci\u00f3n y talento.<\/p>\n<p>El Gobierno de Espa\u00f1a ha anunciado que las 1.600 viviendas que ser\u00e1n licitadas en las pr\u00f3ximas semanas, a\u00fan bajo el paraguas de la Entidad P\u00fablica Empresarial de Suelo (Sepes), ya incorporar\u00e1n el criterio de industrializaci\u00f3n. De esta forma, se favorece la creaci\u00f3n de demanda de vivienda industrializada.<\/p>\n<h2>Caracter\u00edsticas de la construcci\u00f3n industrializada<\/h2>\n<p>La construcci\u00f3n industrializada se caracteriza por disponer de un fuerte componente de digitalizaci\u00f3n, mejora de la calidad de la edificaci\u00f3n y la arquitectura, reducci\u00f3n de los tiempos de edificaci\u00f3n entre un 20% y un 60%, adem\u00e1s de fomentar la colaboraci\u00f3n entre agentes del sector, mejorar las condiciones laborales, aumentar la productividad y reducir el impacto medioambiental.<\/p>\n<p>Para ello, el Perte aborda los desaf\u00edos a los que se enfrenta el sector de la construcci\u00f3n industrializada mediante el aumento de la capacidad industrial del sector dedicada a la fabricaci\u00f3n de sistemas constructivos complejos y abiertos, e incentiva la innovaci\u00f3n a trav\u00e9s de la elaboraci\u00f3n de pol\u00edticas p\u00fablicas integrales, junto con la participaci\u00f3n del sector privado, para garantizar la consolidaci\u00f3n de la construcci\u00f3n industrializada como un sector de referencia en Espa\u00f1a.<\/p>\n<p>Adem\u00e1s, la industrializaci\u00f3n ayudar\u00e1 a dignificar el empleo en la construcci\u00f3n y hacerlo atractivo para los j\u00f3venes, con m\u00e1s seguridad, con m\u00e1s formaci\u00f3n y con m\u00e1s calidad de vida. Para ello, se trabajar\u00e1 con universidades, centros de Formaci\u00f3n Profesional y todos los agentes para adecuar un nuevo esquema de formaci\u00f3n de talento a todos los niveles: perfiles t\u00e9cnicos, gestores, promotores e instaladores, y tambi\u00e9n para atraer inteligencia y capacidad femenina al sector.<\/p>\n<h2>Incorporaci\u00f3n de la digitalizaci\u00f3n en los procesos de construcci\u00f3n<\/h2>\n<p>Con objetivo de profundizar en la mayor eficiencia y sostenibilidad a trav\u00e9s de la digitalizaci\u00f3n y la actualizaci\u00f3n normativa, se propone la creaci\u00f3n de una plataforma\/marketplace colaborativa de componentes de sistemas de construcci\u00f3n industrializada que permita visibilizar sus prestaciones, la compatibilidad entre los sistemas y sus caracter\u00edsticas t\u00e9cnicas, facilitando la colaboraci\u00f3n entre actores y la competitividad.<\/p>\n<p>Asimismo, se persigue facilitar la puesta en marcha de construcci\u00f3n tanto de vivienda como de otro tipo de tipolog\u00edas susceptibles de incorporar la construcci\u00f3n industrializada; as\u00ed como aumentar la capacidad productiva a trav\u00e9s de una mejor financiaci\u00f3n p\u00fablico-privada y la generaci\u00f3n de una demanda estable.<\/p>\n<h2>Impacto econ\u00f3mico del Perte<\/h2>\n<p>El <a href=\"https:\/\/www.casadomo.com\/2025\/04\/25\/perte-industrializacion-vivienda-impulsara-construccion-industrializada-espana\">Perte de la Industrializaci\u00f3n de la Vivienda<\/a> contar\u00e1 con una inversi\u00f3n p\u00fablica de 1.300 millones de euros para consolidar un ritmo productivo de 15.000 viviendas industrializadas al a\u00f1o y 20.000 viviendas anuales en diez a\u00f1os. Del total, 1.000 millones de euros se destinar\u00e1n a financiaci\u00f3n y 300 millones de euros a capitalizaci\u00f3n.<\/p>\n<p>Con esta inversi\u00f3n p\u00fablica, el Gobierno de Espa\u00f1a espera un efecto multiplicador de 2,4, es decir, que por cada euro de inversi\u00f3n p\u00fablica habr\u00e1 1,4 euros privados. Adem\u00e1s, se espera que la mejora de las condiciones laborales y de seguridad permita la atracci\u00f3n de mujeres a un sector ampliamente masculinizado.<\/p>\n<p>Por otro lado, este Perte contempla una cogobernanza en la que se impliquen todos los actores sociales (empresarios y sindicatos), y tambi\u00e9n el conjunto de las Administraciones p\u00fablicas. Un Comit\u00e9 Interministerial y la apuesta por una alianza p\u00fablica-privada velar\u00e1n por un modelo de gobernanza eficaz y adaptado a los requerimientos de la construcci\u00f3n industrializada.<\/p>\n<p>La entrada <a href=\"https:\/\/www.casadomo.com\/2025\/05\/08\/nuevo-perte-industrializacion-vivienda-apuesta-digitalizacion-construccion\">El nuevo Perte de Industrializaci\u00f3n de la Vivienda apuesta por la digitalizaci\u00f3n de la construcci\u00f3n<\/a> aparece primero en <a href=\"https:\/\/www.casadomo.com\/\">CASADOMO<\/a>.<\/p>\n<\/div>\n","protected":false},"excerpt":{"rendered":"<p>A propuesta del Ministerio de vivienda y Agenda Urbana, el Consejo de Ministros ha aprobado el Proyecto Estrat\u00e9gico para la Recuperaci\u00f3n y la Transformaci\u00f3n Econ\u00f3mica (Perte) de la Industrializaci\u00f3n de la Vivienda. Con una inversi\u00f3n p\u00fablica de 1.300 millones de euros en 10 a\u00f1os, la Empresa P\u00fablica de Vivienda puntuar\u00e1 hasta un 10% los elementos &hellip; <a href=\"https:\/\/domosistemas.com\/?p=28464\" class=\"more-link\">Sigue leyendo <span class=\"screen-reader-text\">El nuevo Perte de Industrializaci\u00f3n de la Vivienda apuesta por la digitalizaci\u00f3n de la construcci\u00f3n<\/span><\/a><\/p>\n","protected":false},"author":1,"featured_media":0,"comment_status":"closed","ping_status":"closed","sticky":false,"template":"","format":"standard","meta":{"footnotes":""},"categories":[3],"tags":[],"class_list":["post-28464","post","type-post","status-publish","format-standard","hentry","category-casadomo-com"],"_links":{"self":[{"href":"https:\/\/domosistemas.com\/index.php?rest_route=\/wp\/v2\/posts\/28464","targetHints":{"allow":["GET"]}}],"collection":[{"href":"https:\/\/domosistemas.com\/index.php?rest_route=\/wp\/v2\/posts"}],"about":[{"href":"https:\/\/domosistemas.com\/index.php?rest_route=\/wp\/v2\/types\/post"}],"author":[{"embeddable":true,"href":"https:\/\/domosistemas.com\/index.php?rest_route=\/wp\/v2\/users\/1"}],"replies":[{"embeddable":true,"href":"https:\/\/domosistemas.com\/index.php?rest_route=%2Fwp%2Fv2%2Fcomments&post=28464"}],"version-history":[{"count":0,"href":"https:\/\/domosistemas.com\/index.php?rest_route=\/wp\/v2\/posts\/28464\/revisions"}],"wp:attachment":[{"href":"https:\/\/domosistemas.com\/index.php?rest_route=%2Fwp%2Fv2%2Fmedia&parent=28464"}],"wp:term":[{"taxonomy":"category","embeddable":true,"href":"https:\/\/domosistemas.com\/index.php?rest_route=%2Fwp%2Fv2%2Fcategories&post=28464"},{"taxonomy":"post_tag","embeddable":true,"href":"https:\/\/domosistemas.com\/index.php?rest_route=%2Fwp%2Fv2%2Ftags&post=28464"}],"curies":[{"name":"wp","href":"https:\/\/api.w.org\/{rel}","templated":true}]}}