{"id":28555,"date":"2025-05-15T15:02:54","date_gmt":"2025-05-15T15:02:54","guid":{"rendered":"https:\/\/domosistemas.com\/?p=28555"},"modified":"2025-05-15T15:02:54","modified_gmt":"2025-05-15T15:02:54","slug":"ha-llegado-a-lidl-el-toldo-sin-obras-ni-instalaciones-con-el-que-evitar-el-sol-de-pleno-en-tu-hogar-este-verano","status":"publish","type":"post","link":"https:\/\/domosistemas.com\/?p=28555","title":{"rendered":"Ha llegado a Lidl el toldo (sin obras ni instalaciones) con el que evitar el sol de pleno en tu hogar este verano"},"content":{"rendered":"<div>\n<p>\n      <img decoding=\"async\" src=\"https:\/\/i.blogs.es\/92fff5\/ofertas_cpa_v3-copia---2025-05-15t150726.340\/1024_2000.jpeg\" alt=\"Ha llegado a Lidl el toldo (sin obras ni instalaciones) con el que evitar el sol de pleno en tu hogar este verano \">\n    <\/p>\n<p>Si vives en un piso de alquiler o simplemente no quieres tener que llevar a cabo ning\u00fan tipo de obra, pero no quieres renunciar a tener un toldo en el balc\u00f3n, Lidl tiene una soluci\u00f3n que parece pensada para ti. Se trata de este <strong>toldo con pinza<\/strong> que, ahora, puedes comprar en su web por <a rel=\"nofollow, sponsored, noopener, noreferrer\" target=\"_blank\" class=\"js-ecommerce\" id=\"link-ecommerce-1\" href=\"https:\/\/www.xatakahome.com\/redirect?url=https%3A%2F%2Fwww.lidl.es%2Fes%2Ftoldo-con-pinza-300-x-150-cm%2Fp77936&amp;category=seleccion&amp;ecomPostExpiration=everlasting&amp;postId=117567\" data-vars-affiliate-url=\"https:\/\/www.lidl.es\/es\/toldo-con-pinza-300-x-150-cm\/p77936\">74,99 euros<\/a>.<\/p>\n<p><!-- BREAK 1 --><!-- PIVOT START --><\/p>\n<div class=\"pivot-ecommerce-container m-pivot-ecommerce-redesign article-asset-normal article-asset-center\">\n<div class=\"pivot-ecommerce\">\n<div class=\"pivot-ecommerce-figure\">\n  <a rel=\"nofollow, sponsored, noopener, noreferrer\" target=\"_blank\" href=\"https:\/\/www.xatakahome.com\/redirect?url=https%3A%2F%2Fwww.lidl.es%2Fes%2Ftoldo-con-pinza-300-x-150-cm%2Fp77936&amp;category=seleccion&amp;pivot=1&amp;ecomPostExpiration=everlasting&amp;postId=117567\"><br \/>\n   <img loading=\"lazy\" decoding=\"async\" alt=\"Toldo con pinza 300 x 150 cm\n\" width=\"600\" height=\"600\" src=\"https:\/\/i.blogs.es\/c35766\/blob\/original.jpeg\"><br \/>\n  <\/a>\n  <\/div>\n<div class=\"pivot-ecommerce-summary\">\n<p class=\"pivot-ecommerce-desc\">Toldo con pinza 300 x 150 cm\n<\/p>\n<div class=\"pivot-actions \">\n<div class=\"pivot-actions-row\">\n <a rel=\"nofollow, sponsored, noopener, noreferrer\" target=\"_blank\" data-asin=\"\" data-store=\"\" href=\"https:\/\/www.xatakahome.com\/redirect?url=https%3A%2F%2Fwww.lidl.es%2Fes%2Ftoldo-con-pinza-300-x-150-cm%2Fp77936&amp;category=seleccion&amp;pivot=1&amp;ecomPostExpiration=everlasting&amp;postId=117567\" title=\"Precio de venta al p\u00fablico a fecha de publicaci\u00f3n\" class=\"pivot-action-btn pivot-action-primary\">PVP en Lidl \u2014 <strong><span class=\"js-deal-price\">74,99<\/span> \u20ac<\/strong><\/a>\n <\/div>\n<\/p><\/div>\n<\/p><\/div>\n<\/p><\/div>\n<div class=\"pivot-link-msg\">* Alg\u00fan precio puede haber cambiado desde la \u00faltima revisi\u00f3n<\/div>\n<\/p><\/div>\n<p><!-- PIVOT END --><\/p>\n<h2>Un toldo ideal para sobrevivir a las altas temperaturas del verano<\/h2>\n<div class=\"article-asset-image article-asset-normal article-asset-center\">\n<div class=\"asset-content\">\n                    <a rel=\"nofollow, sponsored, noopener, noreferrer\" target=\"_blank\" class=\"js-ecommerce\" id=\"link-ecommerce-2\" href=\"https:\/\/www.xatakahome.com\/redirect?url=https%3A%2F%2Fwww.lidl.es%2Fes%2Ftoldo-con-pinza-300-x-150-cm%2Fp77936&amp;category=seleccion&amp;ecomPostExpiration=everlasting&amp;postId=117567\" data-vars-affiliate-url=\"https:\/\/www.lidl.es\/es\/toldo-con-pinza-300-x-150-cm\/p77936\"><\/p>\n<p>    <img decoding=\"async\" alt=\"toldo con pinza Lidl\" class=\"centro_sinmarco\" src=\"https:\/\/i.blogs.es\/379f83\/proyecto-nuevo---2025-05-15t144607.513\/450_1000.jpeg\"><br \/>\n     <\/a><\/p><\/div>\n<\/div>\n<p>Este <a class=\"text-outboundlink\" href=\"https:\/\/www.xatakahome.com\/hogar\/aire-acondicionado-ventilador-solucion-para-calor-extremo-muchas-casas-simple-toldo\" data-vars-post-title=\"Ni aire acondicionado ni ventilador. La soluci\u00f3n para el calor extremo en muchas casas es un simple toldo \" data-vars-post-url=\"https:\/\/www.xatakahome.com\/hogar\/aire-acondicionado-ventilador-solucion-para-calor-extremo-muchas-casas-simple-toldo\" data-id=\"noopener noreferrer\">toldo<\/a> de sujeci\u00f3n tiene unas dimensiones de 300 x 150 cm y su soporte es muy sencillo, gracias a los <strong>tubos de soporte extensibles<\/strong>, que van del techo al suelo. Adem\u00e1s, gracias a los brazos de soporte (que se pueden ajustar de forma individual), conseguir\u00e1s una sombra \u00f3ptima en tu hogar.<\/p>\n<p><!-- BREAK 2 --><\/p>\n<div class=\"article-asset article-asset-normal article-asset-center\">\n<div class=\"desvio-container\">\n<div class=\"desvio\">\n<div class=\"desvio-figure js-desvio-figure\">\n    <a href=\"https:\/\/www.compradiccion.com\/electrodomesticos-y-hogar\/corte-ingles-liquida-colchas-cama-tendencia-ideales-para-todas-estaciones-a-precios-chollo\" class=\"pivot-outboundlink\" target=\"_blank\" data-vars-post-title=\"El Corte Ingl\u00e9s liquida las colchas de cama en tendencia ideales para todas las estaciones, a precios de chollo\"><br \/>\n     <img loading=\"lazy\" decoding=\"async\" alt=\"El Corte Ingl\u00e9s liquida las colchas de cama en tendencia ideales para todas las estaciones, a precios de chollo\" width=\"375\" height=\"142\" src=\"https:\/\/i.blogs.es\/7505ed\/el-corte-ingles-fachada\/375_142.jpeg\"><br \/>\n    <\/a>\n   <\/div>\n<div class=\"desvio-summary\">\n<div class=\"desvio-taxonomy js-desvio-taxonomy\">\n     <a href=\"https:\/\/www.compradiccion.com\/electrodomesticos-y-hogar\/corte-ingles-liquida-colchas-cama-tendencia-ideales-para-todas-estaciones-a-precios-chollo\" class=\"desvio-taxonomy-anchor pivot-outboundlink m-crosspost\" target=\"_blank\" data-vars-post-title=\"El Corte Ingl\u00e9s liquida las colchas de cama en tendencia ideales para todas las estaciones, a precios de chollo\">En Compradicci\u00f3n<\/a>\n    <\/div>\n<p>    <a href=\"https:\/\/www.compradiccion.com\/electrodomesticos-y-hogar\/corte-ingles-liquida-colchas-cama-tendencia-ideales-para-todas-estaciones-a-precios-chollo\" class=\"desvio-title js-desvio-title pivot-outboundlink\" target=\"_blank\" data-vars-post-title=\"El Corte Ingl\u00e9s liquida las colchas de cama en tendencia ideales para todas las estaciones, a precios de chollo\">El Corte Ingl\u00e9s liquida las colchas de cama en tendencia ideales para todas las estaciones, a precios de chollo<\/a>\n   <\/div>\n<\/p><\/div>\n<\/p><\/div>\n<\/div>\n<div class=\"article-asset-video article-asset-normal\">\n<div class=\"asset-content\">\n<div class=\"base-asset-video\">\n<div class=\"js-dailymotion\">\n    <script type=\"application\/json\">\n                          {\"videoId\":\"x8006fc\",\"autoplay\":true,\"title\":\"C\u00f3mo dormir cuando hace mucho calor y no tienes aire acondicionado\", \"tag\":\"\", \"duration\":\"217\"}\n                  <\/script>\n   <\/div>\n<\/p><\/div>\n<\/p><\/div>\n<\/div>\n<p>Est\u00e1 fabricado en un tejido de alta calidad, que cuenta con <strong>revestimiento repelente al agua y la suciedad<\/strong>, por lo que podr\u00e1s tenerlo en perfecto estado durante m\u00e1s tiempo. Adem\u00e1s, su construcci\u00f3n es muy estable, con tubos de acero robustos que pueden soportar incluso hasta el viento, aunque no r\u00e1fagas muy fuertes.<\/p>\n<p><!-- BREAK 3 --><\/p>\n<p>Para subirlo o bajarlo, podr\u00e1s hacerlo con una <strong>manivela extra\u00edble<\/strong>. Otra de las cosas por las que destaca es por aceptar una altura de montaje de entre 2,2 a 3,1 metros, por lo que resulta perfecto para balcones de todo tipo, incluso los m\u00e1s peque\u00f1os.<\/p>\n<p><!-- BREAK 4 --><\/p>\n<h2>La alternativa de Leroy Merlin<\/h2>\n<p>Como la gran mayor\u00eda de productos para el hogar en Lidl se acaban agotando, en Leroy Merlin hemos encontrado una alternativa por si no llegas a conseguir este chollo. Se trata de este <strong>toldo retr\u00e1ctil de la firma Noviz<\/strong> en color gris puro y que es resistente al agua y los rayos UV. Ahora est\u00e1 rebajado y lo puedes comprar por <a rel=\"nofollow, sponsored, noopener, noreferrer\" target=\"_blank\" class=\"js-ecommerce\" id=\"link-ecommerce-3\" href=\"https:\/\/www.xatakahome.com\/redirect?url=https%3A%2F%2Fwww.leroymerlin.es%2Fproductos%2Ftoldo-retractil-resistente-al-agua-y-a-los-rayos-uv-2-5m-gris-puro-91279758.html&amp;category=seleccion&amp;ecomPostExpiration=everlasting&amp;postId=117567\" data-vars-affiliate-url=\"https:\/\/www.leroymerlin.es\/productos\/toldo-retractil-resistente-al-agua-y-a-los-rayos-uv-2-5m-gris-puro-91279758.html\">75,99 euros<\/a>.<\/p>\n<p><!-- BREAK 5 --><!-- PIVOT START --><\/p>\n<div class=\"pivot-ecommerce-container m-pivot-ecommerce-redesign article-asset-normal article-asset-center\">\n<div class=\"pivot-ecommerce\">\n<div class=\"pivot-ecommerce-figure\">\n  <a rel=\"nofollow, sponsored, noopener, noreferrer\" target=\"_blank\" href=\"https:\/\/www.xatakahome.com\/redirect?url=https%3A%2F%2Fwww.leroymerlin.es%2Fproductos%2Ftoldo-retractil-resistente-al-agua-y-a-los-rayos-uv-2-5m-gris-puro-91279758.html&amp;category=seleccion&amp;pivot=1&amp;ecomPostExpiration=everlasting&amp;postId=117567\"><br \/>\n   <img loading=\"lazy\" decoding=\"async\" alt=\"Toldo retr\u00e1ctil resistente al agua y a los rayos UV\" width=\"600\" height=\"600\" src=\"https:\/\/i.blogs.es\/719f4f\/blob\/original.jpeg\"><br \/>\n  <\/a>\n  <\/div>\n<div class=\"pivot-ecommerce-summary\">\n<p class=\"pivot-ecommerce-desc\">Toldo retr\u00e1ctil resistente al agua y a los rayos UV<\/p>\n<div class=\"pivot-actions \">\n<div class=\"pivot-actions-row\">\n <a rel=\"nofollow, sponsored, noopener, noreferrer\" target=\"_blank\" data-asin=\"\" data-store=\"\" href=\"https:\/\/www.xatakahome.com\/redirect?url=https%3A%2F%2Fwww.leroymerlin.es%2Fproductos%2Ftoldo-retractil-resistente-al-agua-y-a-los-rayos-uv-2-5m-gris-puro-91279758.html&amp;category=seleccion&amp;pivot=1&amp;ecomPostExpiration=everlasting&amp;postId=117567\" title=\"Precio de venta al p\u00fablico a fecha de publicaci\u00f3n\" class=\"pivot-action-btn pivot-action-primary\">PVP en Leroy Merlin \u2014 <strong><span class=\"js-deal-price\">75,99<\/span> \u20ac<\/strong><\/a>\n <\/div>\n<\/p><\/div>\n<\/p><\/div>\n<\/p><\/div>\n<div class=\"pivot-link-msg\">* Alg\u00fan precio puede haber cambiado desde la \u00faltima revisi\u00f3n<\/div>\n<\/p><\/div>\n<p><!-- PIVOT END --><\/p>\n<h2>Otras soluciones para protegerte del sol en tu hogar o en el exterior<\/h2>\n<p><!-- PIVOT START --><\/p>\n<div class=\"pivot-ecommerce-container m-pivot-ecommerce-redesign article-asset-normal article-asset-center\">\n<div class=\"pivot-ecommerce\">\n<div class=\"pivot-ecommerce-figure\">\n  <a rel=\"nofollow, sponsored, noopener, noreferrer\" target=\"_blank\" href=\"https:\/\/www.xatakahome.com\/redirect?url=https%3A%2F%2Fwww.amazon.es%2Fdp%2FB0C42JDPVH%3Ftag%3Dxatakahome-21%26linkCode%3Dogi%26th%3D1%26psc%3D1&amp;category=seleccion&amp;pivot=1&amp;ecomPostExpiration=everlasting&amp;postId=117567\"><br \/>\n   <img loading=\"lazy\" decoding=\"async\" alt=\"Outsunny Toldo Lateral Retr\u00e1ctil 300x160 cm \" width=\"500\" height=\"500\" src=\"https:\/\/i.blogs.es\/c676b4\/21tuupmjksl._sl500_\/original.jpeg\"><br \/>\n  <\/a>\n  <\/div>\n<div class=\"pivot-ecommerce-summary\">\n<p class=\"pivot-ecommerce-desc\">Outsunny Toldo Lateral Retr\u00e1ctil 300&#215;160 cm <\/p>\n<div class=\"pivot-actions \">\n<div class=\"pivot-actions-row\">\n <a rel=\"nofollow, sponsored, noopener, noreferrer\" target=\"_blank\" data-asin=\"B0C42JDPVH\" data-store=\"Amazon\" href=\"https:\/\/www.xatakahome.com\/redirect?url=https%3A%2F%2Fwww.amazon.es%2Fdp%2FB0C42JDPVH%3Ftag%3Dxatakahome-21%26linkCode%3Dogi%26th%3D1%26psc%3D1&amp;category=seleccion&amp;pivot=1&amp;ecomPostExpiration=everlasting&amp;postId=117567\" title=\"Precio actualizado hoy\" class=\"pivot-action-btn metrics-pivot-btn pivot-action-primary\">Hoy en Amazon \u2014 <strong><span class=\"js-deal-price\">54,26<\/span> \u20ac<\/strong><\/a>\n <\/div>\n<\/p><\/div>\n<\/p><\/div>\n<\/p><\/div>\n<div class=\"pivot-link-msg\">* Alg\u00fan precio puede haber cambiado desde la \u00faltima revisi\u00f3n<\/div>\n<\/p><\/div>\n<p><!-- PIVOT END --><br \/>\n<!-- PIVOT START --><\/p>\n<div class=\"pivot-ecommerce-container m-pivot-ecommerce-redesign article-asset-normal article-asset-center\">\n<div class=\"pivot-ecommerce\">\n<div class=\"pivot-ecommerce-figure\">\n  <a rel=\"nofollow, sponsored, noopener, noreferrer\" target=\"_blank\" href=\"https:\/\/www.xatakahome.com\/redirect?url=https%3A%2F%2Fwww.amazon.es%2Fdp%2FB0CSP2RPWF%3Ftag%3Dxatakahome-21%26linkCode%3Dogi%26th%3D1%26psc%3D1&amp;category=seleccion&amp;pivot=1&amp;ecomPostExpiration=everlasting&amp;postId=117567\"><br \/>\n   <img loading=\"lazy\" decoding=\"async\" alt=\"Outsunny Carpa Plegable 3,3x3,3 m Cenador de Jard\u00edn con Altura Ajustable en 3 Niveles \" width=\"500\" height=\"500\" src=\"https:\/\/i.blogs.es\/86c05e\/31bpnvwyxdl._sl500_\/original.jpeg\"><br \/>\n  <\/a>\n  <\/div>\n<div class=\"pivot-ecommerce-summary\">\n<p class=\"pivot-ecommerce-desc\">Outsunny Carpa Plegable 3,3&#215;3,3 m Cenador de Jard\u00edn con Altura Ajustable en 3 Niveles <\/p>\n<div class=\"pivot-actions \">\n<div class=\"pivot-actions-row\">\n <a rel=\"nofollow, sponsored, noopener, noreferrer\" target=\"_blank\" data-asin=\"B0CSP2RPWF\" data-store=\"Amazon\" href=\"https:\/\/www.xatakahome.com\/redirect?url=https%3A%2F%2Fwww.amazon.es%2Fdp%2FB0CSP2RPWF%3Ftag%3Dxatakahome-21%26linkCode%3Dogi%26th%3D1%26psc%3D1&amp;category=seleccion&amp;pivot=1&amp;ecomPostExpiration=everlasting&amp;postId=117567\" title=\"Precio actualizado hoy\" class=\"pivot-action-btn metrics-pivot-btn pivot-action-primary\">Hoy en Amazon \u2014 <strong><span class=\"js-deal-price\">154,99<\/span> \u20ac<\/strong><\/a>\n <\/div>\n<\/p><\/div>\n<\/p><\/div>\n<\/p><\/div>\n<div class=\"pivot-link-msg\">* Alg\u00fan precio puede haber cambiado desde la \u00faltima revisi\u00f3n<\/div>\n<\/p><\/div>\n<p><!-- PIVOT END --><\/p>\n<p><em>Nota: algunos de los enlaces aqu\u00ed publicados son de afiliados y pueden reportar un beneficio.<\/em><\/p>\n<p>Im\u00e1genes | Webedia y Lidl<\/p>\n<p>En Xataka Smart Home | <a class=\"text-outboundlink\" href=\"https:\/\/www.xatakahome.com\/seleccion\/sensores-movimiento-para-luces-exterior-cual-comprar-consejos-recomendaciones\" data-vars-post-title=\"Sensores de movimiento para luces de exterior: \u00bfCu\u00e1l comprar? Consejos y recomendaciones\" data-vars-post-url=\"https:\/\/www.xatakahome.com\/seleccion\/sensores-movimiento-para-luces-exterior-cual-comprar-consejos-recomendaciones\" data-id=\"noopener noreferrer\">Sensores de movimiento para luces de exterior: \u00bfCu\u00e1l comprar? Consejos y recomendaciones<\/a><\/p>\n<p>En Xataka Smart Home | <a class=\"text-outboundlink\" href=\"https:\/\/www.xatakahome.com\/seleccion\/luces-exterior-para-terraza-jardin-cual-comprar-consejos-recomendaciones\" data-vars-post-title=\"Luces de exterior para terraza y jard\u00edn: \u00bfCu\u00e1l comprar? Consejos y recomendaciones\" data-vars-post-url=\"https:\/\/www.xatakahome.com\/seleccion\/luces-exterior-para-terraza-jardin-cual-comprar-consejos-recomendaciones\" data-id=\"noopener noreferrer\">Luces de exterior para terraza y jard\u00edn: \u00bfCu\u00e1l comprar? Consejos y recomendaciones<\/a><\/p>\n<p><script>\n (function() {\n  window._JS_MODULES = window._JS_MODULES || {};\n  var headElement = document.getElementsByTagName('head')[0];\n  if (_JS_MODULES.instagram) {\n   var instagramScript = document.createElement('script');\n   instagramScript.src = 'https:\/\/platform.instagram.com\/en_US\/embeds.js';\n   instagramScript.async = true;\n   instagramScript.defer = true;\n   headElement.appendChild(instagramScript);\n  }\n })();\n<\/script><\/p>\n<p> &#8211; <br \/> La noticia<br \/>\n      <a href=\"https:\/\/www.xatakahome.com\/seleccion\/ha-llegado-a-lidl-toldo-obras-instalaciones-que-evitar-sol-pleno-tu-hogar-este-verano?utm_source=feedburner&amp;utm_medium=feed&amp;utm_campaign=15_May_2025\"><br \/>\n       <em> Ha llegado a Lidl el toldo (sin obras ni instalaciones) con el que evitar el sol de pleno en tu hogar este verano  <\/em><br \/>\n      <\/a><br \/>\n      fue publicada originalmente en<br \/>\n      <a href=\"https:\/\/www.xatakahome.com\/?utm_source=feedburner&amp;utm_medium=feed&amp;utm_campaign=15_May_2025\"><br \/>\n       <strong> Xataka Smart Home <\/strong><br \/>\n      <\/a><br \/>\n             por <a href=\"https:\/\/www.xatakahome.com\/autor\/fran-leon?utm_source=feedburner&amp;utm_medium=feed&amp;utm_campaign=15_May_2025\"><br \/>\n        Fran Le\u00f3n<br \/>\n       <\/a><br \/>\n      . <\/p>\n<\/div>\n","protected":false},"excerpt":{"rendered":"<p>Si vives en un piso de alquiler o simplemente no quieres tener que llevar a cabo ning\u00fan tipo de obra, pero no quieres renunciar a tener un toldo en el balc\u00f3n, Lidl tiene una soluci\u00f3n que parece pensada para ti. Se trata de este toldo con pinza que, ahora, puedes comprar en su web por &hellip; <a href=\"https:\/\/domosistemas.com\/?p=28555\" class=\"more-link\">Sigue leyendo <span class=\"screen-reader-text\">Ha llegado a Lidl el toldo (sin obras ni instalaciones) con el que evitar el sol de pleno en tu hogar este verano<\/span><\/a><\/p>\n","protected":false},"author":1,"featured_media":0,"comment_status":"closed","ping_status":"closed","sticky":false,"template":"","format":"standard","meta":{"footnotes":""},"categories":[8],"tags":[],"class_list":["post-28555","post","type-post","status-publish","format-standard","hentry","category-xataka"],"_links":{"self":[{"href":"https:\/\/domosistemas.com\/index.php?rest_route=\/wp\/v2\/posts\/28555","targetHints":{"allow":["GET"]}}],"collection":[{"href":"https:\/\/domosistemas.com\/index.php?rest_route=\/wp\/v2\/posts"}],"about":[{"href":"https:\/\/domosistemas.com\/index.php?rest_route=\/wp\/v2\/types\/post"}],"author":[{"embeddable":true,"href":"https:\/\/domosistemas.com\/index.php?rest_route=\/wp\/v2\/users\/1"}],"replies":[{"embeddable":true,"href":"https:\/\/domosistemas.com\/index.php?rest_route=%2Fwp%2Fv2%2Fcomments&post=28555"}],"version-history":[{"count":0,"href":"https:\/\/domosistemas.com\/index.php?rest_route=\/wp\/v2\/posts\/28555\/revisions"}],"wp:attachment":[{"href":"https:\/\/domosistemas.com\/index.php?rest_route=%2Fwp%2Fv2%2Fmedia&parent=28555"}],"wp:term":[{"taxonomy":"category","embeddable":true,"href":"https:\/\/domosistemas.com\/index.php?rest_route=%2Fwp%2Fv2%2Fcategories&post=28555"},{"taxonomy":"post_tag","embeddable":true,"href":"https:\/\/domosistemas.com\/index.php?rest_route=%2Fwp%2Fv2%2Ftags&post=28555"}],"curies":[{"name":"wp","href":"https:\/\/api.w.org\/{rel}","templated":true}]}}