{"id":28557,"date":"2025-05-16T03:02:59","date_gmt":"2025-05-16T03:02:59","guid":{"rendered":"https:\/\/domosistemas.com\/?p=28557"},"modified":"2025-05-16T03:02:59","modified_gmt":"2025-05-16T03:02:59","slug":"jornada-inteligencia-artificial-y-arquitectura-etica-responsabilidad-y-nuevos-limites-profesionales-el-20-de-mayo-en-el-coam","status":"publish","type":"post","link":"https:\/\/domosistemas.com\/?p=28557","title":{"rendered":"Jornada \u2018Inteligencia Artificial y Arquitectura: \u00c9tica, Responsabilidad y nuevos l\u00edmites profesionales\u2019, el 20 de mayo en el COAM"},"content":{"rendered":"<div>\n<p>La Sala Triangular del Colegio Oficial de Arquitectos de Madrid (<a href=\"https:\/\/www.coam.org\/\" target=\"_blank\" rel=\"noopener\">COAM<\/a>) acoger\u00e1 la jornada \u2018<a href=\"https:\/\/www.coam.org\/es\/actualidad\/agenda\/agenda-coam\/jornada-inteligencia-artificial-y-arquitectura-etica-responsabilidad\" target=\"_blank\" rel=\"nofollow noopener\">Inteligencia Artificial y Arquitectura: \u00c9tica, Responsabilidad y nuevos l\u00edmites profesionales<\/a>\u2018, organizada por el IA Lab COAM, el pr\u00f3ximo 20 de mayo a las 18:00 horas. Esta jornada explorar\u00e1 qu\u00e9 significa ser arquitecto en la era de la inteligencia artificial, una tecnolog\u00eda que no sustituye el juicio cr\u00edtico, la sensibilidad est\u00e9tica ni el compromiso con el entorno construido, pero s\u00ed obliga a replantear los l\u00edmites entre lo humano y lo artificial en la pr\u00e1ctica diaria.<\/p>\n<figure id=\"attachment_154926\" aria-describedby=\"caption-attachment-154926\" style=\"width: 800px\" class=\"wp-caption aligncenter\"><img loading=\"lazy\" decoding=\"async\" class=\"size-full wp-image-154926\" src=\"https:\/\/static.casadomo.com\/media\/2025\/05\/coam-jornada-arquitectura-ia-organizada-ia-lab-coam.png\" alt=\"Jornada del IA Lab COAM.\" width=\"800\" height=\"450\" srcset=\"https:\/\/static.casadomo.com\/media\/2025\/05\/coam-jornada-arquitectura-ia-organizada-ia-lab-coam.png 800w, https:\/\/static.casadomo.com\/media\/2025\/05\/coam-jornada-arquitectura-ia-organizada-ia-lab-coam-300x169.png 300w, https:\/\/static.casadomo.com\/media\/2025\/05\/coam-jornada-arquitectura-ia-organizada-ia-lab-coam-768x432.png 768w, https:\/\/static.casadomo.com\/media\/2025\/05\/coam-jornada-arquitectura-ia-organizada-ia-lab-coam-180x101.png 180w\" sizes=\"auto, (max-width: 800px) 100vw, 800px\"><figcaption id=\"caption-attachment-154926\" class=\"wp-caption-text\">La jornada \u2018Inteligencia Artificial y Arquitectura: \u00c9tica, Responsabilidad y nuevos l\u00edmites profesionales\u2019 se celebrar\u00e1 el 20 de mayo a las 18:00 horas en la Sala Triangular del COAM.<\/figcaption><\/figure>\n<p>La formaci\u00f3n, el di\u00e1logo y la anticipaci\u00f3n de retos es un acto de responsabilidad. Por eso, esta jornada no es solo un espacio de reflexi\u00f3n, sino tambi\u00e9n una herramienta para construir conjuntamente una arquitectura m\u00e1s consciente, \u00e9tica y preparada para el futuro.<\/p>\n<p>El Colegio de Arquitectos de Madrid, a trav\u00e9s de su IA Lab COAM, organiza este encuentro para explorar los impactos \u00e9ticos, sociales, profesionales y regulatorios de la inteligencia artificial en el ejercicio de la arquitectura. En este sentido, abordar\u00e1 c\u00f3mo garantizar que los algoritmos respeten los valores fundamentales de esta disciplina, el papel de los arquitectos en un entorno digitalizado y automatizado, y el lugar de la autor\u00eda, la \u00e9tica profesional o la responsabilidad social cuando el proceso arquitect\u00f3nico se apoya en sistemas de IA. Las plazas son limitadas y es necesaria la inscripci\u00f3n a trav\u00e9s de <a href=\"https:\/\/www.coam.org\/actualidad\/agenda-coam\/formulario-de-inscripcion-inteligencia-artificial-y-arquitectura-etica-responsabilidad-y-nuevos-limites-profesionales\/\" target=\"_blank\" rel=\"nofollow noopener\">este enlace<\/a>.<\/p>\n<h2>Programa de la jornada sobre inteligencia artificial y arquitectura<\/h2>\n<p>La jornada arrancar\u00e1 a las 18:00 horas con la bienvenida de \u00c1ngela Baldellou, directora gerente del COAM. A continuaci\u00f3n, los codirectores del IA Lab COAM <a href=\"https:\/\/www.linkedin.com\/in\/inesleal\/\" target=\"_blank\" rel=\"noopener\">In\u00e9s Leal<\/a> y <a href=\"https:\/\/www.linkedin.com\/in\/stefanjunestrand\/\" target=\"_blank\" rel=\"noopener\">Stefan Junestrand<\/a>\u00a0realizar\u00e1n una introducci\u00f3n a la tem\u00e1tica del encuentro en el marco de actividades del IA Lab COAM.<\/p>\n<p>A las 18:15 horas se celebrar\u00e1 la mesa redonda \u2018Inteligencia Artificial, \u00c9tica, Responsabilidad y nuevos l\u00edmites profesionales: una visi\u00f3n desde la Arquitectura\u2019. Estar\u00e1 moderada por In\u00e9s Leal y participar\u00e1n Regina Zavala, Project Manager responsable de la iniciativa IA Responsable en For\u00e9tica; Ra\u00fal Rubio, socio de Propiedad Industrial, Intelectual y Tecnolog\u00eda en P\u00e9rez-Llorca; Carolina Miyata, directora ejecutiva y socia de Prodigioso Volc\u00e1n; Esther Morales P\u00e9rez, Associate Partner en Berocam; Carlos Rivadulla, Manager TMT en Ecija Abogados; Manuel Leira, arquitecto y socio en Estudio Nexo; y Bel\u00e9n Mart\u00edn-Granizo, arquitecta y consejera ASEMAS.<\/p>\n<p>Posteriormente, a las 19:45 horas, tendr\u00e1n lugar las conclusiones y el cierre de la jornada, seguidas de la presentaci\u00f3n y la inauguraci\u00f3n de la exposici\u00f3n \u2018Magnia: sintorreporteros por la historia\u2019 de Prodigioso Volc\u00e1n. Situada en la segunda planta del COAM, es una muestra que, a trav\u00e9s de una ficci\u00f3n visual, emplea la IA generativa como una herramienta al servicio de la narraci\u00f3n, al tiempo que reflexiona sobre la fotograf\u00eda como elemento para la propaganda, la publicidad y el dise\u00f1o.<\/p>\n<h2>IA Lab COAM<\/h2>\n<p>El IA Lab COAM es un espacio de reflexi\u00f3n y experimentaci\u00f3n donde los arquitectos y la arquitectura se posicionan en el centro del debate del impacto de la inteligencia artificial, dentro del contexto sociocultural y econ\u00f3mico actual. Desde una posici\u00f3n de liderazgo, el COAM quiere explorar c\u00f3mo el desarrollo y la aplicaci\u00f3n de la IA puede transformar los procesos creativos, de dise\u00f1o, construcci\u00f3n y gesti\u00f3n de la arquitectura en sus vertientes \u00e9tica, econ\u00f3mica, social y medioambiental.<\/p>\n<p>En un contexto de desarrollo tecnol\u00f3gico vertiginoso, el COAM considera que es fundamental para los arquitectos disponer de conocimiento y herramientas para entender, implementar e integrar la IA en su actividad profesional, junto a otros actores y profesionales del sector de la edificaci\u00f3n e inmobiliario. Con el IA Lab COAM, los arquitectos y la arquitectura contribuyen a dise\u00f1ar la hoja de ruta para la implementaci\u00f3n de la IA en todos los campos de la profesi\u00f3n.<\/p>\n<p>La entrada <a href=\"https:\/\/www.casadomo.com\/2025\/05\/16\/jornada-inteligencia-artificial-arquitectura-etica-responsabilidad-nuevos-limites-profesionales-20-mayo-coam\">Jornada \u2018Inteligencia Artificial y Arquitectura: \u00c9tica, Responsabilidad y nuevos l\u00edmites profesionales\u2019, el 20 de mayo en el COAM<\/a> aparece primero en <a href=\"https:\/\/www.casadomo.com\/\">CASADOMO<\/a>.<\/p>\n<\/div>\n","protected":false},"excerpt":{"rendered":"<p>La Sala Triangular del Colegio Oficial de Arquitectos de Madrid (COAM) acoger\u00e1 la jornada \u2018Inteligencia Artificial y Arquitectura: \u00c9tica, Responsabilidad y nuevos l\u00edmites profesionales\u2018, organizada por el IA Lab COAM, el pr\u00f3ximo 20 de mayo a las 18:00 horas. Esta jornada explorar\u00e1 qu\u00e9 significa ser arquitecto en la era de la inteligencia artificial, una tecnolog\u00eda &hellip; <a href=\"https:\/\/domosistemas.com\/?p=28557\" class=\"more-link\">Sigue leyendo <span class=\"screen-reader-text\">Jornada \u2018Inteligencia Artificial y Arquitectura: \u00c9tica, Responsabilidad y nuevos l\u00edmites profesionales\u2019, el 20 de mayo en el COAM<\/span><\/a><\/p>\n","protected":false},"author":1,"featured_media":0,"comment_status":"closed","ping_status":"closed","sticky":false,"template":"","format":"standard","meta":{"footnotes":""},"categories":[3],"tags":[],"class_list":["post-28557","post","type-post","status-publish","format-standard","hentry","category-casadomo-com"],"_links":{"self":[{"href":"https:\/\/domosistemas.com\/index.php?rest_route=\/wp\/v2\/posts\/28557","targetHints":{"allow":["GET"]}}],"collection":[{"href":"https:\/\/domosistemas.com\/index.php?rest_route=\/wp\/v2\/posts"}],"about":[{"href":"https:\/\/domosistemas.com\/index.php?rest_route=\/wp\/v2\/types\/post"}],"author":[{"embeddable":true,"href":"https:\/\/domosistemas.com\/index.php?rest_route=\/wp\/v2\/users\/1"}],"replies":[{"embeddable":true,"href":"https:\/\/domosistemas.com\/index.php?rest_route=%2Fwp%2Fv2%2Fcomments&post=28557"}],"version-history":[{"count":0,"href":"https:\/\/domosistemas.com\/index.php?rest_route=\/wp\/v2\/posts\/28557\/revisions"}],"wp:attachment":[{"href":"https:\/\/domosistemas.com\/index.php?rest_route=%2Fwp%2Fv2%2Fmedia&parent=28557"}],"wp:term":[{"taxonomy":"category","embeddable":true,"href":"https:\/\/domosistemas.com\/index.php?rest_route=%2Fwp%2Fv2%2Fcategories&post=28557"},{"taxonomy":"post_tag","embeddable":true,"href":"https:\/\/domosistemas.com\/index.php?rest_route=%2Fwp%2Fv2%2Ftags&post=28557"}],"curies":[{"name":"wp","href":"https:\/\/api.w.org\/{rel}","templated":true}]}}