{"id":28578,"date":"2025-05-18T10:03:11","date_gmt":"2025-05-18T10:03:11","guid":{"rendered":"https:\/\/domosistemas.com\/?p=28578"},"modified":"2025-05-18T10:03:11","modified_gmt":"2025-05-18T10:03:11","slug":"carrefour-tiene-este-toldo-lateral-barato-y-sin-obras-para-protegerte-del-sol-y-las-miradas-de-los-vecinos-este-verano","status":"publish","type":"post","link":"https:\/\/domosistemas.com\/?p=28578","title":{"rendered":"Carrefour tiene este toldo lateral barato (y sin obras) para protegerte del sol y las miradas de los vecinos este verano"},"content":{"rendered":"<div>\n<p>\n      <img decoding=\"async\" src=\"https:\/\/i.blogs.es\/c7bb14\/ofertas_cpa_v3-copia---2025-05-16t154006.639\/1024_2000.jpeg\" alt=\"Carrefour tiene este toldo lateral barato (y sin obras) para protegerte del sol y las miradas de los vecinos este verano\">\n    <\/p>\n<p>Ya ha empezado a notarse la subida de temperaturas y el Sol ser\u00e1 el protagonista durante los pr\u00f3ximos meses. Si quieres proteger tu hogar del sol directo y as\u00ed bajar un poco los grados en casa, este <strong>toldo lateral de Carrefour<\/strong> es una excelente opci\u00f3n. Lo puedes comprar ahora por <a rel=\"nofollow, sponsored, noopener, noreferrer\" target=\"_blank\" class=\"js-ecommerce\" id=\"link-ecommerce-1\" href=\"https:\/\/www.xatakahome.com\/redirect?url=https%3A%2F%2Fwww.carrefour.es%2Ftoldo-lateral-retractil-para-patio-160x300-cm-gris-vidaxl%2F8718475712060%2Fp&amp;category=seleccion&amp;ecomPostExpiration=perish&amp;postId=117585\" data-vars-affiliate-url=\"https:\/\/www.carrefour.es\/toldo-lateral-retractil-para-patio-160x300-cm-gris-vidaxl\/8718475712060\/p\">69,99 euros<\/a>.<\/p>\n<p><!-- BREAK 1 --><!-- PIVOT START --><\/p>\n<div class=\"pivot-ecommerce-container m-pivot-ecommerce-redesign article-asset-normal article-asset-center\">\n<div class=\"pivot-ecommerce\">\n<div class=\"pivot-ecommerce-figure\">\n  <a rel=\"nofollow, sponsored, noopener, noreferrer\" target=\"_blank\" href=\"https:\/\/www.xatakahome.com\/redirect?url=https%3A%2F%2Fwww.carrefour.es%2Ftoldo-lateral-retractil-para-patio-160x300-cm-gris-vidaxl%2F8718475712060%2Fp&amp;category=seleccion&amp;pivot=1&amp;ecomPostExpiration=perish&amp;postId=117585\"><br \/>\n   <img loading=\"lazy\" decoding=\"async\" alt=\"Toldo lateral retr\u00e1ctil\" width=\"600\" height=\"600\" src=\"https:\/\/i.blogs.es\/01e69e\/blob\/original.jpeg\"><br \/>\n  <\/a>\n  <\/div>\n<div class=\"pivot-ecommerce-summary\">\n<p class=\"pivot-ecommerce-desc\">Toldo lateral retr\u00e1ctil<\/p>\n<div class=\"pivot-actions \">\n<div class=\"pivot-actions-row\">\n <a rel=\"nofollow, sponsored, noopener, noreferrer\" target=\"_blank\" data-asin=\"\" data-store=\"\" href=\"https:\/\/www.xatakahome.com\/redirect?url=https%3A%2F%2Fwww.carrefour.es%2Ftoldo-lateral-retractil-para-patio-160x300-cm-gris-vidaxl%2F8718475712060%2Fp&amp;category=seleccion&amp;pivot=1&amp;ecomPostExpiration=perish&amp;postId=117585\" title=\"Precio de venta al p\u00fablico a fecha de publicaci\u00f3n\" class=\"pivot-action-btn pivot-action-primary\">PVP en Carrefour \u2014 <strong><span class=\"js-deal-price\">69,99<\/span> \u20ac<\/strong><\/a>\n <\/div>\n<\/p><\/div>\n<\/p><\/div>\n<\/p><\/div>\n<div class=\"pivot-link-msg\">* Alg\u00fan precio puede haber cambiado desde la \u00faltima revisi\u00f3n<\/div>\n<\/p><\/div>\n<p><!-- PIVOT END --><\/p>\n<h2>Un toldo con enrollado autom\u00e1tico y muy resistente<\/h2>\n<div class=\"article-asset-image article-asset-normal article-asset-center\">\n<div class=\"asset-content\">\n                    <a rel=\"nofollow, sponsored, noopener, noreferrer\" target=\"_blank\" class=\"js-ecommerce\" id=\"link-ecommerce-2\" href=\"https:\/\/www.xatakahome.com\/redirect?url=https%3A%2F%2Fwww.carrefour.es%2Ftoldo-lateral-retractil-para-patio-160x300-cm-gris-vidaxl%2F8718475712060%2Fp&amp;category=seleccion&amp;ecomPostExpiration=perish&amp;postId=117585\" data-vars-affiliate-url=\"https:\/\/www.carrefour.es\/toldo-lateral-retractil-para-patio-160x300-cm-gris-vidaxl\/8718475712060\/p\"><\/p>\n<p>    <img decoding=\"async\" alt=\"toldo lateral retr\u00e1ctil\" class=\"centro_sinmarco\" src=\"https:\/\/i.blogs.es\/26a552\/proyecto-nuevo---2025-05-16t152447.243\/450_1000.jpeg\"><br \/>\n     <\/a><\/p><\/div>\n<\/div>\n<p>Sencillo a la vez que elegante, este <a class=\"text-outboundlink\" href=\"https:\/\/www.xatakahome.com\/hogar\/aire-acondicionado-ventilador-solucion-para-calor-extremo-muchas-casas-simple-toldo\" data-vars-post-title=\"Ni aire acondicionado ni ventilador. La soluci\u00f3n para el calor extremo en muchas casas es un simple toldo \" data-vars-post-url=\"https:\/\/www.xatakahome.com\/hogar\/aire-acondicionado-ventilador-solucion-para-calor-extremo-muchas-casas-simple-toldo\" data-id=\"noopener noreferrer\">toldo<\/a> lateral te permite crear un espacio acogedor en tu terraza, patio, balc\u00f3n o jard\u00edn. Adem\u00e1s de proteger del sol, tambi\u00e9n lo hace de las <strong>miradas indiscretas de los vecinos<\/strong> en verano, mientras t\u00fa est\u00e1s disfrutando al aire libre.<\/p>\n<p><!-- BREAK 2 --><\/p>\n<div class=\"article-asset article-asset-normal article-asset-center\">\n<div class=\"desvio-container\">\n<div class=\"desvio\">\n<div class=\"desvio-figure js-desvio-figure\">\n    <a href=\"https:\/\/www.xataka.com\/seleccion\/llevo-tiempo-utilizando-freidora-aire-ojala-alguien-me-hubiera-dicho-que-utilizar-papel-horno-mala-idea\" class=\"pivot-outboundlink\" target=\"_blank\" data-vars-post-title=\"Llevo un tiempo utilizando una freidora de aire. Ojal\u00e1 alguien me hubiera dicho que utilizar papel de horno es una mala idea\"><br \/>\n     <img loading=\"lazy\" decoding=\"async\" alt=\"Llevo un tiempo utilizando una freidora de aire. Ojal\u00e1 alguien me hubiera dicho que utilizar papel de horno es una mala idea\" width=\"375\" height=\"142\" src=\"https:\/\/i.blogs.es\/5b2937\/freidora-de-aire\/375_142.jpeg\"><br \/>\n    <\/a>\n   <\/div>\n<div class=\"desvio-summary\">\n<div class=\"desvio-taxonomy js-desvio-taxonomy\">\n     <a href=\"https:\/\/www.xataka.com\/seleccion\/llevo-tiempo-utilizando-freidora-aire-ojala-alguien-me-hubiera-dicho-que-utilizar-papel-horno-mala-idea\" class=\"desvio-taxonomy-anchor pivot-outboundlink m-crosspost\" target=\"_blank\" data-vars-post-title=\"Llevo un tiempo utilizando una freidora de aire. Ojal\u00e1 alguien me hubiera dicho que utilizar papel de horno es una mala idea\">En Xataka<\/a>\n    <\/div>\n<p>    <a href=\"https:\/\/www.xataka.com\/seleccion\/llevo-tiempo-utilizando-freidora-aire-ojala-alguien-me-hubiera-dicho-que-utilizar-papel-horno-mala-idea\" class=\"desvio-title js-desvio-title pivot-outboundlink\" target=\"_blank\" data-vars-post-title=\"Llevo un tiempo utilizando una freidora de aire. Ojal\u00e1 alguien me hubiera dicho que utilizar papel de horno es una mala idea\">Llevo un tiempo utilizando una freidora de aire. Ojal\u00e1 alguien me hubiera dicho que utilizar papel de horno es una mala idea<\/a>\n   <\/div>\n<\/p><\/div>\n<\/p><\/div>\n<\/div>\n<div class=\"article-asset-video article-asset-normal\">\n<div class=\"asset-content\">\n<div class=\"base-asset-video\">\n<div class=\"js-dailymotion\">\n    <script type=\"application\/json\">\n                          {\"videoId\":\"x8006fc\",\"autoplay\":true,\"title\":\"C\u00f3mo dormir cuando hace mucho calor y no tienes aire acondicionado\", \"tag\":\"\", \"duration\":\"217\"}\n                  <\/script>\n   <\/div>\n<\/p><\/div>\n<\/p><\/div>\n<\/div>\n<p>Este toldo lateral tiene unas dimensiones de <strong>160 x 300 cm<\/strong> y la altura de la pantalla es de 150 cm. Est\u00e1 fabricado en poli\u00e9ster 100%, un tipo de tela resistente a los rayos UV y a las roturas.<\/p>\n<p><!-- BREAK 3 --><\/p>\n<p>El toldo est\u00e1 instalado sobre una base de hierro robusto y es un toldo que cuenta con una funci\u00f3n de enrollado autom\u00e1tico. Es <strong>muy f\u00e1cil de montar<\/strong> y viene con todos los accesorios necesarios. Por \u00faltimo, se puede destacar que la tele cuenta con un recubrimiento de PU y la estructura de hierro con recubrimiento de polvo.<\/p>\n<p><!-- BREAK 4 --><\/p>\n<h2>Otros toldos laterales que te pueden interesar<\/h2>\n<p><!-- PIVOT START --><\/p>\n<div class=\"pivot-ecommerce-container m-pivot-ecommerce-redesign article-asset-normal article-asset-center\">\n<div class=\"pivot-ecommerce\">\n<div class=\"pivot-ecommerce-figure\">\n  <a rel=\"nofollow, sponsored, noopener, noreferrer\" target=\"_blank\" href=\"https:\/\/www.xatakahome.com\/redirect?url=https%3A%2F%2Fwww.amazon.es%2Fdp%2FB0D1YDHBC4%3Ftag%3Dxatakahome-21%26linkCode%3Dogi%26th%3D1%26psc%3D1&amp;category=seleccion&amp;pivot=1&amp;ecomPostExpiration=perish&amp;postId=117585\"><br \/>\n   <img loading=\"lazy\" decoding=\"async\" alt=\"tillvex\u00ae Toldo lateral de 180 x 400 cm\" width=\"500\" height=\"500\" src=\"https:\/\/i.blogs.es\/ca81e6\/41oherxnwjl._sl500_\/original.jpeg\"><br \/>\n  <\/a>\n  <\/div>\n<div class=\"pivot-ecommerce-summary\">\n<p class=\"pivot-ecommerce-desc\">tillvex\u00ae Toldo lateral de 180 x 400 cm<\/p>\n<div class=\"pivot-actions \">\n<div class=\"pivot-actions-row\">\n <a rel=\"nofollow, sponsored, noopener, noreferrer\" target=\"_blank\" data-asin=\"B0D1YDHBC4\" data-store=\"Amazon\" href=\"https:\/\/www.xatakahome.com\/redirect?url=https%3A%2F%2Fwww.amazon.es%2Fdp%2FB0D1YDHBC4%3Ftag%3Dxatakahome-21%26linkCode%3Dogi%26th%3D1%26psc%3D1&amp;category=seleccion&amp;pivot=1&amp;ecomPostExpiration=perish&amp;postId=117585\" title=\"Precio actualizado hoy\" class=\"pivot-action-btn metrics-pivot-btn pivot-action-primary\">Hoy en Amazon \u2014 <strong><span class=\"js-deal-price\">109,79<\/span> \u20ac<\/strong><\/a>\n <\/div>\n<\/p><\/div>\n<\/p><\/div>\n<\/p><\/div>\n<div class=\"pivot-link-msg\">* Alg\u00fan precio puede haber cambiado desde la \u00faltima revisi\u00f3n<\/div>\n<\/p><\/div>\n<p><!-- PIVOT END --><br \/>\n<!-- PIVOT START --><\/p>\n<div class=\"pivot-ecommerce-container m-pivot-ecommerce-redesign article-asset-normal article-asset-center\">\n<div class=\"pivot-ecommerce\">\n<div class=\"pivot-ecommerce-figure\">\n  <a rel=\"nofollow, sponsored, noopener, noreferrer\" target=\"_blank\" href=\"https:\/\/www.xatakahome.com\/redirect?url=https%3A%2F%2Fwww.amazon.es%2Fdp%2FB087J9YMN7%3Ftag%3Dxatakahome-21%26linkCode%3Dogi%26th%3D1%26psc%3D1&amp;category=seleccion&amp;pivot=1&amp;ecomPostExpiration=perish&amp;postId=117585\"><br \/>\n   <img loading=\"lazy\" decoding=\"async\" alt=\"Outsunny Toldo Lateral Retr\u00e1ctil Exterior \" width=\"500\" height=\"500\" src=\"https:\/\/i.blogs.es\/b24815\/21knhrzdnql._sl500_\/original.jpeg\"><br \/>\n  <\/a>\n  <\/div>\n<div class=\"pivot-ecommerce-summary\">\n<p class=\"pivot-ecommerce-desc\">Outsunny Toldo Lateral Retr\u00e1ctil Exterior <\/p>\n<div class=\"pivot-actions \">\n<div class=\"pivot-actions-row\">\n <a rel=\"nofollow, sponsored, noopener, noreferrer\" target=\"_blank\" data-asin=\"B087J9YMN7\" data-store=\"Amazon\" href=\"https:\/\/www.xatakahome.com\/redirect?url=https%3A%2F%2Fwww.amazon.es%2Fdp%2FB087J9YMN7%3Ftag%3Dxatakahome-21%26linkCode%3Dogi%26th%3D1%26psc%3D1&amp;category=seleccion&amp;pivot=1&amp;ecomPostExpiration=perish&amp;postId=117585\" title=\"Precio actualizado hoy\" class=\"pivot-action-btn metrics-pivot-btn pivot-action-primary\">Hoy en Amazon \u2014 <strong><span class=\"js-deal-price\">70,24<\/span> \u20ac<\/strong><\/a>\n <\/div>\n<\/p><\/div>\n<\/p><\/div>\n<\/p><\/div>\n<div class=\"pivot-link-msg\">* Alg\u00fan precio puede haber cambiado desde la \u00faltima revisi\u00f3n<\/div>\n<\/p><\/div>\n<p><!-- PIVOT END --><\/p>\n<p><em>Nota: algunos de los enlaces aqu\u00ed publicados son de afiliados y pueden reportar un beneficio.<\/em><\/p>\n<p>Im\u00e1genes | Webedia y vidaXL<\/p>\n<p>En Xataka Smart Home | <a class=\"text-outboundlink\" href=\"https:\/\/www.xatakahome.com\/seleccion\/sensores-movimiento-para-luces-exterior-cual-comprar-consejos-recomendaciones\" data-vars-post-title=\"Sensores de movimiento para luces de exterior: \u00bfCu\u00e1l comprar? Consejos y recomendaciones\" data-vars-post-url=\"https:\/\/www.xatakahome.com\/seleccion\/sensores-movimiento-para-luces-exterior-cual-comprar-consejos-recomendaciones\" data-id=\"noopener noreferrer\">Sensores de movimiento para luces de exterior: \u00bfCu\u00e1l comprar? Consejos y recomendaciones<\/a><\/p>\n<p>En Xataka Smart Home | <a class=\"text-outboundlink\" href=\"https:\/\/www.xatakahome.com\/seleccion\/luces-exterior-para-terraza-jardin-cual-comprar-consejos-recomendaciones\" data-vars-post-title=\"Luces de exterior para terraza y jard\u00edn: \u00bfCu\u00e1l comprar? Consejos y recomendaciones\" data-vars-post-url=\"https:\/\/www.xatakahome.com\/seleccion\/luces-exterior-para-terraza-jardin-cual-comprar-consejos-recomendaciones\" data-id=\"noopener noreferrer\">Luces de exterior para terraza y jard\u00edn: \u00bfCu\u00e1l comprar? Consejos y recomendaciones<\/a><\/p>\n<p><script>\n (function() {\n  window._JS_MODULES = window._JS_MODULES || {};\n  var headElement = document.getElementsByTagName('head')[0];\n  if (_JS_MODULES.instagram) {\n   var instagramScript = document.createElement('script');\n   instagramScript.src = 'https:\/\/platform.instagram.com\/en_US\/embeds.js';\n   instagramScript.async = true;\n   instagramScript.defer = true;\n   headElement.appendChild(instagramScript);\n  }\n })();\n<\/script><\/p>\n<p> &#8211; <br \/> La noticia<br \/>\n      <a href=\"https:\/\/www.xatakahome.com\/seleccion\/carrefour-tiene-este-toldo-lateral-barato-instalaciones-para-protegerte-sol-miradas-vecinos-este-verano?utm_source=feedburner&amp;utm_medium=feed&amp;utm_campaign=18_May_2025\"><br \/>\n       <em> Carrefour tiene este toldo lateral barato (y sin obras) para protegerte del sol y las miradas de los vecinos este verano <\/em><br \/>\n      <\/a><br \/>\n      fue publicada originalmente en<br \/>\n      <a href=\"https:\/\/www.xatakahome.com\/?utm_source=feedburner&amp;utm_medium=feed&amp;utm_campaign=18_May_2025\"><br \/>\n       <strong> Xataka Smart Home <\/strong><br \/>\n      <\/a><br \/>\n             por <a href=\"https:\/\/www.xatakahome.com\/autor\/fran-leon?utm_source=feedburner&amp;utm_medium=feed&amp;utm_campaign=18_May_2025\"><br \/>\n        Fran Le\u00f3n<br \/>\n       <\/a><br \/>\n      . <\/p>\n<\/div>\n","protected":false},"excerpt":{"rendered":"<p>Ya ha empezado a notarse la subida de temperaturas y el Sol ser\u00e1 el protagonista durante los pr\u00f3ximos meses. Si quieres proteger tu hogar del sol directo y as\u00ed bajar un poco los grados en casa, este toldo lateral de Carrefour es una excelente opci\u00f3n. Lo puedes comprar ahora por 69,99 euros. Toldo lateral retr\u00e1ctil &hellip; <a href=\"https:\/\/domosistemas.com\/?p=28578\" class=\"more-link\">Sigue leyendo <span class=\"screen-reader-text\">Carrefour tiene este toldo lateral barato (y sin obras) para protegerte del sol y las miradas de los vecinos este verano<\/span><\/a><\/p>\n","protected":false},"author":1,"featured_media":0,"comment_status":"closed","ping_status":"closed","sticky":false,"template":"","format":"standard","meta":{"footnotes":""},"categories":[8],"tags":[],"class_list":["post-28578","post","type-post","status-publish","format-standard","hentry","category-xataka"],"_links":{"self":[{"href":"https:\/\/domosistemas.com\/index.php?rest_route=\/wp\/v2\/posts\/28578","targetHints":{"allow":["GET"]}}],"collection":[{"href":"https:\/\/domosistemas.com\/index.php?rest_route=\/wp\/v2\/posts"}],"about":[{"href":"https:\/\/domosistemas.com\/index.php?rest_route=\/wp\/v2\/types\/post"}],"author":[{"embeddable":true,"href":"https:\/\/domosistemas.com\/index.php?rest_route=\/wp\/v2\/users\/1"}],"replies":[{"embeddable":true,"href":"https:\/\/domosistemas.com\/index.php?rest_route=%2Fwp%2Fv2%2Fcomments&post=28578"}],"version-history":[{"count":0,"href":"https:\/\/domosistemas.com\/index.php?rest_route=\/wp\/v2\/posts\/28578\/revisions"}],"wp:attachment":[{"href":"https:\/\/domosistemas.com\/index.php?rest_route=%2Fwp%2Fv2%2Fmedia&parent=28578"}],"wp:term":[{"taxonomy":"category","embeddable":true,"href":"https:\/\/domosistemas.com\/index.php?rest_route=%2Fwp%2Fv2%2Fcategories&post=28578"},{"taxonomy":"post_tag","embeddable":true,"href":"https:\/\/domosistemas.com\/index.php?rest_route=%2Fwp%2Fv2%2Ftags&post=28578"}],"curies":[{"name":"wp","href":"https:\/\/api.w.org\/{rel}","templated":true}]}}