{"id":28592,"date":"2025-05-19T11:05:45","date_gmt":"2025-05-19T11:05:45","guid":{"rendered":"https:\/\/domosistemas.com\/?p=28592"},"modified":"2025-05-19T11:05:45","modified_gmt":"2025-05-19T11:05:45","slug":"la-radio-en-fm-tiene-una-brillante-sucesora-asi-es-la-tecnologia-dab-que-crece-en-europa-y-en-espana-sigue-estancada","status":"publish","type":"post","link":"https:\/\/domosistemas.com\/?p=28592","title":{"rendered":"La radio en FM tiene una brillante sucesora. As\u00ed es la tecnolog\u00eda DAB+ que crece en Europa y en Espa\u00f1a sigue estancada"},"content":{"rendered":"<div>\n<p>\n      <img decoding=\"async\" src=\"https:\/\/i.blogs.es\/3d2b63\/captura-de-pantalla-2025-05-19-a-las-10.34.35\/1024_2000.jpeg\" alt=\"La radio en FM tiene una brillante sucesora. As\u00ed es la tecnolog\u00eda DAB+ que crece en Europa y en Espa\u00f1a sigue estancada\">\n    <\/p>\n<p>Puede que el termino <strong>radio digital<\/strong> o <a rel=\"noopener, noreferrer\" href=\"https:\/\/www.grundig.com\/es-es\/blog\/diferencias-entre-radio-fm-y-radio-digital-dab\" data-id=\"noopener, noreferrer\">DAB+<\/a> (acr\u00f3nimo de <em>Digital Audio Broadcasting<\/em>), no sea tan conocido, pero el apag\u00f3n de hace unas semanas ha devuelto a primer plano a las cl\u00e1sicas radios a pilas y de paso en la b\u00fasqueda de una radio de este tipo, muchos se encontraron con nueva tecnolog\u00eda: <a class=\"text-outboundlink\" href=\"https:\/\/www.xatakamovil.com\/conectividad\/que-radio-dab-asi-tecnologia-que-sustituira-a-radio-fm\" data-vars-post-title=\"Qu\u00e9 es la radio DAB+: as\u00ed es la tecnolog\u00eda que sustituir\u00e1 a la radio FM \" data-vars-post-url=\"https:\/\/www.xatakamovil.com\/conectividad\/que-radio-dab-asi-tecnologia-que-sustituira-a-radio-fm\" data-id=\"noopener noreferrer\">DAB o DAB+<\/a>.<\/p>\n<p><!-- BREAK 1 --><\/p>\n<p>Se trata de una tecnolog\u00eda digital que <strong>mejora la frecuencia anal\u00f3gica que es la que usa la radio FM<\/strong> que hasta ahora hemos venido usando la gran mayor\u00eda de usuarios. Y como el sistema de las radios cl\u00e1sicas tiene fecha de caducidad, toca ver en que consiste y qu\u00e9 puede ofrecernos.<\/p>\n<p><!-- BREAK 2 --><\/p>\n<h2>Qu\u00e9 es la radio DAB<\/h2>\n<div class=\"article-asset-image article-asset-large article-asset-center\">\n<div class=\"asset-content\">\n<p>   <img decoding=\"async\" alt=\"Radio DAB+\" class=\"\" src=\"https:\/\/i.blogs.es\/2de2a5\/img_3547\/450_1000.jpeg\"><\/p><\/div>\n<\/div>\n<p><strong>Qu\u00e9 es DAB y DAB+<\/strong>. Se trata de una tecnolog\u00eda que ofrece ventajas como una mayor cobertura, una recepci\u00f3n m\u00e1s n\u00edtida y un uso m\u00e1s eficiente de los recursos. Un avance que ya est\u00e1 en funcionamiento en <a class=\"text-outboundlink\" href=\"https:\/\/www.xataka.com\/otros\/la-radio-digital-provocara-el-apagon-de-la-radio-fm-en-noruega-en-2017\" data-vars-post-title=\"Noruega el primer pa\u00eds en acabar con la radio FM en favor de la radio digital\" data-vars-post-url=\"https:\/\/www.xataka.com\/otros\/la-radio-digital-provocara-el-apagon-de-la-radio-fm-en-noruega-en-2017\">pa\u00edses como Noruega<\/a> y que, tras un periodo de inactividad en Espa\u00f1a, comienza a expandirse.<\/p>\n<p><!-- BREAK 3 --><\/p>\n<div class=\"article-asset-video article-asset-normal\">\n<div class=\"asset-content\">\n<div class=\"base-asset-video\">\n<div class=\"js-dailymotion\">\n    <script type=\"application\/json\">\n                          {\"videoId\":\"x9irbjw\",\"autoplay\":true,\"title\":\"Qu\u00e9 debe tener un KIT DE SUPERVIVENCIA \u26a0\ufe0f\", \"tag\":\"webedia-prod\", \"duration\":\"471\"}\n                  <\/script>\n   <\/div>\n<\/p><\/div>\n<\/p><\/div>\n<\/div>\n<p>No se trata de radio por Internet c\u00f3mo s\u00ed que podemos encontrar cuando usamos las aplicaciones para m\u00f3vil o las plataformas web de cada emisora. De hecho, no requiere conexi\u00f3n a Internet. En esencia, <strong>convierte una se\u00f1al anal\u00f3gica en digital<\/strong> para transmitirla dentro del espectro de frecuencias de la radio FM (88 a 108 MHz).<\/p>\n<p><!-- BREAK 4 --><\/p>\n<h2>Qu\u00e9 ventajas tiene<\/h2>\n<div class=\"article-asset-image article-asset-large article-asset-center\">\n<div class=\"asset-content\">\n<p>   <img decoding=\"async\" alt=\"Dab\" class=\"\" src=\"https:\/\/i.blogs.es\/81d00a\/dab\/450_1000.jpeg\"><\/p><\/div>\n<\/div>\n<p>Una de las principales ventajas del sistema DAB+ es su eficiencia en la transmisi\u00f3n de datos, <strong>gracias al uso del c\u00f3dec MPEG-4 HE AAC V2<\/strong>. Esto permite emitir audio con calidad similar a la de un CD utilizando solo 48 kbit\/s del ancho de banda disponible. De hecho, la diferencia entre DAB y DAB+ es que esta \u00faltima es capaz de alcanzar la calidad de audio de un CD.<\/p>\n<p><!-- BREAK 5 --><\/p>\n<p>Adem\u00e1s, <strong>esta compresi\u00f3n facilita funciones adicionales<\/strong>, como el env\u00edo de metadatos. De este modo, es posible visualizar en pantalla informaci\u00f3n complementaria como el nombre del artista, la car\u00e1tula del \u00e1lbum, la letra de la canci\u00f3n o incluso titulares de noticias en tiempo real.<\/p>\n<p><!-- BREAK 6 --><\/p>\n<div class=\"article-asset article-asset-normal article-asset-center\">\n<div class=\"desvio-container\">\n<div class=\"desvio\">\n<div class=\"desvio-figure js-desvio-figure\">\n    <a href=\"https:\/\/www.xatakahome.com\/hogar\/apagon-disparo-precio-muchas-radios-a-pila-incluso-tienda-mi-barrio-vendia-tres-veces-caras\" class=\"pivot-outboundlink\" data-vars-post-title=\"El apag\u00f3n dispar\u00f3 el precio de muchas radios a pila. Incluso la tienda de mi barrio las vend\u00eda tres veces m\u00e1s caras\"><br \/>\n     <img loading=\"lazy\" decoding=\"async\" alt=\"El apag\u00f3n dispar\u00f3 el precio de muchas radios a pila. Incluso la tienda de mi barrio las vend\u00eda tres veces m\u00e1s caras\" width=\"375\" height=\"142\" src=\"https:\/\/i.blogs.es\/922359\/portada\/375_142.jpeg\"><br \/>\n    <\/a>\n   <\/div>\n<div class=\"desvio-summary\">\n<div class=\"desvio-taxonomy js-desvio-taxonomy\">\n     <a href=\"https:\/\/www.xatakahome.com\/hogar\/apagon-disparo-precio-muchas-radios-a-pila-incluso-tienda-mi-barrio-vendia-tres-veces-caras\" class=\"desvio-taxonomy-anchor pivot-outboundlink\" data-vars-post-title=\"El apag\u00f3n dispar\u00f3 el precio de muchas radios a pila. Incluso la tienda de mi barrio las vend\u00eda tres veces m\u00e1s caras\">En Xataka Smart Home<\/a>\n    <\/div>\n<p>    <a href=\"https:\/\/www.xatakahome.com\/hogar\/apagon-disparo-precio-muchas-radios-a-pila-incluso-tienda-mi-barrio-vendia-tres-veces-caras\" class=\"desvio-title js-desvio-title pivot-outboundlink\" data-vars-post-title=\"El apag\u00f3n dispar\u00f3 el precio de muchas radios a pila. Incluso la tienda de mi barrio las vend\u00eda tres veces m\u00e1s caras\">El apag\u00f3n dispar\u00f3 el precio de muchas radios a pila. Incluso la tienda de mi barrio las vend\u00eda tres veces m\u00e1s caras<\/a>\n   <\/div>\n<\/p><\/div>\n<\/p><\/div>\n<\/div>\n<p>La manera m\u00e1s sencilla de entender qu\u00e9 es la radio DAB es mediante <strong>una comparaci\u00f3n con la televisi\u00f3n v\u00eda TDT<\/strong>. Si la radio FM tradicional equivale a la antigua se\u00f1al anal\u00f3gica de TV, la radio DAB+ ser\u00eda el equivalente a la TDT: un formato digital que ofrece mayor calidad y eficiencia. Una explicaci\u00f3n simplificada, pero bastante ilustrativa.<\/p>\n<p><!-- BREAK 7 --><\/p>\n<p><strong>El usar el sistema DAB o DAB+<\/strong> se logra algo parecido a lo que se consigue con el cambio de c\u00f3dec. Se transmite la misma cantidad de informaci\u00f3n pero ocupando menos espacio. De esta forma es capaz de transmitir m\u00e1s informaci\u00f3n (con metadatos) y evitando p\u00e9rdida de informaci\u00f3n.<\/p>\n<p><!-- BREAK 8 --><\/p>\n<p><strong>Poco a poco los fabricantes la implementan.<\/strong> Un buen ejemplo est\u00e1 en las radios de los veh\u00edculos, que desde 2020 ya deben incluir la tecnolog\u00eda DAB o DAB+ en sus especificaciones. Esta tecnolog\u00eda ya se ha probado en pa\u00edses de como Canad\u00e1, Australia y en distintos pa\u00edses de Europa como <a class=\"text-outboundlink\" href=\"https:\/\/www.xataka.com\/otros\/la-radio-digital-provocara-el-apagon-de-la-radio-fm-en-noruega-en-2017\" data-vars-post-title=\"Noruega el primer pa\u00eds en acabar con la radio FM en favor de la radio digital\" data-vars-post-url=\"https:\/\/www.xataka.com\/otros\/la-radio-digital-provocara-el-apagon-de-la-radio-fm-en-noruega-en-2017\" data-id=\"noopener noreferrer\">Noruega<\/a> o Reino Unido.<\/p>\n<p><!-- BREAK 9 --><\/p>\n<h2>La excepci\u00f3n espa\u00f1ola<\/h2>\n<div class=\"article-asset-image article-asset-large article-asset-center\">\n<div class=\"asset-content\">\n<div class=\"caption-img \">\n<p>   <img decoding=\"async\" alt=\"Radio\" class=\"\" src=\"https:\/\/i.blogs.es\/d44391\/captura-de-pantalla-2025-05-19-a-las-10.36.18\/450_1000.jpeg\"><\/p>\n<p>        <span>Espa\u00f1a a la cola<\/span>\n   <\/div>\n<\/p><\/div>\n<\/div>\n<p><strong>En Espa\u00f1a el DAB+<\/strong> va con retras0 (por no decir que est\u00e1 estancada), a pesar que el pa\u00eds particip\u00f3 en las primeras emisiones piloto. De hecho, Espa\u00f1a fue pionera en la adopci\u00f3n de la radio digital, <a rel=\"noopener, noreferrer\" href=\"https:\/\/avance.digital.gob.es\/espectro\/servicio-radiodifusion\/radiodifusion-rd\/Paginas\/radiodifusion-sonora-rd.aspx\">iniciando emisiones en 1999<\/a> con una cobertura que alcanzaba al 50% de la poblaci\u00f3n, una cifra que en lugar de crecer ha ido bajando. En 2011, una modificaci\u00f3n del <a rel=\"noopener, noreferrer\" href=\"https:\/\/www.boe.es\/buscar\/doc.php?id=BOE-A-2011-12913\">Plan T\u00e9cnico de Radiodifusi\u00f3n<\/a> redujo esta obligaci\u00f3n al 20%, dejando operativos \u00fanicamente los emisores de Torrespa\u00f1a en Madrid y Collserola en Barcelona<\/p>\n<p><!-- BREAK 10 --><\/p>\n<p><strong>Creciendo pero despacio.<\/strong> Uno de los \u00faltimos movimientos de la radio DAB en nuestro pa\u00eds lo tuvimos con el inicio de las emisiones en DAB+ de <a class=\"text-outboundlink\" href=\"https:\/\/www.xatakahome.com\/servicios-y-aplicaciones-de-audio\/radio-digital-despega-espana-rtve-comienza-emisiones-dab-rne\" data-vars-post-title=\"La radio digital despega en Espa\u00f1a. RTVE comienza las emisiones en DAB+ con RNE\" data-vars-post-url=\"https:\/\/www.xatakahome.com\/servicios-y-aplicaciones-de-audio\/radio-digital-despega-espana-rtve-comienza-emisiones-dab-rne\">Radio Nacional de Espa\u00f1a<\/a> (RNE). Es uno pero no el \u00fanico y as\u00ed a partir de 2023, RTVE ha puesto de su parte: se uni\u00f3 a la asociaci\u00f3n WorldDAB en septiembre de ese a\u00f1o para iniciar pruebas de emisiones DAB+ en varias ciudades (Madrid, Barcelona, Valencia, Bilbao, Sevilla, Murcia, Asturias y Valladolid) emitiendo contenidos de RNE, Radio Cl\u00e1sica, Radio 3 y Radio 5.<\/p>\n<p><!-- BREAK 11 --><\/p>\n<div class=\"article-asset-image article-asset-normal article-asset-center\">\n<div class=\"asset-content\">\n<div class=\"caption-img \">\n                    <a rel=\"noopener, noreferrer\" href=\"https:\/\/holadab.es\/\"><\/p>\n<p>    <img decoding=\"async\" alt=\"Cobertura\" class=\"centro_sinmarco\" src=\"https:\/\/i.blogs.es\/25477e\/captura-de-pantalla-2025-05-19-a-las-10.44.39\/450_1000.jpeg\"><br \/>\n     <\/a><\/p>\n<p>        <span>Imagen | HolaDAB+<\/span>\n   <\/div>\n<\/p><\/div>\n<\/div>\n<p><strong>La iniciativa privada.<\/strong> En este sentido destaca la iniciativa <a rel=\"noopener, noreferrer\" href=\"https:\/\/holadab.es\/\">HolaDAB<\/a>, una propuesta que surge como respuesta ante la pasividadde \u200bla Administraci\u00f3n en impulsar la radio digital en Espa\u00f1a. Con un plan para llegar al 95% de cobertura destacan DigiCan en Tenerife, AirwaveDAB, tambi\u00e9n en Tenerife y CanarDab en Las Palmas, que ofrece cobertura en la parte oriental de la isla. Adem\u00e1s, en Barcelona y Madrid existen emisiones adicionales, como las de Ona359 en el canal 11A y un m\u00faltiplex en Madrid con tres canales de contenido religioso en el 10B.<\/p>\n<p><!-- BREAK 12 --><\/p>\n<p><strong>No hay impulso oficial.<\/strong> Mientras otros pa\u00edses como Suiza o la ya mencionada Noruega, avanzaron con <a rel=\"noopener, noreferrer\" href=\"https:\/\/www.radioworld.com\/news-and-business\/switching-off-fm-in-norway-and-soon-switzerland\">hojas de ruta claras y apoyo institucional<\/a>, en el caso espa\u00f1ol no se impuls\u00f3 una estrategia de transici\u00f3n <strong>ni se ofrecieron incentivos a las emisoras privadas<\/strong> para adoptar el sistema. Solo <a rel=\"noopener, noreferrer\" href=\"https:\/\/www.worlddab.org\/countries\/spain\">emisoras del estado<\/a> cuentan con esta tecnolog\u00eda para sus emisiones.<\/p>\n<p><!-- BREAK 13 --><\/p>\n<div class=\"article-asset article-asset-normal article-asset-center\">\n<div class=\"desvio-container\">\n<div class=\"desvio\">\n<div class=\"desvio-figure js-desvio-figure\">\n    <a href=\"https:\/\/www.xatakahome.com\/a-fondo\/radio-digital-no-estaba-perdida-estaba-parranda-tas-anos-parado-sistema-dab-comienza-a-funcionar-18-provincias\" class=\"pivot-outboundlink\" data-vars-post-title=\"La radio digital no estaba perdida, estaba de parranda. Tras a\u00f1os parado, el sistema DAB+ comienza a funcionar en 18 provincias\"><br \/>\n     <img loading=\"lazy\" decoding=\"async\" alt=\"La radio digital no estaba perdida, estaba de parranda. Tras a\u00f1os parado, el sistema DAB+ comienza a funcionar en 18 provincias\" width=\"375\" height=\"142\" src=\"https:\/\/i.blogs.es\/c29c5b\/radio-fm\/375_142.jpeg\"><br \/>\n    <\/a>\n   <\/div>\n<div class=\"desvio-summary\">\n<div class=\"desvio-taxonomy js-desvio-taxonomy\">\n     <a href=\"https:\/\/www.xatakahome.com\/a-fondo\/radio-digital-no-estaba-perdida-estaba-parranda-tas-anos-parado-sistema-dab-comienza-a-funcionar-18-provincias\" class=\"desvio-taxonomy-anchor pivot-outboundlink\" data-vars-post-title=\"La radio digital no estaba perdida, estaba de parranda. Tras a\u00f1os parado, el sistema DAB+ comienza a funcionar en 18 provincias\">En Xataka Smart Home<\/a>\n    <\/div>\n<p>    <a href=\"https:\/\/www.xatakahome.com\/a-fondo\/radio-digital-no-estaba-perdida-estaba-parranda-tas-anos-parado-sistema-dab-comienza-a-funcionar-18-provincias\" class=\"desvio-title js-desvio-title pivot-outboundlink\" data-vars-post-title=\"La radio digital no estaba perdida, estaba de parranda. Tras a\u00f1os parado, el sistema DAB+ comienza a funcionar en 18 provincias\">La radio digital no estaba perdida, estaba de parranda. Tras a\u00f1os parado, el sistema DAB+ comienza a funcionar en 18 provincias<\/a>\n   <\/div>\n<\/p><\/div>\n<\/p><\/div>\n<\/div>\n<p>Pero es que el problema es que no hay fecha para el <a class=\"text-outboundlink\" href=\"https:\/\/www.xatakahome.com\/a-fondo\/radio-digital-no-estaba-perdida-estaba-parranda-tas-anos-parado-sistema-dab-comienza-a-funcionar-18-provincias\" data-vars-post-title=\"La radio digital no estaba perdida, estaba de parranda. Tras a\u00f1os parado, el sistema DAB+ comienza a funcionar en 18 provincias\" data-vars-post-url=\"https:\/\/www.xatakahome.com\/a-fondo\/radio-digital-no-estaba-perdida-estaba-parranda-tas-anos-parado-sistema-dab-comienza-a-funcionar-18-provincias\">despegue del DAB<\/a> en nuestro pa\u00eds. <strong>Espa\u00f1a sigue anclada en la fase de pruebas<\/strong>, sin un calendario oficial para el apagado de la radio FM, a diferencia de pa\u00edses como Suiza o la propia Noruega. Tal y como explica <a rel=\"noopener, noreferrer\" href=\"https:\/\/www.enriquedans.com\/2025\/02\/el-lento-despliegue-de-la-radio-digital-en-espana.html\" data-id=\"noopener, noreferrer\">Enrique Dans<\/a>, el \u00e9xito de la digitalizaci\u00f3n en otros pa\u00edses europeos se debe a la combinaci\u00f3n de pol\u00edticas gubernamentales activas, marcos regulatorios bien definidos y colaboraci\u00f3n entre emisoras p\u00fablicas y privadas, reforzada por campa\u00f1as de divulgaci\u00f3n.<\/p>\n<p><!-- BREAK 14 --><\/p>\n<p><strong>No se facilita, se ponen obst\u00e1culos<\/strong>. En cambio, en Espa\u00f1a, han sido las administraciones regionales las que han frenado el despliegue, obligando a algunas emisoras a <a rel=\"noopener, noreferrer\" href=\"https:\/\/www.panoramaaudiovisual.com\/2022\/11\/02\/dab-espana-mas-cerca-licitacion-tribunal-constitucion\/\">acudir al Tribunal Constitucional<\/a> para reclamar la convocatoria de licencias de radiodifusi\u00f3n digital.<\/p>\n<p><!-- BREAK 15 --><\/p>\n<p>Imagen portada | <a rel=\"nofollow, sponsored, noopener, noreferrer\" target=\"_blank\" class=\"js-ecommerce\" id=\"link-ecommerce-1\" href=\"https:\/\/www.xatakahome.com\/redirect?url=https%3A%2F%2Fwww.amazon.es%2FMangoKit-Despertador-presintonizadas-Auriculares-alimentaci%25C3%25B3n-Negro%2Fdp%2FB0CX8R6ZXW%2Fref%3Dsr_1_1_sspa%3F__mk_es_ES%3D%25C3%2585M%25C3%2585%25C5%25BD%25C3%2595%25C3%2591%26crid%3D2IRPSV9FI4PHC%26dib%3DeyJ2IjoiMSJ9.VaoVqvof4zeApLVoPHLKw_5WIMIhqgMsovA4JNDopeGQDZ9fgD1ju12ed9gVZXZgkA_a3a-FrphgYefN1SoTe565tX1wXMjtlC7qxQPrTGFYJhHXa57mEy9-pavcu3CKWY4R45DSyP_aZH5VZjw8EG7pXB1bWYcGoSrVAjFLqo0_LJxoCqCwhpqQ42w2xzxlwtIdq4e1DrtDh8ZZ3dSBBxiWvp2zo4mUwbo4a2FqSPVu1mFetzmGiQxH8rb_010R5v-2zQIArVPLXObJn0W21rxYRf3Js1opXQlKFB8IB0o.TasQRkZ7RxXcBSuNBeughe_9VL2bdnTv7CDJhZwIEgQ%26dib_tag%3Dse%26keywords%3Dradio%252Bdab%26qid%3D1747643622%26sprefix%3Dradio%252Bdab%252Caps%252C110%26sr%3D8-1-spons%26sp_csd%3Dd2lkZ2V0TmFtZT1zcF9hdGY%26th%3D1&amp;category=a-fondo&amp;ecomPostExpiration=perish&amp;postId=117600\" data-vars-affiliate-url=\"https:\/\/www.amazon.es\/MangoKit-Despertador-presintonizadas-Auriculares-alimentaci%C3%B3n-Negro\/dp\/B0CX8R6ZXW\/ref=sr_1_1_sspa?__mk_es_ES=%C3%85M%C3%85%C5%BD%C3%95%C3%91&amp;crid=2IRPSV9FI4PHC&amp;dib=eyJ2IjoiMSJ9.VaoVqvof4zeApLVoPHLKw_5WIMIhqgMsovA4JNDopeGQDZ9fgD1ju12ed9gVZXZgkA_a3a-FrphgYefN1SoTe565tX1wXMjtlC7qxQPrTGFYJhHXa57mEy9-pavcu3CKWY4R45DSyP_aZH5VZjw8EG7pXB1bWYcGoSrVAjFLqo0_LJxoCqCwhpqQ42w2xzxlwtIdq4e1DrtDh8ZZ3dSBBxiWvp2zo4mUwbo4a2FqSPVu1mFetzmGiQxH8rb_010R5v-2zQIArVPLXObJn0W21rxYRf3Js1opXQlKFB8IB0o.TasQRkZ7RxXcBSuNBeughe_9VL2bdnTv7CDJhZwIEgQ&amp;dib_tag=se&amp;keywords=radio%2Bdab&amp;qid=1747643622&amp;sprefix=radio%2Bdab%2Caps%2C110&amp;sr=8-1-spons&amp;sp_csd=d2lkZ2V0TmFtZT1zcF9hdGY&amp;th=1\">Amazon<\/a><\/p>\n<p>En Xataka SmartHome | <a class=\"text-outboundlink\" href=\"https:\/\/www.xatakahome.com\/tutoriales\/asi-he-convertido-cualquier-smart-tv-fire-tv-chromecast-radio-gigante-para-escuchar-emisoras-todo-mundo\" data-vars-post-title=\"As\u00ed he convertido cualquier Smart TV, un Fire TV o un Chromecast, en una radio gigante para escuchar emisoras de todo el mundo\" data-vars-post-url=\"https:\/\/www.xatakahome.com\/tutoriales\/asi-he-convertido-cualquier-smart-tv-fire-tv-chromecast-radio-gigante-para-escuchar-emisoras-todo-mundo\">As\u00ed he convertido cualquier Smart TV, un Fire TV o un Chromecast, en una radio gigante para escuchar emisoras de todo el mundo<\/a><\/p>\n<p><script>\n (function() {\n  window._JS_MODULES = window._JS_MODULES || {};\n  var headElement = document.getElementsByTagName('head')[0];\n  if (_JS_MODULES.instagram) {\n   var instagramScript = document.createElement('script');\n   instagramScript.src = 'https:\/\/platform.instagram.com\/en_US\/embeds.js';\n   instagramScript.async = true;\n   instagramScript.defer = true;\n   headElement.appendChild(instagramScript);\n  }\n })();\n<\/script><\/p>\n<p> &#8211; <br \/> La noticia<br \/>\n      <a href=\"https:\/\/www.xatakahome.com\/a-fondo\/radio-fm-tiene-brillante-sucesor-asi-tecnologia-dab-que-crece-europa-espana-sigue-estancada?utm_source=feedburner&amp;utm_medium=feed&amp;utm_campaign=19_May_2025\"><br \/>\n       <em> La radio en FM tiene una brillante sucesora. As\u00ed es la tecnolog\u00eda DAB+ que crece en Europa y en Espa\u00f1a sigue estancada <\/em><br \/>\n      <\/a><br \/>\n      fue publicada originalmente en<br \/>\n      <a href=\"https:\/\/www.xatakahome.com\/?utm_source=feedburner&amp;utm_medium=feed&amp;utm_campaign=19_May_2025\"><br \/>\n       <strong> Xataka Smart Home <\/strong><br \/>\n      <\/a><br \/>\n             por <a href=\"https:\/\/www.xatakahome.com\/autor\/jose-antonio-carmona?utm_source=feedburner&amp;utm_medium=feed&amp;utm_campaign=19_May_2025\"><br \/>\n        Jose Antonio Carmona<br \/>\n       <\/a><br \/>\n      . <\/p>\n<\/div>\n","protected":false},"excerpt":{"rendered":"<p>Puede que el termino radio digital o DAB+ (acr\u00f3nimo de Digital Audio Broadcasting), no sea tan conocido, pero el apag\u00f3n de hace unas semanas ha devuelto a primer plano a las cl\u00e1sicas radios a pilas y de paso en la b\u00fasqueda de una radio de este tipo, muchos se encontraron con nueva tecnolog\u00eda: DAB o &hellip; <a href=\"https:\/\/domosistemas.com\/?p=28592\" class=\"more-link\">Sigue leyendo <span class=\"screen-reader-text\">La radio en FM tiene una brillante sucesora. As\u00ed es la tecnolog\u00eda DAB+ que crece en Europa y en Espa\u00f1a sigue estancada<\/span><\/a><\/p>\n","protected":false},"author":1,"featured_media":0,"comment_status":"closed","ping_status":"closed","sticky":false,"template":"","format":"standard","meta":{"footnotes":""},"categories":[8],"tags":[],"class_list":["post-28592","post","type-post","status-publish","format-standard","hentry","category-xataka"],"_links":{"self":[{"href":"https:\/\/domosistemas.com\/index.php?rest_route=\/wp\/v2\/posts\/28592","targetHints":{"allow":["GET"]}}],"collection":[{"href":"https:\/\/domosistemas.com\/index.php?rest_route=\/wp\/v2\/posts"}],"about":[{"href":"https:\/\/domosistemas.com\/index.php?rest_route=\/wp\/v2\/types\/post"}],"author":[{"embeddable":true,"href":"https:\/\/domosistemas.com\/index.php?rest_route=\/wp\/v2\/users\/1"}],"replies":[{"embeddable":true,"href":"https:\/\/domosistemas.com\/index.php?rest_route=%2Fwp%2Fv2%2Fcomments&post=28592"}],"version-history":[{"count":0,"href":"https:\/\/domosistemas.com\/index.php?rest_route=\/wp\/v2\/posts\/28592\/revisions"}],"wp:attachment":[{"href":"https:\/\/domosistemas.com\/index.php?rest_route=%2Fwp%2Fv2%2Fmedia&parent=28592"}],"wp:term":[{"taxonomy":"category","embeddable":true,"href":"https:\/\/domosistemas.com\/index.php?rest_route=%2Fwp%2Fv2%2Fcategories&post=28592"},{"taxonomy":"post_tag","embeddable":true,"href":"https:\/\/domosistemas.com\/index.php?rest_route=%2Fwp%2Fv2%2Ftags&post=28592"}],"curies":[{"name":"wp","href":"https:\/\/api.w.org\/{rel}","templated":true}]}}