{"id":28630,"date":"2025-05-22T08:15:47","date_gmt":"2025-05-22T08:15:47","guid":{"rendered":"https:\/\/domosistemas.com\/?p=28630"},"modified":"2025-05-22T08:15:47","modified_gmt":"2025-05-22T08:15:47","slug":"leroy-merlin-tiene-el-invento-perfecto-y-barato-para-tener-sombra-en-la-terraza-o-el-balcon-sin-tener-taladrar-la-pared","status":"publish","type":"post","link":"https:\/\/domosistemas.com\/?p=28630","title":{"rendered":"Leroy Merlin tiene el invento perfecto (y barato) para tener sombra en la terraza o el balc\u00f3n sin tener taladrar la pared"},"content":{"rendered":"<div>\n<p>\n      <img decoding=\"async\" src=\"https:\/\/i.blogs.es\/505f92\/ofertas_cpa_v3-copia---2025-05-22t100059.443\/1024_2000.jpeg\" alt=\"Leroy Merlin tiene el invento perfecto (y barato) para tener sombra en la terraza o el balc\u00f3n sin tener taladrar la pared \">\n    <\/p>\n<p>El sol ya est\u00e1 haciendo acto de presencia (a lo grande) en muchas zonas de Espa\u00f1a. Si quieres disfrutar de sombra en tu terraza o balc\u00f3n sin tener que recurrir a un toldo (tanto de obra como los que hay retr\u00e1ctiles), en Leroy Merlin hemos encontrado una soluci\u00f3n barata y para la que no tendr\u00e1s que utilizar ning\u00fan tipo de herramienta. Se trata de la <strong>sombrilla para balc\u00f3n Aktive<\/strong>, que est\u00e1 disponible por <a rel=\"nofollow, sponsored, noopener, noreferrer\" target=\"_blank\" class=\"js-ecommerce\" id=\"link-ecommerce-1\" href=\"https:\/\/www.xatakahome.com\/redirect?url=https%3A%2F%2Fwww.leroymerlin.es%2Fproductos%2Faktive-sombrilla-rectangular-balcon-inclinable-antracita-200x125-cm-uv30-91238018.html&amp;category=seleccion&amp;ecomPostExpiration=perish&amp;postId=117640\" data-vars-affiliate-url=\"https:\/\/www.leroymerlin.es\/productos\/aktive-sombrilla-rectangular-balcon-inclinable-antracita-200x125-cm-uv30-91238018.html\">31,95 euros<\/a>. Se vende exclusivamente en la tienda online de Leroy Merlin, por lo que no la podr\u00e1s comprar ni por tel\u00e9fono ni en tienda f\u00edsica.<\/p>\n<p><!-- BREAK 1 --><!-- PIVOT START --><\/p>\n<div class=\"pivot-ecommerce-container m-pivot-ecommerce-redesign article-asset-normal article-asset-center\">\n<div class=\"pivot-ecommerce\">\n<div class=\"pivot-ecommerce-figure\">\n  <a rel=\"nofollow, sponsored, noopener, noreferrer\" target=\"_blank\" href=\"https:\/\/www.xatakahome.com\/redirect?url=https%3A%2F%2Fwww.leroymerlin.es%2Fproductos%2Faktive-sombrilla-rectangular-balcon-inclinable-antracita-200x125-cm-uv30-91238018.html&amp;category=seleccion&amp;pivot=1&amp;ecomPostExpiration=perish&amp;postId=117640\"><br \/>\n   <img loading=\"lazy\" decoding=\"async\" alt=\"Aktive Sombrilla rectangular balc\u00f3n inclinable\" width=\"600\" height=\"600\" src=\"https:\/\/i.blogs.es\/90cd74\/blob\/original.jpeg\"><br \/>\n  <\/a>\n  <\/div>\n<div class=\"pivot-ecommerce-summary\">\n<p class=\"pivot-ecommerce-desc\">Aktive Sombrilla rectangular balc\u00f3n inclinable<\/p>\n<div class=\"pivot-actions \">\n<div class=\"pivot-actions-row\">\n <a rel=\"nofollow, sponsored, noopener, noreferrer\" target=\"_blank\" data-asin=\"\" data-store=\"\" href=\"https:\/\/www.xatakahome.com\/redirect?url=https%3A%2F%2Fwww.leroymerlin.es%2Fproductos%2Faktive-sombrilla-rectangular-balcon-inclinable-antracita-200x125-cm-uv30-91238018.html&amp;category=seleccion&amp;pivot=1&amp;ecomPostExpiration=perish&amp;postId=117640\" title=\"Precio de venta al p\u00fablico a fecha de publicaci\u00f3n\" class=\"pivot-action-btn pivot-action-primary\">PVP en Leroy Merlin \u2014 <strong><span class=\"js-deal-price\">31,95<\/span> \u20ac<\/strong><\/a>\n <\/div>\n<\/p><\/div>\n<\/p><\/div>\n<\/p><\/div>\n<div class=\"pivot-link-msg\">* Alg\u00fan precio puede haber cambiado desde la \u00faltima revisi\u00f3n<\/div>\n<\/p><\/div>\n<p><!-- PIVOT END --><\/p>\n<h2>Una soluci\u00f3n barata y f\u00e1cil de colocar para tener sombra este verano<\/h2>\n<div class=\"article-asset-image article-asset-normal article-asset-center\">\n<div class=\"asset-content\">\n                    <a rel=\"nofollow, sponsored, noopener, noreferrer\" target=\"_blank\" class=\"js-ecommerce\" id=\"link-ecommerce-2\" href=\"https:\/\/www.xatakahome.com\/redirect?url=https%3A%2F%2Fwww.leroymerlin.es%2Fproductos%2Faktive-sombrilla-rectangular-balcon-inclinable-antracita-200x125-cm-uv30-91238018.html&amp;category=seleccion&amp;ecomPostExpiration=perish&amp;postId=117640\" data-vars-affiliate-url=\"https:\/\/www.leroymerlin.es\/productos\/aktive-sombrilla-rectangular-balcon-inclinable-antracita-200x125-cm-uv30-91238018.html\"><\/p>\n<p>    <img decoding=\"async\" alt=\"sombrilla para balc\u00f3n Leroy Merlin\" class=\"centro_sinmarco\" src=\"https:\/\/i.blogs.es\/0eb1ec\/proyecto-nuevo---2025-05-22t094614.145\/450_1000.jpeg\"><br \/>\n     <\/a><\/p><\/div>\n<\/div>\n<p>Esta sombrilla de Leroy Merlin presenta un <strong>dise\u00f1o cuadrado<\/strong>, lo que te permitir\u00e1 maximizar el espacio de sombra al m\u00e1ximo. Es perfecta para utilizar en balcones, terrazas o incluso en el jard\u00edn.<\/p>\n<p><!-- BREAK 2 --><\/p>\n<div class=\"article-asset article-asset-normal article-asset-center\">\n<div class=\"desvio-container\">\n<div class=\"desvio\">\n<div class=\"desvio-figure js-desvio-figure\">\n    <a href=\"https:\/\/www.xatakahome.com\/seleccion\/lidl-va-a-arrasar-este-pequeno-electrodomestico-ideal-para-verano-que-cuesta-15-euros\" class=\"pivot-outboundlink\" data-vars-post-title=\"Lidl va a arrasar con este peque\u00f1o electrodom\u00e9stico ideal para el verano y que cuesta menos de 15 euros\"><br \/>\n     <img loading=\"lazy\" decoding=\"async\" alt=\"Lidl va a arrasar con este peque\u00f1o electrodom\u00e9stico ideal para el verano y que cuesta menos de 15 euros\" width=\"375\" height=\"142\" src=\"https:\/\/i.blogs.es\/429d28\/ofertas_cpa_v3-copia---2025-05-21t105448.528\/375_142.jpeg\"><br \/>\n    <\/a>\n   <\/div>\n<div class=\"desvio-summary\">\n<div class=\"desvio-taxonomy js-desvio-taxonomy\">\n     <a href=\"https:\/\/www.xatakahome.com\/seleccion\/lidl-va-a-arrasar-este-pequeno-electrodomestico-ideal-para-verano-que-cuesta-15-euros\" class=\"desvio-taxonomy-anchor pivot-outboundlink\" data-vars-post-title=\"Lidl va a arrasar con este peque\u00f1o electrodom\u00e9stico ideal para el verano y que cuesta menos de 15 euros\">En Xataka Smart Home<\/a>\n    <\/div>\n<p>    <a href=\"https:\/\/www.xatakahome.com\/seleccion\/lidl-va-a-arrasar-este-pequeno-electrodomestico-ideal-para-verano-que-cuesta-15-euros\" class=\"desvio-title js-desvio-title pivot-outboundlink\" data-vars-post-title=\"Lidl va a arrasar con este peque\u00f1o electrodom\u00e9stico ideal para el verano y que cuesta menos de 15 euros\">Lidl va a arrasar con este peque\u00f1o electrodom\u00e9stico ideal para el verano y que cuesta menos de 15 euros<\/a>\n   <\/div>\n<\/p><\/div>\n<\/p><\/div>\n<\/div>\n<div class=\"article-asset-video article-asset-normal\">\n<div class=\"asset-content\">\n<div class=\"base-asset-video\">\n<div class=\"js-dailymotion\">\n    <script type=\"application\/json\">\n                          {\"videoId\":\"x8006fc\",\"autoplay\":true,\"title\":\"C\u00f3mo dormir cuando hace mucho calor y no tienes aire acondicionado\", \"tag\":\"\", \"duration\":\"217\"}\n                  <\/script>\n   <\/div>\n<\/p><\/div>\n<\/p><\/div>\n<\/div>\n<p>Est\u00e1 fabricada en poli\u00e9ster de alta calidad con <strong>protecci\u00f3n UV30<\/strong>, convirti\u00e9ndose as\u00ed en un refugio contra el sol totalmente seguro. Adem\u00e1s, se sujeta en un m\u00e1stil de acero y cuenta con cuatro varillas resistentes.<\/p>\n<p><!-- BREAK 3 --><\/p>\n<p>Su <strong>dise\u00f1o reclinable<\/strong> te permitir\u00e1, en todo momento, orientar la sombra a medida que se vaya moviendo el sol al cabo del d\u00eda. Tanto su instalaci\u00f3n como el almacenamiento resultan sencillos, al ser plegable. Lo que s\u00ed debes saber es que no incluye la base para fijarla en el suelo.<\/p>\n<p><!-- BREAK 4 --><\/p>\n<h2>Otras soluciones para tener sombra en el balc\u00f3n que te pueden interesar<\/h2>\n<p><!-- PIVOT START --><\/p>\n<div class=\"pivot-ecommerce-container m-pivot-ecommerce-redesign article-asset-normal article-asset-center\">\n<div class=\"pivot-ecommerce\">\n<div class=\"pivot-ecommerce-figure\">\n  <a rel=\"nofollow, sponsored, noopener, noreferrer\" target=\"_blank\" href=\"https:\/\/www.xatakahome.com\/redirect?url=https%3A%2F%2Fwww.amazon.es%2Fdp%2FB08XMBG3LK%3Ftag%3Dxatakahome-21%26linkCode%3Dogi%26th%3D1%26psc%3D1&amp;category=seleccion&amp;pivot=1&amp;ecomPostExpiration=perish&amp;postId=117640\"><br \/>\n   <img loading=\"lazy\" decoding=\"async\" alt=\"VOUNOT Toldo Lateral Retr\u00e1ctil\" width=\"500\" height=\"500\" src=\"https:\/\/i.blogs.es\/1c6c44\/31fffvqpp3s._sl500_\/original.jpeg\"><br \/>\n  <\/a>\n  <\/div>\n<div class=\"pivot-ecommerce-summary\">\n<p class=\"pivot-ecommerce-desc\">VOUNOT Toldo Lateral Retr\u00e1ctil<\/p>\n<div class=\"pivot-actions \">\n<div class=\"pivot-actions-row\">\n <a rel=\"nofollow, sponsored, noopener, noreferrer\" target=\"_blank\" data-asin=\"B08XMBG3LK\" data-store=\"Amazon\" href=\"https:\/\/www.xatakahome.com\/redirect?url=https%3A%2F%2Fwww.amazon.es%2Fdp%2FB08XMBG3LK%3Ftag%3Dxatakahome-21%26linkCode%3Dogi%26th%3D1%26psc%3D1&amp;category=seleccion&amp;pivot=1&amp;ecomPostExpiration=perish&amp;postId=117640\" title=\"Precio actualizado hoy\" class=\"pivot-action-btn metrics-pivot-btn pivot-action-primary\">Hoy en Amazon \u2014 <strong><span class=\"js-deal-price\">79,99<\/span> \u20ac<\/strong><\/a><br \/>\n   <a rel=\"nofollow, sponsored, noopener, noreferrer\" target=\"_blank\" data-asin=\"88308945\" data-store=\"Leroy Merlin\" href=\"https:\/\/www.xatakahome.com\/redirect?url=https%3A%2F%2Fwww.leroymerlin.es%2Fproductos%2Fjardin-y-terraza%2Ftoldos%2Ftoldos-de-fachada%2Ftoldo-lateral-retractil-para-balcon-y-terraza-proteccion-de-intimidad-160-x-300cm-gris-88308945.html%3FhighlightedOfferCode%3Da9e4b6e5cc34a5498d183de2289e9864c7385692&amp;category=seleccion&amp;pivot=1&amp;ecomPostExpiration=perish&amp;postId=117640\" title=\"Precio actualizado hoy\" class=\"pivot-action-btn metrics-pivot-btn pivot-action-secondary\">Leroy Merlin \u2014 <strong><span class=\"js-deal-price\">92,99<\/span> \u20ac<\/strong><\/a>\n <\/div>\n<\/p><\/div>\n<\/p><\/div>\n<\/p><\/div>\n<div class=\"pivot-link-msg\">* Alg\u00fan precio puede haber cambiado desde la \u00faltima revisi\u00f3n<\/div>\n<\/p><\/div>\n<p><!-- PIVOT END --><br \/>\n<!-- PIVOT START --><\/p>\n<div class=\"pivot-ecommerce-container m-pivot-ecommerce-redesign article-asset-normal article-asset-center\">\n<div class=\"pivot-ecommerce\">\n<div class=\"pivot-ecommerce-figure\">\n  <a rel=\"nofollow, sponsored, noopener, noreferrer\" target=\"_blank\" href=\"https:\/\/www.xatakahome.com\/redirect?url=https%3A%2F%2Fwww.amazon.es%2Fdp%2FB0CV4SVZGH%3Ftag%3Dxatakahome-21%26linkCode%3Dogi%26th%3D1%26psc%3D1&amp;category=seleccion&amp;pivot=1&amp;ecomPostExpiration=perish&amp;postId=117640\"><br \/>\n   <img loading=\"lazy\" decoding=\"async\" alt=\"SUNNY GUARD Toldo Manual Retr\u00e1ctil 200cm\" width=\"500\" height=\"500\" src=\"https:\/\/i.blogs.es\/adf51e\/41a1pstfqjl._sl500_\/original.jpeg\"><br \/>\n  <\/a>\n  <\/div>\n<div class=\"pivot-ecommerce-summary\">\n<p class=\"pivot-ecommerce-desc\">SUNNY GUARD Toldo Manual Retr\u00e1ctil 200cm<\/p>\n<div class=\"pivot-actions \">\n<div class=\"pivot-actions-row\">\n <a rel=\"nofollow, sponsored, noopener, noreferrer\" target=\"_blank\" data-asin=\"B0CV4SVZGH\" data-store=\"Amazon\" href=\"https:\/\/www.xatakahome.com\/redirect?url=https%3A%2F%2Fwww.amazon.es%2Fdp%2FB0CV4SVZGH%3Ftag%3Dxatakahome-21%26linkCode%3Dogi%26th%3D1%26psc%3D1&amp;category=seleccion&amp;pivot=1&amp;ecomPostExpiration=perish&amp;postId=117640\" title=\"Precio actualizado hoy\" class=\"pivot-action-btn metrics-pivot-btn pivot-action-primary\">Hoy en Amazon \u2014 <strong><span class=\"js-deal-price\">56,99<\/span> \u20ac<\/strong><\/a>\n <\/div>\n<\/p><\/div>\n<\/p><\/div>\n<\/p><\/div>\n<div class=\"pivot-link-msg\">* Alg\u00fan precio puede haber cambiado desde la \u00faltima revisi\u00f3n<\/div>\n<\/p><\/div>\n<p><!-- PIVOT END --><\/p>\n<p><em>Nota: algunos de los enlaces aqu\u00ed publicados son de afiliados y pueden reportar un beneficio.<\/em><\/p>\n<p>Im\u00e1genes | Webedia y Leroy Merlin<\/p>\n<p>En Xataka Smart Home | <a class=\"text-outboundlink\" href=\"https:\/\/www.xatakahome.com\/seleccion\/sensores-movimiento-para-luces-exterior-cual-comprar-consejos-recomendaciones\" data-vars-post-title=\"Sensores de movimiento para luces de exterior: \u00bfCu\u00e1l comprar? Consejos y recomendaciones\" data-vars-post-url=\"https:\/\/www.xatakahome.com\/seleccion\/sensores-movimiento-para-luces-exterior-cual-comprar-consejos-recomendaciones\" data-id=\"noopener noreferrer\">Sensores de movimiento para luces de exterior: \u00bfCu\u00e1l comprar? Consejos y recomendaciones<\/a><\/p>\n<p>En Xataka Smart Home | <a class=\"text-outboundlink\" href=\"https:\/\/www.xatakahome.com\/seleccion\/luces-exterior-para-terraza-jardin-cual-comprar-consejos-recomendaciones\" data-vars-post-title=\"Luces de exterior para terraza y jard\u00edn: \u00bfCu\u00e1l comprar? Consejos y recomendaciones\" data-vars-post-url=\"https:\/\/www.xatakahome.com\/seleccion\/luces-exterior-para-terraza-jardin-cual-comprar-consejos-recomendaciones\" data-id=\"noopener noreferrer\">Luces de exterior para terraza y jard\u00edn: \u00bfCu\u00e1l comprar? Consejos y recomendaciones<\/a><\/p>\n<p><script>\n (function() {\n  window._JS_MODULES = window._JS_MODULES || {};\n  var headElement = document.getElementsByTagName('head')[0];\n  if (_JS_MODULES.instagram) {\n   var instagramScript = document.createElement('script');\n   instagramScript.src = 'https:\/\/platform.instagram.com\/en_US\/embeds.js';\n   instagramScript.async = true;\n   instagramScript.defer = true;\n   headElement.appendChild(instagramScript);\n  }\n })();\n<\/script><\/p>\n<p> &#8211; <br \/> La noticia<br \/>\n      <a href=\"https:\/\/www.xatakahome.com\/seleccion\/leroy-merlin-tiene-invento-perfecto-barato-para-tener-sombra-terraza-balcon-tener-taladrar-pared?utm_source=feedburner&amp;utm_medium=feed&amp;utm_campaign=22_May_2025\"><br \/>\n       <em> Leroy Merlin tiene el invento perfecto (y barato) para tener sombra en la terraza o el balc\u00f3n sin tener taladrar la pared  <\/em><br \/>\n      <\/a><br \/>\n      fue publicada originalmente en<br \/>\n      <a href=\"https:\/\/www.xatakahome.com\/?utm_source=feedburner&amp;utm_medium=feed&amp;utm_campaign=22_May_2025\"><br \/>\n       <strong> Xataka Smart Home <\/strong><br \/>\n      <\/a><br \/>\n             por <a href=\"https:\/\/www.xatakahome.com\/autor\/fran-leon?utm_source=feedburner&amp;utm_medium=feed&amp;utm_campaign=22_May_2025\"><br \/>\n        Fran Le\u00f3n<br \/>\n       <\/a><br \/>\n      . <\/p>\n<\/div>\n","protected":false},"excerpt":{"rendered":"<p>El sol ya est\u00e1 haciendo acto de presencia (a lo grande) en muchas zonas de Espa\u00f1a. Si quieres disfrutar de sombra en tu terraza o balc\u00f3n sin tener que recurrir a un toldo (tanto de obra como los que hay retr\u00e1ctiles), en Leroy Merlin hemos encontrado una soluci\u00f3n barata y para la que no tendr\u00e1s &hellip; <a href=\"https:\/\/domosistemas.com\/?p=28630\" class=\"more-link\">Sigue leyendo <span class=\"screen-reader-text\">Leroy Merlin tiene el invento perfecto (y barato) para tener sombra en la terraza o el balc\u00f3n sin tener taladrar la pared<\/span><\/a><\/p>\n","protected":false},"author":1,"featured_media":0,"comment_status":"closed","ping_status":"closed","sticky":false,"template":"","format":"standard","meta":{"footnotes":""},"categories":[8],"tags":[],"class_list":["post-28630","post","type-post","status-publish","format-standard","hentry","category-xataka"],"_links":{"self":[{"href":"https:\/\/domosistemas.com\/index.php?rest_route=\/wp\/v2\/posts\/28630","targetHints":{"allow":["GET"]}}],"collection":[{"href":"https:\/\/domosistemas.com\/index.php?rest_route=\/wp\/v2\/posts"}],"about":[{"href":"https:\/\/domosistemas.com\/index.php?rest_route=\/wp\/v2\/types\/post"}],"author":[{"embeddable":true,"href":"https:\/\/domosistemas.com\/index.php?rest_route=\/wp\/v2\/users\/1"}],"replies":[{"embeddable":true,"href":"https:\/\/domosistemas.com\/index.php?rest_route=%2Fwp%2Fv2%2Fcomments&post=28630"}],"version-history":[{"count":0,"href":"https:\/\/domosistemas.com\/index.php?rest_route=\/wp\/v2\/posts\/28630\/revisions"}],"wp:attachment":[{"href":"https:\/\/domosistemas.com\/index.php?rest_route=%2Fwp%2Fv2%2Fmedia&parent=28630"}],"wp:term":[{"taxonomy":"category","embeddable":true,"href":"https:\/\/domosistemas.com\/index.php?rest_route=%2Fwp%2Fv2%2Fcategories&post=28630"},{"taxonomy":"post_tag","embeddable":true,"href":"https:\/\/domosistemas.com\/index.php?rest_route=%2Fwp%2Fv2%2Ftags&post=28630"}],"curies":[{"name":"wp","href":"https:\/\/api.w.org\/{rel}","templated":true}]}}