{"id":28645,"date":"2025-05-23T07:45:47","date_gmt":"2025-05-23T07:45:47","guid":{"rendered":"https:\/\/domosistemas.com\/?p=28645"},"modified":"2025-05-23T07:45:47","modified_gmt":"2025-05-23T07:45:47","slug":"llega-a-lidl-el-dispositivo-ideal-para-tu-mesita-de-noche-y-esta-rebajado","status":"publish","type":"post","link":"https:\/\/domosistemas.com\/?p=28645","title":{"rendered":"Llega a Lidl el dispositivo ideal para tu mesita de noche y est\u00e1 rebajado"},"content":{"rendered":"<div>\n<p>\n      <img decoding=\"async\" src=\"https:\/\/i.blogs.es\/c050c6\/ofertas_cpa_v3-copia-6-\/1024_2000.jpeg\" alt=\"Llega a Lidl el dispositivo ideal para tu mesita de noche y est\u00e1 rebajado \">\n    <\/p>\n<p>Aunque hace ya alg\u00fan tiempo que las radios con despertador pasaron al olvido, puesto que es una funci\u00f3n que ya ofrecen los m\u00f3viles, Lidl tiene ahora un modelo que ha venido para cambiar este tipo de dispositivos. Ahora, puedes conseguir esta <strong>radio despertador Philips TARP702<\/strong> con carga inal\u00e1mbrica que la cadena de supermercados alemana ha rebajado a <a rel=\"nofollow, sponsored, noopener, noreferrer\" target=\"_blank\" class=\"js-ecommerce\" id=\"link-ecommerce-1\" href=\"https:\/\/www.xatakahome.com\/redirect?url=https%3A%2F%2Fwww.lidl.es%2Fes%2Fradio-despertador%2Fp20517&amp;category=seleccion&amp;ecomPostExpiration=perish&amp;postId=117649\" data-vars-affiliate-url=\"https:\/\/www.lidl.es\/es\/radio-despertador\/p20517\">44,99 euros<\/a>.<\/p>\n<p><!-- BREAK 1 --><!-- PIVOT START --><\/p>\n<div class=\"pivot-ecommerce-container m-pivot-ecommerce-redesign article-asset-normal article-asset-center\">\n<div class=\"pivot-ecommerce\">\n<div class=\"pivot-ecommerce-figure\">\n  <a rel=\"nofollow, sponsored, noopener, noreferrer\" target=\"_blank\" href=\"https:\/\/www.xatakahome.com\/redirect?url=https%3A%2F%2Fwww.lidl.es%2Fes%2Fradio-despertador%2Fp20517&amp;category=seleccion&amp;pivot=1&amp;ecomPostExpiration=perish&amp;postId=117649\"><br \/>\n   <img loading=\"lazy\" decoding=\"async\" alt=\"Radio despertador con carga inal\u00e1mbrica\n\" width=\"600\" height=\"600\" src=\"https:\/\/i.blogs.es\/23527f\/blob\/original.jpeg\"><br \/>\n  <\/a>\n  <\/div>\n<div class=\"pivot-ecommerce-summary\">\n<p class=\"pivot-ecommerce-desc\">Radio despertador con carga inal\u00e1mbrica\n<\/p>\n<div class=\"pivot-actions \">\n<div class=\"pivot-actions-row\">\n <a rel=\"nofollow, sponsored, noopener, noreferrer\" target=\"_blank\" data-asin=\"\" data-store=\"\" href=\"https:\/\/www.xatakahome.com\/redirect?url=https%3A%2F%2Fwww.lidl.es%2Fes%2Fradio-despertador%2Fp20517&amp;category=seleccion&amp;pivot=1&amp;ecomPostExpiration=perish&amp;postId=117649\" title=\"Precio de venta al p\u00fablico a fecha de publicaci\u00f3n\" class=\"pivot-action-btn pivot-action-primary\">PVP en Lidl \u2014 <strong><span class=\"js-deal-price\">44,99<\/span> \u20ac<\/strong><\/a><br \/>\n   <a rel=\"nofollow, sponsored, noopener, noreferrer\" target=\"_blank\" data-asin=\"\" data-store=\"\" href=\"https:\/\/www.xatakahome.com\/redirect?url=https%3A%2F%2Fwww.amazon.es%2Fdp%2FB07YNB6SYY&amp;category=seleccion&amp;pivot=1&amp;ecomPostExpiration=perish&amp;postId=117649\" title=\"Precio de venta al p\u00fablico a fecha de publicaci\u00f3n\" class=\"pivot-action-btn pivot-action-secondary\">Amazon \u2014 <strong><span class=\"js-deal-price\">62,99<\/span> \u20ac<\/strong><\/a><br \/>\n   <a rel=\"nofollow, sponsored, noopener, noreferrer\" target=\"_blank\" data-asin=\"\" data-store=\"\" href=\"https:\/\/www.xatakahome.com\/redirect?url=https%3A%2F%2Fwww.mediamarkt.es%2Fes%2Fproduct%2F_radio-despertador-tapr70212philips-negro-95680421.html&amp;category=seleccion&amp;pivot=1&amp;ecomPostExpiration=perish&amp;postId=117649\" title=\"Precio de venta al p\u00fablico a fecha de publicaci\u00f3n\" class=\"pivot-action-btn pivot-action-secondary\">MediaMarkt \u2014 <strong><span class=\"js-deal-price\">100,20<\/span> \u20ac<\/strong><\/a>\n <\/div>\n<\/p><\/div>\n<\/p><\/div>\n<\/p><\/div>\n<div class=\"pivot-link-msg\">* Alg\u00fan precio puede haber cambiado desde la \u00faltima revisi\u00f3n<\/div>\n<\/p><\/div>\n<p><!-- PIVOT END --><\/p>\n<h2>Alarma y carga inal\u00e1mbrica en un mismo dispositivo<\/h2>\n<div class=\"article-asset-image article-asset-normal article-asset-center\">\n<div class=\"asset-content\">\n                    <a rel=\"nofollow, sponsored, noopener, noreferrer\" target=\"_blank\" class=\"js-ecommerce\" id=\"link-ecommerce-2\" href=\"https:\/\/www.xatakahome.com\/redirect?url=https%3A%2F%2Fwww.lidl.es%2Fes%2Fradio-despertador%2Fp20517&amp;category=seleccion&amp;ecomPostExpiration=perish&amp;postId=117649\" data-vars-affiliate-url=\"https:\/\/www.lidl.es\/es\/radio-despertador\/p20517\"><\/p>\n<p>    <img decoding=\"async\" alt=\"radio despertador Philips TARP702\" class=\"centro_sinmarco\" src=\"https:\/\/i.blogs.es\/79a05d\/proyecto-nuevo-4-\/450_1000.jpeg\"><br \/>\n     <\/a><\/p><\/div>\n<\/div>\n<p>Como comprobar\u00e1s, este dispositivo de Philips es mucho m\u00e1s que una radio. Al contar con <strong>conectividad Bluetooth<\/strong>, podr\u00e1s conectarlo con tu tel\u00e9fono y reproducir tu m\u00fasica favorita desde apps como <a class=\"text-outboundlink\" href=\"https:\/\/www.xataka.com\/basics\/spotify-free-vs-premium-diferencias-versiones-gratis-pago-servicio-streaming\" data-vars-post-title=\"Spotify Free vs Premium: diferencias entre las versiones gratis y de pago del servicio de streaming \" data-vars-post-url=\"https:\/\/www.xataka.com\/basics\/spotify-free-vs-premium-diferencias-versiones-gratis-pago-servicio-streaming\">Spotify<\/a> o YouTube.<\/p>\n<p><!-- BREAK 2 --><\/p>\n<div class=\"article-asset article-asset-normal article-asset-center\">\n<div class=\"desvio-container\">\n<div class=\"desvio\">\n<div class=\"desvio-figure js-desvio-figure\">\n    <a href=\"https:\/\/www.xatakahome.com\/seleccion\/lidl-va-a-arrasar-este-pequeno-electrodomestico-ideal-para-verano-que-cuesta-15-euros\" class=\"pivot-outboundlink\" data-vars-post-title=\"Lidl va a arrasar con este peque\u00f1o electrodom\u00e9stico ideal para el verano y que cuesta menos de 15 euros\"><br \/>\n     <img loading=\"lazy\" decoding=\"async\" alt=\"Lidl va a arrasar con este peque\u00f1o electrodom\u00e9stico ideal para el verano y que cuesta menos de 15 euros\" width=\"375\" height=\"142\" src=\"https:\/\/i.blogs.es\/429d28\/ofertas_cpa_v3-copia---2025-05-21t105448.528\/375_142.jpeg\"><br \/>\n    <\/a>\n   <\/div>\n<div class=\"desvio-summary\">\n<div class=\"desvio-taxonomy js-desvio-taxonomy\">\n     <a href=\"https:\/\/www.xatakahome.com\/seleccion\/lidl-va-a-arrasar-este-pequeno-electrodomestico-ideal-para-verano-que-cuesta-15-euros\" class=\"desvio-taxonomy-anchor pivot-outboundlink\" data-vars-post-title=\"Lidl va a arrasar con este peque\u00f1o electrodom\u00e9stico ideal para el verano y que cuesta menos de 15 euros\">En Xataka Smart Home<\/a>\n    <\/div>\n<p>    <a href=\"https:\/\/www.xatakahome.com\/seleccion\/lidl-va-a-arrasar-este-pequeno-electrodomestico-ideal-para-verano-que-cuesta-15-euros\" class=\"desvio-title js-desvio-title pivot-outboundlink\" data-vars-post-title=\"Lidl va a arrasar con este peque\u00f1o electrodom\u00e9stico ideal para el verano y que cuesta menos de 15 euros\">Lidl va a arrasar con este peque\u00f1o electrodom\u00e9stico ideal para el verano y que cuesta menos de 15 euros<\/a>\n   <\/div>\n<\/p><\/div>\n<\/p><\/div>\n<\/div>\n<div class=\"article-asset-video article-asset-normal\">\n<div class=\"asset-content\">\n<div class=\"base-asset-video\">\n<div class=\"js-dailymotion\">\n    <script type=\"application\/json\">\n                          {\"videoId\":\"x8006fc\",\"autoplay\":true,\"title\":\"C\u00f3mo dormir cuando hace mucho calor y no tienes aire acondicionado\", \"tag\":\"\", \"duration\":\"217\"}\n                  <\/script>\n   <\/div>\n<\/p><\/div>\n<\/p><\/div>\n<\/div>\n<p>Permite establecer hasta dos alarmas y cuenta con la funci\u00f3n de aplazar (repetir la alarma) a los nueve minutos. Adem\u00e1s, cuenta con una <strong>pantalla LED<\/strong> en la que podr\u00e1s ver la hora y temporizadores desde 15 a 120 minutos.<\/p>\n<p><!-- BREAK 3 --><\/p>\n<p>Aunque una de sus principales bazas es el as que se guarda en la parte superior. Tiene un <a class=\"text-outboundlink\" href=\"https:\/\/www.xatakahome.com\/seleccion\/mejor-cargador-inalambrico-para-movil-cual-comprar-consejos-recomendaciones\" data-vars-post-title=\"El mejor cargador inal\u00e1mbrico para m\u00f3vil: \u00bfCu\u00e1l comprar? Consejos y recomendaciones\" data-vars-post-url=\"https:\/\/www.xatakahome.com\/seleccion\/mejor-cargador-inalambrico-para-movil-cual-comprar-consejos-recomendaciones\">cargador Qi inal\u00e1mbrico<\/a> y un <strong>puerto de carga USB<\/strong>. Gracias a estos dos elementos, podr\u00e1s cargar la bater\u00eda de tu m\u00f3vil mientras duermes y tener el m\u00f3vil a mano para cuando te despiertes.<\/p>\n<p><!-- BREAK 4 --><\/p>\n<h2>Si no llegas a tiempo a conseguirlo<\/h2>\n<p>Todo lo que lanza Lidl acaba agot\u00e1ndose, as\u00ed que no es de extra\u00f1ar que este despertador con carga inal\u00e1mbrica de Philips se acabe agotando. Si no llegas a tiempo, en <strong>AliExpress<\/strong> hemos encontrado otra alternativa parecida que, adem\u00e1s, cuenta con iluminaci\u00f3n RGB y cuesta <a rel=\"nofollow, sponsored, noopener, noreferrer\" target=\"_blank\" class=\"js-ecommerce\" id=\"link-ecommerce-3\" href=\"https:\/\/www.xatakahome.com\/redirect?url=https%3A%2F%2Fes.aliexpress.com%2Fitem%2F1005008555027474.html&amp;category=seleccion&amp;ecomPostExpiration=perish&amp;postId=117649\" data-vars-affiliate-url=\"https:\/\/es.aliexpress.com\/item\/1005008555027474.html\">43,99 euros<\/a>.<\/p>\n<p><!-- BREAK 5 --><!-- PIVOT START --><\/p>\n<div class=\"pivot-ecommerce-container m-pivot-ecommerce-redesign article-asset-normal article-asset-center\">\n<div class=\"pivot-ecommerce\">\n<div class=\"pivot-ecommerce-figure\">\n  <a rel=\"nofollow, sponsored, noopener, noreferrer\" target=\"_blank\" href=\"https:\/\/www.xatakahome.com\/redirect?url=https%3A%2F%2Fes.aliexpress.com%2Fitem%2F1005008555027474.html&amp;category=seleccion&amp;pivot=1&amp;ecomPostExpiration=perish&amp;postId=117649\"><br \/>\n   <img loading=\"lazy\" decoding=\"async\" alt=\"Radio despertador con carga inal\u00e1mbrica e iluminaci\u00f3n RGB\" width=\"732\" height=\"732\" src=\"https:\/\/i.blogs.es\/477ffe\/blob\/original.png\"><br \/>\n  <\/a>\n  <\/div>\n<div class=\"pivot-ecommerce-summary\">\n<p class=\"pivot-ecommerce-desc\">Radio despertador con carga inal\u00e1mbrica e iluminaci\u00f3n RGB<\/p>\n<div class=\"pivot-actions \">\n<div class=\"pivot-actions-row\">\n <a rel=\"nofollow, sponsored, noopener, noreferrer\" target=\"_blank\" data-asin=\"\" data-store=\"\" href=\"https:\/\/www.xatakahome.com\/redirect?url=https%3A%2F%2Fes.aliexpress.com%2Fitem%2F1005008555027474.html&amp;category=seleccion&amp;pivot=1&amp;ecomPostExpiration=perish&amp;postId=117649\" title=\"Precio de venta al p\u00fablico a fecha de publicaci\u00f3n\" class=\"pivot-action-btn pivot-action-primary\">PVP en AliExpress \u2014 <strong><span class=\"js-deal-price\">43,99<\/span> \u20ac<\/strong><\/a>\n <\/div>\n<\/p><\/div>\n<\/p><\/div>\n<\/p><\/div>\n<div class=\"pivot-link-msg\">* Alg\u00fan precio puede haber cambiado desde la \u00faltima revisi\u00f3n<\/div>\n<\/p><\/div>\n<p><!-- PIVOT END --><\/p>\n<h2>Otros despertadores que te pueden interesar<\/h2>\n<p><!-- PIVOT START --><\/p>\n<div class=\"pivot-ecommerce-container m-pivot-ecommerce-redesign article-asset-normal article-asset-center\">\n<div class=\"pivot-ecommerce\">\n<div class=\"pivot-ecommerce-figure\">\n  <a rel=\"nofollow, sponsored, noopener, noreferrer\" target=\"_blank\" href=\"https:\/\/www.xatakahome.com\/redirect?url=https%3A%2F%2Fwww.amazon.es%2Fdp%2FB0DR21DKH3%3Ftag%3Dxatakahome-21%26linkCode%3Dogi%26th%3D1%26psc%3D1&amp;category=seleccion&amp;pivot=1&amp;ecomPostExpiration=perish&amp;postId=117649\"><br \/>\n   <img loading=\"lazy\" decoding=\"async\" alt=\"DOUMOSH Altavoz Bluetooth con radio y despertador\" width=\"500\" height=\"500\" src=\"https:\/\/i.blogs.es\/77cf2a\/41nooptjijl._sl500_\/original.jpeg\"><br \/>\n  <\/a>\n  <\/div>\n<div class=\"pivot-ecommerce-summary\">\n<p class=\"pivot-ecommerce-desc\">DOUMOSH Altavoz Bluetooth con radio y despertador<\/p>\n<div class=\"pivot-actions \">\n<div class=\"pivot-actions-row\">\n <a rel=\"nofollow, sponsored, noopener, noreferrer\" target=\"_blank\" data-asin=\"B0DR21DKH3\" data-store=\"Amazon\" href=\"https:\/\/www.xatakahome.com\/redirect?url=https%3A%2F%2Fwww.amazon.es%2Fdp%2FB0DR21DKH3%3Ftag%3Dxatakahome-21%26linkCode%3Dogi%26th%3D1%26psc%3D1&amp;category=seleccion&amp;pivot=1&amp;ecomPostExpiration=perish&amp;postId=117649\" title=\"Precio actualizado hoy\" class=\"pivot-action-btn metrics-pivot-btn pivot-action-primary\">Hoy en Amazon \u2014 <strong><span class=\"js-deal-price\">75,99<\/span> \u20ac<\/strong><\/a>\n <\/div>\n<\/p><\/div>\n<\/p><\/div>\n<\/p><\/div>\n<div class=\"pivot-link-msg\">* Alg\u00fan precio puede haber cambiado desde la \u00faltima revisi\u00f3n<\/div>\n<\/p><\/div>\n<p><!-- PIVOT END --><br \/>\n<!-- PIVOT START --><\/p>\n<div class=\"pivot-ecommerce-container m-pivot-ecommerce-redesign article-asset-normal article-asset-center\">\n<div class=\"pivot-ecommerce\">\n<div class=\"pivot-ecommerce-figure\">\n  <a rel=\"nofollow, sponsored, noopener, noreferrer\" target=\"_blank\" href=\"https:\/\/www.xatakahome.com\/redirect?url=https%3A%2F%2Fwww.amazon.es%2Fdp%2FB08NP4GYMV%3Ftag%3Dxatakahome-21%26linkCode%3Dogi%26th%3D1%26psc%3D1&amp;category=seleccion&amp;pivot=1&amp;ecomPostExpiration=perish&amp;postId=117649\"><br \/>\n   <img loading=\"lazy\" decoding=\"async\" alt=\"Radio Despertador con Carga inal\u00e1mbrica\" width=\"500\" height=\"447\" src=\"https:\/\/i.blogs.es\/17249f\/41n6kayxlxl._sl500_\/original.jpeg\"><br \/>\n  <\/a>\n  <\/div>\n<div class=\"pivot-ecommerce-summary\">\n<p class=\"pivot-ecommerce-desc\">Radio Despertador con Carga inal\u00e1mbrica<\/p>\n<div class=\"pivot-actions \">\n<div class=\"pivot-actions-row\">\n <a rel=\"nofollow, sponsored, noopener, noreferrer\" target=\"_blank\" data-asin=\"B08NP4GYMV\" data-store=\"Amazon\" href=\"https:\/\/www.xatakahome.com\/redirect?url=https%3A%2F%2Fwww.amazon.es%2Fdp%2FB08NP4GYMV%3Ftag%3Dxatakahome-21%26linkCode%3Dogi%26th%3D1%26psc%3D1&amp;category=seleccion&amp;pivot=1&amp;ecomPostExpiration=perish&amp;postId=117649\" title=\"Precio actualizado hoy\" class=\"pivot-action-btn metrics-pivot-btn pivot-action-primary\">Hoy en Amazon \u2014 <strong><span class=\"js-deal-price\">39,99<\/span> \u20ac<\/strong><\/a>\n <\/div>\n<\/p><\/div>\n<\/p><\/div>\n<\/p><\/div>\n<div class=\"pivot-link-msg\">* Alg\u00fan precio puede haber cambiado desde la \u00faltima revisi\u00f3n<\/div>\n<\/p><\/div>\n<p><!-- PIVOT END --><\/p>\n<p><em>Nota: algunos de los enlaces aqu\u00ed publicados son de afiliados y pueden reportar un beneficio.<\/em><\/p>\n<p>Im\u00e1genes | Webedia y Philips<\/p>\n<p>En Xataka Smart Home | <a class=\"text-outboundlink\" href=\"https:\/\/www.xatakahome.com\/seleccion\/sensores-movimiento-para-luces-exterior-cual-comprar-consejos-recomendaciones\" data-vars-post-title=\"Sensores de movimiento para luces de exterior: \u00bfCu\u00e1l comprar? Consejos y recomendaciones\" data-vars-post-url=\"https:\/\/www.xatakahome.com\/seleccion\/sensores-movimiento-para-luces-exterior-cual-comprar-consejos-recomendaciones\" data-id=\"noopener noreferrer\">Sensores de movimiento para luces de exterior: \u00bfCu\u00e1l comprar? Consejos y recomendaciones<\/a><\/p>\n<p>En Xataka Smart Home | <a class=\"text-outboundlink\" href=\"https:\/\/www.xatakahome.com\/seleccion\/luces-exterior-para-terraza-jardin-cual-comprar-consejos-recomendaciones\" data-vars-post-title=\"Luces de exterior para terraza y jard\u00edn: \u00bfCu\u00e1l comprar? Consejos y recomendaciones\" data-vars-post-url=\"https:\/\/www.xatakahome.com\/seleccion\/luces-exterior-para-terraza-jardin-cual-comprar-consejos-recomendaciones\" data-id=\"noopener noreferrer\">Luces de exterior para terraza y jard\u00edn: \u00bfCu\u00e1l comprar? Consejos y recomendaciones<\/a><\/p>\n<p><script>\n (function() {\n  window._JS_MODULES = window._JS_MODULES || {};\n  var headElement = document.getElementsByTagName('head')[0];\n  if (_JS_MODULES.instagram) {\n   var instagramScript = document.createElement('script');\n   instagramScript.src = 'https:\/\/platform.instagram.com\/en_US\/embeds.js';\n   instagramScript.async = true;\n   instagramScript.defer = true;\n   headElement.appendChild(instagramScript);\n  }\n })();\n<\/script><\/p>\n<p> &#8211; <br \/> La noticia<br \/>\n      <a href=\"https:\/\/www.xatakahome.com\/seleccion\/llega-a-lidl-dispositivo-ideal-para-tu-mesita-noche-esta-rebajado?utm_source=feedburner&amp;utm_medium=feed&amp;utm_campaign=23_May_2025\"><br \/>\n       <em> Llega a Lidl el dispositivo ideal para tu mesita de noche y est\u00e1 rebajado  <\/em><br \/>\n      <\/a><br \/>\n      fue publicada originalmente en<br \/>\n      <a href=\"https:\/\/www.xatakahome.com\/?utm_source=feedburner&amp;utm_medium=feed&amp;utm_campaign=23_May_2025\"><br \/>\n       <strong> Xataka Smart Home <\/strong><br \/>\n      <\/a><br \/>\n             por <a href=\"https:\/\/www.xatakahome.com\/autor\/fran-leon?utm_source=feedburner&amp;utm_medium=feed&amp;utm_campaign=23_May_2025\"><br \/>\n        Fran Le\u00f3n<br \/>\n       <\/a><br \/>\n      . <\/p>\n<\/div>\n","protected":false},"excerpt":{"rendered":"<p>Aunque hace ya alg\u00fan tiempo que las radios con despertador pasaron al olvido, puesto que es una funci\u00f3n que ya ofrecen los m\u00f3viles, Lidl tiene ahora un modelo que ha venido para cambiar este tipo de dispositivos. Ahora, puedes conseguir esta radio despertador Philips TARP702 con carga inal\u00e1mbrica que la cadena de supermercados alemana ha &hellip; <a href=\"https:\/\/domosistemas.com\/?p=28645\" class=\"more-link\">Sigue leyendo <span class=\"screen-reader-text\">Llega a Lidl el dispositivo ideal para tu mesita de noche y est\u00e1 rebajado<\/span><\/a><\/p>\n","protected":false},"author":1,"featured_media":0,"comment_status":"closed","ping_status":"closed","sticky":false,"template":"","format":"standard","meta":{"footnotes":""},"categories":[8],"tags":[],"class_list":["post-28645","post","type-post","status-publish","format-standard","hentry","category-xataka"],"_links":{"self":[{"href":"https:\/\/domosistemas.com\/index.php?rest_route=\/wp\/v2\/posts\/28645","targetHints":{"allow":["GET"]}}],"collection":[{"href":"https:\/\/domosistemas.com\/index.php?rest_route=\/wp\/v2\/posts"}],"about":[{"href":"https:\/\/domosistemas.com\/index.php?rest_route=\/wp\/v2\/types\/post"}],"author":[{"embeddable":true,"href":"https:\/\/domosistemas.com\/index.php?rest_route=\/wp\/v2\/users\/1"}],"replies":[{"embeddable":true,"href":"https:\/\/domosistemas.com\/index.php?rest_route=%2Fwp%2Fv2%2Fcomments&post=28645"}],"version-history":[{"count":0,"href":"https:\/\/domosistemas.com\/index.php?rest_route=\/wp\/v2\/posts\/28645\/revisions"}],"wp:attachment":[{"href":"https:\/\/domosistemas.com\/index.php?rest_route=%2Fwp%2Fv2%2Fmedia&parent=28645"}],"wp:term":[{"taxonomy":"category","embeddable":true,"href":"https:\/\/domosistemas.com\/index.php?rest_route=%2Fwp%2Fv2%2Fcategories&post=28645"},{"taxonomy":"post_tag","embeddable":true,"href":"https:\/\/domosistemas.com\/index.php?rest_route=%2Fwp%2Fv2%2Ftags&post=28645"}],"curies":[{"name":"wp","href":"https:\/\/api.w.org\/{rel}","templated":true}]}}