{"id":28651,"date":"2025-05-23T12:01:47","date_gmt":"2025-05-23T12:01:47","guid":{"rendered":"https:\/\/domosistemas.com\/?p=28651"},"modified":"2025-05-23T12:01:47","modified_gmt":"2025-05-23T12:01:47","slug":"ikea-tiene-este-sillon-impermeable-y-apilable-cabe-en-cualquier-terraza-y-cuesta-menos-de-50-euros","status":"publish","type":"post","link":"https:\/\/domosistemas.com\/?p=28651","title":{"rendered":"Ikea tiene este sill\u00f3n impermeable y apilable: cabe en cualquier terraza y cuesta menos de 50 euros"},"content":{"rendered":"<div>\n<p>\n      <img decoding=\"async\" src=\"https:\/\/i.blogs.es\/8cdb59\/ofertas_cpa_v3-copia-10-\/1024_2000.jpeg\" alt=\"Ikea tiene este sill\u00f3n impermeable y apilable: cabe en cualquier terraza y cuesta menos de 50 euros \">\n    <\/p>\n<p>Ahora que el buen tiempo ya es una realidad, seguro que est\u00e1s buscando mobiliario para pasar las tardes y noches de verano en la terraza. Si no quieres gastar mucho dinero en redecorar el espacio exterior de tu hogar, Ikea tiene soluciones baratas que te pueden interesar. Un buen ejemplo de ello es este <strong>sill\u00f3n<\/strong> <strong>SKARP\u00d6<\/strong>, que puedes comprar por <a rel=\"nofollow, sponsored, noopener, noreferrer\" target=\"_blank\" class=\"js-ecommerce\" id=\"link-ecommerce-1\" href=\"https:\/\/www.xatakahome.com\/redirect?url=https%3A%2F%2Fwww.ikea.com%2Fes%2Fes%2Fp%2Fskarpo-sillon-jardin-blanco-70234185%2F&amp;category=seleccion&amp;ecomPostExpiration=perish&amp;postId=117657\" data-vars-affiliate-url=\"https:\/\/www.ikea.com\/es\/es\/p\/skarpo-sillon-jardin-blanco-70234185\/\">49,99 euros<\/a>.<\/p>\n<p><!-- BREAK 1 --><!-- PIVOT START --><\/p>\n<div class=\"pivot-ecommerce-container m-pivot-ecommerce-redesign article-asset-normal article-asset-center\">\n<div class=\"pivot-ecommerce\">\n<div class=\"pivot-ecommerce-figure\">\n  <a rel=\"nofollow, sponsored, noopener, noreferrer\" target=\"_blank\" href=\"https:\/\/www.xatakahome.com\/redirect?url=https%3A%2F%2Fwww.ikea.com%2Fes%2Fes%2Fp%2Fskarpo-sillon-jardin-blanco-70234185%2F&amp;category=seleccion&amp;pivot=1&amp;ecomPostExpiration=perish&amp;postId=117657\"><br \/>\n   <img loading=\"lazy\" decoding=\"async\" alt=\"SKARP\u00d6 Sill\u00f3n jard\u00edn, blanco\" width=\"600\" height=\"600\" src=\"https:\/\/i.blogs.es\/b98d65\/blob\/original.jpeg\"><br \/>\n  <\/a>\n  <\/div>\n<div class=\"pivot-ecommerce-summary\">\n<p class=\"pivot-ecommerce-desc\">SKARP\u00d6 Sill\u00f3n jard\u00edn, blanco<\/p>\n<div class=\"pivot-actions \">\n<div class=\"pivot-actions-row\">\n <a rel=\"nofollow, sponsored, noopener, noreferrer\" target=\"_blank\" data-asin=\"\" data-store=\"\" href=\"https:\/\/www.xatakahome.com\/redirect?url=https%3A%2F%2Fwww.ikea.com%2Fes%2Fes%2Fp%2Fskarpo-sillon-jardin-blanco-70234185%2F&amp;category=seleccion&amp;pivot=1&amp;ecomPostExpiration=perish&amp;postId=117657\" title=\"Precio de venta al p\u00fablico a fecha de publicaci\u00f3n\" class=\"pivot-action-btn pivot-action-primary\">PVP en Ikea \u2014 <strong><span class=\"js-deal-price\">49,99<\/span> \u20ac<\/strong><\/a>\n <\/div>\n<\/p><\/div>\n<\/p><\/div>\n<\/p><\/div>\n<div class=\"pivot-link-msg\">* Alg\u00fan precio puede haber cambiado desde la \u00faltima revisi\u00f3n<\/div>\n<\/p><\/div>\n<p><!-- PIVOT END --><\/p>\n<h2>Un sill\u00f3n econ\u00f3mico y perfecto para tu terraza este verano<\/h2>\n<div class=\"article-asset-image article-asset-normal article-asset-center\">\n<div class=\"asset-content\">\n                    <a rel=\"nofollow, sponsored, noopener, noreferrer\" target=\"_blank\" class=\"js-ecommerce\" id=\"link-ecommerce-2\" href=\"https:\/\/www.xatakahome.com\/redirect?url=https%3A%2F%2Fwww.ikea.com%2Fes%2Fes%2Fp%2Fskarpo-sillon-jardin-blanco-70234185%2F&amp;category=seleccion&amp;ecomPostExpiration=perish&amp;postId=117657\" data-vars-affiliate-url=\"https:\/\/www.ikea.com\/es\/es\/p\/skarpo-sillon-jardin-blanco-70234185\/\"><\/p>\n<p>    <img decoding=\"async\" alt=\"sill\u00f3n SKARP\u00d6 de Ikea\" class=\"centro_sinmarco\" src=\"https:\/\/i.blogs.es\/ffc523\/proyecto-nuevo-7-\/450_1000.jpeg\"><br \/>\n     <\/a><\/p><\/div>\n<\/div>\n<p>Este sill\u00f3n de Ikea presenta un <strong>dise\u00f1o minimalista<\/strong> (como todos los productos de la multinacional sueca). Su color blanco, hace que combine con todo tipo de mobiliario que ya tengas en la terraza, aunque si hay algo por lo que destaca es por su resistencia.<\/p>\n<p><!-- BREAK 2 --><\/p>\n<div class=\"article-asset article-asset-normal article-asset-center\">\n<div class=\"desvio-container\">\n<div class=\"desvio\">\n<div class=\"desvio-figure js-desvio-figure\">\n    <a href=\"https:\/\/www.xatakahome.com\/seleccion\/lidl-va-a-arrasar-este-pequeno-electrodomestico-ideal-para-verano-que-cuesta-15-euros\" class=\"pivot-outboundlink\" data-vars-post-title=\"Lidl va a arrasar con este peque\u00f1o electrodom\u00e9stico ideal para el verano y que cuesta menos de 15 euros\"><br \/>\n     <img loading=\"lazy\" decoding=\"async\" alt=\"Lidl va a arrasar con este peque\u00f1o electrodom\u00e9stico ideal para el verano y que cuesta menos de 15 euros\" width=\"375\" height=\"142\" src=\"https:\/\/i.blogs.es\/429d28\/ofertas_cpa_v3-copia---2025-05-21t105448.528\/375_142.jpeg\"><br \/>\n    <\/a>\n   <\/div>\n<div class=\"desvio-summary\">\n<div class=\"desvio-taxonomy js-desvio-taxonomy\">\n     <a href=\"https:\/\/www.xatakahome.com\/seleccion\/lidl-va-a-arrasar-este-pequeno-electrodomestico-ideal-para-verano-que-cuesta-15-euros\" class=\"desvio-taxonomy-anchor pivot-outboundlink\" data-vars-post-title=\"Lidl va a arrasar con este peque\u00f1o electrodom\u00e9stico ideal para el verano y que cuesta menos de 15 euros\">En Xataka Smart Home<\/a>\n    <\/div>\n<p>    <a href=\"https:\/\/www.xatakahome.com\/seleccion\/lidl-va-a-arrasar-este-pequeno-electrodomestico-ideal-para-verano-que-cuesta-15-euros\" class=\"desvio-title js-desvio-title pivot-outboundlink\" data-vars-post-title=\"Lidl va a arrasar con este peque\u00f1o electrodom\u00e9stico ideal para el verano y que cuesta menos de 15 euros\">Lidl va a arrasar con este peque\u00f1o electrodom\u00e9stico ideal para el verano y que cuesta menos de 15 euros<\/a>\n   <\/div>\n<\/p><\/div>\n<\/p><\/div>\n<\/div>\n<div class=\"article-asset-video article-asset-normal\">\n<div class=\"asset-content\">\n<div class=\"base-asset-video\">\n<div class=\"js-dailymotion\">\n    <script type=\"application\/json\">\n                          {\"videoId\":\"x8c12ag\",\"autoplay\":true,\"title\":\"Design Your Home   IKEA\", \"tag\":\"IKEA\", \"duration\":\"60\"}\n                  <\/script>\n   <\/div>\n<\/p><\/div>\n<\/p><\/div>\n<\/div>\n<p>Est\u00e1 fabricado en <strong>pl\u00e1stico resistente con un tratamiento anti-UV<\/strong>, por lo que resiste perfectamente a los rayos del sol sin decolorarse ni por el sol ni la lluvia. Esto hace que sea posible que dure intacto tras muchos veranos.<\/p>\n<p><!-- BREAK 3 --><\/p>\n<p>Presenta una forma ergon\u00f3mica que lo hace una opci\u00f3n muy c\u00f3moda para la terraza. Adem\u00e1s, lo puedes limpiar f\u00e1cilmente con un simple trapo h\u00famedo. Su <strong>tama\u00f1o compacto<\/strong> hace que quepa en cualquier <a class=\"text-outboundlink\" href=\"https:\/\/www.xatakahome.com\/hogar\/esta-planta-crece-macetas-da-olor-a-nuestra-terraza-algo-importante-ahuyenta-mosquitos\" data-vars-post-title=\"Quiero librarme de los mosquitos en mi terraza y jard\u00edn: esta es la planta que estoy pensando sembrar\" data-vars-post-url=\"https:\/\/www.xatakahome.com\/hogar\/esta-planta-crece-macetas-da-olor-a-nuestra-terraza-algo-importante-ahuyenta-mosquitos\">terraza<\/a>, balc\u00f3n o incluso patio de interior. Adem\u00e1s, si tienes pensado comprar varios, como es un sill\u00f3n apilable podr\u00e1s almacenarlos sin ocupar apenas espacio.<\/p>\n<p><!-- BREAK 4 --><\/p>\n<h2>Tambi\u00e9n te pueden interesar estas otras opciones de mobiliario para tu terraza<\/h2>\n<p><!-- PIVOT START --><\/p>\n<div class=\"pivot-ecommerce-container m-pivot-ecommerce-redesign article-asset-normal article-asset-center\">\n<div class=\"pivot-ecommerce\">\n<div class=\"pivot-ecommerce-figure\">\n  <a rel=\"nofollow, sponsored, noopener, noreferrer\" target=\"_blank\" href=\"https:\/\/www.xatakahome.com\/redirect?url=https%3A%2F%2Fwww.amazon.es%2Fdp%2FB08LZP99F7%3Ftag%3Dxatakahome-21%26linkCode%3Dogi%26th%3D1%26psc%3D1&amp;category=seleccion&amp;pivot=1&amp;ecomPostExpiration=perish&amp;postId=117657\"><br \/>\n   <img loading=\"lazy\" decoding=\"async\" alt=\"Moovere Tumbona de Exterior de Dise\u00f1o Piscina del Hotel Club de Playa \" width=\"500\" height=\"500\" src=\"https:\/\/i.blogs.es\/9309bb\/41bzb9au9vl._sl500_\/original.jpeg\"><br \/>\n  <\/a>\n  <\/div>\n<div class=\"pivot-ecommerce-summary\">\n<p class=\"pivot-ecommerce-desc\">Moovere Tumbona de Exterior de Dise\u00f1o Piscina del Hotel Club de Playa <\/p>\n<div class=\"pivot-actions \">\n<div class=\"pivot-actions-row\">\n <a rel=\"nofollow, sponsored, noopener, noreferrer\" target=\"_blank\" data-asin=\"B08LZP99F7\" data-store=\"Amazon\" href=\"https:\/\/www.xatakahome.com\/redirect?url=https%3A%2F%2Fwww.amazon.es%2Fdp%2FB08LZP99F7%3Ftag%3Dxatakahome-21%26linkCode%3Dogi%26th%3D1%26psc%3D1&amp;category=seleccion&amp;pivot=1&amp;ecomPostExpiration=perish&amp;postId=117657\" title=\"Precio actualizado hoy\" class=\"pivot-action-btn metrics-pivot-btn pivot-action-primary\">Hoy en Amazon \u2014 <strong><span class=\"js-deal-price\">249,00<\/span> \u20ac<\/strong><\/a><br \/>\n   <a rel=\"nofollow, sponsored, noopener, noreferrer\" target=\"_blank\" data-asin=\"88771115\" data-store=\"Leroy Merlin\" href=\"https:\/\/www.xatakahome.com\/redirect?url=https%3A%2F%2Fwww.leroymerlin.es%2Fproductos%2Fjardin-y-terraza%2Fmuebles-de-jardin%2Fhamacas-y-tumbonas%2Ftumbona-blanca-ibiza-vetonek-88771115.html%3FhighlightedOfferCode%3D1b4dfc56468f4ca363392f365ce0031a9d99c3f8&amp;category=seleccion&amp;pivot=1&amp;ecomPostExpiration=perish&amp;postId=117657\" title=\"Precio actualizado hoy\" class=\"pivot-action-btn metrics-pivot-btn pivot-action-secondary\">Leroy Merlin \u2014 <strong><span class=\"js-deal-price\">363,00<\/span> \u20ac<\/strong><\/a>\n <\/div>\n<\/p><\/div>\n<\/p><\/div>\n<\/p><\/div>\n<div class=\"pivot-link-msg\">* Alg\u00fan precio puede haber cambiado desde la \u00faltima revisi\u00f3n<\/div>\n<\/p><\/div>\n<p><!-- PIVOT END --><br \/>\n<!-- PIVOT START --><\/p>\n<div class=\"pivot-ecommerce-container m-pivot-ecommerce-redesign article-asset-normal article-asset-center\">\n<div class=\"pivot-ecommerce\">\n<div class=\"pivot-ecommerce-figure\">\n  <a rel=\"nofollow, sponsored, noopener, noreferrer\" target=\"_blank\" href=\"https:\/\/www.xatakahome.com\/redirect?url=https%3A%2F%2Fwww.amazon.es%2Fdp%2FB08FRHR6JH%3Ftag%3Dxatakahome-21%26linkCode%3Dogi%26th%3D1%26psc%3D1&amp;category=seleccion&amp;pivot=1&amp;ecomPostExpiration=perish&amp;postId=117657\"><br \/>\n   <img loading=\"lazy\" decoding=\"async\" alt=\"TecTake\u00ae Conjunto Jard\u00edn Exterior de Rat\u00e1n y Acero para 2 Personas\" width=\"500\" height=\"500\" src=\"https:\/\/i.blogs.es\/97ad81\/51psiypxznl._sl500_\/original.jpeg\"><br \/>\n  <\/a>\n  <\/div>\n<div class=\"pivot-ecommerce-summary\">\n<p class=\"pivot-ecommerce-desc\">TecTake\u00ae Conjunto Jard\u00edn Exterior de Rat\u00e1n y Acero para 2 Personas<\/p>\n<div class=\"pivot-actions \">\n<div class=\"pivot-actions-row\">\n <a rel=\"nofollow, sponsored, noopener, noreferrer\" target=\"_blank\" data-asin=\"B08FRHR6JH\" data-store=\"Amazon\" href=\"https:\/\/www.xatakahome.com\/redirect?url=https%3A%2F%2Fwww.amazon.es%2Fdp%2FB08FRHR6JH%3Ftag%3Dxatakahome-21%26linkCode%3Dogi%26th%3D1%26psc%3D1&amp;category=seleccion&amp;pivot=1&amp;ecomPostExpiration=perish&amp;postId=117657\" title=\"Precio actualizado hoy\" class=\"pivot-action-btn metrics-pivot-btn pivot-action-primary\">Hoy en Amazon \u2014 <strong><span class=\"js-deal-price\">118,79<\/span> \u20ac<\/strong><\/a><br \/>\n   <a rel=\"nofollow, sponsored, noopener, noreferrer\" target=\"_blank\" data-asin=\"88495470\" data-store=\"Leroy Merlin\" href=\"https:\/\/www.xatakahome.com\/redirect?url=https%3A%2F%2Fwww.leroymerlin.es%2Fproductos%2Fjardin-y-terraza%2Fmuebles-de-jardin%2Fconjuntos-de-sofas-y-mesas-bajas%2Ftectake-conjunto-de-ratan-para-2-personas-88495470.html%3FhighlightedOfferCode%3D707cc0c22bd100a275a354f4817b9e053a276fcc&amp;category=seleccion&amp;pivot=1&amp;ecomPostExpiration=perish&amp;postId=117657\" title=\"Precio actualizado hoy\" class=\"pivot-action-btn metrics-pivot-btn pivot-action-secondary\">Leroy Merlin \u2014 <strong><span class=\"js-deal-price\">156,99<\/span> \u20ac<\/strong><\/a>\n <\/div>\n<\/p><\/div>\n<\/p><\/div>\n<\/p><\/div>\n<div class=\"pivot-link-msg\">* Alg\u00fan precio puede haber cambiado desde la \u00faltima revisi\u00f3n<\/div>\n<\/p><\/div>\n<p><!-- PIVOT END --><\/p>\n<p><em>Nota: algunos de los enlaces aqu\u00ed publicados son de afiliados y pueden reportar un beneficio.<\/em><\/p>\n<p>Im\u00e1genes | Webedia e Ikea<\/p>\n<p>En Xataka Smart Home | <a class=\"text-outboundlink\" href=\"https:\/\/www.xatakahome.com\/seleccion\/sensores-movimiento-para-luces-exterior-cual-comprar-consejos-recomendaciones\" data-vars-post-title=\"Sensores de movimiento para luces de exterior: \u00bfCu\u00e1l comprar? Consejos y recomendaciones\" data-vars-post-url=\"https:\/\/www.xatakahome.com\/seleccion\/sensores-movimiento-para-luces-exterior-cual-comprar-consejos-recomendaciones\" data-id=\"noopener noreferrer\">Sensores de movimiento para luces de exterior: \u00bfCu\u00e1l comprar? Consejos y recomendaciones<\/a><\/p>\n<p>En Xataka Smart Home | <a class=\"text-outboundlink\" href=\"https:\/\/www.xatakahome.com\/seleccion\/luces-exterior-para-terraza-jardin-cual-comprar-consejos-recomendaciones\" data-vars-post-title=\"Luces de exterior para terraza y jard\u00edn: \u00bfCu\u00e1l comprar? Consejos y recomendaciones\" data-vars-post-url=\"https:\/\/www.xatakahome.com\/seleccion\/luces-exterior-para-terraza-jardin-cual-comprar-consejos-recomendaciones\" data-id=\"noopener noreferrer\">Luces de exterior para terraza y jard\u00edn: \u00bfCu\u00e1l comprar? Consejos y recomendaciones<\/a><\/p>\n<p><script>\n (function() {\n  window._JS_MODULES = window._JS_MODULES || {};\n  var headElement = document.getElementsByTagName('head')[0];\n  if (_JS_MODULES.instagram) {\n   var instagramScript = document.createElement('script');\n   instagramScript.src = 'https:\/\/platform.instagram.com\/en_US\/embeds.js';\n   instagramScript.async = true;\n   instagramScript.defer = true;\n   headElement.appendChild(instagramScript);\n  }\n })();\n<\/script><\/p>\n<p> &#8211; <br \/> La noticia<br \/>\n      <a href=\"https:\/\/www.xatakahome.com\/seleccion\/ikea-tiene-este-sillon-impermeable-apilable-cualquier-terraza-cuesta-50-euros?utm_source=feedburner&amp;utm_medium=feed&amp;utm_campaign=23_May_2025\"><br \/>\n       <em> Ikea tiene este sill\u00f3n impermeable y apilable: cabe en cualquier terraza y cuesta menos de 50 euros  <\/em><br \/>\n      <\/a><br \/>\n      fue publicada originalmente en<br \/>\n      <a href=\"https:\/\/www.xatakahome.com\/?utm_source=feedburner&amp;utm_medium=feed&amp;utm_campaign=23_May_2025\"><br \/>\n       <strong> Xataka Smart Home <\/strong><br \/>\n      <\/a><br \/>\n             por <a href=\"https:\/\/www.xatakahome.com\/autor\/fran-leon?utm_source=feedburner&amp;utm_medium=feed&amp;utm_campaign=23_May_2025\"><br \/>\n        Fran Le\u00f3n<br \/>\n       <\/a><br \/>\n      . <\/p>\n<\/div>\n","protected":false},"excerpt":{"rendered":"<p>Ahora que el buen tiempo ya es una realidad, seguro que est\u00e1s buscando mobiliario para pasar las tardes y noches de verano en la terraza. Si no quieres gastar mucho dinero en redecorar el espacio exterior de tu hogar, Ikea tiene soluciones baratas que te pueden interesar. Un buen ejemplo de ello es este sill\u00f3n &hellip; <a href=\"https:\/\/domosistemas.com\/?p=28651\" class=\"more-link\">Sigue leyendo <span class=\"screen-reader-text\">Ikea tiene este sill\u00f3n impermeable y apilable: cabe en cualquier terraza y cuesta menos de 50 euros<\/span><\/a><\/p>\n","protected":false},"author":1,"featured_media":0,"comment_status":"closed","ping_status":"closed","sticky":false,"template":"","format":"standard","meta":{"footnotes":""},"categories":[8],"tags":[],"class_list":["post-28651","post","type-post","status-publish","format-standard","hentry","category-xataka"],"_links":{"self":[{"href":"https:\/\/domosistemas.com\/index.php?rest_route=\/wp\/v2\/posts\/28651","targetHints":{"allow":["GET"]}}],"collection":[{"href":"https:\/\/domosistemas.com\/index.php?rest_route=\/wp\/v2\/posts"}],"about":[{"href":"https:\/\/domosistemas.com\/index.php?rest_route=\/wp\/v2\/types\/post"}],"author":[{"embeddable":true,"href":"https:\/\/domosistemas.com\/index.php?rest_route=\/wp\/v2\/users\/1"}],"replies":[{"embeddable":true,"href":"https:\/\/domosistemas.com\/index.php?rest_route=%2Fwp%2Fv2%2Fcomments&post=28651"}],"version-history":[{"count":0,"href":"https:\/\/domosistemas.com\/index.php?rest_route=\/wp\/v2\/posts\/28651\/revisions"}],"wp:attachment":[{"href":"https:\/\/domosistemas.com\/index.php?rest_route=%2Fwp%2Fv2%2Fmedia&parent=28651"}],"wp:term":[{"taxonomy":"category","embeddable":true,"href":"https:\/\/domosistemas.com\/index.php?rest_route=%2Fwp%2Fv2%2Fcategories&post=28651"},{"taxonomy":"post_tag","embeddable":true,"href":"https:\/\/domosistemas.com\/index.php?rest_route=%2Fwp%2Fv2%2Ftags&post=28651"}],"curies":[{"name":"wp","href":"https:\/\/api.w.org\/{rel}","templated":true}]}}