{"id":28665,"date":"2025-05-26T03:03:01","date_gmt":"2025-05-26T03:03:01","guid":{"rendered":"https:\/\/domosistemas.com\/?p=28665"},"modified":"2025-05-26T03:03:01","modified_gmt":"2025-05-26T03:03:01","slug":"nueva-exposicion-temporal-de-zumtobel-para-conmemorar-su-75-aniversario","status":"publish","type":"post","link":"https:\/\/domosistemas.com\/?p=28665","title":{"rendered":"Nueva exposici\u00f3n temporal de Zumtobel para conmemorar su 75 aniversario"},"content":{"rendered":"<div>\n<p>Con motivo de su 75 aniversario, <a href=\"https:\/\/www.zumtobel.com\/es-es\/index.html\" target=\"_blank\" rel=\"noopener sponsored\">Zumtobel<\/a> da cabida a una amplia gama de perspectivas de la luz en una exposici\u00f3n temporal en el Dornbirn Light Forum (Austria). Desde mediados de mayo, se exhiben instalaciones de arte lum\u00ednico de artistas como Brigitte Kowanz, Fran\u00e7ois Morellet, Miriam Prantl y Sofia Hagen, as\u00ed como expresivos retratos fotogr\u00e1ficos de empleados y la instalaci\u00f3n Future Lab, fruto de la colaboraci\u00f3n con tres universidades internacionales.<\/p>\n<figure id=\"attachment_155439\" aria-describedby=\"caption-attachment-155439\" style=\"width: 800px\" class=\"wp-caption aligncenter\"><img fetchpriority=\"high\" decoding=\"async\" class=\"size-full wp-image-155439\" src=\"https:\/\/static.casadomo.com\/media\/2025\/05\/zumtobel-exhibicion-75-aniversario.png\" alt=\"Museo Zumtobel.\" width=\"800\" height=\"418\" srcset=\"https:\/\/static.casadomo.com\/media\/2025\/05\/zumtobel-exhibicion-75-aniversario.png 800w, https:\/\/static.casadomo.com\/media\/2025\/05\/zumtobel-exhibicion-75-aniversario-300x157.png 300w, https:\/\/static.casadomo.com\/media\/2025\/05\/zumtobel-exhibicion-75-aniversario-768x401.png 768w, https:\/\/static.casadomo.com\/media\/2025\/05\/zumtobel-exhibicion-75-aniversario-180x94.png 180w\" sizes=\"(max-width: 800px) 100vw, 800px\"><figcaption id=\"caption-attachment-155439\" class=\"wp-caption-text\">La exhibici\u00f3n temporal muestra diferentes instalaciones de arte lum\u00ednico, retratos fotogr\u00e1ficos de empleados y la instalaci\u00f3n Future Lab.<\/figcaption><\/figure>\n<p>La inauguraci\u00f3n de la exposici\u00f3n estuvo acompa\u00f1ada de una mesa redonda con reflexiones muy personales de J\u00fcrg y Fritz Zumtobel, ambos dimitieron en 2020 tras d\u00e9cadas al frente de la empresa, y Karin Zumtobel, presidenta del Consejo de Supervisi\u00f3n. Renato Turri, director general de World-Architects, fue el anfitri\u00f3n de esta charla, as\u00ed como de los dos d\u00edas y la mesa redonda sobre el lanzamiento de Tecton II con Zumtobel y los invitados de su socio Pininfarina, el estudio de dise\u00f1o y grupo de ingenier\u00eda italiano.<\/p>\n<p>\u201cEn el Grupo Zumtobel, todos compartimos la pasi\u00f3n por la luz. Pocas cosas son m\u00e1s hermosas que la luz: emotiva y sofisticada. La mezcla de diferentes talentos y la interacci\u00f3n entre diferentes culturas es lo que nos define y nos impulsa a ser flexibles. Nuestra cultura innovadora refleja curiosidad y una mentalidad abierta\u201d, comenta Alfred Felder, director general del Grupo Zumtobel.<\/p>\n<p>Zumtobel celebra en el lugar donde comenz\u00f3 la historia del actual grupo de iluminaci\u00f3n en 1950. 15 a\u00f1os despu\u00e9s, se inaugur\u00f3 otra planta de producci\u00f3n de 4.000 metros cuadrados en la sede original de la H\u00f6chsterstrasse de Dornbirn (Austria).<\/p>\n<p>Hoy, esta antigua nave industrial alberga el Dornbirn Light Forum del Grupo Zumtobel, un espacio de luz donde las marcas Zumtobel, Thorn y Tridonic muestran su experiencia en iluminaci\u00f3n y las \u00faltimas tecnolog\u00edas. Un espacio para experimentar la luz, dise\u00f1ado en colaboraci\u00f3n con el estudio de Innsbruck del estudio de arquitectura noruego Sn\u00f8hetta.<\/p>\n<h2>Light Art Path<\/h2>\n<p>Durante m\u00e1s de siete d\u00e9cadas, <a href=\"https:\/\/www.casadomo.com\/empresas\/zumtobel\">Zumtobel<\/a> ha contribuido a dar forma a la industria de la iluminaci\u00f3n, mediante tecnolog\u00eda de vanguardia, sus propias aspiraciones de dise\u00f1o y soluciones de iluminaci\u00f3n que siempre se han alineado con las necesidades de las personas y el medio ambiente.<\/p>\n<p>El \u2018Light Art Path\u2019, con motivo del 75 aniversario en el Light Forum de Dornbirn, muestra simb\u00f3licamente una parte representativa de objetos\/instalaciones de arte de la luz y obras maestras de Zumtobel, incluyendo obras de Sam Durant, \u00d3lafur El\u00edasson, Zaha Hadid, Brigitte Kowanz, Daniel Libeskind, Fran\u00e7ois Morellet, Miriam Prantl, James Turrell y Ben Vautier.<\/p>\n<p>Durante el a\u00f1o del aniversario, se ha creado una nueva escultura de luz: las Esferas, fruto de la larga colaboraci\u00f3n entre Zumtobel y la pintora y artista de luz, v\u00eddeo y sonido de Vorarlberg, Miriam Prantl. Actualmente expuesta frente al Light Forum, encarna la interacci\u00f3n de forma, luz, color y movimiento. Cuatro anillos de acero entrelazados, como grandes ruedas de luz entrelazadas, forman una \u00fanica esfera. Secuencias de luz cambiantes y colores brillantes fluyen en una cin\u00e9tica pulsante a trav\u00e9s y a lo largo de la escultura de luz. Para crear la sensaci\u00f3n de flotar, los puntos de luz de las l\u00edneas LED se mueven a lo largo de las estructuras de los anillos en direcciones opuestas. Las colisiones y armon\u00edas de luz se alternan dentro de la programaci\u00f3n.<\/p>\n<p>La entrada <a href=\"https:\/\/www.casadomo.com\/2025\/05\/26\/nueva-exposicion-temporal-zumtobel-conmemorar-75-aniversario\">Nueva exposici\u00f3n temporal de Zumtobel para conmemorar su 75 aniversario<\/a> aparece primero en <a href=\"https:\/\/www.casadomo.com\/\">CASADOMO<\/a>.<\/p>\n<\/div>\n","protected":false},"excerpt":{"rendered":"<p>Con motivo de su 75 aniversario, Zumtobel da cabida a una amplia gama de perspectivas de la luz en una exposici\u00f3n temporal en el Dornbirn Light Forum (Austria). Desde mediados de mayo, se exhiben instalaciones de arte lum\u00ednico de artistas como Brigitte Kowanz, Fran\u00e7ois Morellet, Miriam Prantl y Sofia Hagen, as\u00ed como expresivos retratos fotogr\u00e1ficos &hellip; <a href=\"https:\/\/domosistemas.com\/?p=28665\" class=\"more-link\">Sigue leyendo <span class=\"screen-reader-text\">Nueva exposici\u00f3n temporal de Zumtobel para conmemorar su 75 aniversario<\/span><\/a><\/p>\n","protected":false},"author":1,"featured_media":0,"comment_status":"closed","ping_status":"closed","sticky":false,"template":"","format":"standard","meta":{"footnotes":""},"categories":[3],"tags":[],"class_list":["post-28665","post","type-post","status-publish","format-standard","hentry","category-casadomo-com"],"_links":{"self":[{"href":"https:\/\/domosistemas.com\/index.php?rest_route=\/wp\/v2\/posts\/28665","targetHints":{"allow":["GET"]}}],"collection":[{"href":"https:\/\/domosistemas.com\/index.php?rest_route=\/wp\/v2\/posts"}],"about":[{"href":"https:\/\/domosistemas.com\/index.php?rest_route=\/wp\/v2\/types\/post"}],"author":[{"embeddable":true,"href":"https:\/\/domosistemas.com\/index.php?rest_route=\/wp\/v2\/users\/1"}],"replies":[{"embeddable":true,"href":"https:\/\/domosistemas.com\/index.php?rest_route=%2Fwp%2Fv2%2Fcomments&post=28665"}],"version-history":[{"count":0,"href":"https:\/\/domosistemas.com\/index.php?rest_route=\/wp\/v2\/posts\/28665\/revisions"}],"wp:attachment":[{"href":"https:\/\/domosistemas.com\/index.php?rest_route=%2Fwp%2Fv2%2Fmedia&parent=28665"}],"wp:term":[{"taxonomy":"category","embeddable":true,"href":"https:\/\/domosistemas.com\/index.php?rest_route=%2Fwp%2Fv2%2Fcategories&post=28665"},{"taxonomy":"post_tag","embeddable":true,"href":"https:\/\/domosistemas.com\/index.php?rest_route=%2Fwp%2Fv2%2Ftags&post=28665"}],"curies":[{"name":"wp","href":"https:\/\/api.w.org\/{rel}","templated":true}]}}