{"id":28671,"date":"2025-05-26T13:31:47","date_gmt":"2025-05-26T13:31:47","guid":{"rendered":"https:\/\/domosistemas.com\/?p=28671"},"modified":"2025-05-26T13:31:47","modified_gmt":"2025-05-26T13:31:47","slug":"ha-llegado-a-ikea-la-lampara-a-pilas-ideal-para-tu-balcon-o-terraza-este-verano","status":"publish","type":"post","link":"https:\/\/domosistemas.com\/?p=28671","title":{"rendered":"Ha llegado a Ikea la l\u00e1mpara a pilas ideal para tu balc\u00f3n o terraza este verano"},"content":{"rendered":"<div>\n<p>\n      <img decoding=\"async\" src=\"https:\/\/i.blogs.es\/058e32\/ofertas_cpa_v3-copia-20-\/1024_2000.jpeg\" alt=\"Ha llegado a Ikea la l\u00e1mpara a pilas ideal para tu balc\u00f3n o terraza este verano \">\n    <\/p>\n<p>Con estas altas temperaturas con las que nos encontramos (y nos seguiremos encontrando desde ya hasta que se acabe el verano), pasaremos m\u00e1s tiempo en espacios como la terraza o el balc\u00f3n. Si quieres tener una fuente de iluminaci\u00f3n barata y que incluso te permita ahorrar en la factura de la luz, <strong>Ikea<\/strong> tiene la soluci\u00f3n.<\/p>\n<p><!-- BREAK 1 --><\/p>\n<p>Dentro de su nueva colecci\u00f3n 2025, la multinacional sueca tiene (entre su amplio stock) la l\u00e1mpara de pie perfecta para tu balc\u00f3n o terraza. Se trata del modelo <strong>SOLVINDEN<\/strong>, que puedes comprar por <a rel=\"nofollow, sponsored, noopener, noreferrer\" target=\"_blank\" class=\"js-ecommerce\" id=\"link-ecommerce-1\" href=\"https:\/\/www.xatakahome.com\/redirect?url=https%3A%2F%2Fwww.ikea.com%2Fes%2Fes%2Fp%2Fsolvinden-lampara-pie-pilas-exterior-70593692%2F&amp;category=seleccion&amp;ecomPostExpiration=everlasting&amp;postId=117676\" data-vars-affiliate-url=\"https:\/\/www.ikea.com\/es\/es\/p\/solvinden-lampara-pie-pilas-exterior-70593692\/\">17,99 euros<\/a>.<\/p>\n<p><!-- BREAK 2 --><!-- PIVOT START --><\/p>\n<div class=\"pivot-ecommerce-container m-pivot-ecommerce-redesign article-asset-normal article-asset-center\">\n<div class=\"pivot-ecommerce\">\n<div class=\"pivot-ecommerce-figure\">\n  <a rel=\"nofollow, sponsored, noopener, noreferrer\" target=\"_blank\" href=\"https:\/\/www.xatakahome.com\/redirect?url=https%3A%2F%2Fwww.ikea.com%2Fes%2Fes%2Fp%2Fsolvinden-lampara-pie-pilas-exterior-70593692%2F&amp;category=seleccion&amp;pivot=1&amp;ecomPostExpiration=everlasting&amp;postId=117676\"><br \/>\n   <img loading=\"lazy\" decoding=\"async\" alt=\"SOLVINDEN L\u00e1mpara de pie, a pilas exterior\" width=\"600\" height=\"600\" src=\"https:\/\/i.blogs.es\/a2544d\/blob\/original.jpeg\"><br \/>\n  <\/a>\n  <\/div>\n<div class=\"pivot-ecommerce-summary\">\n<p class=\"pivot-ecommerce-desc\">SOLVINDEN L\u00e1mpara de pie, a pilas exterior<\/p>\n<div class=\"pivot-actions \">\n<div class=\"pivot-actions-row\">\n <a rel=\"nofollow, sponsored, noopener, noreferrer\" target=\"_blank\" data-asin=\"\" data-store=\"\" href=\"https:\/\/www.xatakahome.com\/redirect?url=https%3A%2F%2Fwww.ikea.com%2Fes%2Fes%2Fp%2Fsolvinden-lampara-pie-pilas-exterior-70593692%2F&amp;category=seleccion&amp;pivot=1&amp;ecomPostExpiration=everlasting&amp;postId=117676\" title=\"Precio de venta al p\u00fablico a fecha de publicaci\u00f3n\" class=\"pivot-action-btn pivot-action-primary\">PVP en Ikea \u2014 <strong><span class=\"js-deal-price\">17,99<\/span> \u20ac<\/strong><\/a>\n <\/div>\n<\/p><\/div>\n<\/p><\/div>\n<\/p><\/div>\n<div class=\"pivot-link-msg\">* Alg\u00fan precio puede haber cambiado desde la \u00faltima revisi\u00f3n<\/div>\n<\/p><\/div>\n<p><!-- PIVOT END --><\/p>\n<h2>Una l\u00e1mpara perfecta para iluminar el exterior de tu hogar sin gastar de m\u00e1s en facturas<\/h2>\n<div class=\"article-asset-image article-asset-normal article-asset-center\">\n<div class=\"asset-content\">\n                    <a rel=\"nofollow, sponsored, noopener, noreferrer\" target=\"_blank\" class=\"js-ecommerce\" id=\"link-ecommerce-2\" href=\"https:\/\/www.xatakahome.com\/redirect?url=https%3A%2F%2Fwww.ikea.com%2Fes%2Fes%2Fp%2Fsolvinden-lampara-pie-pilas-exterior-70593692%2F&amp;category=seleccion&amp;ecomPostExpiration=everlasting&amp;postId=117676\" data-vars-affiliate-url=\"https:\/\/www.ikea.com\/es\/es\/p\/solvinden-lampara-pie-pilas-exterior-70593692\/\"><\/p>\n<p>    <img decoding=\"async\" alt=\"l\u00e1mpara de pie SOLVINDEN de Ikea\" class=\"centro_sinmarco\" src=\"https:\/\/i.blogs.es\/bae05c\/proyecto-nuevo-13-\/450_1000.jpeg\"><br \/>\n     <\/a><\/p><\/div>\n<\/div>\n<p>El principal reclamo de esta l\u00e1mpara de Ikea es que <strong>funciona a pilas<\/strong>, por lo que as\u00ed podr\u00e1s <a class=\"text-outboundlink\" href=\"https:\/\/www.xatakahome.com\/domotica\/asi-uso-regleta-inteligente-para-ahorrar-factura-luz\" data-vars-post-title=\"As\u00ed uso una regleta inteligente para ahorrar en la factura de la luz \" data-vars-post-url=\"https:\/\/www.xatakahome.com\/domotica\/asi-uso-regleta-inteligente-para-ahorrar-factura-luz\">ahorrar en la factura de la luz<\/a>. Adem\u00e1s, al no tener molestos cables, podr\u00e1s colocarla en cualquier rinc\u00f3n f\u00e1cilmente.<\/p>\n<p><!-- BREAK 3 --><\/p>\n<div class=\"article-asset article-asset-normal article-asset-center\">\n<div class=\"desvio-container\">\n<div class=\"desvio\">\n<div class=\"desvio-figure js-desvio-figure\">\n    <a href=\"https:\/\/www.xataka.com\/seleccion\/no-error-carrefour-deja-a-precio-outlet-esta-tele-qled-55-pulgadas-viene-cupon-casi-100-euros\" class=\"pivot-outboundlink\" target=\"_blank\" data-vars-post-title=\"No es un error: Carrefour deja a precio de outlet esta tele QLED de 55 pulgadas y viene con un cup\u00f3n de casi 100 euros\"><br \/>\n     <img loading=\"lazy\" decoding=\"async\" alt=\"No es un error: Carrefour deja a precio de outlet esta tele QLED de 55 pulgadas y viene con un cup\u00f3n de casi 100 euros\" width=\"375\" height=\"142\" src=\"https:\/\/i.blogs.es\/e70044\/ofertas_cpa_v3-copia-14-\/375_142.jpeg\"><br \/>\n    <\/a>\n   <\/div>\n<div class=\"desvio-summary\">\n<div class=\"desvio-taxonomy js-desvio-taxonomy\">\n     <a href=\"https:\/\/www.xataka.com\/seleccion\/no-error-carrefour-deja-a-precio-outlet-esta-tele-qled-55-pulgadas-viene-cupon-casi-100-euros\" class=\"desvio-taxonomy-anchor pivot-outboundlink m-crosspost\" target=\"_blank\" data-vars-post-title=\"No es un error: Carrefour deja a precio de outlet esta tele QLED de 55 pulgadas y viene con un cup\u00f3n de casi 100 euros\">En Xataka<\/a>\n    <\/div>\n<p>    <a href=\"https:\/\/www.xataka.com\/seleccion\/no-error-carrefour-deja-a-precio-outlet-esta-tele-qled-55-pulgadas-viene-cupon-casi-100-euros\" class=\"desvio-title js-desvio-title pivot-outboundlink\" target=\"_blank\" data-vars-post-title=\"No es un error: Carrefour deja a precio de outlet esta tele QLED de 55 pulgadas y viene con un cup\u00f3n de casi 100 euros\">No es un error: Carrefour deja a precio de outlet esta tele QLED de 55 pulgadas y viene con un cup\u00f3n de casi 100 euros<\/a>\n   <\/div>\n<\/p><\/div>\n<\/p><\/div>\n<\/div>\n<div class=\"article-asset-video article-asset-normal\">\n<div class=\"asset-content\">\n<div class=\"base-asset-video\">\n<div class=\"js-dailymotion\">\n    <script type=\"application\/json\">\n                          {\"videoId\":\"x8c12ag\",\"autoplay\":true,\"title\":\"Design Your Home   IKEA\", \"tag\":\"IKEA\", \"duration\":\"60\"}\n                  <\/script>\n   <\/div>\n<\/p><\/div>\n<\/p><\/div>\n<\/div>\n<p>Est\u00e1 fabricada en <strong>rat\u00e1n de pl\u00e1stico<\/strong>, que resulta un material muy f\u00e1cil de limpiar, sin mantenimiento alguno y que podr\u00e1s tener al aire libre, sin ning\u00fan problema, durante todo el a\u00f1o. De su dise\u00f1o, se puede destacar que es apilable, algo ideal si tienes varias l\u00e1mparas iguales y las quieres guardar sin ocupar tanto espacio.<\/p>\n<p><!-- BREAK 4 --><\/p>\n<p>Dise\u00f1ada por Carl \u00d6jerstam, esta l\u00e1mpara emite una luz suave a trav\u00e9s de la pantalla, creando un <strong>bonito juego de sombras<\/strong>, que recuerdan a llamas. Adem\u00e1s de en la terraza o balc\u00f3n la puedes utilizar en el interior de tu hogar.<\/p>\n<p><!-- BREAK 5 --><\/p>\n<h2>Otras l\u00e1mparas para tu balc\u00f3n o terraza que te pueden interesar<\/h2>\n<p><!-- PIVOT START --><\/p>\n<div class=\"pivot-ecommerce-container m-pivot-ecommerce-redesign article-asset-normal article-asset-center\">\n<div class=\"pivot-ecommerce\">\n<div class=\"pivot-ecommerce-figure\">\n  <a rel=\"nofollow, sponsored, noopener, noreferrer\" target=\"_blank\" href=\"https:\/\/www.xatakahome.com\/redirect?url=https%3A%2F%2Fwww.amazon.es%2Fdp%2FB0DHGJ3L5C%3Ftag%3Dxatakahome-21%26linkCode%3Dogi%26th%3D1%26psc%3D1&amp;category=seleccion&amp;pivot=1&amp;ecomPostExpiration=everlasting&amp;postId=117676\"><br \/>\n   <img loading=\"lazy\" decoding=\"async\" alt=\"ELLASAY Aplique Solar Pared Exterior\" width=\"500\" height=\"500\" src=\"https:\/\/i.blogs.es\/2f3017\/51m7icc2d4l._sl500_\/original.jpeg\"><br \/>\n  <\/a>\n  <\/div>\n<div class=\"pivot-ecommerce-summary\">\n<p class=\"pivot-ecommerce-desc\">ELLASAY Aplique Solar Pared Exterior<\/p>\n<div class=\"pivot-actions \">\n<div class=\"pivot-actions-row\">\n <a rel=\"nofollow, sponsored, noopener, noreferrer\" target=\"_blank\" data-asin=\"B0DHGJ3L5C\" data-store=\"Amazon\" href=\"https:\/\/www.xatakahome.com\/redirect?url=https%3A%2F%2Fwww.amazon.es%2Fdp%2FB0DHGJ3L5C%3Ftag%3Dxatakahome-21%26linkCode%3Dogi%26th%3D1%26psc%3D1&amp;category=seleccion&amp;pivot=1&amp;ecomPostExpiration=everlasting&amp;postId=117676\" title=\"Precio actualizado hoy\" class=\"pivot-action-btn metrics-pivot-btn pivot-action-primary\">Hoy en Amazon \u2014 <strong><span class=\"js-deal-price\">36,99<\/span> \u20ac<\/strong><\/a>\n <\/div>\n<\/p><\/div>\n<\/p><\/div>\n<\/p><\/div>\n<div class=\"pivot-link-msg\">* Alg\u00fan precio puede haber cambiado desde la \u00faltima revisi\u00f3n<\/div>\n<\/p><\/div>\n<p><!-- PIVOT END --><br \/>\n<!-- PIVOT START --><\/p>\n<div class=\"pivot-ecommerce-container m-pivot-ecommerce-redesign article-asset-normal article-asset-center\">\n<div class=\"pivot-ecommerce\">\n<div class=\"pivot-ecommerce-figure\">\n  <a rel=\"nofollow, sponsored, noopener, noreferrer\" target=\"_blank\" href=\"https:\/\/www.xatakahome.com\/redirect?url=https%3A%2F%2Fwww.amazon.es%2Fdp%2FB0CRKBYXB2%3Ftag%3Dxatakahome-21%26linkCode%3Dogi%26th%3D1%26psc%3D1&amp;category=seleccion&amp;pivot=1&amp;ecomPostExpiration=everlasting&amp;postId=117676\"><br \/>\n   <img loading=\"lazy\" decoding=\"async\" alt=\"Licmic L\u00e1mpara de pie solar para exteriores con sensor de luz\" width=\"500\" height=\"500\" src=\"https:\/\/i.blogs.es\/483d71\/51pdkrgruml._sl500_\/original.jpeg\"><br \/>\n  <\/a>\n  <\/div>\n<div class=\"pivot-ecommerce-summary\">\n<p class=\"pivot-ecommerce-desc\">Licmic L\u00e1mpara de pie solar para exteriores con sensor de luz<\/p>\n<div class=\"pivot-actions \">\n<div class=\"pivot-actions-row\">\n <a rel=\"nofollow, sponsored, noopener, noreferrer\" target=\"_blank\" data-asin=\"B0CRKBYXB2\" data-store=\"Amazon\" href=\"https:\/\/www.xatakahome.com\/redirect?url=https%3A%2F%2Fwww.amazon.es%2Fdp%2FB0CRKBYXB2%3Ftag%3Dxatakahome-21%26linkCode%3Dogi%26th%3D1%26psc%3D1&amp;category=seleccion&amp;pivot=1&amp;ecomPostExpiration=everlasting&amp;postId=117676\" title=\"Precio actualizado hoy\" class=\"pivot-action-btn metrics-pivot-btn pivot-action-primary\">Hoy en Amazon \u2014 <strong><span class=\"js-deal-price\">72,19<\/span> \u20ac<\/strong><\/a>\n <\/div>\n<\/p><\/div>\n<\/p><\/div>\n<\/p><\/div>\n<div class=\"pivot-link-msg\">* Alg\u00fan precio puede haber cambiado desde la \u00faltima revisi\u00f3n<\/div>\n<\/p><\/div>\n<p><!-- PIVOT END --><\/p>\n<p><em>Nota: algunos de los enlaces aqu\u00ed publicados son de afiliados y pueden reportar un beneficio.<\/em><\/p>\n<p>Im\u00e1genes | Webedia e Ikea<\/p>\n<p>En Xataka Smart Home | <a class=\"text-outboundlink\" href=\"https:\/\/www.xatakahome.com\/seleccion\/sensores-movimiento-para-luces-exterior-cual-comprar-consejos-recomendaciones\" data-vars-post-title=\"Sensores de movimiento para luces de exterior: \u00bfCu\u00e1l comprar? Consejos y recomendaciones\" data-vars-post-url=\"https:\/\/www.xatakahome.com\/seleccion\/sensores-movimiento-para-luces-exterior-cual-comprar-consejos-recomendaciones\" data-id=\"noopener noreferrer\">Sensores de movimiento para luces de exterior: \u00bfCu\u00e1l comprar? Consejos y recomendaciones<\/a><\/p>\n<p>En Xataka Smart Home | <a class=\"text-outboundlink\" href=\"https:\/\/www.xatakahome.com\/seleccion\/luces-exterior-para-terraza-jardin-cual-comprar-consejos-recomendaciones\" data-vars-post-title=\"Luces de exterior para terraza y jard\u00edn: \u00bfCu\u00e1l comprar? Consejos y recomendaciones\" data-vars-post-url=\"https:\/\/www.xatakahome.com\/seleccion\/luces-exterior-para-terraza-jardin-cual-comprar-consejos-recomendaciones\" data-id=\"noopener noreferrer\">Luces de exterior para terraza y jard\u00edn: \u00bfCu\u00e1l comprar? Consejos y recomendaciones<\/a><\/p>\n<p><script>\n (function() {\n  window._JS_MODULES = window._JS_MODULES || {};\n  var headElement = document.getElementsByTagName('head')[0];\n  if (_JS_MODULES.instagram) {\n   var instagramScript = document.createElement('script');\n   instagramScript.src = 'https:\/\/platform.instagram.com\/en_US\/embeds.js';\n   instagramScript.async = true;\n   instagramScript.defer = true;\n   headElement.appendChild(instagramScript);\n  }\n })();\n<\/script><\/p>\n<p> &#8211; <br \/> La noticia<br \/>\n      <a href=\"https:\/\/www.xatakahome.com\/seleccion\/ha-llegado-a-ikea-lampara-a-pilas-ideal-para-tu-balcon-terraza-este-verano?utm_source=feedburner&amp;utm_medium=feed&amp;utm_campaign=26_May_2025\"><br \/>\n       <em> Ha llegado a Ikea la l\u00e1mpara a pilas ideal para tu balc\u00f3n o terraza este verano  <\/em><br \/>\n      <\/a><br \/>\n      fue publicada originalmente en<br \/>\n      <a href=\"https:\/\/www.xatakahome.com\/?utm_source=feedburner&amp;utm_medium=feed&amp;utm_campaign=26_May_2025\"><br \/>\n       <strong> Xataka Smart Home <\/strong><br \/>\n      <\/a><br \/>\n             por <a href=\"https:\/\/www.xatakahome.com\/autor\/fran-leon?utm_source=feedburner&amp;utm_medium=feed&amp;utm_campaign=26_May_2025\"><br \/>\n        Fran Le\u00f3n<br \/>\n       <\/a><br \/>\n      . <\/p>\n<\/div>\n","protected":false},"excerpt":{"rendered":"<p>Con estas altas temperaturas con las que nos encontramos (y nos seguiremos encontrando desde ya hasta que se acabe el verano), pasaremos m\u00e1s tiempo en espacios como la terraza o el balc\u00f3n. Si quieres tener una fuente de iluminaci\u00f3n barata y que incluso te permita ahorrar en la factura de la luz, Ikea tiene la &hellip; <a href=\"https:\/\/domosistemas.com\/?p=28671\" class=\"more-link\">Sigue leyendo <span class=\"screen-reader-text\">Ha llegado a Ikea la l\u00e1mpara a pilas ideal para tu balc\u00f3n o terraza este verano<\/span><\/a><\/p>\n","protected":false},"author":1,"featured_media":0,"comment_status":"closed","ping_status":"closed","sticky":false,"template":"","format":"standard","meta":{"footnotes":""},"categories":[8],"tags":[],"class_list":["post-28671","post","type-post","status-publish","format-standard","hentry","category-xataka"],"_links":{"self":[{"href":"https:\/\/domosistemas.com\/index.php?rest_route=\/wp\/v2\/posts\/28671","targetHints":{"allow":["GET"]}}],"collection":[{"href":"https:\/\/domosistemas.com\/index.php?rest_route=\/wp\/v2\/posts"}],"about":[{"href":"https:\/\/domosistemas.com\/index.php?rest_route=\/wp\/v2\/types\/post"}],"author":[{"embeddable":true,"href":"https:\/\/domosistemas.com\/index.php?rest_route=\/wp\/v2\/users\/1"}],"replies":[{"embeddable":true,"href":"https:\/\/domosistemas.com\/index.php?rest_route=%2Fwp%2Fv2%2Fcomments&post=28671"}],"version-history":[{"count":0,"href":"https:\/\/domosistemas.com\/index.php?rest_route=\/wp\/v2\/posts\/28671\/revisions"}],"wp:attachment":[{"href":"https:\/\/domosistemas.com\/index.php?rest_route=%2Fwp%2Fv2%2Fmedia&parent=28671"}],"wp:term":[{"taxonomy":"category","embeddable":true,"href":"https:\/\/domosistemas.com\/index.php?rest_route=%2Fwp%2Fv2%2Fcategories&post=28671"},{"taxonomy":"post_tag","embeddable":true,"href":"https:\/\/domosistemas.com\/index.php?rest_route=%2Fwp%2Fv2%2Ftags&post=28671"}],"curies":[{"name":"wp","href":"https:\/\/api.w.org\/{rel}","templated":true}]}}