{"id":28672,"date":"2025-05-26T14:46:49","date_gmt":"2025-05-26T14:46:49","guid":{"rendered":"https:\/\/domosistemas.com\/?p=28672"},"modified":"2025-05-26T14:46:49","modified_gmt":"2025-05-26T14:46:49","slug":"el-apagon-en-espana-aun-nos-plantea-muchas-incognitas-las-nuevas-hipotesis-apuntan-a-otras-causas-mas-alla-de-la-falta-de-inercia","status":"publish","type":"post","link":"https:\/\/domosistemas.com\/?p=28672","title":{"rendered":"El apag\u00f3n en Espa\u00f1a a\u00fan nos plantea muchas inc\u00f3gnitas: las nuevas hip\u00f3tesis apuntan a otras causas m\u00e1s all\u00e1 de la falta de inercia"},"content":{"rendered":"<div>\n<p>\n      <img decoding=\"async\" src=\"https:\/\/i.blogs.es\/8b3376\/american-public-power-association-fm5_vcua-bc-unsplash\/1024_2000.jpeg\" alt=\"El apag\u00f3n en Espa\u00f1a a\u00fan nos plantea muchas inc\u00f3gnitas: las nuevas hip\u00f3tesis apuntan a otras causas m\u00e1s all\u00e1 de la falta de inercia \">\n    <\/p>\n<p>Si bien en un primer momento podr\u00edamos esperar que <a class=\"text-outboundlink\" href=\"https:\/\/www.xatakahome.com\/hogar\/luz-poder-llamar-internet-apagon-nos-dejo-estos-basicos-asi-podemos-reclamar-obtener-compensacion\" data-vars-post-title=\"El apag\u00f3n nos dej\u00f3 vendidos sin luz ni Internet, pero puedes reclamar los da\u00f1os: as\u00ed puedes obtener una compensaci\u00f3n\" data-vars-post-url=\"https:\/\/www.xatakahome.com\/hogar\/luz-poder-llamar-internet-apagon-nos-dejo-estos-basicos-asi-podemos-reclamar-obtener-compensacion\">lo del apag\u00f3n el\u00e9ctrico<\/a> iba a tener una respuesta mucho m\u00e1s contundente, nada m\u00e1s lejos de la verdad. <a class=\"text-outboundlink\" href=\"https:\/\/www.xataka.com\/energia\/apagon-espana-esto-que-sabemos\" data-vars-post-title='Qu\u00e9 es el \"cero energ\u00e9tico\" y por qu\u00e9 el suministro puede irse de golpe pero tarda horas en recuperarse' data-vars-post-url=\"https:\/\/www.xataka.com\/energia\/apagon-espana-esto-que-sabemos\">El cero energ\u00e9tico<\/a> al que alcanzamos el pasado 28 de abril en la pen\u00ednsula ib\u00e9rica est\u00e1 dejando entrever <strong>una historia m\u00e1s compleja de lo esperado<\/strong>.<\/p>\n<p><!-- BREAK 1 --><\/p>\n<p>Los primeros an\u00e1lisis apuntaron directamente a <a class=\"text-outboundlink\" href=\"https:\/\/www.xataka.com\/energia\/todavia-no-sabemos-que-causo-apagon-espana-expertos-disputan-teoria-rol-renovables\" data-vars-post-title=\"Todav\u00eda no sabemos qu\u00e9 caus\u00f3 el apag\u00f3n en Espa\u00f1a, pero los expertos ya disputan una teor\u00eda: el rol de las renovables\" data-vars-post-url=\"https:\/\/www.xataka.com\/energia\/todavia-no-sabemos-que-causo-apagon-espana-expertos-disputan-teoria-rol-renovables\">la escasa inercia del sistema<\/a> provocada por la alta participaci\u00f3n de las renovables en el mix energ\u00e9tico, pero tal y como repasa nuestro compa\u00f1ero Mat\u00edas Zavia <a class=\"text-outboundlink\" href=\"https:\/\/www.xataka.com\/energia\/cuanto-se-sabe-apagon-espana-culpable-parece-falta-inercia-energias-renovables\" data-vars-post-title=\"Cuanto m\u00e1s se sabe del apag\u00f3n en Espa\u00f1a, menos culpable parece la falta de inercia por las energ\u00edas renovables\" data-vars-post-url=\"https:\/\/www.xataka.com\/energia\/cuanto-se-sabe-apagon-espana-culpable-parece-falta-inercia-energias-renovables\">en Xataka<\/a>, las declaraciones oficiales y los estudios t\u00e9cnicos <strong>est\u00e1n desplazando el foco hacia otros factores<\/strong>.<\/p>\n<p><!-- BREAK 2 --><\/p>\n<h2>La hip\u00f3tesis que se estudia ahora: la escasa inercia como agravante y no como causa<\/h2>\n<p>Durante las primeras semanas tras el incidente, la narrativa dominante giraba en torno a un concepto t\u00e9cnico: <strong>la inercia del sistema el\u00e9ctrico<\/strong>. Esta propiedad, que proporcionan las grandes turbinas de las centrales convencionales al girar de forma sincronizada, act\u00faa como un amortiguador ante cambios s\u00fabitos en la red. Las fuentes renovables, conectadas mediante inversores electr\u00f3nicos, no ofrecen esta estabilizaci\u00f3n de manera natural, por lo que fue una de las principales se\u00f1aladas en las primeras teor\u00edas.<\/p>\n<p><!-- BREAK 3 --><\/p>\n<p>Sin embargo, los datos oficiales que hemos ido obteniendo a lo largo de las siguientes semanas <strong>est\u00e1n desmontando esta hip\u00f3tesis<\/strong>. La vicepresidenta tercera Sara Aagesen <a rel=\"noopener, noreferrer\" href=\"https:\/\/www.europapress.es\/economia\/energia-00341\/noticia-aagesen-afirma-sistema-electrico-contaba-inercia-acorde-momentos-previos-apagon-20250521104459.html\">confirm\u00f3<\/a> en el Senado que el sistema peninsular manten\u00eda una inercia de 2,3 segundos antes del fallo, superando el m\u00ednimo de dos segundos recomendado por los operadores europeos. El secretario de Estado de Energ\u00eda, Joan Groizard, <a rel=\"noopener, noreferrer\" href=\"https:\/\/x.com\/j_groizard\/status\/1925091444479402486\">a\u00f1adi\u00f3<\/a> que \u00abmuchos sistemas europeos operan frecuentemente con inercias inferiores a las que ten\u00eda el sistema el\u00e9ctrico peninsular en los momentos anteriores al cero del 28A\u00bb.<\/p>\n<p><!-- BREAK 4 --><\/p>\n<div class=\"article-asset-summary article-asset-normal article-asset-center\">\n<div class=\"asset-content\">\n<div class=\"sumario\">Una cascada de anomal\u00edas que podr\u00edan haber sido la causa de la p\u00e9rdida de inercia<\/div>\n<\/p><\/div>\n<\/div>\n<p>La investigaci\u00f3n est\u00e1 desvelando nuevos datos que precedieron al apag\u00f3n. Las autoridades han identificado oscilaciones an\u00f3malas en la red europea durante las horas previas al corte masivo. La primera, <a class=\"text-outboundlink\" href=\"https:\/\/www.xataka.com\/energia\/senales-estaban-ahi-europa-detecto-oscilaciones-apagon-espana-no-supo-anticipar-colapso\" data-vars-post-title=\"Las se\u00f1ales estaban ah\u00ed: Europa detect\u00f3 las oscilaciones del apag\u00f3n en Espa\u00f1a pero no supo anticipar el colapso \" data-vars-post-url=\"https:\/\/www.xataka.com\/energia\/senales-estaban-ahi-europa-detecto-oscilaciones-apagon-espana-no-supo-anticipar-colapso\">detectada<\/a> a las 12:03 con una amplitud de 0,6 Hz, se registr\u00f3 simult\u00e1neamente en Espa\u00f1a, Francia y Alemania, aunque <strong>su origen permanece sin aclarar<\/strong>.<\/p>\n<p><!-- BREAK 5 --><\/p>\n<p>Veinte minutos despu\u00e9s, una segunda oscilaci\u00f3n de menor intensidad <strong>se extendi\u00f3 hasta pa\u00edses tan lejanos como Letonia<\/strong>, seg\u00fan apunta Groizard . Estos movimientos anormales en la red parecen haber preparado el terreno para lo que vendr\u00eda despu\u00e9s.<\/p>\n<p><!-- BREAK 6 --><\/p>\n<div class=\"article-asset article-asset-normal article-asset-center\">\n<div class=\"desvio-container\">\n<div class=\"desvio\">\n<div class=\"desvio-figure js-desvio-figure\">\n    <a href=\"https:\/\/www.xatakahome.com\/la-red-local\/este-ingeniero-se-paso-apagon-logro-encender-su-router-conectarlo-a-internet-usando-pilas\" class=\"pivot-outboundlink\" data-vars-post-title=\"Este ingeniero se pas\u00f3 el apag\u00f3n: logr\u00f3 encender su router y conectarlo a Internet usando pilas\"><br \/>\n     <img loading=\"lazy\" decoding=\"async\" alt=\"Este ingeniero se pas\u00f3 el apag\u00f3n: logr\u00f3 encender su router y conectarlo a Internet usando pilas\" width=\"375\" height=\"142\" src=\"https:\/\/i.blogs.es\/a206e2\/router-2\/375_142.jpeg\"><br \/>\n    <\/a>\n   <\/div>\n<div class=\"desvio-summary\">\n<div class=\"desvio-taxonomy js-desvio-taxonomy\">\n     <a href=\"https:\/\/www.xatakahome.com\/la-red-local\/este-ingeniero-se-paso-apagon-logro-encender-su-router-conectarlo-a-internet-usando-pilas\" class=\"desvio-taxonomy-anchor pivot-outboundlink\" data-vars-post-title=\"Este ingeniero se pas\u00f3 el apag\u00f3n: logr\u00f3 encender su router y conectarlo a Internet usando pilas\">En Xataka Smart Home<\/a>\n    <\/div>\n<p>    <a href=\"https:\/\/www.xatakahome.com\/la-red-local\/este-ingeniero-se-paso-apagon-logro-encender-su-router-conectarlo-a-internet-usando-pilas\" class=\"desvio-title js-desvio-title pivot-outboundlink\" data-vars-post-title=\"Este ingeniero se pas\u00f3 el apag\u00f3n: logr\u00f3 encender su router y conectarlo a Internet usando pilas\">Este ingeniero se pas\u00f3 el apag\u00f3n: logr\u00f3 encender su router y conectarlo a Internet usando pilas<\/a>\n   <\/div>\n<\/p><\/div>\n<\/p><\/div>\n<\/div>\n<p>Entre las 12:32:57 y las 12:33:17, el sistema sufri\u00f3 <strong>tres p\u00e9rdidas de generaci\u00f3n casi simult\u00e1neas<\/strong> que sumaron 2,2 gigavatios en las provincias de Granada, Badajoz y Sevilla. Esta coincidencia temporal ha llevado a los expertos a descartar la casualidad y buscar una causa com\u00fan.<\/p>\n<p><!-- BREAK 7 --><\/p>\n<p>Las declaraciones gubernamentales <strong>se\u00f1alan hacia las sobretensiones como el verdadero detonante del problema<\/strong>. Groizard ha sido expl\u00edcito al afirmar que \u00abel principal factor de disparo est\u00e1 asociado a la sobretensi\u00f3n\u00bb, no a la falta de inercia.<\/p>\n<p><!-- BREAK 8 --><\/p>\n<p>Esta explicaci\u00f3n coincide con <a rel=\"noopener, noreferrer\" href=\"https:\/\/www.linkedin.com\/posts\/luisbadesa_iberia-blackout-2025-activity-7329865554536611841-dLmB\">el an\u00e1lisis independiente<\/a> del profesor Luis Badesa, de la Universidad Polit\u00e9cnica de Madrid, quien desde el principio consider\u00f3 sospechosas las sobretensiones en las l\u00edneas de alta tensi\u00f3n del suroeste peninsular.<\/p>\n<p><!-- BREAK 9 --><\/p>\n<div class=\"article-asset-video article-asset-normal\">\n<div class=\"asset-content\">\n<div class=\"base-asset-video\">\n<div class=\"js-dailymotion\">\n    <script type=\"application\/json\">\n                          {\"videoId\":\"x7znesx\",\"autoplay\":true,\"title\":\"Edificio de autoconsumo AS\u00cd FUNCIONAN - Paneles solares en bloques de pisos\", \"tag\":\"solar\", \"duration\":\"564\"}\n                  <\/script>\n   <\/div>\n<\/p><\/div>\n<\/p><\/div>\n<\/div>\n<p>Para Badesa, el punto de inflexi\u00f3n lleg\u00f3 a las 12:33:20, cuando la pen\u00ednsula perdi\u00f3 la conexi\u00f3n con Francia. En ese momento cr\u00edtico, con un 70% de la electricidad proveniente de fuentes renovables (59% solar y 11% e\u00f3lica), <strong>la escasa inercia del sistema aislado s\u00ed jug\u00f3 un papel determinante<\/strong>.<\/p>\n<p><!-- BREAK 10 --><\/p>\n<p>Sin la estabilizaci\u00f3n que proporcionan las grandes turbinas, <strong>la frecuencia comenz\u00f3 a fluctuar r\u00e1pidamente<\/strong>, activando los sistemas de protecci\u00f3n de numerosas centrales que se desconectaron autom\u00e1ticamente para evitar da\u00f1os. Este efecto domin\u00f3 complet\u00f3 el apag\u00f3n general.<\/p>\n<p><!-- BREAK 11 --><\/p>\n<div class=\"article-asset article-asset-normal article-asset-center\">\n<div class=\"desvio-container\">\n<div class=\"desvio\">\n<div class=\"desvio-figure js-desvio-figure\">\n    <a href=\"https:\/\/www.xatakahome.com\/iluminacion-y-energia\/como-saber-tu-compania-electrica-va-a-cortar-luz-tu-calle-averia-mantenimiento-red\" class=\"pivot-outboundlink\" data-vars-post-title=\"Los cortes de luz no son algo exclusivo de los grandes apagones: as\u00ed puedes saber si tu compa\u00f1\u00eda el\u00e9ctrica planea uno en tu calle\"><br \/>\n     <img loading=\"lazy\" decoding=\"async\" alt=\"Los cortes de luz no son algo exclusivo de los grandes apagones: as\u00ed puedes saber si tu compa\u00f1\u00eda el\u00e9ctrica planea uno en tu calle\" width=\"375\" height=\"142\" src=\"https:\/\/i.blogs.es\/7d1c78\/cuadro-luz\/375_142.jpeg\"><br \/>\n    <\/a>\n   <\/div>\n<div class=\"desvio-summary\">\n<div class=\"desvio-taxonomy js-desvio-taxonomy\">\n     <a href=\"https:\/\/www.xatakahome.com\/iluminacion-y-energia\/como-saber-tu-compania-electrica-va-a-cortar-luz-tu-calle-averia-mantenimiento-red\" class=\"desvio-taxonomy-anchor pivot-outboundlink\" data-vars-post-title=\"Los cortes de luz no son algo exclusivo de los grandes apagones: as\u00ed puedes saber si tu compa\u00f1\u00eda el\u00e9ctrica planea uno en tu calle\">En Xataka Smart Home<\/a>\n    <\/div>\n<p>    <a href=\"https:\/\/www.xatakahome.com\/iluminacion-y-energia\/como-saber-tu-compania-electrica-va-a-cortar-luz-tu-calle-averia-mantenimiento-red\" class=\"desvio-title js-desvio-title pivot-outboundlink\" data-vars-post-title=\"Los cortes de luz no son algo exclusivo de los grandes apagones: as\u00ed puedes saber si tu compa\u00f1\u00eda el\u00e9ctrica planea uno en tu calle\">Los cortes de luz no son algo exclusivo de los grandes apagones: as\u00ed puedes saber si tu compa\u00f1\u00eda el\u00e9ctrica planea uno en tu calle<\/a>\n   <\/div>\n<\/p><\/div>\n<\/p><\/div>\n<\/div>\n<p>Los an\u00e1lisis t\u00e9cnicos confluyen hacia una hip\u00f3tesis matizada: la baja inercia renovable no provoc\u00f3 el fallo inicial, pero <strong>s\u00ed aceler\u00f3 el colapso una vez que la pen\u00ednsula qued\u00f3 aislada del resto de Europa<\/strong>. Como explica Badesa, \u00abning\u00fan operador dise\u00f1a su red para soportar tres grupos fuera de servicio de golpe cuando est\u00e1 aislado\u00bb.<\/p>\n<p><!-- BREAK 12 --><\/p>\n<p>El Gobierno espera disponer del informe oficial <strong>en \u201cmenos de tres meses\u201d<\/strong>, que deber\u00e1 aclarar definitivamente las causas del incidente calificado como el m\u00e1s grave del sistema el\u00e9ctrico espa\u00f1ol en su historia.<\/p>\n<p><!-- BREAK 13 --><\/p>\n<p>Imagen de portada | <a rel=\"noopener, noreferrer\" href=\"https:\/\/unsplash.com\/es\/@publicpowerorg\">American Public Power Association<\/a><\/p>\n<p>En Xataka Smart Home | <a class=\"text-outboundlink\" href=\"https:\/\/www.xatakahome.com\/iluminacion-y-energia\/16-anos-despues-paneles-solares-perovskita-han-evolucionado-que-pueden-cambiar-industria-esto-que-ofrecen\" data-vars-post-title=\"16 a\u00f1os despu\u00e9s, los paneles solares de perovskita han evolucionado tanto que pueden cambiar la industria: esto es lo que ofrecen \" data-vars-post-url=\"https:\/\/www.xatakahome.com\/iluminacion-y-energia\/16-anos-despues-paneles-solares-perovskita-han-evolucionado-que-pueden-cambiar-industria-esto-que-ofrecen\">16 a\u00f1os despu\u00e9s, los paneles solares de \u00a0perovskita han evolucionado tanto que pueden cambiar la industria: esto \u00a0es lo que ofrecen<\/a><\/p>\n<p><!-- BREAK 14 --><script>\n (function() {\n  window._JS_MODULES = window._JS_MODULES || {};\n  var headElement = document.getElementsByTagName('head')[0];\n  if (_JS_MODULES.instagram) {\n   var instagramScript = document.createElement('script');\n   instagramScript.src = 'https:\/\/platform.instagram.com\/en_US\/embeds.js';\n   instagramScript.async = true;\n   instagramScript.defer = true;\n   headElement.appendChild(instagramScript);\n  }\n })();\n<\/script><\/p>\n<p> &#8211; <br \/> La noticia<br \/>\n      <a href=\"https:\/\/www.xatakahome.com\/iluminacion-y-energia\/apagon-espana-nos-plantea-muchas-incognitas-nuevas-hipotesis-apuntan-a-otras-causas-alla-falta-inercia?utm_source=feedburner&amp;utm_medium=feed&amp;utm_campaign=26_May_2025\"><br \/>\n       <em> El apag\u00f3n en Espa\u00f1a a\u00fan nos plantea muchas inc\u00f3gnitas: las nuevas hip\u00f3tesis apuntan a otras causas m\u00e1s all\u00e1 de la falta de inercia  <\/em><br \/>\n      <\/a><br \/>\n      fue publicada originalmente en<br \/>\n      <a href=\"https:\/\/www.xatakahome.com\/?utm_source=feedburner&amp;utm_medium=feed&amp;utm_campaign=26_May_2025\"><br \/>\n       <strong> Xataka Smart Home <\/strong><br \/>\n      <\/a><br \/>\n             por <a href=\"https:\/\/www.xatakahome.com\/autor\/antonio-vallejo?utm_source=feedburner&amp;utm_medium=feed&amp;utm_campaign=26_May_2025\"><br \/>\n        Antonio Vallejo<br \/>\n       <\/a><br \/>\n      . <\/p>\n<\/div>\n","protected":false},"excerpt":{"rendered":"<p>Si bien en un primer momento podr\u00edamos esperar que lo del apag\u00f3n el\u00e9ctrico iba a tener una respuesta mucho m\u00e1s contundente, nada m\u00e1s lejos de la verdad. El cero energ\u00e9tico al que alcanzamos el pasado 28 de abril en la pen\u00ednsula ib\u00e9rica est\u00e1 dejando entrever una historia m\u00e1s compleja de lo esperado. Los primeros an\u00e1lisis &hellip; <a href=\"https:\/\/domosistemas.com\/?p=28672\" class=\"more-link\">Sigue leyendo <span class=\"screen-reader-text\">El apag\u00f3n en Espa\u00f1a a\u00fan nos plantea muchas inc\u00f3gnitas: las nuevas hip\u00f3tesis apuntan a otras causas m\u00e1s all\u00e1 de la falta de inercia<\/span><\/a><\/p>\n","protected":false},"author":1,"featured_media":0,"comment_status":"closed","ping_status":"closed","sticky":false,"template":"","format":"standard","meta":{"footnotes":""},"categories":[8],"tags":[],"class_list":["post-28672","post","type-post","status-publish","format-standard","hentry","category-xataka"],"_links":{"self":[{"href":"https:\/\/domosistemas.com\/index.php?rest_route=\/wp\/v2\/posts\/28672","targetHints":{"allow":["GET"]}}],"collection":[{"href":"https:\/\/domosistemas.com\/index.php?rest_route=\/wp\/v2\/posts"}],"about":[{"href":"https:\/\/domosistemas.com\/index.php?rest_route=\/wp\/v2\/types\/post"}],"author":[{"embeddable":true,"href":"https:\/\/domosistemas.com\/index.php?rest_route=\/wp\/v2\/users\/1"}],"replies":[{"embeddable":true,"href":"https:\/\/domosistemas.com\/index.php?rest_route=%2Fwp%2Fv2%2Fcomments&post=28672"}],"version-history":[{"count":0,"href":"https:\/\/domosistemas.com\/index.php?rest_route=\/wp\/v2\/posts\/28672\/revisions"}],"wp:attachment":[{"href":"https:\/\/domosistemas.com\/index.php?rest_route=%2Fwp%2Fv2%2Fmedia&parent=28672"}],"wp:term":[{"taxonomy":"category","embeddable":true,"href":"https:\/\/domosistemas.com\/index.php?rest_route=%2Fwp%2Fv2%2Fcategories&post=28672"},{"taxonomy":"post_tag","embeddable":true,"href":"https:\/\/domosistemas.com\/index.php?rest_route=%2Fwp%2Fv2%2Ftags&post=28672"}],"curies":[{"name":"wp","href":"https:\/\/api.w.org\/{rel}","templated":true}]}}