{"id":28686,"date":"2025-05-27T14:29:53","date_gmt":"2025-05-27T14:29:53","guid":{"rendered":"https:\/\/domosistemas.com\/?p=28686"},"modified":"2025-05-27T14:29:53","modified_gmt":"2025-05-27T14:29:53","slug":"el-apagon-electrico-nos-deja-una-nueva-subida-en-el-precio-de-la-luz-un-mes-despues-asi-quedan-los-precios-en-mayo","status":"publish","type":"post","link":"https:\/\/domosistemas.com\/?p=28686","title":{"rendered":"El apag\u00f3n el\u00e9ctrico nos deja una nueva subida en el precio de la luz un mes despu\u00e9s: as\u00ed quedan los precios en mayo"},"content":{"rendered":"<div>\n<p>\n      <img decoding=\"async\" src=\"https:\/\/i.blogs.es\/cba587\/mikael-kristenson-myxf7tgentk-unsplash\/1024_2000.jpeg\" alt=\"El apag\u00f3n el\u00e9ctrico nos deja una nueva subida en el precio de la luz un mes despu\u00e9s: as\u00ed quedan los precios en mayo \">\n    <\/p>\n<p>La factura el\u00e9ctrica de los hogares espa\u00f1oles acogidos a la tarifa regulada ha experimentado <strong>un nuevo incremento del 3,5%<\/strong> durante <a class=\"text-outboundlink\" href=\"https:\/\/www.xatakahome.com\/iluminacion-y-energia\/tarifas-precio-luz-barato-mayo-2025-asi-queda-pvpc-respecto-al-mercado-libre\" data-vars-post-title=\"Las tarifas con el precio de la luz m\u00e1s barato en mayo de 2025: as\u00ed queda la PVPC con respecto al mercado libre \" data-vars-post-url=\"https:\/\/www.xatakahome.com\/iluminacion-y-energia\/tarifas-precio-luz-barato-mayo-2025-asi-queda-pvpc-respecto-al-mercado-libre\">el mes de mayo<\/a>, alcanzando los 43,46 euros para un consumidor medio, seg\u00fan apuntan desde <a rel=\"noopener, noreferrer\" href=\"https:\/\/www.larazon.es\/economia\/recibo-luz-sube-10-gran-apagon_202505256832e417812a8f1e6a041c0a.html\">La Raz\u00f3n<\/a>. Este aumento llega justo un mes despu\u00e9s del <a class=\"text-outboundlink\" href=\"https:\/\/www.genbeta.com\/actualidad\/espana-se-ha-quedado-entera-luz-mucha-gente-no-tiene-acceso-a-internet-apagon-general\" data-vars-post-title=\"Espa\u00f1a se ha quedado sin luz con un enorme apag\u00f3n: hay cortes masivos de Internet y de comunicaciones\" data-vars-post-url=\"https:\/\/www.genbeta.com\/actualidad\/espana-se-ha-quedado-entera-luz-mucha-gente-no-tiene-acceso-a-internet-apagon-general\">hist\u00f3rico apag\u00f3n<\/a> el\u00e9ctrico que dej\u00f3 sin suministro a toda la pen\u00ednsula ib\u00e9rica el pasado 28 de abril.<\/p>\n<p><!-- BREAK 1 --><\/p>\n<p>Seg\u00fan <a rel=\"noopener, noreferrer\" href=\"https:\/\/comparador.cnmc.gob.es\/\">los datos del simulador oficial<\/a> de la Comisi\u00f3n Nacional de los Mercados y la Competencia (CNMC), el alza representa un incremento respecto a los 41,99 euros que costaba la electricidad en abril. <strong>La subida resulta a\u00fan m\u00e1s significativa si se compara con el mismo per\u00edodo del a\u00f1o anterior<\/strong>, cuando la factura ascend\u00eda a 39,23 euros, lo que supone un incremento interanual del 10,8%.<\/p>\n<p><!-- BREAK 2 --><\/p>\n<h2>Un mes despu\u00e9s del apag\u00f3n, suben los precios<\/h2>\n<p>El incremento en el coste de la luz coincide con las medidas adoptadas por el sistema para evitar repetir el grave incidente del 28 de abril, cuando <strong>toda la pen\u00ednsula se qued\u00f3 sin electricidad durante varias horas<\/strong>. Aunque las investigaciones oficiales contin\u00faan, las autoridades han puesto en marcha diversos ajustes operativos que podr\u00edan estar influyendo en los costes del suministro.<\/p>\n<p><!-- BREAK 3 --><\/p>\n<div class=\"article-asset article-asset-normal article-asset-center\">\n<div class=\"desvio-container\">\n<div class=\"desvio\">\n<div class=\"desvio-figure js-desvio-figure\">\n    <a href=\"https:\/\/www.xatakahome.com\/iluminacion-y-energia\/como-saber-tu-compania-electrica-va-a-cortar-luz-tu-calle-averia-mantenimiento-red\" class=\"pivot-outboundlink\" data-vars-post-title=\"Los cortes de luz no son algo exclusivo de los grandes apagones: as\u00ed puedes saber si tu compa\u00f1\u00eda el\u00e9ctrica planea uno en tu calle\"><br \/>\n     <img loading=\"lazy\" decoding=\"async\" alt=\"Los cortes de luz no son algo exclusivo de los grandes apagones: as\u00ed puedes saber si tu compa\u00f1\u00eda el\u00e9ctrica planea uno en tu calle\" width=\"375\" height=\"142\" src=\"https:\/\/i.blogs.es\/7d1c78\/cuadro-luz\/375_142.jpeg\"><br \/>\n    <\/a>\n   <\/div>\n<div class=\"desvio-summary\">\n<div class=\"desvio-taxonomy js-desvio-taxonomy\">\n     <a href=\"https:\/\/www.xatakahome.com\/iluminacion-y-energia\/como-saber-tu-compania-electrica-va-a-cortar-luz-tu-calle-averia-mantenimiento-red\" class=\"desvio-taxonomy-anchor pivot-outboundlink\" data-vars-post-title=\"Los cortes de luz no son algo exclusivo de los grandes apagones: as\u00ed puedes saber si tu compa\u00f1\u00eda el\u00e9ctrica planea uno en tu calle\">En Xataka Smart Home<\/a>\n    <\/div>\n<p>    <a href=\"https:\/\/www.xatakahome.com\/iluminacion-y-energia\/como-saber-tu-compania-electrica-va-a-cortar-luz-tu-calle-averia-mantenimiento-red\" class=\"desvio-title js-desvio-title pivot-outboundlink\" data-vars-post-title=\"Los cortes de luz no son algo exclusivo de los grandes apagones: as\u00ed puedes saber si tu compa\u00f1\u00eda el\u00e9ctrica planea uno en tu calle\">Los cortes de luz no son algo exclusivo de los grandes apagones: as\u00ed puedes saber si tu compa\u00f1\u00eda el\u00e9ctrica planea uno en tu calle<\/a>\n   <\/div>\n<\/p><\/div>\n<\/p><\/div>\n<\/div>\n<p>El apag\u00f3n, considerado <strong>el m\u00e1s grave de la historia del sistema el\u00e9ctrico espa\u00f1ol<\/strong>, a\u00fan se est\u00e1 investigado. El Gobierno confirm\u00f3 que publicar\u00eda un informe detallado \u201cantes de tres meses\u201d. Si bien en un primer momento se apuntaba a la falta de inercia por culpa de las renovables, nuevos indicios <a class=\"text-outboundlink\" href=\"https:\/\/www.xatakahome.com\/iluminacion-y-energia\/apagon-espana-nos-plantea-muchas-incognitas-nuevas-hipotesis-apuntan-a-otras-causas-alla-falta-inercia\" data-vars-post-title=\"Sabemos m\u00e1s datos del apag\u00f3n en Espa\u00f1a, y la falta de inercia por las renovables parece cada vez menos culpable\" data-vars-post-url=\"https:\/\/www.xatakahome.com\/iluminacion-y-energia\/apagon-espana-nos-plantea-muchas-incognitas-nuevas-hipotesis-apuntan-a-otras-causas-alla-falta-inercia\">apuntan a sobretensiones en la red<\/a> como posible causa inicial, seguidas de una cascada de desconexiones que culmin\u00f3 con el aislamiento de la pen\u00ednsula del resto de Europa.<\/p>\n<p><!-- BREAK 4 --><\/p>\n<p>En este caso, los c\u00e1lculos de la CNMC se basan en <strong>un perfil de consumo est\u00e1ndar<\/strong>: un hogar con 4 kW de potencia contratada y un consumo anual de 3.240 kilovatios hora, par\u00e1metros que representan al usuario medio espa\u00f1ol de la tarifa regulada. No obstante, a trav\u00e9s de la herramienta podemos simular el precio con nuestro propio consumo, siendo la caracter\u00edstica m\u00e1s \u00fatil del propio comparador.<\/p>\n<p><!-- BREAK 5 --><\/p>\n<div class=\"article-asset-video article-asset-normal\">\n<div class=\"asset-content\">\n<div class=\"base-asset-video\">\n<div class=\"js-dailymotion\">\n    <script type=\"application\/json\">\n                          {\"videoId\":\"x7znesx\",\"autoplay\":true,\"title\":\"Edificio de autoconsumo AS\u00cd FUNCIONAN - Paneles solares en bloques de pisos\", \"tag\":\"solar\", \"duration\":\"564\"}\n                  <\/script>\n   <\/div>\n<\/p><\/div>\n<\/p><\/div>\n<\/div>\n<p>Pese al incremento registrado en mayo, la escalada de precios <strong>a\u00fan es inferior a la de meses anteriores.<\/strong> Tal y como asegura el medio, la subida del 3,5% contrasta con los aumentos mucho m\u00e1s pronunciados de principios de a\u00f1o, cuando febrero marc\u00f3 un r\u00e9cord con un incremento del 60% respecto al a\u00f1o anterior.<\/p>\n<p><!-- BREAK 6 --><\/p>\n<p>Esta evoluci\u00f3n refleja el comportamiento irregular que ha caracterizado al mercado el\u00e9ctrico espa\u00f1ol durante los \u00faltimos meses. Tras las fuertes subidas de febrero y marzo (27,5%), abril registr\u00f3 un descenso del 12,6%, para volver a repuntar en mayo, aunque de forma mucho m\u00e1s contenida.<\/p>\n<p><!-- BREAK 7 --><\/p>\n<p>En Xataka Smart Home | <a class=\"text-outboundlink\" href=\"https:\/\/www.xatakahome.com\/seleccion\/tener-luz-balcon-terraza-gastar-factura-posible-gracias-a-foco-como-este-ahora-esta-rebajado\" data-vars-post-title=\"Llevo tiempo pensando en c\u00f3mo iluminar mi balc\u00f3n sin gastar de m\u00e1s en la factura de la luz y este foco solar es la soluci\u00f3n\" data-vars-post-url=\"https:\/\/www.xatakahome.com\/seleccion\/tener-luz-balcon-terraza-gastar-factura-posible-gracias-a-foco-como-este-ahora-esta-rebajado\">Llevo tiempo pensando en c\u00f3mo iluminar mi balc\u00f3n sin gastar de m\u00e1s en la factura de la luz y este foco solar es la soluci\u00f3n<\/a><\/p>\n<p><script>\n (function() {\n  window._JS_MODULES = window._JS_MODULES || {};\n  var headElement = document.getElementsByTagName('head')[0];\n  if (_JS_MODULES.instagram) {\n   var instagramScript = document.createElement('script');\n   instagramScript.src = 'https:\/\/platform.instagram.com\/en_US\/embeds.js';\n   instagramScript.async = true;\n   instagramScript.defer = true;\n   headElement.appendChild(instagramScript);\n  }\n })();\n<\/script><\/p>\n<p> &#8211; <br \/> La noticia<br \/>\n      <a href=\"https:\/\/www.xatakahome.com\/hogar\/apagon-electrico-nos-deja-nueva-subida-precio-luz-mes-despues-asi-quedan-precios-mayo?utm_source=feedburner&amp;utm_medium=feed&amp;utm_campaign=27_May_2025\"><br \/>\n       <em> El apag\u00f3n el\u00e9ctrico nos deja una nueva subida en el precio de la luz un mes despu\u00e9s: as\u00ed quedan los precios en mayo  <\/em><br \/>\n      <\/a><br \/>\n      fue publicada originalmente en<br \/>\n      <a href=\"https:\/\/www.xatakahome.com\/?utm_source=feedburner&amp;utm_medium=feed&amp;utm_campaign=27_May_2025\"><br \/>\n       <strong> Xataka Smart Home <\/strong><br \/>\n      <\/a><br \/>\n             por <a href=\"https:\/\/www.xatakahome.com\/autor\/antonio-vallejo?utm_source=feedburner&amp;utm_medium=feed&amp;utm_campaign=27_May_2025\"><br \/>\n        Antonio Vallejo<br \/>\n       <\/a><br \/>\n      . <\/p>\n<\/div>\n","protected":false},"excerpt":{"rendered":"<p>La factura el\u00e9ctrica de los hogares espa\u00f1oles acogidos a la tarifa regulada ha experimentado un nuevo incremento del 3,5% durante el mes de mayo, alcanzando los 43,46 euros para un consumidor medio, seg\u00fan apuntan desde La Raz\u00f3n. Este aumento llega justo un mes despu\u00e9s del hist\u00f3rico apag\u00f3n el\u00e9ctrico que dej\u00f3 sin suministro a toda la &hellip; <a href=\"https:\/\/domosistemas.com\/?p=28686\" class=\"more-link\">Sigue leyendo <span class=\"screen-reader-text\">El apag\u00f3n el\u00e9ctrico nos deja una nueva subida en el precio de la luz un mes despu\u00e9s: as\u00ed quedan los precios en mayo<\/span><\/a><\/p>\n","protected":false},"author":1,"featured_media":0,"comment_status":"closed","ping_status":"closed","sticky":false,"template":"","format":"standard","meta":{"footnotes":""},"categories":[8],"tags":[],"class_list":["post-28686","post","type-post","status-publish","format-standard","hentry","category-xataka"],"_links":{"self":[{"href":"https:\/\/domosistemas.com\/index.php?rest_route=\/wp\/v2\/posts\/28686","targetHints":{"allow":["GET"]}}],"collection":[{"href":"https:\/\/domosistemas.com\/index.php?rest_route=\/wp\/v2\/posts"}],"about":[{"href":"https:\/\/domosistemas.com\/index.php?rest_route=\/wp\/v2\/types\/post"}],"author":[{"embeddable":true,"href":"https:\/\/domosistemas.com\/index.php?rest_route=\/wp\/v2\/users\/1"}],"replies":[{"embeddable":true,"href":"https:\/\/domosistemas.com\/index.php?rest_route=%2Fwp%2Fv2%2Fcomments&post=28686"}],"version-history":[{"count":0,"href":"https:\/\/domosistemas.com\/index.php?rest_route=\/wp\/v2\/posts\/28686\/revisions"}],"wp:attachment":[{"href":"https:\/\/domosistemas.com\/index.php?rest_route=%2Fwp%2Fv2%2Fmedia&parent=28686"}],"wp:term":[{"taxonomy":"category","embeddable":true,"href":"https:\/\/domosistemas.com\/index.php?rest_route=%2Fwp%2Fv2%2Fcategories&post=28686"},{"taxonomy":"post_tag","embeddable":true,"href":"https:\/\/domosistemas.com\/index.php?rest_route=%2Fwp%2Fv2%2Ftags&post=28686"}],"curies":[{"name":"wp","href":"https:\/\/api.w.org\/{rel}","templated":true}]}}