{"id":28698,"date":"2025-05-28T12:42:11","date_gmt":"2025-05-28T12:42:11","guid":{"rendered":"https:\/\/domosistemas.com\/?p=28698"},"modified":"2025-05-28T12:42:11","modified_gmt":"2025-05-28T12:42:11","slug":"regresa-a-lidl-el-dispositivo-ideal-para-sobrevivir-a-la-primera-ola-de-calor-del-verano","status":"publish","type":"post","link":"https:\/\/domosistemas.com\/?p=28698","title":{"rendered":"Regresa a Lidl el dispositivo ideal para sobrevivir a la primera ola de calor del verano"},"content":{"rendered":"<div>\n<p>\n      <img decoding=\"async\" src=\"https:\/\/i.blogs.es\/04ed36\/ofertas_cpa_v3-copia-38-\/1024_2000.jpeg\" alt=\"Regresa a Lidl el dispositivo ideal para sobrevivir a la primera ola de calor del verano \">\n    <\/p>\n<p>Si le est\u00e1s temiendo ya a las <a class=\"text-outboundlink\" href=\"https:\/\/www.xataka.com\/ecologia-y-naturaleza\/aemet-avisa-calor-esta-aqui-termometros-van-enfilados-40o\" data-vars-post-title=\"Si estabas cansado de las lluvias y el fr\u00edo de primaver, AEMET tiene una noticia para ti: vuelven los 40\u00ba a Espa\u00f1a\" data-vars-post-url=\"https:\/\/www.xataka.com\/ecologia-y-naturaleza\/aemet-avisa-calor-esta-aqui-termometros-van-enfilados-40o\">olas de calor<\/a> del verano, vamos a vivir la primera ola del a\u00f1o. Para que no est\u00e9s sufriendo en casa y chorreando en sudor, los <strong>aires acondicionados port\u00e1tiles<\/strong> son una buena soluci\u00f3n si no quieres hacer obras e instalaciones complejas, sobre todo si vives de alquiler.<\/p>\n<p><!-- BREAK 1 --><\/p>\n<p>Ahora, en Lidl, puedes conseguir este <strong>aire acondicionado port\u00e1til Comfee<\/strong>, uno de los productos estrella de cada verano en la cadena de supermercados alemana. Lo puedes conseguir por <a rel=\"nofollow, sponsored, noopener, noreferrer\" target=\"_blank\" class=\"js-ecommerce\" id=\"link-ecommerce-1\" href=\"https:\/\/www.xatakahome.com\/redirect?url=https%3A%2F%2Fwww.lidl.es%2Fes%2Fcomfee-aire-acondicionado-portatil-960-w%2Fp40775&amp;category=seleccion&amp;ecomPostExpiration=everlasting&amp;postId=117701\" data-vars-affiliate-url=\"https:\/\/www.lidl.es\/es\/comfee-aire-acondicionado-portatil-960-w\/p40775\">229,99 euros<\/a>.<\/p>\n<p><!-- BREAK 2 --><!-- PIVOT START --><\/p>\n<div class=\"pivot-ecommerce-container m-pivot-ecommerce-redesign article-asset-normal article-asset-center\">\n<div class=\"pivot-ecommerce\">\n<div class=\"pivot-ecommerce-figure\">\n  <a rel=\"nofollow, sponsored, noopener, noreferrer\" target=\"_blank\" href=\"https:\/\/www.xataka.com\/ecologia-y-naturaleza\/aemet-avisa-calor-esta-aqui-termometros-van-enfilados-40o\"><br \/>\n   <img loading=\"lazy\" decoding=\"async\" alt=\"Aire acondicionado port\u00e1til Comfee\" width=\"600\" height=\"600\" src=\"https:\/\/i.blogs.es\/2d4402\/blob\/original.jpeg\"><br \/>\n  <\/a>\n  <\/div>\n<div class=\"pivot-ecommerce-summary\">\n<p class=\"pivot-ecommerce-desc\">Aire acondicionado port\u00e1til Comfee<\/p>\n<div class=\"pivot-actions \">\n<div class=\"pivot-actions-row\">\n <a rel=\"nofollow, sponsored, noopener, noreferrer\" target=\"_blank\" data-asin=\"\" data-store=\"\" href=\"https:\/\/www.xataka.com\/ecologia-y-naturaleza\/aemet-avisa-calor-esta-aqui-termometros-van-enfilados-40o\" title=\"Precio de venta al p\u00fablico a fecha de publicaci\u00f3n\" class=\"pivot-action-btn pivot-action-primary\">PVP en Lidl \u2014 <strong><span class=\"js-deal-price\">229,99<\/span> \u20ac<\/strong><\/a><br \/>\n   <a rel=\"nofollow, sponsored, noopener, noreferrer\" target=\"_blank\" data-asin=\"B07KJT9K9M\" data-store=\"Amazon\" href=\"https:\/\/www.xatakahome.com\/redirect?url=https%3A%2F%2Fwww.amazon.es%2Fdp%2FB07KJT9K9M%3Ftag%3Dxatakahome-21%26linkCode%3Dogi%26th%3D1%26psc%3D1&amp;category=seleccion&amp;pivot=1&amp;ecomPostExpiration=everlasting&amp;postId=117701\" title=\"Precio actualizado hoy\" class=\"pivot-action-btn metrics-pivot-btn pivot-action-secondary\">Amazon \u2014 <strong><span class=\"js-deal-price\">265,95<\/span> \u20ac<\/strong><\/a>\n <\/div>\n<\/p><\/div>\n<\/p><\/div>\n<\/p><\/div>\n<div class=\"pivot-link-msg\">* Alg\u00fan precio puede haber cambiado desde la \u00faltima revisi\u00f3n<\/div>\n<\/p><\/div>\n<p><!-- PIVOT END --><\/p>\n<h2>Un aire acondicionado f\u00e1cil de colocar en cualquier habitaci\u00f3n de casa<\/h2>\n<div class=\"article-asset-image article-asset-normal article-asset-center\">\n<div class=\"asset-content\">\n                    <a rel=\"nofollow, sponsored, noopener, noreferrer\" target=\"_blank\" class=\"js-ecommerce\" id=\"link-ecommerce-2\" href=\"https:\/\/www.xatakahome.com\/redirect?url=https%3A%2F%2Fwww.lidl.es%2Fes%2Fcomfee-aire-acondicionado-portatil-960-w%2Fp40775&amp;category=seleccion&amp;ecomPostExpiration=everlasting&amp;postId=117701\" data-vars-affiliate-url=\"https:\/\/www.lidl.es\/es\/comfee-aire-acondicionado-portatil-960-w\/p40775\"><\/p>\n<p>    <img decoding=\"async\" alt=\"aire acondicionado port\u00e1til Comfee\" class=\"centro_sinmarco\" src=\"https:\/\/i.blogs.es\/4fd495\/proyecto-nuevo-24-\/450_1000.jpeg\"><br \/>\n     <\/a><\/p><\/div>\n<\/div>\n<p>Este <a class=\"text-outboundlink\" href=\"https:\/\/www.xatakahome.com\/seleccion\/adios-al-calor-casa-estos-mejores-aires-acondicionados-portatiles-que-arrasaran-este-verano\" data-vars-post-title=\"Estos son nuestros cinco aires acondicionados port\u00e1tiles favoritos para sobrellevar mejor este verano en casa\" data-vars-post-url=\"https:\/\/www.xatakahome.com\/seleccion\/adios-al-calor-casa-estos-mejores-aires-acondicionados-portatiles-que-arrasaran-este-verano\" data-id=\"noopener noreferrer\">aire acondicionado port\u00e1til<\/a> Comfee MPPH-07CRN7 es un modelo 3 en 1. Estos significa que, adem\u00e1s de ofrecer funci\u00f3n de aire acondicionado, tambi\u00e9n sirve como buen <strong>deshumidificador y ventilador<\/strong>.<\/p>\n<p><!-- BREAK 3 --><\/p>\n<div class=\"article-asset article-asset-normal article-asset-center\">\n<div class=\"desvio-container\">\n<div class=\"desvio\">\n<div class=\"desvio-figure js-desvio-figure\">\n    <a href=\"https:\/\/www.xatakahome.com\/seleccion\/lidl-tiene-este-toldo-para-terraza-jardin-muy-facil-instalar-adios-al-calor-miradas-curiosas-60-euros\" class=\"pivot-outboundlink\" data-vars-post-title=\"Lidl tiene este toldo para la terraza o jard\u00edn muy f\u00e1cil de instalar: adi\u00f3s al calor y miradas curiosas por menos de 60 euros \"><br \/>\n     <img loading=\"lazy\" decoding=\"async\" alt=\"Lidl tiene este toldo para la terraza o jard\u00edn muy f\u00e1cil de instalar: adi\u00f3s al calor y miradas curiosas por menos de 60 euros \" width=\"375\" height=\"142\" src=\"https:\/\/i.blogs.es\/934f1c\/ofertas_cpa_v3-copia-21-\/375_142.jpeg\"><br \/>\n    <\/a>\n   <\/div>\n<div class=\"desvio-summary\">\n<div class=\"desvio-taxonomy js-desvio-taxonomy\">\n     <a href=\"https:\/\/www.xatakahome.com\/seleccion\/lidl-tiene-este-toldo-para-terraza-jardin-muy-facil-instalar-adios-al-calor-miradas-curiosas-60-euros\" class=\"desvio-taxonomy-anchor pivot-outboundlink\" data-vars-post-title=\"Lidl tiene este toldo para la terraza o jard\u00edn muy f\u00e1cil de instalar: adi\u00f3s al calor y miradas curiosas por menos de 60 euros \">En Xataka Smart Home<\/a>\n    <\/div>\n<p>    <a href=\"https:\/\/www.xatakahome.com\/seleccion\/lidl-tiene-este-toldo-para-terraza-jardin-muy-facil-instalar-adios-al-calor-miradas-curiosas-60-euros\" class=\"desvio-title js-desvio-title pivot-outboundlink\" data-vars-post-title=\"Lidl tiene este toldo para la terraza o jard\u00edn muy f\u00e1cil de instalar: adi\u00f3s al calor y miradas curiosas por menos de 60 euros \">Lidl tiene este toldo para la terraza o jard\u00edn muy f\u00e1cil de instalar: adi\u00f3s al calor y miradas curiosas por menos de 60 euros <\/a>\n   <\/div>\n<\/p><\/div>\n<\/p><\/div>\n<\/div>\n<div class=\"article-asset-video article-asset-normal\">\n<div class=\"asset-content\">\n<div class=\"base-asset-video\">\n<div class=\"js-dailymotion\">\n    <script type=\"application\/json\">\n                          {\"videoId\":\"x8006fc\",\"autoplay\":true,\"title\":\"C\u00f3mo dormir cuando hace mucho calor y no tienes aire acondicionado\", \"tag\":\"\", \"duration\":\"217\"}\n                  <\/script>\n   <\/div>\n<\/p><\/div>\n<\/p><\/div>\n<\/div>\n<p>Funciona con una capacidad de refrigeraci\u00f3n de 7.000 BTU (que equivale a <strong>1.750 frigor\u00edas<\/strong>), por lo que es perfecto para enfriar estancias de hasta 25 metros cuadrados. En cuanto a su funci\u00f3n de <a class=\"text-outboundlink\" href=\"https:\/\/www.xatakahome.com\/seleccion\/busca-mejor-deshumidificador-cual-comprar-consejos-recomendaciones\" data-vars-post-title=\"En busca del mejor deshumidificador: \u00bfcu\u00e1l comprar? Consejos y recomendaciones \" data-vars-post-url=\"https:\/\/www.xatakahome.com\/seleccion\/busca-mejor-deshumidificador-cual-comprar-consejos-recomendaciones\">deshumidificador<\/a>, tiene una capacidad de 43,5 litros cada 24 horas.<\/p>\n<p><!-- BREAK 4 --><\/p>\n<p>Si lo quieres utilizar para dormir fresquito, debes saber que aunque no es el modelo m\u00e1s silencioso del mercado, funciona con un nivel de ruido de 63 dB. Funciona a trav\u00e9s del <strong>display LED<\/strong> que tiene en su parte superior o bien mediante el mando a distancia que incorpora. Tambi\u00e9n se puede destacar que integra funciones de programaci\u00f3n y temporizador.<\/p>\n<p><!-- BREAK 5 --><\/p>\n<h2>La alternativa de Leroy Merlin<\/h2>\n<p>Este aire acondicionado port\u00e1til suele ser un superventas siempre en Lidl, por lo que no es de extra\u00f1ar que se acabe agotando. Si no llegas a conseguirlo, en Leroy Merlin hemos encontrado otra alternativa. Se trata de este modelo <strong>PVG QLIMA P528<\/strong>, que tiene una potencia de refrigeraci\u00f3n de 2.400 frigor\u00edas. Ahora, puedes conseguirlo en el outlet de Leroy Merlin por <a rel=\"nofollow, sponsored, noopener, noreferrer\" target=\"_blank\" class=\"js-ecommerce\" id=\"link-ecommerce-3\" href=\"https:\/\/www.xatakahome.com\/redirect?url=https%3A%2F%2Fwww.leroymerlin.es%2Fproductos%2Faire-acondicionado-portatil-pvg-qlima-p528-2400-fg-81946621.html&amp;category=seleccion&amp;ecomPostExpiration=everlasting&amp;postId=117701\" data-vars-affiliate-url=\"https:\/\/www.leroymerlin.es\/productos\/aire-acondicionado-portatil-pvg-qlima-p528-2400-fg-81946621.html\">294,30 euros<\/a>.<\/p>\n<p><!-- BREAK 6 --><!-- PIVOT START --><\/p>\n<div class=\"pivot-ecommerce-container m-pivot-ecommerce-redesign article-asset-normal article-asset-center\">\n<div class=\"pivot-ecommerce\">\n<div class=\"pivot-ecommerce-figure\">\n  <a rel=\"nofollow, sponsored, noopener, noreferrer\" target=\"_blank\" href=\"https:\/\/www.xatakahome.com\/redirect?url=https%3A%2F%2Fwww.leroymerlin.es%2Fproductos%2Faire-acondicionado-portatil-pvg-qlima-p528-2400-fg-81946621.html&amp;category=seleccion&amp;pivot=1&amp;ecomPostExpiration=everlasting&amp;postId=117701\"><br \/>\n   <img loading=\"lazy\" decoding=\"async\" alt=\"Aire acondicionado port\u00e1til PVG QLIMA P528\" width=\"600\" height=\"600\" src=\"https:\/\/i.blogs.es\/f3fa80\/blob\/original.jpeg\"><br \/>\n  <\/a>\n  <\/div>\n<div class=\"pivot-ecommerce-summary\">\n<p class=\"pivot-ecommerce-desc\">Aire acondicionado port\u00e1til PVG QLIMA P528<\/p>\n<div class=\"pivot-actions \">\n<div class=\"pivot-actions-row\">\n <a rel=\"nofollow, sponsored, noopener, noreferrer\" target=\"_blank\" data-asin=\"\" data-store=\"\" href=\"https:\/\/www.xatakahome.com\/redirect?url=https%3A%2F%2Fwww.leroymerlin.es%2Fproductos%2Faire-acondicionado-portatil-pvg-qlima-p528-2400-fg-81946621.html&amp;category=seleccion&amp;pivot=1&amp;ecomPostExpiration=everlasting&amp;postId=117701\" title=\"Precio de venta al p\u00fablico a fecha de publicaci\u00f3n\" class=\"pivot-action-btn pivot-action-primary\">PVP en Leroy Merlin \u2014 <strong><span class=\"js-deal-price\">294,30<\/span> \u20ac<\/strong><\/a>\n <\/div>\n<\/p><\/div>\n<\/p><\/div>\n<\/p><\/div>\n<div class=\"pivot-link-msg\">* Alg\u00fan precio puede haber cambiado desde la \u00faltima revisi\u00f3n<\/div>\n<\/p><\/div>\n<p><!-- PIVOT END --><\/p>\n<h2>Otros aires acondicionados port\u00e1tiles que te pueden interesar<\/h2>\n<p><!-- PIVOT START --><\/p>\n<div class=\"pivot-ecommerce-container m-pivot-ecommerce-redesign article-asset-normal article-asset-center\">\n<div class=\"pivot-ecommerce\">\n<div class=\"pivot-ecommerce-figure\">\n  <a rel=\"nofollow, sponsored, noopener, noreferrer\" target=\"_blank\" href=\"https:\/\/www.xatakahome.com\/redirect?url=https%3A%2F%2Fwww.amazon.es%2Fdp%2FB0BPZHKY25%3Ftag%3Dxatakahome-21%26linkCode%3Dogi%26th%3D1%26psc%3D1&amp;category=seleccion&amp;pivot=1&amp;ecomPostExpiration=everlasting&amp;postId=117701\"><br \/>\n   <img loading=\"lazy\" decoding=\"async\" alt=\"Cecotec Aire Acondicionado Port\u00e1til con Mando a Distancia ForceClima 7100 Soundless\" width=\"500\" height=\"500\" src=\"https:\/\/i.blogs.es\/3db30f\/31ab49usxwl._sl500_\/original.jpeg\"><br \/>\n  <\/a>\n  <\/div>\n<div class=\"pivot-ecommerce-summary\">\n<p class=\"pivot-ecommerce-desc\">Cecotec Aire Acondicionado Port\u00e1til con Mando a Distancia ForceClima 7100 Soundless<\/p>\n<div class=\"pivot-actions \">\n<div class=\"pivot-actions-row\">\n <a rel=\"nofollow, sponsored, noopener, noreferrer\" target=\"_blank\" data-asin=\"B0BPZHKY25\" data-store=\"Amazon\" href=\"https:\/\/www.xatakahome.com\/redirect?url=https%3A%2F%2Fwww.amazon.es%2Fdp%2FB0BPZHKY25%3Ftag%3Dxatakahome-21%26linkCode%3Dogi%26th%3D1%26psc%3D1&amp;category=seleccion&amp;pivot=1&amp;ecomPostExpiration=everlasting&amp;postId=117701\" title=\"Precio actualizado hoy\" class=\"pivot-action-btn metrics-pivot-btn pivot-action-primary\">Hoy en Amazon \u2014 <strong><span class=\"js-deal-price\">175,00<\/span> \u20ac<\/strong><\/a><br \/>\n   <a rel=\"nofollow, sponsored, noopener, noreferrer\" target=\"_blank\" data-asin=\"1549507\" data-store=\"MediaMarkt\" href=\"https:\/\/www.xatakahome.com\/redirect?url=https%3A%2F%2Fwww.mediamarkt.es%2Fes%2Fproduct%2F_aire-acondicionado-portatil-cecotec-forceclima-7100-soundless-780-w-7000-btu-4-modos-2-velocidades-silencioso-mando-a-distancia-blanco-1549507.html&amp;category=seleccion&amp;pivot=1&amp;ecomPostExpiration=everlasting&amp;postId=117701\" title=\"Precio actualizado hoy\" class=\"pivot-action-btn metrics-pivot-btn pivot-action-secondary\">MediaMarkt \u2014 <strong><span class=\"js-deal-price\">178,00<\/span> \u20ac<\/strong><\/a><br \/>\n   <a rel=\"nofollow, sponsored, noopener, noreferrer\" target=\"_blank\" data-asin=\"88478767\" data-store=\"Leroy Merlin\" href=\"https:\/\/www.xatakahome.com\/redirect?url=https%3A%2F%2Fwww.leroymerlin.es%2Fproductos%2Fcalefaccion-y-climatizacion%2Faire-acondicionado%2Faire-acondicionado-portatil%2Faire-acondicionado-cecotec-forceclima-7100-portatil-88478767.html%3FhighlightedOfferCode%3D8d9fbdf8a73db8becf9d86268a574e3fce935702&amp;category=seleccion&amp;pivot=1&amp;ecomPostExpiration=everlasting&amp;postId=117701\" title=\"Precio actualizado hoy\" class=\"pivot-action-btn metrics-pivot-btn pivot-action-secondary\">Leroy Merlin \u2014 <strong><span class=\"js-deal-price\">193,90<\/span> \u20ac<\/strong><\/a><br \/>\n   <a rel=\"nofollow, sponsored, noopener, noreferrer\" target=\"_blank\" data-asin=\"10718850\" data-store=\"PcComponentes\" href=\"https:\/\/www.xatakahome.com\/redirect?url=https%3A%2F%2Fwww.pccomponentes.com%2Fcecotec-forceclima-7100-soundless-aire-acondicionado-portatil-con-mando-a-distancia-7000-btu&amp;category=seleccion&amp;pivot=1&amp;ecomPostExpiration=everlasting&amp;postId=117701\" title=\"Precio actualizado hoy\" class=\"pivot-action-btn metrics-pivot-btn pivot-action-secondary\">PcComponentes \u2014 <strong><span class=\"js-deal-price\">229,00<\/span> \u20ac<\/strong><\/a>\n <\/div>\n<\/p><\/div>\n<\/p><\/div>\n<\/p><\/div>\n<div class=\"pivot-link-msg\">* Alg\u00fan precio puede haber cambiado desde la \u00faltima revisi\u00f3n<\/div>\n<\/p><\/div>\n<p><!-- PIVOT END --><br \/>\n<!-- PIVOT START --><\/p>\n<div class=\"pivot-ecommerce-container m-pivot-ecommerce-redesign article-asset-normal article-asset-center\">\n<div class=\"pivot-ecommerce\">\n<div class=\"pivot-ecommerce-figure\">\n  <a rel=\"nofollow, sponsored, noopener, noreferrer\" target=\"_blank\" href=\"https:\/\/www.xatakahome.com\/redirect?url=https%3A%2F%2Fwww.amazon.es%2Fdp%2FB09PTMZB67%3Ftag%3Dxatakahome-21%26linkCode%3Dogi%26th%3D1%26psc%3D1&amp;category=seleccion&amp;pivot=1&amp;ecomPostExpiration=everlasting&amp;postId=117701\"><br \/>\n   <img loading=\"lazy\" decoding=\"async\" alt=\"SHINCO 9000BTU Aire Acondicionado Port\u00e1til con Funci\u00f3n 3 en 1\" width=\"500\" height=\"500\" src=\"https:\/\/i.blogs.es\/16613a\/31y2csu323l._sl500_\/original.jpeg\"><br \/>\n  <\/a>\n  <\/div>\n<div class=\"pivot-ecommerce-summary\">\n<p class=\"pivot-ecommerce-desc\">SHINCO 9000BTU Aire Acondicionado Port\u00e1til con Funci\u00f3n 3 en 1<\/p>\n<div class=\"pivot-actions \">\n<div class=\"pivot-actions-row\">\n <a rel=\"nofollow, sponsored, noopener, noreferrer\" target=\"_blank\" data-asin=\"B09PTMZB67\" data-store=\"Amazon\" href=\"https:\/\/www.xatakahome.com\/redirect?url=https%3A%2F%2Fwww.amazon.es%2Fdp%2FB09PTMZB67%3Ftag%3Dxatakahome-21%26linkCode%3Dogi%26th%3D1%26psc%3D1&amp;category=seleccion&amp;pivot=1&amp;ecomPostExpiration=everlasting&amp;postId=117701\" title=\"Precio actualizado hoy\" class=\"pivot-action-btn metrics-pivot-btn pivot-action-primary\">Hoy en Amazon \u2014 <strong><span class=\"js-deal-price\">209,99<\/span> \u20ac<\/strong><\/a>\n <\/div>\n<\/p><\/div>\n<\/p><\/div>\n<\/p><\/div>\n<div class=\"pivot-link-msg\">* Alg\u00fan precio puede haber cambiado desde la \u00faltima revisi\u00f3n<\/div>\n<\/p><\/div>\n<p><!-- PIVOT END --><\/p>\n<p><em>Nota: algunos de los enlaces aqu\u00ed publicados son de afiliados y pueden reportar un beneficio.<\/em><\/p>\n<p>Im\u00e1genes | Webedia y Comfee<\/p>\n<p>En Xataka Smart Home | <a class=\"text-outboundlink\" href=\"https:\/\/www.xatakahome.com\/seleccion\/mejores-estores-termicos-cual-comprar-consejos-recomendaciones\" data-vars-post-title=\"Los mejores estores t\u00e9rmicos. \u00bfCu\u00e1l comprar? Consejos y recomendaciones\" data-vars-post-url=\"https:\/\/www.xatakahome.com\/seleccion\/mejores-estores-termicos-cual-comprar-consejos-recomendaciones\" data-id=\"noopener noreferrer\">Los mejores estores t\u00e9rmicos: \u00bfcu\u00e1l comprar? Consejos y recomendaciones<\/a><\/p>\n<p>En Xataka Smart Home | <a class=\"text-outboundlink\" href=\"https:\/\/www.xatakahome.com\/seleccion\/mejores-aires-acondicionados-portatiles-cual-comprar-consejos-recomendaciones\" data-vars-post-title=\"Los mejores aires acondicionados port\u00e1tiles: \u00bfCu\u00e1l comprar? Consejos y recomendaciones\" data-vars-post-url=\"https:\/\/www.xatakahome.com\/seleccion\/mejores-aires-acondicionados-portatiles-cual-comprar-consejos-recomendaciones\" data-id=\"noopener noreferrer\">Los mejores aires acondicionados port\u00e1tiles: \u00bfCu\u00e1l comprar? Consejos y recomendaciones<\/a><\/p>\n<p><script>\n (function() {\n  window._JS_MODULES = window._JS_MODULES || {};\n  var headElement = document.getElementsByTagName('head')[0];\n  if (_JS_MODULES.instagram) {\n   var instagramScript = document.createElement('script');\n   instagramScript.src = 'https:\/\/platform.instagram.com\/en_US\/embeds.js';\n   instagramScript.async = true;\n   instagramScript.defer = true;\n   headElement.appendChild(instagramScript);\n  }\n })();\n<\/script><\/p>\n<p> &#8211; <br \/> La noticia<br \/>\n      <a href=\"https:\/\/www.xatakahome.com\/seleccion\/regresa-a-lidl-dispositivo-ideal-para-sobrevivir-a-primera-ola-calor-verano?utm_source=feedburner&amp;utm_medium=feed&amp;utm_campaign=28_May_2025\"><br \/>\n       <em> Regresa a Lidl el dispositivo ideal para sobrevivir a la primera ola de calor del verano  <\/em><br \/>\n      <\/a><br \/>\n      fue publicada originalmente en<br \/>\n      <a href=\"https:\/\/www.xatakahome.com\/?utm_source=feedburner&amp;utm_medium=feed&amp;utm_campaign=28_May_2025\"><br \/>\n       <strong> Xataka Smart Home <\/strong><br \/>\n      <\/a><br \/>\n             por <a href=\"https:\/\/www.xatakahome.com\/autor\/fran-leon?utm_source=feedburner&amp;utm_medium=feed&amp;utm_campaign=28_May_2025\"><br \/>\n        Fran Le\u00f3n<br \/>\n       <\/a><br \/>\n      . <\/p>\n<\/div>\n","protected":false},"excerpt":{"rendered":"<p>Si le est\u00e1s temiendo ya a las olas de calor del verano, vamos a vivir la primera ola del a\u00f1o. Para que no est\u00e9s sufriendo en casa y chorreando en sudor, los aires acondicionados port\u00e1tiles son una buena soluci\u00f3n si no quieres hacer obras e instalaciones complejas, sobre todo si vives de alquiler. Ahora, en &hellip; <a href=\"https:\/\/domosistemas.com\/?p=28698\" class=\"more-link\">Sigue leyendo <span class=\"screen-reader-text\">Regresa a Lidl el dispositivo ideal para sobrevivir a la primera ola de calor del verano<\/span><\/a><\/p>\n","protected":false},"author":1,"featured_media":0,"comment_status":"closed","ping_status":"closed","sticky":false,"template":"","format":"standard","meta":{"footnotes":""},"categories":[8],"tags":[],"class_list":["post-28698","post","type-post","status-publish","format-standard","hentry","category-xataka"],"_links":{"self":[{"href":"https:\/\/domosistemas.com\/index.php?rest_route=\/wp\/v2\/posts\/28698","targetHints":{"allow":["GET"]}}],"collection":[{"href":"https:\/\/domosistemas.com\/index.php?rest_route=\/wp\/v2\/posts"}],"about":[{"href":"https:\/\/domosistemas.com\/index.php?rest_route=\/wp\/v2\/types\/post"}],"author":[{"embeddable":true,"href":"https:\/\/domosistemas.com\/index.php?rest_route=\/wp\/v2\/users\/1"}],"replies":[{"embeddable":true,"href":"https:\/\/domosistemas.com\/index.php?rest_route=%2Fwp%2Fv2%2Fcomments&post=28698"}],"version-history":[{"count":0,"href":"https:\/\/domosistemas.com\/index.php?rest_route=\/wp\/v2\/posts\/28698\/revisions"}],"wp:attachment":[{"href":"https:\/\/domosistemas.com\/index.php?rest_route=%2Fwp%2Fv2%2Fmedia&parent=28698"}],"wp:term":[{"taxonomy":"category","embeddable":true,"href":"https:\/\/domosistemas.com\/index.php?rest_route=%2Fwp%2Fv2%2Fcategories&post=28698"},{"taxonomy":"post_tag","embeddable":true,"href":"https:\/\/domosistemas.com\/index.php?rest_route=%2Fwp%2Fv2%2Ftags&post=28698"}],"curies":[{"name":"wp","href":"https:\/\/api.w.org\/{rel}","templated":true}]}}