{"id":28700,"date":"2025-05-28T14:21:35","date_gmt":"2025-05-28T14:21:35","guid":{"rendered":"https:\/\/domosistemas.com\/?p=28700"},"modified":"2025-05-28T14:21:35","modified_gmt":"2025-05-28T14:21:35","slug":"si-vives-en-estos-municipios-de-granada-y-te-quedaste-sin-internet-no-eres-el-unico-las-obras-del-metro-provocan-cortes-en-la-red","status":"publish","type":"post","link":"https:\/\/domosistemas.com\/?p=28700","title":{"rendered":"Si vives en estos municipios de Granada y te quedaste sin Internet, no eres el \u00fanico: las obras del metro provocan cortes en la red"},"content":{"rendered":"<div>\n<p>\n      <img decoding=\"async\" src=\"https:\/\/i.blogs.es\/04a2ed\/router\/1024_2000.jpeg\" alt=\"Si vives en estos municipios de Granada y te quedaste sin Internet, no eres el \u00fanico: las obras del metro provocan cortes en la red \">\n    <\/p>\n<p>Durante el pasado martes 27 de mayo, m\u00faltiples localidades de Granada<strong> se quedaron sin acceso a Internet<\/strong>, tanto en sus casas como en sus tel\u00e9fonos m\u00f3viles. Tal y como <a class=\"text-outboundlink\" href=\"https:\/\/www.xataka.com\/movilidad\/su-plan-para-llevar-metro-a-cada-rincon-provincia-granada-ha-roto-cable-que-llevaba-internet-a-sus-pueblos\" data-vars-post-title=\"Granada ha roto el cable que lleva internet a sus pueblos. La ampliaci\u00f3n del metro tiene mucho que ver\" data-vars-post-url=\"https:\/\/www.xataka.com\/movilidad\/su-plan-para-llevar-metro-a-cada-rincon-provincia-granada-ha-roto-cable-que-llevaba-internet-a-sus-pueblos\">nos explica<\/a> nuestro compa\u00f1ero Ricardo Aguilar desde Xataka, los trabajos de expansi\u00f3n del Metro de Granada est\u00e1n provocando cortes en la conexi\u00f3n en m\u00faltiples municipios del \u00e1rea metropolitana.<\/p>\n<p><!-- BREAK 1 --><\/p>\n<p>Este incidente no ha sido el \u00fanico, ya que como recuerda Aguilar, <strong>ya van dos incidentes graves en apenas un mes<\/strong> (sin contar <a class=\"text-outboundlink\" href=\"https:\/\/www.xatakahome.com\/iluminacion-y-energia\/apagon-espana-nos-plantea-muchas-incognitas-nuevas-hipotesis-apuntan-a-otras-causas-alla-falta-inercia\" data-vars-post-title=\"Sabemos m\u00e1s datos del apag\u00f3n en Espa\u00f1a, y la falta de inercia por las renovables parece cada vez menos culpable\" data-vars-post-url=\"https:\/\/www.xatakahome.com\/iluminacion-y-energia\/apagon-espana-nos-plantea-muchas-incognitas-nuevas-hipotesis-apuntan-a-otras-causas-alla-falta-inercia\">ese gran apag\u00f3n el\u00e9ctrico<\/a> a nivel nacional) que han dejado sin conexi\u00f3n a miles de vecinos por errores durante las excavaciones.<\/p>\n<p><!-- BREAK 2 --><\/p>\n<h2>Sin fibra y sin datos m\u00f3viles en varios municipios de Granada<\/h2>\n<p>As\u00ed como explica Aguilar, el primer gran corte <a rel=\"noopener, noreferrer\" href=\"https:\/\/www.instagram.com\/p\/DIORRW9vf98\/\">se produjo el 9 de abril<\/a>, cuando gran parte de Las Gabias y localidades cercanas <strong>se quedaron completamente desconectadas<\/strong>. Los habitantes perdieron tanto el acceso a internet en sus casas como a datos m\u00f3viles.<\/p>\n<p><!-- BREAK 3 --><\/p>\n<div class=\"article-asset-image article-asset-normal article-asset-center\">\n<div class=\"asset-content\">\n<div class=\"caption-img \">\n                    <a rel=\"noopener, noreferrer\" href=\"https:\/\/www.ideal.es\/granada\/continuan-internet-varios-municipios-area-metropolitana-granada-20250528150717-nt.html\"><\/p>\n<p>    <img decoding=\"async\" alt=\"internet\" class=\"centro_sinmarco\" src=\"https:\/\/i.blogs.es\/8e8aba\/img-20250528-wa0013\/450_1000.jpeg\"><br \/>\n     <\/a><\/p>\n<p>        <span>Haz clic en la imagen para ir a la publicaci\u00f3n<\/span>\n   <\/div>\n<\/p><\/div>\n<\/div>\n<p>Apenas cuatro semanas despu\u00e9s, <strong>la historia se repiti\u00f3 con mayor alcance<\/strong>. Esta vez, el corte afect\u00f3 a una zona mucho m\u00e1s extensa en el \u00e1rea metropolitana de Granada: Churriana de la Vega, Armilla, Las Gabias, Gabia Chica, H\u00edjar, El Ventorrillo y Vegas del Genil quedaron sin servicio de internet.<\/p>\n<p><!-- BREAK 4 --><\/p>\n<p>Seg\u00fan confirmaron a Xataka fuentes t\u00e9cnicas de diferentes operadoras, ambos incidentes fueron provocados por fallos durante las excavaciones del metro. En el segundo caso, Protecci\u00f3n Civil <a rel=\"noopener, noreferrer\" href=\"https:\/\/x.com\/Asvogra\/status\/1927431884088185084\">localiz\u00f3 la rotura<\/a> en las inmediaciones de la base a\u00e9rea de Armilla, donde los trabajos <strong>da\u00f1aron gravemente la infraestructura<\/strong> de fibra \u00f3ptica.<\/p>\n<p><!-- BREAK 5 --><\/p>\n<div class=\"article-asset article-asset-normal article-asset-center\">\n<div class=\"desvio-container\">\n<div class=\"desvio\">\n<div class=\"desvio-figure js-desvio-figure\">\n    <a href=\"https:\/\/www.xatakahome.com\/la-red-local\/llevo-anos-usando-esta-app-para-mejorar-wifi-casa-gratis-open-source-no-cambio-otra\" class=\"pivot-outboundlink\" data-vars-post-title=\"Esta es la app que no falta en mi m\u00f3vil para mejorar como uso el WiFi: adem\u00e1s es gratis y abierta\"><br \/>\n     <img loading=\"lazy\" decoding=\"async\" alt=\"Esta es la app que no falta en mi m\u00f3vil para mejorar como uso el WiFi: adem\u00e1s es gratis y abierta\" width=\"375\" height=\"142\" src=\"https:\/\/i.blogs.es\/ea7ec7\/captura-de-pantalla-2025-05-27-a-las-9.27.59\/375_142.jpeg\"><br \/>\n    <\/a>\n   <\/div>\n<div class=\"desvio-summary\">\n<div class=\"desvio-taxonomy js-desvio-taxonomy\">\n     <a href=\"https:\/\/www.xatakahome.com\/la-red-local\/llevo-anos-usando-esta-app-para-mejorar-wifi-casa-gratis-open-source-no-cambio-otra\" class=\"desvio-taxonomy-anchor pivot-outboundlink\" data-vars-post-title=\"Esta es la app que no falta en mi m\u00f3vil para mejorar como uso el WiFi: adem\u00e1s es gratis y abierta\">En Xataka Smart Home<\/a>\n    <\/div>\n<p>    <a href=\"https:\/\/www.xatakahome.com\/la-red-local\/llevo-anos-usando-esta-app-para-mejorar-wifi-casa-gratis-open-source-no-cambio-otra\" class=\"desvio-title js-desvio-title pivot-outboundlink\" data-vars-post-title=\"Esta es la app que no falta en mi m\u00f3vil para mejorar como uso el WiFi: adem\u00e1s es gratis y abierta\">Esta es la app que no falta en mi m\u00f3vil para mejorar como uso el WiFi: adem\u00e1s es gratis y abierta<\/a>\n   <\/div>\n<\/p><\/div>\n<\/p><\/div>\n<\/div>\n<p>Los conductos subterr\u00e1neos albergan cables de m\u00faltiples compa\u00f1\u00edas telef\u00f3nicas. Cuando se produce una rotura severa en estos conductos principales, varias operadoras pierden simult\u00e1neamente el servicio, como ocurri\u00f3 con Movistar y M\u00e1sM\u00f3vil en el \u00faltimo incidente.<\/p>\n<p><!-- BREAK 6 --><\/p>\n<p>Solucionar estos da\u00f1os no es sencillo. Cuando la rotura es grave, los t\u00e9cnicos deben sustituir completamente el cableado afectado y fusionarlo con las secciones que permanecen intactas. <strong>Este proceso puede alargarse desde unas pocas horas hasta varios d\u00edas<\/strong>, dependiendo de la extensi\u00f3n del da\u00f1o.<\/p>\n<p><!-- BREAK 7 --><\/p>\n<div class=\"article-asset-video article-asset-normal\">\n<div class=\"asset-content\">\n<div class=\"base-asset-video\">\n<div class=\"js-dailymotion\">\n    <script type=\"application\/json\">\n                          {\"videoId\":\"x8b7x6l\",\"autoplay\":true,\"title\":\"MI WIFI VA LENTO  TRUCOS para MEJORAR TU CONEXI\u00d3N\", \"tag\":\"webedia-prod\", \"duration\":\"639\"}\n                  <\/script>\n   <\/div>\n<\/p><\/div>\n<\/p><\/div>\n<\/div>\n<p>En el \u00faltimo corte, <strong>algunas zonas comenzaron a recuperar la conexi\u00f3n hacia las 22:00 horas<\/strong>, aunque muchas localidades continuaron sin servicio durante m\u00e1s tiempo. El sistema se est\u00e1 todav\u00eda recuperando y en el momento de escribir el art\u00edculo a\u00fan <a rel=\"noopener, noreferrer\" href=\"https:\/\/www.ideal.es\/granada\/continuan-internet-varios-municipios-area-metropolitana-granada-20250528150717-nt.html\">hab\u00eda algunas localidades con problemas<\/a>.<\/p>\n<p><!-- BREAK 8 --><\/p>\n<p>La ampliaci\u00f3n del Metro de Granada hacia Churriana y Las Gabias, iniciada en 2013, estaba prevista para finalizar este verano y forma parte del Plan de Transporte Metropolitano del \u00c1rea de Granada. El proceso de ampliaci\u00f3n ha pasado por varias idas y venidas, incluyendo estos cortes, pero todo parece indicar que la mayor\u00eda de los granadinos <a rel=\"noopener, noreferrer\" href=\"https:\/\/www.granadahoy.com\/granada\/metro-granada-vez-gusta-usuarios-notable-alto_0_2003603733.html\">est\u00e1n convencidos<\/a> con su aporte a la comunidad local.<\/p>\n<p><!-- BREAK 9 --><\/p>\n<p>En Xataka Smart Home | <a class=\"text-outboundlink\" href=\"https:\/\/www.xatakahome.com\/la-red-local\/alguien-ha-probado-diferencias-seis-routers-wifi-mesh-al-gastar-200-500-1-000-euros-resultados-obtenidos-sorprenden\" data-vars-post-title=\"Alguien ha probado las diferencias en seis routers WiFi mesh al gastar 200, 500 y 1.000 euros. Los resultados obtenidos sorprenden \" data-vars-post-url=\"https:\/\/www.xatakahome.com\/la-red-local\/alguien-ha-probado-diferencias-seis-routers-wifi-mesh-al-gastar-200-500-1-000-euros-resultados-obtenidos-sorprenden\">Alguien ha probado las diferencias en seis \u00a0routers WiFi mesh al gastar 200, 500 y 1.000 euros. Los resultados \u00a0obtenidos sorprenden<\/a><\/p>\n<p><!-- BREAK 10 --><script>\n (function() {\n  window._JS_MODULES = window._JS_MODULES || {};\n  var headElement = document.getElementsByTagName('head')[0];\n  if (_JS_MODULES.instagram) {\n   var instagramScript = document.createElement('script');\n   instagramScript.src = 'https:\/\/platform.instagram.com\/en_US\/embeds.js';\n   instagramScript.async = true;\n   instagramScript.defer = true;\n   headElement.appendChild(instagramScript);\n  }\n })();\n<\/script><\/p>\n<p> &#8211; <br \/> La noticia<br \/>\n      <a href=\"https:\/\/www.xatakahome.com\/la-red-local\/vives-estos-municipios-granada-te-quedaste-internet-no-eres-unico-obras-metro-provocan-cortes-red?utm_source=feedburner&amp;utm_medium=feed&amp;utm_campaign=28_May_2025\"><br \/>\n       <em> Si vives en estos municipios de Granada y te quedaste sin Internet, no eres el \u00fanico: las obras del metro provocan cortes en la red  <\/em><br \/>\n      <\/a><br \/>\n      fue publicada originalmente en<br \/>\n      <a href=\"https:\/\/www.xatakahome.com\/?utm_source=feedburner&amp;utm_medium=feed&amp;utm_campaign=28_May_2025\"><br \/>\n       <strong> Xataka Smart Home <\/strong><br \/>\n      <\/a><br \/>\n             por <a href=\"https:\/\/www.xatakahome.com\/autor\/antonio-vallejo?utm_source=feedburner&amp;utm_medium=feed&amp;utm_campaign=28_May_2025\"><br \/>\n        Antonio Vallejo<br \/>\n       <\/a><br \/>\n      . <\/p>\n<\/div>\n","protected":false},"excerpt":{"rendered":"<p>Durante el pasado martes 27 de mayo, m\u00faltiples localidades de Granada se quedaron sin acceso a Internet, tanto en sus casas como en sus tel\u00e9fonos m\u00f3viles. Tal y como nos explica nuestro compa\u00f1ero Ricardo Aguilar desde Xataka, los trabajos de expansi\u00f3n del Metro de Granada est\u00e1n provocando cortes en la conexi\u00f3n en m\u00faltiples municipios del &hellip; <a href=\"https:\/\/domosistemas.com\/?p=28700\" class=\"more-link\">Sigue leyendo <span class=\"screen-reader-text\">Si vives en estos municipios de Granada y te quedaste sin Internet, no eres el \u00fanico: las obras del metro provocan cortes en la red<\/span><\/a><\/p>\n","protected":false},"author":1,"featured_media":0,"comment_status":"closed","ping_status":"closed","sticky":false,"template":"","format":"standard","meta":{"footnotes":""},"categories":[8],"tags":[],"class_list":["post-28700","post","type-post","status-publish","format-standard","hentry","category-xataka"],"_links":{"self":[{"href":"https:\/\/domosistemas.com\/index.php?rest_route=\/wp\/v2\/posts\/28700","targetHints":{"allow":["GET"]}}],"collection":[{"href":"https:\/\/domosistemas.com\/index.php?rest_route=\/wp\/v2\/posts"}],"about":[{"href":"https:\/\/domosistemas.com\/index.php?rest_route=\/wp\/v2\/types\/post"}],"author":[{"embeddable":true,"href":"https:\/\/domosistemas.com\/index.php?rest_route=\/wp\/v2\/users\/1"}],"replies":[{"embeddable":true,"href":"https:\/\/domosistemas.com\/index.php?rest_route=%2Fwp%2Fv2%2Fcomments&post=28700"}],"version-history":[{"count":0,"href":"https:\/\/domosistemas.com\/index.php?rest_route=\/wp\/v2\/posts\/28700\/revisions"}],"wp:attachment":[{"href":"https:\/\/domosistemas.com\/index.php?rest_route=%2Fwp%2Fv2%2Fmedia&parent=28700"}],"wp:term":[{"taxonomy":"category","embeddable":true,"href":"https:\/\/domosistemas.com\/index.php?rest_route=%2Fwp%2Fv2%2Fcategories&post=28700"},{"taxonomy":"post_tag","embeddable":true,"href":"https:\/\/domosistemas.com\/index.php?rest_route=%2Fwp%2Fv2%2Ftags&post=28700"}],"curies":[{"name":"wp","href":"https:\/\/api.w.org\/{rel}","templated":true}]}}