{"id":28715,"date":"2025-05-29T12:22:55","date_gmt":"2025-05-29T12:22:55","guid":{"rendered":"https:\/\/domosistemas.com\/?p=28715"},"modified":"2025-05-29T12:22:55","modified_gmt":"2025-05-29T12:22:55","slug":"con-la-ola-de-calor-en-un-pueblo-de-granada-han-avisado-en-x-cuidado-con-sentarse-en-la-calle-a-tomar-el-fresco","status":"publish","type":"post","link":"https:\/\/domosistemas.com\/?p=28715","title":{"rendered":"Con la ola de calor, en un pueblo de Granada han avisado en X: cuidado con sentarse en la calle a tomar el fresco"},"content":{"rendered":"<div>\n<p>\n      <img decoding=\"async\" src=\"https:\/\/i.blogs.es\/feaff2\/captura-de-pantalla-2025-05-29-a-las-13.25.32\/1024_2000.jpeg\" alt=\"Con la ola de calor, en un pueblo de Granada han avisado en X: cuidado con sentarse en la calle a tomar el fresco\">\n    <\/p>\n<p>Si no eres de Espa\u00f1a \u2014o, m\u00e1s concretamente, de alguna de las zonas donde esta tradici\u00f3n est\u00e1 arraigada\u2014, es posible que esta noticia te parezca, cuanto menos, sorprendente. En muchos pueblos y en determinados barrios, es com\u00fan salir a la calle durante las noches calurosas para <a class=\"text-outboundlink\" href=\"https:\/\/www.xatakahome.com\/hogar\/no-quiero-usar-aire-acondicionado-mejor-solucion-toldo-no-paso-calor-ahorro-factura\" data-vars-post-title=\"No quiero usar ya el aire acondicionado.Esto es lo que hago para no pasar calor y pagar menos electricidad \" data-vars-post-url=\"https:\/\/www.xatakahome.com\/hogar\/no-quiero-usar-aire-acondicionado-mejor-solucion-toldo-no-paso-calor-ahorro-factura\">aliviar el calor<\/a>, una costumbre popularmente conocida como \u201ctomar el fresco\u201d. Sin embargo, recientemente, en un municipio de Granada, <strong>esta pr\u00e1ctica ha llamado la atenci\u00f3n de las autoridades<\/strong>.<\/p>\n<p><!-- BREAK 1 --><\/p>\n<p>Concretamente, ha sido la <a rel=\"noopener, noreferrer\" href=\"https:\/\/x.com\/policialocalsf\/status\/1927364166630944813?s=46\">Polic\u00eda Local de Santa Fe<\/a>, una localidad cercana a la capital granadina, la que ha intervenido emitiendo un curioso comunicado a trav\u00e9s de la red social X (antes Twitter). El aviso <strong>hace referencia directa a esta tradici\u00f3n<\/strong> veraniega, generando cierto revuelo por su tono y contenido.<\/p>\n<p><!-- BREAK 2 --><\/p>\n<h2>La calle es de todos y est\u00e1 regulada<\/h2>\n<div class=\"article-asset-image article-asset-large article-asset-center\">\n<div class=\"asset-content\">\n<div class=\"caption-img \">\n                    <a rel=\"noopener, noreferrer\" href=\"https:\/\/www.flickr.com\/photos\/neluco\/14994409218\/\"><\/p>\n<p>    <img decoding=\"async\" alt=\"Calle\" class=\"\" src=\"https:\/\/i.blogs.es\/bcafd8\/14994409218_bccaeb0e1b_k\/450_1000.jpeg\"><br \/>\n     <\/a><\/p>\n<p>        <span>Imagen | Santiago SV en Flickr<\/span>\n   <\/div>\n<\/p><\/div>\n<\/div>\n<p>La noticia, que se ha difundido r\u00e1pidamente, llega en una semana marcada por temperaturas anormalmente altas en buena parte del pa\u00eds. Ante el <a class=\"text-outboundlink\" href=\"https:\/\/www.xataka.com\/seleccion\/primera-ola-calor-verano-se-acerca-lidl-tiene-dispositivo-que-ideal-para-estar-fresquito-casa\" data-vars-post-title=\"Esta es la soluci\u00f3n que tiene Lidl (sin obras ni instalaciones) para sobrevivir a la primera ola de calor del verano\" data-vars-post-url=\"https:\/\/www.xataka.com\/seleccion\/primera-ola-calor-verano-se-acerca-lidl-tiene-dispositivo-que-ideal-para-estar-fresquito-casa\">sofocante calor<\/a>, muchas personas recurren a todo tipo de estrategias para sobrellevarlo, y salir a la calle por la noche se ha convertido en un remedio eficaz y econ\u00f3mico. Sin embargo, en Santa Fe, Granada, la autoridad policial <strong>ha decidido intervenir para lanzar una advertencia.<\/strong><\/p>\n<p><!-- BREAK 3 --><\/p>\n<div class=\"article-asset-video article-asset-normal\">\n<div class=\"asset-content\">\n<div class=\"base-asset-video\">\n<div class=\"js-dailymotion\">\n    <script type=\"application\/json\">\n                          {\"videoId\":\"x8006fc\",\"autoplay\":true,\"title\":\"C\u00f3mo dormir cuando hace mucho calor y no tienes aire acondicionado\", \"tag\":\"\", \"duration\":\"217\"}\n                  <\/script>\n   <\/div>\n<\/p><\/div>\n<\/p><\/div>\n<\/div>\n<p>A trav\u00e9s de su cuenta oficial en la red social X (antes Twitter), la Polic\u00eda Local ha publicado un comunicado con la intenci\u00f3n de regular una pr\u00e1ctica social muy extendida en algunas localidades: la de <strong>sacar sillas y mesas a la v\u00eda p\u00fablica para \u201ctomar el fresco\u201d<\/strong>. El mensaje busca recordar que estos espacios, al tratarse de dominio p\u00fablico, est\u00e1n sujetos a normas y limitaciones que deben respetarse. As\u00ed lo ha expresado el cuerpo policial en su aviso:<\/p>\n<p><!-- BREAK 4 --><\/p>\n<blockquote><p>\u201cSabemos que sacar sillas o mesas a la puerta es tradici\u00f3n en muchos pueblos, pero la v\u00eda p\u00fablica est\u00e1 regulada. Si la Polic\u00eda pide retirarlas, hazlo por respeto y convivencia. Con civismo y sentido com\u00fan no hay molestias. \u00a1Gracias por colaborar!\u201d.<\/p><\/blockquote>\n<p>Desde la Polic\u00eda Local de Santa Fe reconocen que salir a la calle por las noches para combatir el calor es una costumbre profundamente arraigada en la vida de muchos vecinos, una pr\u00e1ctica que forma parte del d\u00eda a d\u00eda en numerosos municipios andaluces. Tal y como explican, entienden perfectamente que <strong>muchos lo han hecho toda la vida<\/strong>, pero tambi\u00e9n recuerdan que el respeto a las normas es esencial para garantizar una buena convivencia y preservar la seguridad de todos.<\/p>\n<p><!-- BREAK 5 --><\/p>\n<p><\/p>\n<p>En este sentido, el cuerpo policial <strong>ha hecho un llamamiento a la colaboraci\u00f3n ciudadana<\/strong>, pidiendo comprensi\u00f3n cuando, por motivos de orden p\u00fablico, se solicita la retirada de sillas, mesas u otros objetos del espacio p\u00fablico. Si en alg\u00fan momento piden retirar esos enseres de la v\u00eda p\u00fablica, piden que se haga con empat\u00eda y sentido com\u00fan.<\/p>\n<p><!-- BREAK 6 --><\/p>\n<p><strong>No se trata de acabar con la tradici\u00f3n.<\/strong> El objetivo, insisten, no es eliminar la tradici\u00f3n, sino asegurar que las calles y aceras sigan siendo transitables, accesibles y seguras para todos los vecinos, especialmente para personas mayores, con movilidad reducida o familias con carritos. Se trata de disfrutar de las costumbres pero sin perjudicar a otros usuarios.<\/p>\n<p><!-- BREAK 7 --><\/p>\n<h2>Qu\u00e9 normas hay que tener en cuenta<\/h2>\n<div class=\"article-asset-image article-asset-large article-asset-center\">\n<div class=\"asset-content\">\n<div class=\"caption-img \">\n                    <a rel=\"noopener, noreferrer\" href=\"https:\/\/es.wikipedia.org\/wiki\/Ayuntamiento_de_Santa_Fe_%28Granada%29#\/media\/Archivo:Ayuntamiento_de_Santa_Fe_(Granada).jpg\"><\/p>\n<p>    <img decoding=\"async\" alt=\"Ayuntamiento De Santa Fe Granada\" class=\"\" src=\"https:\/\/i.blogs.es\/22e57a\/ayuntamiento_de_santa_fe_-granada-\/450_1000.jpeg\"><br \/>\n     <\/a><\/p>\n<p>        <span>Imagen de L\u00f3pez Su\u00e1rez para Wikipedia<\/span>\n   <\/div>\n<\/p><\/div>\n<\/div>\n<p>En Espa\u00f1a, la <a class=\"text-outboundlink\" href=\"https:\/\/www.xataka.com\/magnet\/sevilla-se-ha-lanzado-a-regular-gran-invasion-ciudades-siglo-xxi-terrazas-bares\" data-vars-post-title=\"Las terrazas de los bares han tomado las calles espa\u00f1olas como si fueran suyas. Sevilla ya debate c\u00f3mo atajarlas\" data-vars-post-url=\"https:\/\/www.xataka.com\/magnet\/sevilla-se-ha-lanzado-a-regular-gran-invasion-ciudades-siglo-xxi-terrazas-bares\">ocupaci\u00f3n de la v\u00eda p\u00fablica<\/a> <strong>est\u00e1 regulada principalmente por las ordenanzas municipales<\/strong>, pero esto no quiere decir que tambi\u00e9n existan normas a nivel estatal y econ\u00f3mico que establecen criterios generales.<\/p>\n<p><!-- BREAK 8 --><\/p>\n<p>Lo cierto es que a la hora de determinar y regular la ocupaci\u00f3n de la v\u00eda p\u00fablica cada ayuntamiento tiene competencia y puede establecer sus propias condiciones, pero siempre seg\u00fan lo previsto en la <a rel=\"noopener, noreferrer\" href=\"https:\/\/www.boe.es\/buscar\/act.php?id=BOE-A-1985-5392\">Ley de Bases de R\u00e9gimen Local<\/a> (Ley 7\/1985). Por esta norma se otorga a las entidades locales la capacidad de gestionar y regular los bienes de dominio p\u00fablico. Esta ley <strong>permite a los consistorios aprobar ordenanzas espec\u00edficas<\/strong> sobre el uso del espacio p\u00fablico, incluyendo terrazas, mercadillos, actos culturales o el uso vecinal.<\/p>\n<p><!-- BREAK 9 --><\/p>\n<div class=\"article-asset article-asset-normal article-asset-center\">\n<div class=\"desvio-container\">\n<div class=\"desvio\">\n<div class=\"desvio-figure js-desvio-figure\">\n    <a href=\"https:\/\/www.xatakahome.com\/hogar\/no-quiero-multazo-ite-iee-mi-comunidad-vecinos-esto-dice-ley-cuando-hay-que-pasarlos\" class=\"pivot-outboundlink\" data-vars-post-title=\"No quiero una multa hist\u00f3rica en mi comunidad de vecinos por no hacer las inspecciones obligatorias: esto es lo que dice la ley\"><br \/>\n     <img loading=\"lazy\" decoding=\"async\" alt=\"No quiero una multa hist\u00f3rica en mi comunidad de vecinos por no hacer las inspecciones obligatorias: esto es lo que dice la ley\" width=\"375\" height=\"142\" src=\"https:\/\/i.blogs.es\/8ec944\/houses-7030773_1920\/375_142.jpeg\"><br \/>\n    <\/a>\n   <\/div>\n<div class=\"desvio-summary\">\n<div class=\"desvio-taxonomy js-desvio-taxonomy\">\n     <a href=\"https:\/\/www.xatakahome.com\/hogar\/no-quiero-multazo-ite-iee-mi-comunidad-vecinos-esto-dice-ley-cuando-hay-que-pasarlos\" class=\"desvio-taxonomy-anchor pivot-outboundlink\" data-vars-post-title=\"No quiero una multa hist\u00f3rica en mi comunidad de vecinos por no hacer las inspecciones obligatorias: esto es lo que dice la ley\">En Xataka Smart Home<\/a>\n    <\/div>\n<p>    <a href=\"https:\/\/www.xatakahome.com\/hogar\/no-quiero-multazo-ite-iee-mi-comunidad-vecinos-esto-dice-ley-cuando-hay-que-pasarlos\" class=\"desvio-title js-desvio-title pivot-outboundlink\" data-vars-post-title=\"No quiero una multa hist\u00f3rica en mi comunidad de vecinos por no hacer las inspecciones obligatorias: esto es lo que dice la ley\">No quiero una multa hist\u00f3rica en mi comunidad de vecinos por no hacer las inspecciones obligatorias: esto es lo que dice la ley<\/a>\n   <\/div>\n<\/p><\/div>\n<\/p><\/div>\n<\/div>\n<p>Junto a las anteriores normas, tambi\u00e9n hay que citar el <a rel=\"noopener, noreferrer\" href=\"https:\/\/www.boe.es\/buscar\/act.php?id=BOE-A-1986-17958\">Reglamento de Bienes de las Entidades Locales<\/a> (RD 1372\/1986). Esta norma establece qu\u00e9 se considera dominio p\u00fablico y exige autorizaci\u00f3n para ocuparlo. Adem\u00e1s, la Ley de Tr\u00e1fico y el C\u00f3digo de la Circulaci\u00f3n <strong>proh\u00edben colocar obst\u00e1culos en aceras o calzadas<\/strong> que puedan comprometer la seguridad vial o peatonal.<\/p>\n<p><!-- BREAK 10 --><\/p>\n<p><strong>La que de verdad afecta al ciudadano.<\/strong> Las ordenanzas municipales son las que regulan de forma concreta el uso del espacio p\u00fablico y las situaciones que nos afectan directamente en el d\u00eda a d\u00eda. Cada ayuntamiento tiene la potestad de determinar en qu\u00e9 condiciones puede ocuparse la v\u00eda p\u00fablica, estableciendo horarios, zonas permitidas, tipos de elementos autorizados y los requisitos necesarios para obtener la correspondiente autorizaci\u00f3n.<\/p>\n<p><!-- BREAK 11 --><\/p>\n<p>Por lo general, es necesario solicitar una licencia previa para colocar terrazas, instalar estructuras temporales o celebrar actividades en la calle, y adem\u00e1s se pueden establecer tasas por el uso del espacio. <strong>Estas ordenanzas tambi\u00e9n contemplan sanciones<\/strong> por ocupaciones no autorizadas, que pueden ir desde multas econ\u00f3micas hasta la retirada forzosa de los elementos ocupantes.<\/p>\n<p><!-- BREAK 12 --><\/p>\n<p>Entre los casos m\u00e1s comunes de ocupaci\u00f3n regulada adem\u00e1s de las citadas terrazas de bares y restaurantes, puestos de venta ambulante, contenedores de obra&#8230; tienen cabida los usos vecinales m\u00e1s informales; y aqu\u00ed entra el c<strong>olocar sillas en la calle durante las noches de verano<\/strong>.<\/p>\n<p><!-- BREAK 13 --><\/p>\n<p>Imagen portada | <a rel=\"noopener, noreferrer\" href=\"https:\/\/x.com\/PoliciaLocalSF\/status\/1927364166630944813\/photo\/1\">Polic\u00eda Local de Santa Fe en X<\/a><\/p>\n<p>V\u00eda | <a rel=\"noopener, noreferrer\" href=\"https:\/\/www.ideal.es\/granada\/aviso-policia-local-pueblo-granada-cuidado-salir-20250528122545-nt.html\">Ideal<\/a><\/p>\n<p>En Xataka SmartHome | <a class=\"text-outboundlink\" href=\"https:\/\/www.xatakahome.com\/diseno-y-arquitectura\/posible-instalar-casa-prefabricada-casi-cualquier-sitio-incluso-suelo-rustico-asi-se-puede-hacer-respetando-ley\" data-vars-post-title=\"Es posible instalar una casa prefabricada en casi cualquier sitio, incluso en suelo r\u00fastico. As\u00ed se puede hacer respetando la Ley \" data-vars-post-url=\"https:\/\/www.xatakahome.com\/diseno-y-arquitectura\/posible-instalar-casa-prefabricada-casi-cualquier-sitio-incluso-suelo-rustico-asi-se-puede-hacer-respetando-ley\">Es posible instalar una casa prefabricada en casi cualquier sitio, incluso en suelo r\u00fastico. As\u00ed se puede hacer respetando la Ley<\/a><\/p>\n<p><!-- BREAK 14 --><\/p>\n<p><a rel=\"noopener, noreferrer\" href=\"https:\/\/x.com\/PoliciaLocalSF\/status\/1927364166630944813\/photo\/1\"><br \/>\n\u00a0<\/a><\/p>\n<p><script>\n (function() {\n  window._JS_MODULES = window._JS_MODULES || {};\n  var headElement = document.getElementsByTagName('head')[0];\n  if (_JS_MODULES.instagram) {\n   var instagramScript = document.createElement('script');\n   instagramScript.src = 'https:\/\/platform.instagram.com\/en_US\/embeds.js';\n   instagramScript.async = true;\n   instagramScript.defer = true;\n   headElement.appendChild(instagramScript);\n  }\n })();\n<\/script><\/p>\n<p> &#8211; <br \/> La noticia<br \/>\n      <a href=\"https:\/\/www.xatakahome.com\/hogar\/ola-calor-pueblo-granada-han-avisado-asi-cuidado-sentarse-calle-a-tomar-fresco?utm_source=feedburner&amp;utm_medium=feed&amp;utm_campaign=29_May_2025\"><br \/>\n       <em> Con la ola de calor, en un pueblo de Granada han avisado en X: cuidado con sentarse en la calle a tomar el fresco <\/em><br \/>\n      <\/a><br \/>\n      fue publicada originalmente en<br \/>\n      <a href=\"https:\/\/www.xatakahome.com\/?utm_source=feedburner&amp;utm_medium=feed&amp;utm_campaign=29_May_2025\"><br \/>\n       <strong> Xataka Smart Home <\/strong><br \/>\n      <\/a><br \/>\n             por <a href=\"https:\/\/www.xatakahome.com\/autor\/jose-antonio-carmona?utm_source=feedburner&amp;utm_medium=feed&amp;utm_campaign=29_May_2025\"><br \/>\n        Jose Antonio Carmona<br \/>\n       <\/a><br \/>\n      . <\/p>\n<\/div>\n","protected":false},"excerpt":{"rendered":"<p>Si no eres de Espa\u00f1a \u2014o, m\u00e1s concretamente, de alguna de las zonas donde esta tradici\u00f3n est\u00e1 arraigada\u2014, es posible que esta noticia te parezca, cuanto menos, sorprendente. En muchos pueblos y en determinados barrios, es com\u00fan salir a la calle durante las noches calurosas para aliviar el calor, una costumbre popularmente conocida como \u201ctomar &hellip; <a href=\"https:\/\/domosistemas.com\/?p=28715\" class=\"more-link\">Sigue leyendo <span class=\"screen-reader-text\">Con la ola de calor, en un pueblo de Granada han avisado en X: cuidado con sentarse en la calle a tomar el fresco<\/span><\/a><\/p>\n","protected":false},"author":1,"featured_media":0,"comment_status":"closed","ping_status":"closed","sticky":false,"template":"","format":"standard","meta":{"footnotes":""},"categories":[8],"tags":[],"class_list":["post-28715","post","type-post","status-publish","format-standard","hentry","category-xataka"],"_links":{"self":[{"href":"https:\/\/domosistemas.com\/index.php?rest_route=\/wp\/v2\/posts\/28715","targetHints":{"allow":["GET"]}}],"collection":[{"href":"https:\/\/domosistemas.com\/index.php?rest_route=\/wp\/v2\/posts"}],"about":[{"href":"https:\/\/domosistemas.com\/index.php?rest_route=\/wp\/v2\/types\/post"}],"author":[{"embeddable":true,"href":"https:\/\/domosistemas.com\/index.php?rest_route=\/wp\/v2\/users\/1"}],"replies":[{"embeddable":true,"href":"https:\/\/domosistemas.com\/index.php?rest_route=%2Fwp%2Fv2%2Fcomments&post=28715"}],"version-history":[{"count":0,"href":"https:\/\/domosistemas.com\/index.php?rest_route=\/wp\/v2\/posts\/28715\/revisions"}],"wp:attachment":[{"href":"https:\/\/domosistemas.com\/index.php?rest_route=%2Fwp%2Fv2%2Fmedia&parent=28715"}],"wp:term":[{"taxonomy":"category","embeddable":true,"href":"https:\/\/domosistemas.com\/index.php?rest_route=%2Fwp%2Fv2%2Fcategories&post=28715"},{"taxonomy":"post_tag","embeddable":true,"href":"https:\/\/domosistemas.com\/index.php?rest_route=%2Fwp%2Fv2%2Ftags&post=28715"}],"curies":[{"name":"wp","href":"https:\/\/api.w.org\/{rel}","templated":true}]}}