{"id":28717,"date":"2025-05-29T17:28:27","date_gmt":"2025-05-29T17:28:27","guid":{"rendered":"https:\/\/domosistemas.com\/?p=28717"},"modified":"2025-05-29T17:28:27","modified_gmt":"2025-05-29T17:28:27","slug":"unos-vecinos-de-vigo-pensaron-que-era-buena-idea-construir-una-terraza-en-la-acera-el-ayuntamiento-aclara-si-es-legal","status":"publish","type":"post","link":"https:\/\/domosistemas.com\/?p=28717","title":{"rendered":"Unos vecinos de Vigo pensaron que era buena idea construir una terraza en la acera: el ayuntamiento aclara si es legal"},"content":{"rendered":"<div>\n<p>\n      <img decoding=\"async\" src=\"https:\/\/i.blogs.es\/a3b7c5\/rua\/1024_2000.png\" alt=\"Unos vecinos de Vigo pensaron que era buena idea construir una terraza en la acera: el ayuntamiento aclara si es legal \">\n    <\/p>\n<p>El Ayuntamiento de Vigo ha ordenado el derribo de una terraza que bloqueaba completamente el paso peatonal en la r\u00faa do Xuncal, en el barrio de Navia, tal y como explican desde el medio <a rel=\"noopener, noreferrer\" href=\"https:\/\/www.farodevigo.es\/gran-vigo\/2025\/05\/28\/vecinos-vigo-apropian-tramo-acera-117943139.html\">Faro de Vigo<\/a>. Los propietarios del inmueble habr\u00edan <strong>construido esta estructura sin autorizaci\u00f3n<\/strong> durante el 2019, ocupando \u00edntegramente la acera p\u00fablica.<\/p>\n<p><!-- BREAK 1 --><\/p>\n<p>La terraza consiste en un cerramiento de aluminio de diez metros de longitud y 1,2 metros de altura. Seg\u00fan explica el medio, la estructura impide totalmente el tr\u00e1nsito de peatones por ese tramo. Las im\u00e1genes de StreetView de Google Maps confirman que <strong>la estructura no exist\u00eda en marzo de 2019<\/strong>, pero ya estaba presente en noviembre de ese mismo a\u00f1o.<\/p>\n<p><!-- BREAK 2 --><\/p>\n<h2>Una obra sin licencia que llevaba m\u00e1s de seis a\u00f1os<\/h2>\n<p>Tal y como afirma el medio, fue precisamente la Polic\u00eda Local quien detect\u00f3 la presencia de esta construcci\u00f3n no autorizada en plena v\u00eda p\u00fablica durante sus rondas de inspecci\u00f3n. Desde entonces, los vecinos han disfrutado de este espacio adicional <strong>durante casi seis a\u00f1os<\/strong> sin contar con los permisos correspondientes.<\/p>\n<p><!-- BREAK 3 --><\/p>\n<div class=\"article-asset-image article-asset-normal article-asset-center\">\n<div class=\"asset-content\">\n<div class=\"caption-img \">\n<p>   <img decoding=\"async\" alt=\"cerramiento\" class=\"centro_sinmarco\" src=\"https:\/\/i.blogs.es\/6cd505\/faro-de-vigo\/450_1000.jpeg\"><\/p>\n<p>        <span>Imagen: Faro de Vigo obtenidas mediante StreetView<\/span>\n   <\/div>\n<\/p><\/div>\n<\/div>\n<p>Aunque el informe policial alert\u00f3 sobre la situaci\u00f3n hace tiempo, el medio local sugiere que <strong>el procedimiento administrativo ha sido lento<\/strong>. La Xerencia de Urbanismo tard\u00f3 hasta un a\u00f1o en solicitar a Patrimonio Municipal que clarificase la titularidad del terreno ocupado. Un mes despu\u00e9s, una arquitecta municipal confirm\u00f3 posteriormente que se trataba de suelo p\u00fablico.<\/p>\n<p><!-- BREAK 4 --><\/p>\n<p>Los afectados intentaron defenderse aportando documentos que, seg\u00fan ellos, demostraban su propiedad sobre el espacio de la acera. Sin embargo, <strong>el Ayuntamiento rechaz\u00f3 estas alegaciones<\/strong> y declar\u00f3 definitivamente ilegal el cerramiento.<\/p>\n<p><!-- BREAK 5 --><\/p>\n<div class=\"article-asset-video article-asset-normal\">\n<div class=\"asset-content\">\n<div class=\"base-asset-video\">\n<div class=\"js-dailymotion\">\n    <script type=\"application\/json\">\n                          {\"videoId\":\"x7znesx\",\"autoplay\":true,\"title\":\"Edificio de autoconsumo AS\u00cd FUNCIONAN - Paneles solares en bloques de pisos\", \"tag\":\"solar\", \"duration\":\"564\"}\n                  <\/script>\n   <\/div>\n<\/p><\/div>\n<\/p><\/div>\n<\/div>\n<h2>Por qu\u00e9 es ilegal y qu\u00e9 multas puede acarrear<\/h2>\n<p>La ilegalidad viene dada por varios factores: se levant\u00f3 sin presuntamente obtener la licencia de obras que exige la normativa municipal, se realiz\u00f3 sobre suelo que pertenece al Ayuntamiento de Vigo (no a los propietarios del inmueble), y vulnera el uso p\u00fablico del espacio urbano al impedir el paso de peatones por la acera. Hay que tener en cuenta que, generalmente, cualquier ocupaci\u00f3n de la v\u00eda p\u00fablica <a rel=\"noopener, noreferrer\" href=\"https:\/\/www.boe.es\/buscar\/act.php?id=BOE-A-2021-13488\">requiere autorizaci\u00f3n previa de la administraci\u00f3n local<\/a>, algo que, seg\u00fan explica el medio, <strong>nunca solicitaron ni obtuvieron los vecinos<\/strong> antes de proceder con la construcci\u00f3n del cerramiento.<\/p>\n<p><!-- BREAK 6 --><\/p>\n<div class=\"article-asset article-asset-normal article-asset-center\">\n<div class=\"desvio-container\">\n<div class=\"desvio\">\n<div class=\"desvio-figure js-desvio-figure\">\n    <a href=\"https:\/\/www.xatakahome.com\/hogar\/no-quiero-multazo-ite-iee-mi-comunidad-vecinos-esto-dice-ley-cuando-hay-que-pasarlos\" class=\"pivot-outboundlink\" data-vars-post-title=\"No quiero una multa hist\u00f3rica en mi comunidad de vecinos por no hacer las inspecciones obligatorias: esto es lo que dice la ley\"><br \/>\n     <img loading=\"lazy\" decoding=\"async\" alt=\"No quiero una multa hist\u00f3rica en mi comunidad de vecinos por no hacer las inspecciones obligatorias: esto es lo que dice la ley\" width=\"375\" height=\"142\" src=\"https:\/\/i.blogs.es\/8ec944\/houses-7030773_1920\/375_142.jpeg\"><br \/>\n    <\/a>\n   <\/div>\n<div class=\"desvio-summary\">\n<div class=\"desvio-taxonomy js-desvio-taxonomy\">\n     <a href=\"https:\/\/www.xatakahome.com\/hogar\/no-quiero-multazo-ite-iee-mi-comunidad-vecinos-esto-dice-ley-cuando-hay-que-pasarlos\" class=\"desvio-taxonomy-anchor pivot-outboundlink\" data-vars-post-title=\"No quiero una multa hist\u00f3rica en mi comunidad de vecinos por no hacer las inspecciones obligatorias: esto es lo que dice la ley\">En Xataka Smart Home<\/a>\n    <\/div>\n<p>    <a href=\"https:\/\/www.xatakahome.com\/hogar\/no-quiero-multazo-ite-iee-mi-comunidad-vecinos-esto-dice-ley-cuando-hay-que-pasarlos\" class=\"desvio-title js-desvio-title pivot-outboundlink\" data-vars-post-title=\"No quiero una multa hist\u00f3rica en mi comunidad de vecinos por no hacer las inspecciones obligatorias: esto es lo que dice la ley\">No quiero una multa hist\u00f3rica en mi comunidad de vecinos por no hacer las inspecciones obligatorias: esto es lo que dice la ley<\/a>\n   <\/div>\n<\/p><\/div>\n<\/p><\/div>\n<\/div>\n<p>La resoluci\u00f3n municipal otorga a los propietarios un plazo de doce meses para retirar la terraza y restaurar el paso peatonal. Si no cumplen voluntariamente, el organismo ejecutar\u00e1 las obras de forma subsidiaria y les impondr\u00e1 multas \u2018coercitivas mensuales\u2019, seg\u00fan explica el medio. Estas sanciones pueden alcanzar <strong>entre 1.000 y 10.000 euros cada mes<\/strong> hasta que se desmonte la estructura.<\/p>\n<p><!-- BREAK 7 --><\/p>\n<p>Imagen de portada | Google StreetView<\/p>\n<p>En Xataka Smart Home | <a class=\"text-outboundlink\" href=\"https:\/\/www.xatakahome.com\/tutoriales\/mi-comunidad-vecinos-hemos-fulminado-pisos-turisticos-esto-que-hemos-hecho-para-lograrlo\" data-vars-post-title=\"En mi comunidad de vecinos hemos fulminado los pisos tur\u00edsticos. Esto es lo que hemos hecho para lograrlo\" data-vars-post-url=\"https:\/\/www.xatakahome.com\/tutoriales\/mi-comunidad-vecinos-hemos-fulminado-pisos-turisticos-esto-que-hemos-hecho-para-lograrlo\">En mi comunidad de vecinos hemos fulminado los pisos tur\u00edsticos. Esto es lo que hemos hecho para lograrlo<\/a><\/p>\n<p><script>\n (function() {\n  window._JS_MODULES = window._JS_MODULES || {};\n  var headElement = document.getElementsByTagName('head')[0];\n  if (_JS_MODULES.instagram) {\n   var instagramScript = document.createElement('script');\n   instagramScript.src = 'https:\/\/platform.instagram.com\/en_US\/embeds.js';\n   instagramScript.async = true;\n   instagramScript.defer = true;\n   headElement.appendChild(instagramScript);\n  }\n })();\n<\/script><\/p>\n<p> &#8211; <br \/> La noticia<br \/>\n      <a href=\"https:\/\/www.xatakahome.com\/hogar\/unos-vecinos-vigo-pensaron-que-era-buena-idea-construir-terraza-acera-ayuntamiento-aclara-legal?utm_source=feedburner&amp;utm_medium=feed&amp;utm_campaign=29_May_2025\"><br \/>\n       <em> Unos vecinos de Vigo pensaron que era buena idea construir una terraza en la acera: el ayuntamiento aclara si es legal  <\/em><br \/>\n      <\/a><br \/>\n      fue publicada originalmente en<br \/>\n      <a href=\"https:\/\/www.xatakahome.com\/?utm_source=feedburner&amp;utm_medium=feed&amp;utm_campaign=29_May_2025\"><br \/>\n       <strong> Xataka Smart Home <\/strong><br \/>\n      <\/a><br \/>\n             por <a href=\"https:\/\/www.xatakahome.com\/autor\/antonio-vallejo?utm_source=feedburner&amp;utm_medium=feed&amp;utm_campaign=29_May_2025\"><br \/>\n        Antonio Vallejo<br \/>\n       <\/a><br \/>\n      . <\/p>\n<\/div>\n","protected":false},"excerpt":{"rendered":"<p>El Ayuntamiento de Vigo ha ordenado el derribo de una terraza que bloqueaba completamente el paso peatonal en la r\u00faa do Xuncal, en el barrio de Navia, tal y como explican desde el medio Faro de Vigo. Los propietarios del inmueble habr\u00edan construido esta estructura sin autorizaci\u00f3n durante el 2019, ocupando \u00edntegramente la acera p\u00fablica. &hellip; <a href=\"https:\/\/domosistemas.com\/?p=28717\" class=\"more-link\">Sigue leyendo <span class=\"screen-reader-text\">Unos vecinos de Vigo pensaron que era buena idea construir una terraza en la acera: el ayuntamiento aclara si es legal<\/span><\/a><\/p>\n","protected":false},"author":1,"featured_media":0,"comment_status":"closed","ping_status":"closed","sticky":false,"template":"","format":"standard","meta":{"footnotes":""},"categories":[8],"tags":[],"class_list":["post-28717","post","type-post","status-publish","format-standard","hentry","category-xataka"],"_links":{"self":[{"href":"https:\/\/domosistemas.com\/index.php?rest_route=\/wp\/v2\/posts\/28717","targetHints":{"allow":["GET"]}}],"collection":[{"href":"https:\/\/domosistemas.com\/index.php?rest_route=\/wp\/v2\/posts"}],"about":[{"href":"https:\/\/domosistemas.com\/index.php?rest_route=\/wp\/v2\/types\/post"}],"author":[{"embeddable":true,"href":"https:\/\/domosistemas.com\/index.php?rest_route=\/wp\/v2\/users\/1"}],"replies":[{"embeddable":true,"href":"https:\/\/domosistemas.com\/index.php?rest_route=%2Fwp%2Fv2%2Fcomments&post=28717"}],"version-history":[{"count":0,"href":"https:\/\/domosistemas.com\/index.php?rest_route=\/wp\/v2\/posts\/28717\/revisions"}],"wp:attachment":[{"href":"https:\/\/domosistemas.com\/index.php?rest_route=%2Fwp%2Fv2%2Fmedia&parent=28717"}],"wp:term":[{"taxonomy":"category","embeddable":true,"href":"https:\/\/domosistemas.com\/index.php?rest_route=%2Fwp%2Fv2%2Fcategories&post=28717"},{"taxonomy":"post_tag","embeddable":true,"href":"https:\/\/domosistemas.com\/index.php?rest_route=%2Fwp%2Fv2%2Ftags&post=28717"}],"curies":[{"name":"wp","href":"https:\/\/api.w.org\/{rel}","templated":true}]}}