{"id":28732,"date":"2025-05-30T15:10:50","date_gmt":"2025-05-30T15:10:50","guid":{"rendered":"https:\/\/domosistemas.com\/?p=28732"},"modified":"2025-05-30T15:10:50","modified_gmt":"2025-05-30T15:10:50","slug":"el-ingenioso-invento-de-unos-estudiantes-para-refrescar-la-casa-en-verano-un-sistema-de-ventilacion-que-funciona-sin-electricidad","status":"publish","type":"post","link":"https:\/\/domosistemas.com\/?p=28732","title":{"rendered":"El ingenioso invento de unos estudiantes para refrescar la casa en verano: un sistema de ventilaci\u00f3n que funciona sin electricidad"},"content":{"rendered":"<div>\n<p>\n      <img decoding=\"async\" src=\"https:\/\/i.blogs.es\/62e312\/invento\/1024_2000.jpeg\" alt=\"El ingenioso invento de unos estudiantes para refrescar la casa en verano: un sistema de ventilaci\u00f3n que funciona sin electricidad \">\n    <\/p>\n<p>Un grupo de cinco estudiantes de la Preparatoria Municipal de Altamira, en Tamaulipas, M\u00e9xico, <a rel=\"noopener, noreferrer\" href=\"https:\/\/www.pressreader.com\/mexico\/el-sol-de-tampico\/20250522\/281749865269555\">ha desarrollado<\/a> un prototipo de <strong>sistema de ventilaci\u00f3n fabricado \u00edntegramente con materiales reciclados<\/strong>. El proyecto, denominado \u00abEco Freezer Slim\u00bb, surge como respuesta a las altas temperaturas de la regi\u00f3n y busca ofrecer una alternativa accesible para <a class=\"text-outboundlink\" href=\"https:\/\/www.xatakahome.com\/hogar\/asi-sobrevivo-al-calor-verano-casa-ventanas-antiguas-aire-acondicionado\" data-vars-post-title=\"As\u00ed sobrevivo al calor del verano en una casa con ventanas antiguas y sin aire acondicionado  \" data-vars-post-url=\"https:\/\/www.xatakahome.com\/hogar\/asi-sobrevivo-al-calor-verano-casa-ventanas-antiguas-aire-acondicionado\">mejorar el confort t\u00e9rmico en los hogares<\/a>.<\/p>\n<p><!-- BREAK 1 --><\/p>\n<p>Tal y como se\u00f1alan desde el medio nacional el <a rel=\"noopener, noreferrer\" href=\"https:\/\/oem.com.mx\/elsoldetampico\/local\/alumnos-de-altamira-crean-mini-split-ecologico-y-lo-presentan-en-la-expomuni-2025-23432623\">Sol de M\u00e9xico<\/a>, la iniciativa naci\u00f3 en la Tercera Exhibici\u00f3n de Prototipos Ecol\u00f3gicos \u201cExpomuni 2025\u201d donde se desafiaba a los alumnos a <strong>crear prototipos con impacto social y medioambiental<\/strong> positivo.<\/p>\n<p><!-- BREAK 2 --><\/p>\n<h2>Un proyecto que ha acaparado la atenci\u00f3n en la localidad por su enfoque sostenible<\/h2>\n<p>Los estudiantes Milena Desir\u00e9 Romero V\u00e1zquez, Aimar Izaguirre, \u00d3scar David Mac\u00edas Galicia, Lorenzo Antonio M\u00e9ndez Tolentino y Juan Rub\u00e9n Zarate Alejo se decantaron por abordar el problema de las elevadas temperaturas que sufre su comunidad y la dificultad econ\u00f3mica de muchas familias para acceder a sistemas de climatizaci\u00f3n convencionales.<\/p>\n<p><!-- BREAK 3 --><\/p>\n<div class=\"article-asset-image article-asset-normal article-asset-center\">\n<div class=\"asset-content\">\n<div class=\"caption-img \">\n<p>   <img decoding=\"async\" alt=\"Split 1\" class=\"centro_sinmarco\" src=\"https:\/\/i.blogs.es\/6c0342\/split-1\/450_1000.jpeg\"><\/p>\n<p>        <span>Prototipo de \u00absplit\u00bb para refrigeraci\u00f3n pasiva. Imagen: Miguel D\u00edaz<\/span>\n   <\/div>\n<\/p><\/div>\n<\/div>\n<p>\u201cEs un proyecto en el que se emplea cart\u00f3n, madera y lo elaboramos en una forma de dispensario de un mini split pero en la parte posterior se colocar\u00e1n una docena de botellas de pl\u00e1stico cuya capacidad sea de litro y medio, cortadas a la mitad y sin su base, solo se deja el pico el cual nos permitir\u00e1 que se cumpla el <a rel=\"noopener, noreferrer\" href=\"https:\/\/es.wikipedia.org\/wiki\/Efecto_Joule-Thomson\">efecto Joule-Thomson<\/a> con la entrada del aire\u201d, explic\u00f3 Lorenzo M\u00e9ndez.<\/p>\n<p><!-- BREAK 4 --><\/p>\n<p>El dispositivo <strong>se construye principalmente con cart\u00f3n reciclado<\/strong> para formar la estructura principal y botellas de PET reutilizadas que act\u00faan como canalizadores del flujo de aire. Seg\u00fan los estudiantes, el sistema funciona mejor cuando se coloca cerca de una ventana donde existe corriente de aire natural.<\/p>\n<p><!-- BREAK 5 --><\/p>\n<div class=\"article-asset-image article-asset-normal article-asset-center\">\n<div class=\"asset-content\">\n<div class=\"caption-img \">\n<p>   <img decoding=\"async\" alt=\"Split 2\" class=\"centro_sinmarco\" src=\"https:\/\/i.blogs.es\/fbdbbc\/split-2\/450_1000.jpeg\"><\/p>\n<p>        <span>Imagen: Miguel D\u00edaz<\/span>\n   <\/div>\n<\/p><\/div>\n<\/div>\n<p>M\u00e9ndez detalla que el prototipo fue probado inicialmente en una habitaci\u00f3n peque\u00f1a, donde los j\u00f3venes registraron cierta mejora en la sensaci\u00f3n t\u00e9rmica. Los primeros ensayos en sus propios hogares les sirvieron para ajustar el dise\u00f1o y evaluar su efectividad.<\/p>\n<p><!-- BREAK 6 --><\/p>\n<h2>Limitaciones y perspectivas realistas<\/h2>\n<p>Aunque los estudiantes mencionan reducciones de temperatura de hasta 4 grados y hacen referencia al efecto Joule-Thomson, es importante aclarar que un sistema pasivo construido con estos materiales no puede reproducir las condiciones termodin\u00e1micas necesarias para dicho efecto f\u00edsico, que <a rel=\"noopener, noreferrer\" href=\"https:\/\/www.sciencedirect.com\/topics\/earth-and-planetary-sciences\/joule-thomson-effect\">requiere compresi\u00f3n y expansi\u00f3n controlada de gases<\/a>.<\/p>\n<p><!-- BREAK 7 --><\/p>\n<div class=\"article-asset article-asset-normal article-asset-center\">\n<div class=\"desvio-container\">\n<div class=\"desvio\">\n<div class=\"desvio-figure js-desvio-figure\">\n    <a href=\"https:\/\/www.xatakahome.com\/hogar\/vivo-alquiler-quiero-aire-acondicionado-quien-debe-pagar-instalacion-arreglo\" class=\"pivot-outboundlink\" data-vars-post-title=\"Vivo de alquiler y quiero un aire acondicionado: qui\u00e9n debe pagar la instalaci\u00f3n o el arreglo\"><br \/>\n     <img loading=\"lazy\" decoding=\"async\" alt=\"Vivo de alquiler y quiero un aire acondicionado: qui\u00e9n debe pagar la instalaci\u00f3n o el arreglo\" width=\"375\" height=\"142\" src=\"https:\/\/i.blogs.es\/c3e0db\/pexels-joseantoniogallego-5539540\/375_142.jpeg\"><br \/>\n    <\/a>\n   <\/div>\n<div class=\"desvio-summary\">\n<div class=\"desvio-taxonomy js-desvio-taxonomy\">\n     <a href=\"https:\/\/www.xatakahome.com\/hogar\/vivo-alquiler-quiero-aire-acondicionado-quien-debe-pagar-instalacion-arreglo\" class=\"desvio-taxonomy-anchor pivot-outboundlink\" data-vars-post-title=\"Vivo de alquiler y quiero un aire acondicionado: qui\u00e9n debe pagar la instalaci\u00f3n o el arreglo\">En Xataka Smart Home<\/a>\n    <\/div>\n<p>    <a href=\"https:\/\/www.xatakahome.com\/hogar\/vivo-alquiler-quiero-aire-acondicionado-quien-debe-pagar-instalacion-arreglo\" class=\"desvio-title js-desvio-title pivot-outboundlink\" data-vars-post-title=\"Vivo de alquiler y quiero un aire acondicionado: qui\u00e9n debe pagar la instalaci\u00f3n o el arreglo\">Vivo de alquiler y quiero un aire acondicionado: qui\u00e9n debe pagar la instalaci\u00f3n o el arreglo<\/a>\n   <\/div>\n<\/p><\/div>\n<\/p><\/div>\n<\/div>\n<p>El funcionamiento real del dispositivo se asemeja m\u00e1s a <strong>un sistema de ventilaci\u00f3n pasiva mejorada<\/strong>, que puede proporcionar cierta sensaci\u00f3n de frescor mediante la canalizaci\u00f3n del aire, pero sin las capacidades de refrigeraci\u00f3n de un aparato de aire acondicionado convencional.<\/p>\n<p><!-- BREAK 8 --><\/p>\n<div class=\"article-asset-video article-asset-normal\">\n<div class=\"asset-content\">\n<div class=\"base-asset-video\">\n<div class=\"js-dailymotion\">\n    <script type=\"application\/json\">\n                          {\"videoId\":\"x7znesx\",\"autoplay\":true,\"title\":\"Edificio de autoconsumo AS\u00cd FUNCIONAN - Paneles solares en bloques de pisos\", \"tag\":\"solar\", \"duration\":\"564\"}\n                  <\/script>\n   <\/div>\n<\/p><\/div>\n<\/p><\/div>\n<\/div>\n<p>Pese a las limitaciones t\u00e9cnicas, <strong>el proyecto tiene un valor significativo como ejercicio educativo<\/strong> y muestra el entusiasmo de estos estudiantes por mejorar el panorama ambiental y social, adem\u00e1s de capacidad de trabajar con recursos limitados para abordar un problema real. El grupo ha expresado su inter\u00e9s en que el proyecto pueda captar la atenci\u00f3n de empresarios o instituciones dispuestos a apoyar su desarrollo.<\/p>\n<p><!-- BREAK 9 --><\/p>\n<p>Imagen de portada | Nauyaca<\/p>\n<p>En Xataka Smart Home | <a class=\"text-outboundlink\" href=\"https:\/\/www.xatakahome.com\/hogar\/no-quiero-usar-aire-acondicionado-mejor-solucion-toldo-no-paso-calor-ahorro-factura\" data-vars-post-title=\"No quiero usar ya el aire acondicionado.Esto es lo que hago para no pasar calor y pagar menos electricidad \" data-vars-post-url=\"https:\/\/www.xatakahome.com\/hogar\/no-quiero-usar-aire-acondicionado-mejor-solucion-toldo-no-paso-calor-ahorro-factura\">No quiero usar ya el aire acondicionado. Esto es lo que hago para no pasar calor y pagar menos electricidad<\/a><\/p>\n<p><script>\n (function() {\n  window._JS_MODULES = window._JS_MODULES || {};\n  var headElement = document.getElementsByTagName('head')[0];\n  if (_JS_MODULES.instagram) {\n   var instagramScript = document.createElement('script');\n   instagramScript.src = 'https:\/\/platform.instagram.com\/en_US\/embeds.js';\n   instagramScript.async = true;\n   instagramScript.defer = true;\n   headElement.appendChild(instagramScript);\n  }\n })();\n<\/script><\/p>\n<p> &#8211; <br \/> La noticia<br \/>\n      <a href=\"https:\/\/www.xatakahome.com\/hogar\/ingenioso-invento-unos-estudiantes-para-refrescar-casa-verano-sistema-ventilacion-que-funciona-electricidad?utm_source=feedburner&amp;utm_medium=feed&amp;utm_campaign=30_May_2025\"><br \/>\n       <em> El ingenioso invento de unos estudiantes para refrescar la casa en verano: un sistema de ventilaci\u00f3n que funciona sin electricidad  <\/em><br \/>\n      <\/a><br \/>\n      fue publicada originalmente en<br \/>\n      <a href=\"https:\/\/www.xatakahome.com\/?utm_source=feedburner&amp;utm_medium=feed&amp;utm_campaign=30_May_2025\"><br \/>\n       <strong> Xataka Smart Home <\/strong><br \/>\n      <\/a><br \/>\n             por <a href=\"https:\/\/www.xatakahome.com\/autor\/antonio-vallejo?utm_source=feedburner&amp;utm_medium=feed&amp;utm_campaign=30_May_2025\"><br \/>\n        Antonio Vallejo<br \/>\n       <\/a><br \/>\n      . <\/p>\n<\/div>\n","protected":false},"excerpt":{"rendered":"<p>Un grupo de cinco estudiantes de la Preparatoria Municipal de Altamira, en Tamaulipas, M\u00e9xico, ha desarrollado un prototipo de sistema de ventilaci\u00f3n fabricado \u00edntegramente con materiales reciclados. El proyecto, denominado \u00abEco Freezer Slim\u00bb, surge como respuesta a las altas temperaturas de la regi\u00f3n y busca ofrecer una alternativa accesible para mejorar el confort t\u00e9rmico en &hellip; <a href=\"https:\/\/domosistemas.com\/?p=28732\" class=\"more-link\">Sigue leyendo <span class=\"screen-reader-text\">El ingenioso invento de unos estudiantes para refrescar la casa en verano: un sistema de ventilaci\u00f3n que funciona sin electricidad<\/span><\/a><\/p>\n","protected":false},"author":1,"featured_media":0,"comment_status":"closed","ping_status":"closed","sticky":false,"template":"","format":"standard","meta":{"footnotes":""},"categories":[8],"tags":[],"class_list":["post-28732","post","type-post","status-publish","format-standard","hentry","category-xataka"],"_links":{"self":[{"href":"https:\/\/domosistemas.com\/index.php?rest_route=\/wp\/v2\/posts\/28732","targetHints":{"allow":["GET"]}}],"collection":[{"href":"https:\/\/domosistemas.com\/index.php?rest_route=\/wp\/v2\/posts"}],"about":[{"href":"https:\/\/domosistemas.com\/index.php?rest_route=\/wp\/v2\/types\/post"}],"author":[{"embeddable":true,"href":"https:\/\/domosistemas.com\/index.php?rest_route=\/wp\/v2\/users\/1"}],"replies":[{"embeddable":true,"href":"https:\/\/domosistemas.com\/index.php?rest_route=%2Fwp%2Fv2%2Fcomments&post=28732"}],"version-history":[{"count":0,"href":"https:\/\/domosistemas.com\/index.php?rest_route=\/wp\/v2\/posts\/28732\/revisions"}],"wp:attachment":[{"href":"https:\/\/domosistemas.com\/index.php?rest_route=%2Fwp%2Fv2%2Fmedia&parent=28732"}],"wp:term":[{"taxonomy":"category","embeddable":true,"href":"https:\/\/domosistemas.com\/index.php?rest_route=%2Fwp%2Fv2%2Fcategories&post=28732"},{"taxonomy":"post_tag","embeddable":true,"href":"https:\/\/domosistemas.com\/index.php?rest_route=%2Fwp%2Fv2%2Ftags&post=28732"}],"curies":[{"name":"wp","href":"https:\/\/api.w.org\/{rel}","templated":true}]}}