{"id":28739,"date":"2025-06-01T08:00:56","date_gmt":"2025-06-01T08:00:56","guid":{"rendered":"https:\/\/domosistemas.com\/?p=28739"},"modified":"2025-06-01T08:00:56","modified_gmt":"2025-06-01T08:00:56","slug":"lidl-lucha-este-verano-contra-ikea-con-esta-sombrilla-para-terraza-o-jardin-se-instala-facil-y-cuesta-menos-de-50-euros","status":"publish","type":"post","link":"https:\/\/domosistemas.com\/?p=28739","title":{"rendered":"Lidl lucha (este verano) contra Ikea con esta sombrilla para terraza o jard\u00edn: se instala f\u00e1cil y cuesta menos de 50 euros"},"content":{"rendered":"<div>\n<p>\n      <img decoding=\"async\" src=\"https:\/\/i.blogs.es\/fa95ba\/ofertas_cpa_v3-copia-33-\/1024_2000.jpeg\" alt=\"Lidl lucha (este verano) contra Ikea con esta sombrilla para terraza o jard\u00edn: se instala f\u00e1cil y cuesta menos de 50 euros\">\n    <\/p>\n<p>El calor ya ha llegado para quedarse y son muchas ya las personas que est\u00e1n buscando una soluci\u00f3n para poder tener sombra en algunos espacios de su hogar como la terraza o jard\u00edn. Ahora, en Lidl, hemos encontrado esta <strong>sombrilla regulable<\/strong>, que puedes comprar en su tienda online por <a rel=\"nofollow, sponsored, noopener, noreferrer\" target=\"_blank\" class=\"js-ecommerce\" id=\"link-ecommerce-1\" href=\"https:\/\/www.xatakahome.com\/redirect?url=https%3A%2F%2Fwww.lidl.es%2Fes%2Fsombrilla-regulable%2Fp37860&amp;category=seleccion&amp;ecomPostExpiration=perish&amp;postId=117733\" data-vars-affiliate-url=\"https:\/\/www.lidl.es\/es\/sombrilla-regulable\/p37860\">44,99 euros<\/a>.<\/p>\n<p><!-- BREAK 1 --><!-- PIVOT START --><\/p>\n<div class=\"pivot-ecommerce-container m-pivot-ecommerce-redesign article-asset-normal article-asset-center\">\n<div class=\"pivot-ecommerce\">\n<div class=\"pivot-ecommerce-figure\">\n  <a rel=\"nofollow, sponsored, noopener, noreferrer\" target=\"_blank\" href=\"https:\/\/www.xatakahome.com\/redirect?url=https%3A%2F%2Fwww.lidl.es%2Fes%2Fsombrilla-regulable%2Fp37860&amp;category=seleccion&amp;pivot=1&amp;ecomPostExpiration=perish&amp;postId=117733\"><br \/>\n   <img loading=\"lazy\" decoding=\"async\" alt=\"Sombrilla regulable\" width=\"600\" height=\"600\" src=\"https:\/\/i.blogs.es\/ebdae1\/blob\/original.jpeg\"><br \/>\n  <\/a>\n  <\/div>\n<div class=\"pivot-ecommerce-summary\">\n<p class=\"pivot-ecommerce-desc\">Sombrilla regulable<\/p>\n<div class=\"pivot-actions \">\n<div class=\"pivot-actions-row\">\n <a rel=\"nofollow, sponsored, noopener, noreferrer\" target=\"_blank\" data-asin=\"\" data-store=\"\" href=\"https:\/\/www.xatakahome.com\/redirect?url=https%3A%2F%2Fwww.lidl.es%2Fes%2Fsombrilla-regulable%2Fp37860&amp;category=seleccion&amp;pivot=1&amp;ecomPostExpiration=perish&amp;postId=117733\" title=\"Precio de venta al p\u00fablico a fecha de publicaci\u00f3n\" class=\"pivot-action-btn pivot-action-primary\">PVP en Lidl \u2014 <strong><span class=\"js-deal-price\">44,99<\/span> \u20ac<\/strong><\/a>\n <\/div>\n<\/p><\/div>\n<\/p><\/div>\n<\/p><\/div>\n<div class=\"pivot-link-msg\">* Alg\u00fan precio puede haber cambiado desde la \u00faltima revisi\u00f3n<\/div>\n<\/p><\/div>\n<p><!-- PIVOT END --><\/p>\n<h2>Una soluci\u00f3n barata y f\u00e1cil de colocar para tener sombra<\/h2>\n<div class=\"article-asset-image article-asset-normal article-asset-center\">\n<div class=\"asset-content\">\n                    <a rel=\"nofollow, sponsored, noopener, noreferrer\" target=\"_blank\" class=\"js-ecommerce\" id=\"link-ecommerce-2\" href=\"https:\/\/www.xatakahome.com\/redirect?url=https%3A%2F%2Fwww.lidl.es%2Fes%2Fsombrilla-regulable%2Fp37860&amp;category=seleccion&amp;ecomPostExpiration=perish&amp;postId=117733\" data-vars-affiliate-url=\"https:\/\/www.lidl.es\/es\/sombrilla-regulable\/p37860\"><\/p>\n<p>    <img decoding=\"async\" alt=\"sombrilla regulable Lidl\" class=\"centro_sinmarco\" src=\"https:\/\/i.blogs.es\/b327c9\/proyecto-nuevo-37-\/450_1000.jpeg\"><br \/>\n     <\/a><\/p><\/div>\n<\/div>\n<p>Una de las se\u00f1as de identidad de esta sombrilla que tiene Lidl a la venta es que ofrece una <strong>elevado protecci\u00f3n frente a los rayos UV<\/strong>. Esto es gracias a que cuenta con factor de protecci\u00f3n UPF 80 (seg\u00fan el est\u00e1ndar UV 801).<\/p>\n<p><!-- BREAK 2 --><\/p>\n<div class=\"article-asset article-asset-normal article-asset-center\">\n<div class=\"desvio-container\">\n<div class=\"desvio\">\n<div class=\"desvio-figure js-desvio-figure\">\n    <a href=\"https:\/\/www.xataka.com\/seleccion\/hace-anos-compre-echo-dot-idea-utilizar-alexa-mayor-uso-que-le-he-dado-nintendo-switch\" class=\"pivot-outboundlink\" target=\"_blank\" data-vars-post-title=\"Hace a\u00f1os compr\u00e9 un Echo Dot con la idea de utilizar Alexa, pero el mayor uso que le he dado es con una Nintendo Switch\"><br \/>\n     <img loading=\"lazy\" decoding=\"async\" alt=\"Hace a\u00f1os compr\u00e9 un Echo Dot con la idea de utilizar Alexa, pero el mayor uso que le he dado es con una Nintendo Switch\" width=\"375\" height=\"142\" src=\"https:\/\/i.blogs.es\/9b4c58\/echo-dot\/375_142.jpeg\"><br \/>\n    <\/a>\n   <\/div>\n<div class=\"desvio-summary\">\n<div class=\"desvio-taxonomy js-desvio-taxonomy\">\n     <a href=\"https:\/\/www.xataka.com\/seleccion\/hace-anos-compre-echo-dot-idea-utilizar-alexa-mayor-uso-que-le-he-dado-nintendo-switch\" class=\"desvio-taxonomy-anchor pivot-outboundlink m-crosspost\" target=\"_blank\" data-vars-post-title=\"Hace a\u00f1os compr\u00e9 un Echo Dot con la idea de utilizar Alexa, pero el mayor uso que le he dado es con una Nintendo Switch\">En Xataka<\/a>\n    <\/div>\n<p>    <a href=\"https:\/\/www.xataka.com\/seleccion\/hace-anos-compre-echo-dot-idea-utilizar-alexa-mayor-uso-que-le-he-dado-nintendo-switch\" class=\"desvio-title js-desvio-title pivot-outboundlink\" target=\"_blank\" data-vars-post-title=\"Hace a\u00f1os compr\u00e9 un Echo Dot con la idea de utilizar Alexa, pero el mayor uso que le he dado es con una Nintendo Switch\">Hace a\u00f1os compr\u00e9 un Echo Dot con la idea de utilizar Alexa, pero el mayor uso que le he dado es con una Nintendo Switch<\/a>\n   <\/div>\n<\/p><\/div>\n<\/p><\/div>\n<\/div>\n<div class=\"article-asset-video article-asset-normal\">\n<div class=\"asset-content\">\n<div class=\"base-asset-video\">\n<div class=\"js-dailymotion\">\n    <script type=\"application\/json\">\n                          {\"videoId\":\"x8006fc\",\"autoplay\":true,\"title\":\"C\u00f3mo dormir cuando hace mucho calor y no tienes aire acondicionado\", \"tag\":\"\", \"duration\":\"217\"}\n                  <\/script>\n   <\/div>\n<\/p><\/div>\n<\/p><\/div>\n<\/div>\n<p>Sus medidas son de <strong>249 x 294 cm<\/strong> y pesa 5,4 kg. Est\u00e1 fabricada con una estructura de aluminio y con tela de poli\u00e9ster que, adem\u00e1s, destaca por ser repelente al agua, as\u00ed que no se estropear\u00e1 aunque le caiga la lluvia.<\/p>\n<p><!-- BREAK 3 --><\/p>\n<p>Cuenta tambi\u00e9n con una abertura que permite evitar el calor y los efectos del viento. De su funda, se puede destacar que es extra\u00edble y lavable a mano. Por \u00faltimo, se puede destacar de esta sombrilla que su cinta de sujeci\u00f3n est\u00e1 cosida. Eso s\u00ed, debes saber que <strong>no viene con soporte<\/strong>, por lo que tendr\u00e1s que comprarlo aparte.<\/p>\n<p><!-- BREAK 4 --><\/p>\n<h2>La alternativa de Leroy Merlin<\/h2>\n<p>Si llega a agotarse esta sombrilla en la web de Lidl, en <strong>Leroy Merlin<\/strong> hemos encontrado una alternativa que te puede interesar. Se trata de esta de 2&#215;3 metros en color antracita y que se vende solo online y est\u00e1 rebajada a <a rel=\"noopener, noreferrer\" href=\"http:\/\/leroymerlin.es\/productos\/sombrilla-2x3-metros-180gr-antracita-84720026.html\">51,27 euros<\/a>.<\/p>\n<p><!-- BREAK 5 --><!-- PIVOT START --><\/p>\n<div class=\"pivot-ecommerce-container m-pivot-ecommerce-redesign article-asset-normal article-asset-center\">\n<div class=\"pivot-ecommerce\">\n<div class=\"pivot-ecommerce-figure\">\n  <a rel=\"nofollow, sponsored, noopener, noreferrer\" target=\"_blank\" href=\"http:\/\/leroymerlin.es\/productos\/sombrilla-2x3-metros-180gr-antracita-84720026.html\"><br \/>\n   <img loading=\"lazy\" decoding=\"async\" alt=\"Sombrilla 2x3 metros 180gr Antracita\n\" width=\"1052\" height=\"1051\" src=\"https:\/\/i.blogs.es\/9eceab\/blob\/original.png\"><br \/>\n  <\/a>\n  <\/div>\n<div class=\"pivot-ecommerce-summary\">\n<p class=\"pivot-ecommerce-desc\">Sombrilla 2&#215;3 metros 180gr Antracita\n<\/p>\n<div class=\"pivot-actions \">\n<div class=\"pivot-actions-row\">\n <a rel=\"nofollow, sponsored, noopener, noreferrer\" target=\"_blank\" data-asin=\"\" data-store=\"\" href=\"http:\/\/leroymerlin.es\/productos\/sombrilla-2x3-metros-180gr-antracita-84720026.html\" title=\"Precio de venta al p\u00fablico a fecha de publicaci\u00f3n\" class=\"pivot-action-btn pivot-action-primary\">PVP en Leroy Merlin \u2014 <strong><span class=\"js-deal-price\">51,27<\/span> \u20ac<\/strong><\/a>\n <\/div>\n<\/p><\/div>\n<\/p><\/div>\n<\/p><\/div>\n<div class=\"pivot-link-msg\">* Alg\u00fan precio puede haber cambiado desde la \u00faltima revisi\u00f3n<\/div>\n<\/p><\/div>\n<p><!-- PIVOT END --><\/p>\n<h2>Algunos soportes que te pueden interesar para esta sombrilla<\/h2>\n<p><!-- PIVOT START --><\/p>\n<div class=\"pivot-ecommerce-container m-pivot-ecommerce-redesign article-asset-normal article-asset-center\">\n<div class=\"pivot-ecommerce\">\n<div class=\"pivot-ecommerce-figure\">\n  <a rel=\"nofollow, sponsored, noopener, noreferrer\" target=\"_blank\" href=\"https:\/\/www.xatakahome.com\/redirect?url=https%3A%2F%2Fwww.amazon.es%2Fdp%2FB0863Z98D8%3Ftag%3Dxatakahome-21%26linkCode%3Dogi%26th%3D1%26psc%3D1&amp;category=seleccion&amp;pivot=1&amp;ecomPostExpiration=perish&amp;postId=117733\"><br \/>\n   <img loading=\"lazy\" decoding=\"async\" alt=\"Outsunny Base para Sombrilla de Jard\u00edn \" width=\"500\" height=\"500\" src=\"https:\/\/i.blogs.es\/d93df3\/4134wyedv9l._sl500_\/original.jpeg\"><br \/>\n  <\/a>\n  <\/div>\n<div class=\"pivot-ecommerce-summary\">\n<p class=\"pivot-ecommerce-desc\">Outsunny Base para Sombrilla de Jard\u00edn <\/p>\n<div class=\"pivot-actions \">\n<div class=\"pivot-actions-row\">\n <a rel=\"nofollow, sponsored, noopener, noreferrer\" target=\"_blank\" data-asin=\"B0863Z98D8\" data-store=\"Amazon\" href=\"https:\/\/www.xatakahome.com\/redirect?url=https%3A%2F%2Fwww.amazon.es%2Fdp%2FB0863Z98D8%3Ftag%3Dxatakahome-21%26linkCode%3Dogi%26th%3D1%26psc%3D1&amp;category=seleccion&amp;pivot=1&amp;ecomPostExpiration=perish&amp;postId=117733\" title=\"Precio actualizado hoy\" class=\"pivot-action-btn metrics-pivot-btn pivot-action-primary\">Hoy en Amazon \u2014 <strong><span class=\"js-deal-price\">28,36<\/span> \u20ac<\/strong><\/a>\n <\/div>\n<\/p><\/div>\n<\/p><\/div>\n<\/p><\/div>\n<div class=\"pivot-link-msg\">* Alg\u00fan precio puede haber cambiado desde la \u00faltima revisi\u00f3n<\/div>\n<\/p><\/div>\n<p><!-- PIVOT END --><br \/>\n<!-- PIVOT START --><\/p>\n<div class=\"pivot-ecommerce-container m-pivot-ecommerce-redesign article-asset-normal article-asset-center\">\n<div class=\"pivot-ecommerce\">\n<div class=\"pivot-ecommerce-figure\">\n  <a rel=\"nofollow, sponsored, noopener, noreferrer\" target=\"_blank\" href=\"https:\/\/www.xatakahome.com\/redirect?url=https%3A%2F%2Fwww.leroymerlin.es%2Fproductos%2Fjardin-y-terraza%2Fmuebles-de-jardin%2Fpies-de-parasol%2Faccesorios-para-pie-de-parasol%2Fbase-de-parasol-de-16-kg-verde-de-cemento-y-acero-de-45-cm-87283244.html%3FhighlightedOfferCode%3D2880fefc6258ccc18385fbf0cea03c8c5c9e0f47&amp;category=seleccion&amp;pivot=1&amp;ecomPostExpiration=perish&amp;postId=117733\"><br \/>\n   <img loading=\"lazy\" decoding=\"async\" alt=\"LOLAhome Base de Parasol Verde de 16 kg de Cemento\" width=\"500\" height=\"500\" src=\"https:\/\/i.blogs.es\/243afb\/31dz9re6-bl._sl500_\/original.jpeg\"><br \/>\n  <\/a>\n  <\/div>\n<div class=\"pivot-ecommerce-summary\">\n<p class=\"pivot-ecommerce-desc\">LOLAhome Base de Parasol Verde de 16 kg de Cemento<\/p>\n<div class=\"pivot-actions \">\n<div class=\"pivot-actions-row\">\n <a rel=\"nofollow, sponsored, noopener, noreferrer\" target=\"_blank\" data-asin=\"87283244\" data-store=\"Leroy Merlin\" href=\"https:\/\/www.xatakahome.com\/redirect?url=https%3A%2F%2Fwww.leroymerlin.es%2Fproductos%2Fjardin-y-terraza%2Fmuebles-de-jardin%2Fpies-de-parasol%2Faccesorios-para-pie-de-parasol%2Fbase-de-parasol-de-16-kg-verde-de-cemento-y-acero-de-45-cm-87283244.html%3FhighlightedOfferCode%3D2880fefc6258ccc18385fbf0cea03c8c5c9e0f47&amp;category=seleccion&amp;pivot=1&amp;ecomPostExpiration=perish&amp;postId=117733\" title=\"Precio actualizado hoy\" class=\"pivot-action-btn metrics-pivot-btn pivot-action-primary\">Hoy en Leroy Merlin \u2014 <strong><span class=\"js-deal-price\">32,39<\/span> \u20ac<\/strong><\/a><br \/>\n   <a rel=\"nofollow, sponsored, noopener, noreferrer\" target=\"_blank\" data-asin=\"B0B695CDGN\" data-store=\"Amazon\" href=\"https:\/\/www.xatakahome.com\/redirect?url=https%3A%2F%2Fwww.amazon.es%2Fdp%2FB0B695CDGN%3Ftag%3Dxatakahome-21%26linkCode%3Dogi%26th%3D1%26psc%3D1&amp;category=seleccion&amp;pivot=1&amp;ecomPostExpiration=perish&amp;postId=117733\" title=\"Precio actualizado hoy\" class=\"pivot-action-btn metrics-pivot-btn pivot-action-secondary\">Amazon \u2014 <strong><span class=\"js-deal-price\">39,95<\/span> \u20ac<\/strong><\/a>\n <\/div>\n<\/p><\/div>\n<\/p><\/div>\n<\/p><\/div>\n<div class=\"pivot-link-msg\">* Alg\u00fan precio puede haber cambiado desde la \u00faltima revisi\u00f3n<\/div>\n<\/p><\/div>\n<p><!-- PIVOT END --><\/p>\n<p><em>Nota: algunos de los enlaces aqu\u00ed publicados son de afiliados y pueden reportar un beneficio.<\/em><\/p>\n<p>Im\u00e1genes | Webedia y Lidl<\/p>\n<p>En Xataka Smart Home | <a class=\"text-outboundlink\" href=\"https:\/\/www.xatakahome.com\/seleccion\/sensores-movimiento-para-luces-exterior-cual-comprar-consejos-recomendaciones\" data-vars-post-title=\"Sensores de movimiento para luces de exterior: \u00bfCu\u00e1l comprar? Consejos y recomendaciones\" data-vars-post-url=\"https:\/\/www.xatakahome.com\/seleccion\/sensores-movimiento-para-luces-exterior-cual-comprar-consejos-recomendaciones\" data-id=\"noopener noreferrer\">Sensores de movimiento para luces de exterior: \u00bfCu\u00e1l comprar? Consejos y recomendaciones<\/a><\/p>\n<p>En Xataka Smart Home | <a class=\"text-outboundlink\" href=\"https:\/\/www.xatakahome.com\/seleccion\/luces-exterior-para-terraza-jardin-cual-comprar-consejos-recomendaciones\" data-vars-post-title=\"Luces de exterior para terraza y jard\u00edn: \u00bfCu\u00e1l comprar? Consejos y recomendaciones\" data-vars-post-url=\"https:\/\/www.xatakahome.com\/seleccion\/luces-exterior-para-terraza-jardin-cual-comprar-consejos-recomendaciones\" data-id=\"noopener noreferrer\">Luces de exterior para terraza y jard\u00edn: \u00bfCu\u00e1l comprar? Consejos y recomendaciones<\/a><\/p>\n<p><script>\n (function() {\n  window._JS_MODULES = window._JS_MODULES || {};\n  var headElement = document.getElementsByTagName('head')[0];\n  if (_JS_MODULES.instagram) {\n   var instagramScript = document.createElement('script');\n   instagramScript.src = 'https:\/\/platform.instagram.com\/en_US\/embeds.js';\n   instagramScript.async = true;\n   instagramScript.defer = true;\n   headElement.appendChild(instagramScript);\n  }\n })();\n<\/script><\/p>\n<p> &#8211; <br \/> La noticia<br \/>\n      <a href=\"https:\/\/www.xatakahome.com\/seleccion\/lidl-lucha-este-verano-ikea-esta-sombrilla-para-terraza-jardin-se-instala-facil-cuesta-50-euros?utm_source=feedburner&amp;utm_medium=feed&amp;utm_campaign=01_Jun_2025\"><br \/>\n       <em> Lidl lucha (este verano) contra Ikea con esta sombrilla para terraza o jard\u00edn: se instala f\u00e1cil y cuesta menos de 50 euros <\/em><br \/>\n      <\/a><br \/>\n      fue publicada originalmente en<br \/>\n      <a href=\"https:\/\/www.xatakahome.com\/?utm_source=feedburner&amp;utm_medium=feed&amp;utm_campaign=01_Jun_2025\"><br \/>\n       <strong> Xataka Smart Home <\/strong><br \/>\n      <\/a><br \/>\n             por <a href=\"https:\/\/www.xatakahome.com\/autor\/fran-leon?utm_source=feedburner&amp;utm_medium=feed&amp;utm_campaign=01_Jun_2025\"><br \/>\n        Fran Le\u00f3n<br \/>\n       <\/a><br \/>\n      . <\/p>\n<\/div>\n","protected":false},"excerpt":{"rendered":"<p>El calor ya ha llegado para quedarse y son muchas ya las personas que est\u00e1n buscando una soluci\u00f3n para poder tener sombra en algunos espacios de su hogar como la terraza o jard\u00edn. Ahora, en Lidl, hemos encontrado esta sombrilla regulable, que puedes comprar en su tienda online por 44,99 euros. Sombrilla regulable PVP en &hellip; <a href=\"https:\/\/domosistemas.com\/?p=28739\" class=\"more-link\">Sigue leyendo <span class=\"screen-reader-text\">Lidl lucha (este verano) contra Ikea con esta sombrilla para terraza o jard\u00edn: se instala f\u00e1cil y cuesta menos de 50 euros<\/span><\/a><\/p>\n","protected":false},"author":1,"featured_media":0,"comment_status":"closed","ping_status":"closed","sticky":false,"template":"","format":"standard","meta":{"footnotes":""},"categories":[8],"tags":[],"class_list":["post-28739","post","type-post","status-publish","format-standard","hentry","category-xataka"],"_links":{"self":[{"href":"https:\/\/domosistemas.com\/index.php?rest_route=\/wp\/v2\/posts\/28739","targetHints":{"allow":["GET"]}}],"collection":[{"href":"https:\/\/domosistemas.com\/index.php?rest_route=\/wp\/v2\/posts"}],"about":[{"href":"https:\/\/domosistemas.com\/index.php?rest_route=\/wp\/v2\/types\/post"}],"author":[{"embeddable":true,"href":"https:\/\/domosistemas.com\/index.php?rest_route=\/wp\/v2\/users\/1"}],"replies":[{"embeddable":true,"href":"https:\/\/domosistemas.com\/index.php?rest_route=%2Fwp%2Fv2%2Fcomments&post=28739"}],"version-history":[{"count":0,"href":"https:\/\/domosistemas.com\/index.php?rest_route=\/wp\/v2\/posts\/28739\/revisions"}],"wp:attachment":[{"href":"https:\/\/domosistemas.com\/index.php?rest_route=%2Fwp%2Fv2%2Fmedia&parent=28739"}],"wp:term":[{"taxonomy":"category","embeddable":true,"href":"https:\/\/domosistemas.com\/index.php?rest_route=%2Fwp%2Fv2%2Fcategories&post=28739"},{"taxonomy":"post_tag","embeddable":true,"href":"https:\/\/domosistemas.com\/index.php?rest_route=%2Fwp%2Fv2%2Ftags&post=28739"}],"curies":[{"name":"wp","href":"https:\/\/api.w.org\/{rel}","templated":true}]}}