{"id":28757,"date":"2025-06-02T12:31:48","date_gmt":"2025-06-02T12:31:48","guid":{"rendered":"https:\/\/domosistemas.com\/?p=28757"},"modified":"2025-06-02T12:31:48","modified_gmt":"2025-06-02T12:31:48","slug":"este-toldo-de-carrefour-es-ideal-para-tener-sombra-en-el-jardin-en-la-terraza-lo-mejor-es-que-cuesta-menos-de-17-euros","status":"publish","type":"post","link":"https:\/\/domosistemas.com\/?p=28757","title":{"rendered":"Este toldo de Carrefour es ideal para tener sombra en el jard\u00edn en la terraza. Lo mejor es que cuesta menos de 17 euros"},"content":{"rendered":"<div>\n<p>\n      <img decoding=\"async\" src=\"https:\/\/i.blogs.es\/2e0be2\/ofertas_cpa_v3-copia-39-\/1024_2000.jpeg\" alt=\"Este toldo de Carrefour es ideal para tener sombra en el jard\u00edn en la terraza. Lo mejor es que cuesta menos de 17 euros \">\n    <\/p>\n<p>Con el fin de semana que hemos pasado de lleno en una ola de calor, no es de extra\u00f1ar que muchos est\u00e9n pensando c\u00f3mo conseguir sombra en la terraza o el jard\u00edn de nuestro hogar. En <strong>Carrefour<\/strong> hemos encontrado una opci\u00f3n muy barata y \u00fatil. Se trata de este <strong>toldo vela<\/strong> que puedes comprar por solo <a rel=\"nofollow, sponsored, noopener, noreferrer\" target=\"_blank\" class=\"js-ecommerce\" id=\"link-ecommerce-1\" href=\"https:\/\/www.xatakahome.com\/redirect?url=https%3A%2F%2Fwww.carrefour.es%2Ftoldo-vela-de-sombreo-rectangular-aktive-garden-color-crema%2F8412842539174%2Fp&amp;category=seleccion&amp;ecomPostExpiration=perish&amp;postId=117757\" data-vars-affiliate-url=\"https:\/\/www.carrefour.es\/toldo-vela-de-sombreo-rectangular-aktive-garden-color-crema\/8412842539174\/p\">16,99 euros<\/a>.<\/p>\n<p><!-- BREAK 1 --><!-- PIVOT START --><\/p>\n<div class=\"pivot-ecommerce-container m-pivot-ecommerce-redesign article-asset-normal article-asset-center\">\n<div class=\"pivot-ecommerce\">\n<div class=\"pivot-ecommerce-figure\">\n  <a rel=\"nofollow, sponsored, noopener, noreferrer\" target=\"_blank\" href=\"https:\/\/www.xatakahome.com\/redirect?url=https%3A%2F%2Fwww.carrefour.es%2Ftoldo-vela-de-sombreo-rectangular-aktive-garden-color-crema%2F8412842539174%2Fp&amp;category=seleccion&amp;pivot=1&amp;ecomPostExpiration=perish&amp;postId=117757\"><br \/>\n   <img loading=\"lazy\" decoding=\"async\" alt=\"Toldo Vela De Sombreo Rectangular Aktive Garden Color Crema\n\" width=\"600\" height=\"600\" src=\"https:\/\/i.blogs.es\/15c5fd\/blob\/original.jpeg\"><br \/>\n  <\/a>\n  <\/div>\n<div class=\"pivot-ecommerce-summary\">\n<p class=\"pivot-ecommerce-desc\">Toldo Vela De Sombreo Rectangular Aktive Garden Color Crema\n<\/p>\n<div class=\"pivot-actions \">\n<div class=\"pivot-actions-row\">\n <a rel=\"nofollow, sponsored, noopener, noreferrer\" target=\"_blank\" data-asin=\"\" data-store=\"\" href=\"https:\/\/www.xatakahome.com\/redirect?url=https%3A%2F%2Fwww.carrefour.es%2Ftoldo-vela-de-sombreo-rectangular-aktive-garden-color-crema%2F8412842539174%2Fp&amp;category=seleccion&amp;pivot=1&amp;ecomPostExpiration=perish&amp;postId=117757\" title=\"Precio de venta al p\u00fablico a fecha de publicaci\u00f3n\" class=\"pivot-action-btn pivot-action-primary\">PVP en Carrefour \u2014 <strong><span class=\"js-deal-price\">16,99<\/span> \u20ac<\/strong><\/a>\n <\/div>\n<\/p><\/div>\n<\/p><\/div>\n<\/p><\/div>\n<div class=\"pivot-link-msg\">* Alg\u00fan precio puede haber cambiado desde la \u00faltima revisi\u00f3n<\/div>\n<\/p><\/div>\n<p><!-- PIVOT END --><\/p>\n<h2>Una soluci\u00f3n pr\u00e1ctica y f\u00e1cil de instalar en cuesti\u00f3n de minutos<\/h2>\n<div class=\"article-asset-image article-asset-normal article-asset-center\">\n<div class=\"asset-content\">\n                    <a rel=\"nofollow, sponsored, noopener, noreferrer\" target=\"_blank\" class=\"js-ecommerce\" id=\"link-ecommerce-2\" href=\"https:\/\/www.xatakahome.com\/redirect?url=https%3A%2F%2Fwww.carrefour.es%2Ftoldo-vela-de-sombreo-rectangular-aktive-garden-color-crema%2F8412842539174%2Fp&amp;category=seleccion&amp;ecomPostExpiration=perish&amp;postId=117757\" data-vars-affiliate-url=\"https:\/\/www.carrefour.es\/toldo-vela-de-sombreo-rectangular-aktive-garden-color-crema\/8412842539174\/p\"><\/p>\n<p>    <img decoding=\"async\" alt=\"toldo vela Carrefour\" class=\"centro_sinmarco\" src=\"https:\/\/i.blogs.es\/c14f99\/proyecto-nuevo-22-\/450_1000.jpeg\"><br \/>\n     <\/a><\/p><\/div>\n<\/div>\n<p>Adem\u00e1s de otorgarte sombra en la zona exterior de tu hogar, este <a class=\"text-outboundlink\" href=\"https:\/\/www.xatakahome.com\/hogar\/aire-acondicionado-ventilador-solucion-para-calor-extremo-muchas-casas-simple-toldo\" data-vars-post-title=\"Ni aire acondicionado ni ventilador. La soluci\u00f3n para el calor extremo en muchas casas es un simple toldo \" data-vars-post-url=\"https:\/\/www.xatakahome.com\/hogar\/aire-acondicionado-ventilador-solucion-para-calor-extremo-muchas-casas-simple-toldo\" data-id=\"noopener noreferrer\">toldo<\/a> vela aporta el toque de elegancia que tu terraza o jard\u00edn necesitan en verano, gracias al <strong>color crema<\/strong> en el que est\u00e1 disponible.<\/p>\n<p><!-- BREAK 2 --><\/p>\n<div class=\"article-asset article-asset-normal article-asset-center\">\n<div class=\"desvio-container\">\n<div class=\"desvio\">\n<div class=\"desvio-figure js-desvio-figure\">\n    <a href=\"https:\/\/www.xataka.com\/seleccion\/este-apple-watch-puedes-usar-incluso-llevar-iphone-encima-ahora-tiene-200-euros-descuento\" class=\"pivot-outboundlink\" target=\"_blank\" data-vars-post-title=\"Este Apple Watch lo puedes usar incluso sin llevar el iPhone encima. Ahora tiene casi 200 euros de descuento\"><br \/>\n     <img loading=\"lazy\" decoding=\"async\" alt=\"Este Apple Watch lo puedes usar incluso sin llevar el iPhone encima. Ahora tiene casi 200 euros de descuento\" width=\"375\" height=\"142\" src=\"https:\/\/i.blogs.es\/4b1a7d\/ofertas_cpa_v3-copia-36-\/375_142.jpeg\"><br \/>\n    <\/a>\n   <\/div>\n<div class=\"desvio-summary\">\n<div class=\"desvio-taxonomy js-desvio-taxonomy\">\n     <a href=\"https:\/\/www.xataka.com\/seleccion\/este-apple-watch-puedes-usar-incluso-llevar-iphone-encima-ahora-tiene-200-euros-descuento\" class=\"desvio-taxonomy-anchor pivot-outboundlink m-crosspost\" target=\"_blank\" data-vars-post-title=\"Este Apple Watch lo puedes usar incluso sin llevar el iPhone encima. Ahora tiene casi 200 euros de descuento\">En Xataka<\/a>\n    <\/div>\n<p>    <a href=\"https:\/\/www.xataka.com\/seleccion\/este-apple-watch-puedes-usar-incluso-llevar-iphone-encima-ahora-tiene-200-euros-descuento\" class=\"desvio-title js-desvio-title pivot-outboundlink\" target=\"_blank\" data-vars-post-title=\"Este Apple Watch lo puedes usar incluso sin llevar el iPhone encima. Ahora tiene casi 200 euros de descuento\">Este Apple Watch lo puedes usar incluso sin llevar el iPhone encima. Ahora tiene casi 200 euros de descuento<\/a>\n   <\/div>\n<\/p><\/div>\n<\/p><\/div>\n<\/div>\n<div class=\"article-asset-video article-asset-normal\">\n<div class=\"asset-content\">\n<div class=\"base-asset-video\">\n<div class=\"js-dailymotion\">\n    <script type=\"application\/json\">\n                          {\"videoId\":\"x8006fc\",\"autoplay\":true,\"title\":\"C\u00f3mo dormir cuando hace mucho calor y no tienes aire acondicionado\", \"tag\":\"\", \"duration\":\"217\"}\n                  <\/script>\n   <\/div>\n<\/p><\/div>\n<\/p><\/div>\n<\/div>\n<p>Es muy f\u00e1cil de instalar. Tan solo tienes que <strong>tensar cada una de las esquinas<\/strong> y en los extremos tienes un enganche y tres cuerdas de 2,90 metros que facilitan la fijaci\u00f3n en la pared o postes en los que vayas a colocarlo.<\/p>\n<p><!-- BREAK 3 --><\/p>\n<p>En cuanto a sus dimensiones, presenta unas medidas de 360 x 360 x 360 cm, encajando as\u00ed, sin ning\u00fan problema en cualquier parte. Adem\u00e1s, para cuando sea invierno y lo vayas a quitar, viene con una <strong>bolsa de pl\u00e1stico con asa<\/strong>, algo que incluso te puede venir muy bien para llev\u00e1rtelo a tu segunda residencia o incluso de camping.<\/p>\n<p><!-- BREAK 4 --><\/p>\n<h2>Otros toldos que te pueden interesar para tu hogar<\/h2>\n<p><!-- PIVOT START --><\/p>\n<div class=\"pivot-ecommerce-container m-pivot-ecommerce-redesign article-asset-normal article-asset-center\">\n<div class=\"pivot-ecommerce\">\n<div class=\"pivot-ecommerce-figure\">\n  <a rel=\"nofollow, sponsored, noopener, noreferrer\" target=\"_blank\" href=\"https:\/\/www.xatakahome.com\/redirect?url=https%3A%2F%2Fwww.amazon.es%2Fdp%2FB01GS0KB72%3Ftag%3Dxatakahome-21%26linkCode%3Dogi%26th%3D1%26psc%3D1&amp;category=seleccion&amp;pivot=1&amp;ecomPostExpiration=perish&amp;postId=117757\"><br \/>\n   <img loading=\"lazy\" decoding=\"async\" alt=\"Toldo Retr\u00e1ctil Exterior 400x250cm Crudo Poli\u00e9ster \" width=\"500\" height=\"301\" src=\"https:\/\/i.blogs.es\/ff5df1\/21reqldb9cl._sl500_\/original.jpeg\"><br \/>\n  <\/a>\n  <\/div>\n<div class=\"pivot-ecommerce-summary\">\n<p class=\"pivot-ecommerce-desc\">Toldo Retr\u00e1ctil Exterior 400x250cm Crudo Poli\u00e9ster <\/p>\n<div class=\"pivot-actions \">\n<div class=\"pivot-actions-row\">\n <a rel=\"nofollow, sponsored, noopener, noreferrer\" target=\"_blank\" data-asin=\"B01GS0KB72\" data-store=\"Amazon\" href=\"https:\/\/www.xatakahome.com\/redirect?url=https%3A%2F%2Fwww.amazon.es%2Fdp%2FB01GS0KB72%3Ftag%3Dxatakahome-21%26linkCode%3Dogi%26th%3D1%26psc%3D1&amp;category=seleccion&amp;pivot=1&amp;ecomPostExpiration=perish&amp;postId=117757\" title=\"Precio actualizado hoy\" class=\"pivot-action-btn metrics-pivot-btn pivot-action-primary\">Hoy en Amazon \u2014 <strong><span class=\"js-deal-price\">189,90<\/span> \u20ac<\/strong><\/a><br \/>\n   <a rel=\"nofollow, sponsored, noopener, noreferrer\" target=\"_blank\" data-asin=\"82079096\" data-store=\"Leroy Merlin\" href=\"https:\/\/www.xatakahome.com\/redirect?url=https%3A%2F%2Fwww.leroymerlin.es%2Fproductos%2Fjardin-y-terraza%2Ftoldos%2Ftoldos-de-fachada%2Ftoldo-manual-enrollable-classic-395x250-cm-crudo-82079096.html%3FhighlightedOfferCode%3D99269b0f5068d682bed4228f3e92eaf38fdb6d6e&amp;category=seleccion&amp;pivot=1&amp;ecomPostExpiration=perish&amp;postId=117757\" title=\"Precio actualizado hoy\" class=\"pivot-action-btn metrics-pivot-btn pivot-action-secondary\">Leroy Merlin \u2014 <strong><span class=\"js-deal-price\">406,19<\/span> \u20ac<\/strong><\/a>\n <\/div>\n<\/p><\/div>\n<\/p><\/div>\n<\/p><\/div>\n<div class=\"pivot-link-msg\">* Alg\u00fan precio puede haber cambiado desde la \u00faltima revisi\u00f3n<\/div>\n<\/p><\/div>\n<p><!-- PIVOT END --><br \/>\n<!-- PIVOT START --><\/p>\n<div class=\"pivot-ecommerce-container m-pivot-ecommerce-redesign article-asset-normal article-asset-center\">\n<div class=\"pivot-ecommerce\">\n<div class=\"pivot-ecommerce-figure\">\n  <a rel=\"nofollow, sponsored, noopener, noreferrer\" target=\"_blank\" href=\"https:\/\/www.xatakahome.com\/redirect?url=https%3A%2F%2Fwww.amazon.es%2Fdp%2FB09M3KMTTP%3Ftag%3Dxatakahome-21%26linkCode%3Dogi%26th%3D1%26psc%3D1&amp;category=seleccion&amp;pivot=1&amp;ecomPostExpiration=perish&amp;postId=117757\"><br \/>\n   <img loading=\"lazy\" decoding=\"async\" alt=\"Sunnylaxx 2,5x3,5m Rectangular Toldo Vela de Sombra\" width=\"500\" height=\"500\" src=\"https:\/\/i.blogs.es\/803ed0\/51pw-qbmhyl._sl500_\/original.jpeg\"><br \/>\n  <\/a>\n  <\/div>\n<div class=\"pivot-ecommerce-summary\">\n<p class=\"pivot-ecommerce-desc\">Sunnylaxx 2,5&#215;3,5m Rectangular Toldo Vela de Sombra<\/p>\n<div class=\"pivot-actions \">\n<div class=\"pivot-actions-row\">\n <a rel=\"nofollow, sponsored, noopener, noreferrer\" target=\"_blank\" data-asin=\"B09M3KMTTP\" data-store=\"Amazon\" href=\"https:\/\/www.xatakahome.com\/redirect?url=https%3A%2F%2Fwww.amazon.es%2Fdp%2FB09M3KMTTP%3Ftag%3Dxatakahome-21%26linkCode%3Dogi%26th%3D1%26psc%3D1&amp;category=seleccion&amp;pivot=1&amp;ecomPostExpiration=perish&amp;postId=117757\" title=\"Precio actualizado hoy\" class=\"pivot-action-btn metrics-pivot-btn pivot-action-primary\">Hoy en Amazon \u2014 <strong><span class=\"js-deal-price\">23,99<\/span> \u20ac<\/strong><\/a>\n <\/div>\n<\/p><\/div>\n<\/p><\/div>\n<\/p><\/div>\n<div class=\"pivot-link-msg\">* Alg\u00fan precio puede haber cambiado desde la \u00faltima revisi\u00f3n<\/div>\n<\/p><\/div>\n<p><!-- PIVOT END --><\/p>\n<p><em>Nota: algunos de los enlaces aqu\u00ed publicados son de afiliados y pueden reportar un beneficio.<\/em><\/p>\n<p>Im\u00e1genes | Webedia y Aktive<\/p>\n<p>En Xataka Smart Home | <a class=\"text-outboundlink\" href=\"https:\/\/www.xatakahome.com\/seleccion\/sensores-movimiento-para-luces-exterior-cual-comprar-consejos-recomendaciones\" data-vars-post-title=\"Sensores de movimiento para luces de exterior: \u00bfCu\u00e1l comprar? Consejos y recomendaciones\" data-vars-post-url=\"https:\/\/www.xatakahome.com\/seleccion\/sensores-movimiento-para-luces-exterior-cual-comprar-consejos-recomendaciones\" data-id=\"noopener noreferrer\">Sensores de movimiento para luces de exterior: \u00bfCu\u00e1l comprar? Consejos y recomendaciones<\/a><\/p>\n<p>En Xataka Smart Home | <a class=\"text-outboundlink\" href=\"https:\/\/www.xatakahome.com\/seleccion\/luces-exterior-para-terraza-jardin-cual-comprar-consejos-recomendaciones\" data-vars-post-title=\"Luces de exterior para terraza y jard\u00edn: \u00bfCu\u00e1l comprar? Consejos y recomendaciones\" data-vars-post-url=\"https:\/\/www.xatakahome.com\/seleccion\/luces-exterior-para-terraza-jardin-cual-comprar-consejos-recomendaciones\" data-id=\"noopener noreferrer\">Luces de exterior para terraza y jard\u00edn: \u00bfCu\u00e1l comprar? Consejos y recomendaciones<\/a><\/p>\n<p><script>\n (function() {\n  window._JS_MODULES = window._JS_MODULES || {};\n  var headElement = document.getElementsByTagName('head')[0];\n  if (_JS_MODULES.instagram) {\n   var instagramScript = document.createElement('script');\n   instagramScript.src = 'https:\/\/platform.instagram.com\/en_US\/embeds.js';\n   instagramScript.async = true;\n   instagramScript.defer = true;\n   headElement.appendChild(instagramScript);\n  }\n })();\n<\/script><\/p>\n<p> &#8211; <br \/> La noticia<br \/>\n      <a href=\"https:\/\/www.xatakahome.com\/seleccion\/este-toldo-carrefour-ideal-para-tener-sombra-jardin-terraza-mejor-que-cuesta-17-euros?utm_source=feedburner&amp;utm_medium=feed&amp;utm_campaign=02_Jun_2025\"><br \/>\n       <em> Este toldo de Carrefour es ideal para tener sombra en el jard\u00edn en la terraza. Lo mejor es que cuesta menos de 17 euros  <\/em><br \/>\n      <\/a><br \/>\n      fue publicada originalmente en<br \/>\n      <a href=\"https:\/\/www.xatakahome.com\/?utm_source=feedburner&amp;utm_medium=feed&amp;utm_campaign=02_Jun_2025\"><br \/>\n       <strong> Xataka Smart Home <\/strong><br \/>\n      <\/a><br \/>\n             por <a href=\"https:\/\/www.xatakahome.com\/autor\/fran-leon?utm_source=feedburner&amp;utm_medium=feed&amp;utm_campaign=02_Jun_2025\"><br \/>\n        Fran Le\u00f3n<br \/>\n       <\/a><br \/>\n      . <\/p>\n<\/div>\n","protected":false},"excerpt":{"rendered":"<p>Con el fin de semana que hemos pasado de lleno en una ola de calor, no es de extra\u00f1ar que muchos est\u00e9n pensando c\u00f3mo conseguir sombra en la terraza o el jard\u00edn de nuestro hogar. En Carrefour hemos encontrado una opci\u00f3n muy barata y \u00fatil. Se trata de este toldo vela que puedes comprar por &hellip; <a href=\"https:\/\/domosistemas.com\/?p=28757\" class=\"more-link\">Sigue leyendo <span class=\"screen-reader-text\">Este toldo de Carrefour es ideal para tener sombra en el jard\u00edn en la terraza. Lo mejor es que cuesta menos de 17 euros<\/span><\/a><\/p>\n","protected":false},"author":1,"featured_media":0,"comment_status":"closed","ping_status":"closed","sticky":false,"template":"","format":"standard","meta":{"footnotes":""},"categories":[8],"tags":[],"class_list":["post-28757","post","type-post","status-publish","format-standard","hentry","category-xataka"],"_links":{"self":[{"href":"https:\/\/domosistemas.com\/index.php?rest_route=\/wp\/v2\/posts\/28757","targetHints":{"allow":["GET"]}}],"collection":[{"href":"https:\/\/domosistemas.com\/index.php?rest_route=\/wp\/v2\/posts"}],"about":[{"href":"https:\/\/domosistemas.com\/index.php?rest_route=\/wp\/v2\/types\/post"}],"author":[{"embeddable":true,"href":"https:\/\/domosistemas.com\/index.php?rest_route=\/wp\/v2\/users\/1"}],"replies":[{"embeddable":true,"href":"https:\/\/domosistemas.com\/index.php?rest_route=%2Fwp%2Fv2%2Fcomments&post=28757"}],"version-history":[{"count":0,"href":"https:\/\/domosistemas.com\/index.php?rest_route=\/wp\/v2\/posts\/28757\/revisions"}],"wp:attachment":[{"href":"https:\/\/domosistemas.com\/index.php?rest_route=%2Fwp%2Fv2%2Fmedia&parent=28757"}],"wp:term":[{"taxonomy":"category","embeddable":true,"href":"https:\/\/domosistemas.com\/index.php?rest_route=%2Fwp%2Fv2%2Fcategories&post=28757"},{"taxonomy":"post_tag","embeddable":true,"href":"https:\/\/domosistemas.com\/index.php?rest_route=%2Fwp%2Fv2%2Ftags&post=28757"}],"curies":[{"name":"wp","href":"https:\/\/api.w.org\/{rel}","templated":true}]}}