{"id":29193,"date":"2025-07-05T09:08:10","date_gmt":"2025-07-05T09:08:10","guid":{"rendered":"https:\/\/domosistemas.com\/?p=29193"},"modified":"2025-07-05T09:08:10","modified_gmt":"2025-07-05T09:08:10","slug":"provoca-aceleraciones-y-hace-que-aumente-tu-factura-expertos-avisan-sobre-este-tipico-error-al-usar-el-aire-acondicionado","status":"publish","type":"post","link":"https:\/\/domosistemas.com\/?p=29193","title":{"rendered":"\u00abProvoca aceleraciones y hace que aumente tu factura\u00bb: expertos avisan sobre este t\u00edpico error al usar el aire acondicionado"},"content":{"rendered":"<div>\n<p>\n      <img decoding=\"async\" src=\"https:\/\/i.blogs.es\/8fc964\/lg-01\/1024_2000.jpeg\" alt='\"Provoca aceleraciones y hace que aumente tu factura\": expertos avisan sobre este t\u00edpico error al usar el aire acondicionado '>\n    <\/p>\n<p>Contar con un <a class=\"text-outboundlink\" href=\"https:\/\/www.xatakahome.com\/a-fondo\/que-tipo-aire-acondicionado-mejor-para-mi-casa-ventajas-e-inconvenientes-cada-modalidad\" data-vars-post-title=\"Qu\u00e9 tipo de aire acondicionado es mejor para mi casa: ventajas e inconvenientes de cada modalidad\" data-vars-post-url=\"https:\/\/www.xatakahome.com\/a-fondo\/que-tipo-aire-acondicionado-mejor-para-mi-casa-ventajas-e-inconvenientes-cada-modalidad\">sistema de aire acondicionado<\/a> en casa es esencial para estar fresquitos durante estas olas de calor. Pero igual de importante es <strong>saber usarlo correctamente<\/strong> para poder extraerle el m\u00e1ximo rendimiento gastando poco.<\/p>\n<p><!-- BREAK 1 --><\/p>\n<p>Y es aqu\u00ed donde pueden surgirnos dudas, como por ejemplo si es mejor <a class=\"text-outboundlink\" href=\"https:\/\/www.xatakahome.com\/hogar\/apagar-aire-acondicionado-cuando-salimos-casa-dejarlo-encendido-que-mejor-que-gasta\" data-vars-post-title=\"Apagar el aire acondicionado cuando salimos de casa o dejarlo encendido: qu\u00e9 es mejor y qu\u00e9 gasta menos \" data-vars-post-url=\"https:\/\/www.xatakahome.com\/hogar\/apagar-aire-acondicionado-cuando-salimos-casa-dejarlo-encendido-que-mejor-que-gasta\">apagarlo cuando salimos de casa<\/a> unos minutos, o qu\u00e9 hacer si de repente comenzamos a <strong>notar sensaci\u00f3n de fr\u00edo<\/strong>, \u00bflo cortamos del todo, activamos alguna funci\u00f3n especial?<\/p>\n<p><!-- BREAK 2 --><\/p>\n<div class=\"article-asset article-asset-normal article-asset-center\">\n<div class=\"desvio-container\">\n<div class=\"desvio\">\n<div class=\"desvio-figure js-desvio-figure\">\n    <a href=\"https:\/\/www.xatakahome.com\/hogar\/esta-temperatura-ideal-aire-acondicionado-para-ahorrar-factura-luz-pasar-calor-verano-2\" class=\"pivot-outboundlink\" data-vars-post-title=\"Esta es la temperatura ideal del aire acondicionado para ahorrar en la factura de la luz sin pasar calor en verano  \"><br \/>\n     <img loading=\"lazy\" decoding=\"async\" alt=\"Esta es la temperatura ideal del aire acondicionado para ahorrar en la factura de la luz sin pasar calor en verano  \" width=\"375\" height=\"142\" src=\"https:\/\/i.blogs.es\/7c1151\/temperatura-ideal\/375_142.jpeg\"><br \/>\n    <\/a>\n   <\/div>\n<div class=\"desvio-summary\">\n<div class=\"desvio-taxonomy js-desvio-taxonomy\">\n     <a href=\"https:\/\/www.xatakahome.com\/hogar\/esta-temperatura-ideal-aire-acondicionado-para-ahorrar-factura-luz-pasar-calor-verano-2\" class=\"desvio-taxonomy-anchor pivot-outboundlink\" data-vars-post-title=\"Esta es la temperatura ideal del aire acondicionado para ahorrar en la factura de la luz sin pasar calor en verano  \">En Xataka Smart Home<\/a>\n    <\/div>\n<p>    <a href=\"https:\/\/www.xatakahome.com\/hogar\/esta-temperatura-ideal-aire-acondicionado-para-ahorrar-factura-luz-pasar-calor-verano-2\" class=\"desvio-title js-desvio-title pivot-outboundlink\" data-vars-post-title=\"Esta es la temperatura ideal del aire acondicionado para ahorrar en la factura de la luz sin pasar calor en verano  \">Esta es la temperatura ideal del aire acondicionado para ahorrar en la factura de la luz sin pasar calor en verano  <\/a>\n   <\/div>\n<\/p><\/div>\n<\/p><\/div>\n<\/div>\n<h2>Qu\u00e9 hacer cuando sentimos fr\u00edo<\/h2>\n<p>En relaci\u00f3n a esta \u00faltima pregunta, una experta en climatizaci\u00f3n de <strong>Daikin Espa\u00f1a<\/strong> ha dado con la clave, explicando en un <a rel=\"noopener, noreferrer\" href=\"https:\/\/www.tiktok.com\/@daikinspain\/video\/7506055712687000854?embed_source=121374463%2C121468991%2C121439635%2C121749182%2C121433650%2C121404358%2C121497414%2C121477481%2C121351166%2C121487028%2C121331973%2C120811592%2C120810756%2C121503376%3Bnull%3Bembed_pause_share&amp;refer=embed&amp;referer_url=www.elespanol.com%2Fsociedad%2F20250628%2Fverano-experta-climatizacion-corrige-aire-acondicionado-consumes-calor-kw%2F1003743820451_0.html&amp;referer_video_id=7506055712687000854\">v\u00eddeo de TikTok<\/a> que \u00absi usas mal tu aire acondicionado podr\u00edas consumir m\u00e1s energ\u00eda de la que deber\u00edas\u00bb.<\/p>\n<p><!-- BREAK 3 --><\/p>\n<p>Hace referencia a la cl\u00e1sica situaci\u00f3n de cuando estamos en casa con mucho calor, encendemos el aire para estar fresquitos a una<strong> temperatura muy baja<\/strong> y pasado un tiempo <strong>comenzamos a tener fr\u00edo<\/strong>. \u00bfQu\u00e9 hacer? Pues seg\u00fan comenta apagarlo no es una buena idea:<\/p>\n<p><!-- BREAK 4 --><\/p>\n<blockquote><p>Cuando sientas fr\u00edo no apagues el aire acondicionado. Mejor sube la temperatura o usa el modo fan (la funci\u00f3n ventilador).<\/p><\/blockquote>\n<blockquote><p>Tu equipo recircula el aire que ya tienes en ese espacio. Si enciendes y apagas el equipo, provocas aceleraciones consumiendo m\u00e1s energ\u00eda el\u00e9ctrica de la que deber\u00edas y eso hace que aumente tu factura<\/p><\/blockquote>\n<blockquote class=\"tiktok-embed\" cite=\"https:\/\/www.tiktok.com\/@daikinspain\/video\/7506055712687000854\" data-video-id=\"7506055712687000854\" data-embed-from=\"oembed\" style=\"max-width:605px; min-width:325px;\">\n<section> <a target=\"_blank\" title=\"@daikinspain\" href=\"https:\/\/www.tiktok.com\/@daikinspain?refer=embed\">@daikinspain<\/a> <\/p>\n<p>\ud83d\udc40 Es algo muy sencillo, pero muchos cometen este error con el aire acondicionado&#8230; \u00bfT\u00fa tambi\u00e9n? \u2744\ufe0f\u26a1 <a title=\"tips\" target=\"_blank\" href=\"https:\/\/www.tiktok.com\/tag\/tips?refer=embed\">#tips<\/a><\/p>\n<p> <a target=\"_blank\" title=\"\u266c sonido original - Daikinspain - Daikinspain\" href=\"https:\/\/www.tiktok.com\/music\/sonido-original-Daikinspain-7506055684421700374?refer=embed\">\u266c sonido original &#8211; Daikinspain &#8211; Daikinspain<\/a> <\/section>\n<\/blockquote>\n<p> <script async src=\"https:\/\/www.tiktok.com\/embed.js\"><\/script><\/p>\n<p>Su respuesta tiene todo el sentido, porque como <a class=\"text-outboundlink\" href=\"https:\/\/www.xatakahome.com\/hogar\/apagar-aire-acondicionado-cuando-salimos-casa-dejarlo-encendido-que-mejor-que-gasta\" data-vars-post-title=\"Apagar el aire acondicionado cuando salimos de casa o dejarlo encendido: qu\u00e9 es mejor y qu\u00e9 gasta menos \" data-vars-post-url=\"https:\/\/www.xatakahome.com\/hogar\/apagar-aire-acondicionado-cuando-salimos-casa-dejarlo-encendido-que-mejor-que-gasta\">vimos en su d\u00eda<\/a>, apagar por completo la m\u00e1quina y volverla a encender hace que no se aprovechen las capacidades de ahorro energ\u00e9tico de los aparatos, como el <strong>sistema inverter<\/strong>, por lo que la factura puede dispararse.<\/p>\n<p><!-- BREAK 5 --><\/p>\n<p>De hecho <a rel=\"noopener, noreferrer\" href=\"https:\/\/www.ocu.org\/vivienda-y-energia\/aire-acondicionado\/consejos\/ahorrar-aire-acondicionado\" data-id=\"noopener, noreferrer\">organismos como la OCU explican<\/a> algo similar, se\u00f1alando que lo mejor es \u00ab<strong>regular la temperatura que deseas en la habitaci\u00f3n<\/strong> y <strong>dejar al aparato trabajar el tiempo que sea necesario\u00bb.<\/strong><\/p>\n<p><!-- BREAK 6 --><\/p>\n<div class=\"article-asset-video article-asset-normal\">\n<div class=\"asset-content\">\n<div class=\"base-asset-video\">\n<div class=\"js-dailymotion\">\n    <script type=\"application\/json\">\n                          {\"videoId\":\"x8006fc\",\"autoplay\":true,\"title\":\"C\u00f3mo dormir cuando hace mucho calor y no tienes aire acondicionado\", \"tag\":\"\", \"duration\":\"217\"}\n                  <\/script>\n   <\/div>\n<\/p><\/div>\n<\/p><\/div>\n<\/div>\n<p>Si ponemos el termostato muy bajo cuando llegamos a casa con calor y despu\u00e9s lo paramos porque sentimos fr\u00edo, y al rato lo volvemos a conectar y a s\u00ed sucesivamente, <strong>obligamos al equipo a trabajar siempre al 100% y consumir\u00e1 m\u00e1s<\/strong>.<\/p>\n<p><!-- BREAK 7 --><\/p>\n<p>As\u00ed, si de repente comenzamos a notar demasiado fr\u00edo la opci\u00f3n m\u00e1s sencilla pasa por <strong>subir varios grados la temperatura<\/strong>, por ejemplo seleccionando <strong>27-28 \u00baC<\/strong> en el termostato frente a los 25-26\u00baC ideales habituales, permitiendo mantener un ambiente fresco que si luego queremos volver a enfriar porque notamos de nuevo calor ser\u00e1 posible hacerlo gastando poco.<\/p>\n<p><!-- BREAK 8 --><\/p>\n<p>Imagen portada | <a rel=\"nofollow, sponsored, noopener, noreferrer\" target=\"_blank\" class=\"js-ecommerce\" id=\"link-ecommerce-1\" href=\"https:\/\/www.xatakahome.com\/redirect?url=https%3A%2F%2Fwww.lg.com%2Fcontent%2Fdam%2Fchannel%2Fwcms%2Fes%2Fproductos%2Fac%2F2025%2Fgama-domestica%2Flg-confort%2Fs09ec%2Flgcom%2Ffeatures%2FRAC-EU-Standard-03-1-Less-Noise-D.jpg&amp;category=hogar&amp;ecomPostExpiration=everlasting&amp;postId=118310\" data-vars-affiliate-url=\"https:\/\/www.lg.com\/content\/dam\/channel\/wcms\/es\/productos\/ac\/2025\/gama-domestica\/lg-confort\/s09ec\/lgcom\/features\/RAC-EU-Standard-03-1-Less-Noise-D.jpg\">LG<\/a><\/p>\n<p>En Xataka Smart Home | <a class=\"text-outboundlink\" href=\"https:\/\/www.xatakahome.com\/hogar\/poner-temperatura-aire-acondicionado-a-17oc-18oc-peor-que-podemos-hacer-queremos-ahorrar-luz-este-motivo\" data-vars-post-title=\"Poner la temperatura del aire acondicionado a 17\u00baC o 18\u00baC es de lo peor que podemos hacer si queremos ahorrar luz: este es el motivo\" data-vars-post-url=\"https:\/\/www.xatakahome.com\/hogar\/poner-temperatura-aire-acondicionado-a-17oc-18oc-peor-que-podemos-hacer-queremos-ahorrar-luz-este-motivo\">Poner \u00a0\u00a0la temperatura del aire acondicionado a \u00a017\u00baC o 18\u00baC es de lo peor que \u00a0\u00a0podemos hacer si queremos ahorrar luz: \u00a0este es el motivo<\/a><\/p>\n<p><!-- BREAK 9 --><script>\n (function() {\n  window._JS_MODULES = window._JS_MODULES || {};\n  var headElement = document.getElementsByTagName('head')[0];\n  if (_JS_MODULES.instagram) {\n   var instagramScript = document.createElement('script');\n   instagramScript.src = 'https:\/\/platform.instagram.com\/en_US\/embeds.js';\n   instagramScript.async = true;\n   instagramScript.defer = true;\n   headElement.appendChild(instagramScript);\n  }\n })();\n<\/script><\/p>\n<p> &#8211; <br \/> La noticia<br \/>\n      <a href=\"https:\/\/www.xatakahome.com\/hogar\/provoca-aceleraciones-hace-que-aumente-tu-factura-expertos-avisan-este-tipico-error-al-usar-aire-acondicionado?utm_source=feedburner&amp;utm_medium=feed&amp;utm_campaign=05_Jul_2025\"><br \/>\n       <em> \u00abProvoca aceleraciones y hace que aumente tu factura\u00bb: expertos avisan sobre este t\u00edpico error al usar el aire acondicionado  <\/em><br \/>\n      <\/a><br \/>\n      fue publicada originalmente en<br \/>\n      <a href=\"https:\/\/www.xatakahome.com\/?utm_source=feedburner&amp;utm_medium=feed&amp;utm_campaign=05_Jul_2025\"><br \/>\n       <strong> Xataka Smart Home <\/strong><br \/>\n      <\/a><br \/>\n             por <a href=\"https:\/\/www.xatakahome.com\/autor\/paco-rodriguez?utm_source=feedburner&amp;utm_medium=feed&amp;utm_campaign=05_Jul_2025\"><br \/>\n        Paco Rodr\u00edguez<br \/>\n       <\/a><br \/>\n      . <\/p>\n<\/div>\n","protected":false},"excerpt":{"rendered":"<p>Contar con un sistema de aire acondicionado en casa es esencial para estar fresquitos durante estas olas de calor. Pero igual de importante es saber usarlo correctamente para poder extraerle el m\u00e1ximo rendimiento gastando poco. Y es aqu\u00ed donde pueden surgirnos dudas, como por ejemplo si es mejor apagarlo cuando salimos de casa unos minutos, &hellip; <a href=\"https:\/\/domosistemas.com\/?p=29193\" class=\"more-link\">Sigue leyendo <span class=\"screen-reader-text\">\u00abProvoca aceleraciones y hace que aumente tu factura\u00bb: expertos avisan sobre este t\u00edpico error al usar el aire acondicionado<\/span><\/a><\/p>\n","protected":false},"author":1,"featured_media":0,"comment_status":"closed","ping_status":"closed","sticky":false,"template":"","format":"standard","meta":{"footnotes":""},"categories":[8],"tags":[],"class_list":["post-29193","post","type-post","status-publish","format-standard","hentry","category-xataka"],"_links":{"self":[{"href":"https:\/\/domosistemas.com\/index.php?rest_route=\/wp\/v2\/posts\/29193","targetHints":{"allow":["GET"]}}],"collection":[{"href":"https:\/\/domosistemas.com\/index.php?rest_route=\/wp\/v2\/posts"}],"about":[{"href":"https:\/\/domosistemas.com\/index.php?rest_route=\/wp\/v2\/types\/post"}],"author":[{"embeddable":true,"href":"https:\/\/domosistemas.com\/index.php?rest_route=\/wp\/v2\/users\/1"}],"replies":[{"embeddable":true,"href":"https:\/\/domosistemas.com\/index.php?rest_route=%2Fwp%2Fv2%2Fcomments&post=29193"}],"version-history":[{"count":0,"href":"https:\/\/domosistemas.com\/index.php?rest_route=\/wp\/v2\/posts\/29193\/revisions"}],"wp:attachment":[{"href":"https:\/\/domosistemas.com\/index.php?rest_route=%2Fwp%2Fv2%2Fmedia&parent=29193"}],"wp:term":[{"taxonomy":"category","embeddable":true,"href":"https:\/\/domosistemas.com\/index.php?rest_route=%2Fwp%2Fv2%2Fcategories&post=29193"},{"taxonomy":"post_tag","embeddable":true,"href":"https:\/\/domosistemas.com\/index.php?rest_route=%2Fwp%2Fv2%2Ftags&post=29193"}],"curies":[{"name":"wp","href":"https:\/\/api.w.org\/{rel}","templated":true}]}}