{"id":29196,"date":"2025-07-05T14:00:13","date_gmt":"2025-07-05T14:00:13","guid":{"rendered":"https:\/\/domosistemas.com\/?p=29196"},"modified":"2025-07-05T14:00:13","modified_gmt":"2025-07-05T14:00:13","slug":"sin-tubo-y-muy-facil-de-instalar-este-aire-acondicionado-portatil-de-ventana-es-todo-un-descubrimiento","status":"publish","type":"post","link":"https:\/\/domosistemas.com\/?p=29196","title":{"rendered":"Sin tubo y muy f\u00e1cil de instalar: este aire acondicionado port\u00e1til de ventana es todo un descubrimiento"},"content":{"rendered":"<div>\n<p>\n      <img decoding=\"async\" src=\"https:\/\/i.blogs.es\/1c9fd2\/cecotec-windowclima-9000-inverter\/1024_2000.jpeg\" alt=\"Sin tubo y muy f\u00e1cil de instalar: este aire acondicionado port\u00e1til de ventana es todo un descubrimiento\">\n    <\/p>\n<p>Los <strong>aires acondicionados port\u00e1tiles<\/strong> est\u00e1n gan\u00e1ndole terreno a los <a class=\"text-outboundlink\" href=\"https:\/\/www.xatakahome.com\/seleccion\/silenciosos-potentes-tener-que-llamar-al-electricista-estos-algunos-mejores-ventiladores-techo\" data-vars-post-title=\"Silenciosos, potentes y sin tener que llamar al electricista: estos son algunos de los mejores ventiladores de techo\" data-vars-post-url=\"https:\/\/www.xatakahome.com\/seleccion\/silenciosos-potentes-tener-que-llamar-al-electricista-estos-algunos-mejores-ventiladores-techo\">ventiladores<\/a>, este verano, para poder enfrentarse a las olas de calor. Aunque la mayor\u00eda de ellos tienen un tubo en la parte trasera, que debes sacar fuera de casa, hay otros modelos innovadores como este que presentamos.<\/p>\n<p><!-- BREAK 1 --><\/p>\n<p>Se trata del <strong>Cecotec Windowclima 9000 Inverter<\/strong>, que se ha convertido en el modelo m\u00e1s vendido en Amazon (incluso se ha agotado alguna vez). Est\u00e1 disponible por <a rel=\"nofollow, sponsored, noopener, noreferrer\" target=\"_blank\" class=\"js-ecommerce\" id=\"link-ecommerce-1\" href=\"https:\/\/www.xatakahome.com\/redirect?url=https%3A%2F%2Fwww.amazon.es%2FCecotec-Acondicionado-Windowclima-Inverter-Temporizador%2Fdp%2FB0BPZSX6DG&amp;category=seleccion&amp;ecomPostExpiration=everlasting&amp;postId=118308\" data-vars-affiliate-url=\"https:\/\/www.amazon.es\/Cecotec-Acondicionado-Windowclima-Inverter-Temporizador\/dp\/B0BPZSX6DG\">599 euros<\/a>.<\/p>\n<p><!-- BREAK 2 --><!-- PIVOT START --><\/p>\n<div class=\"pivot-ecommerce-container m-pivot-ecommerce-redesign article-asset-normal article-asset-center\">\n<div class=\"pivot-ecommerce\">\n<div class=\"pivot-ecommerce-figure\">\n  <a rel=\"nofollow, sponsored, noopener, noreferrer\" target=\"_blank\" href=\"https:\/\/www.xatakahome.com\/redirect?url=https%3A%2F%2Fwww.amazon.es%2Fdp%2FB0BPZSX6DG%3Ftag%3Dxatakahome-21%26linkCode%3Dogi%26th%3D1%26psc%3D1&amp;category=seleccion&amp;pivot=1&amp;ecomPostExpiration=everlasting&amp;postId=118308\"><br \/>\n   <img loading=\"lazy\" decoding=\"async\" alt=\"Cecotec Aire Acondicionado de Ventana con Mando Windowclima 9000 Inverter\" width=\"500\" height=\"500\" src=\"https:\/\/i.blogs.es\/7b15ef\/31bikjude0l._sl500_\/original.jpeg\"><br \/>\n  <\/a>\n  <\/div>\n<div class=\"pivot-ecommerce-summary\">\n<p class=\"pivot-ecommerce-desc\">Cecotec Aire Acondicionado de Ventana con Mando Windowclima 9000 Inverter<\/p>\n<div class=\"pivot-actions \">\n<div class=\"pivot-actions-row\">\n <a rel=\"nofollow, sponsored, noopener, noreferrer\" target=\"_blank\" data-asin=\"B0BPZSX6DG\" data-store=\"Amazon\" href=\"https:\/\/www.xatakahome.com\/redirect?url=https%3A%2F%2Fwww.amazon.es%2Fdp%2FB0BPZSX6DG%3Ftag%3Dxatakahome-21%26linkCode%3Dogi%26th%3D1%26psc%3D1&amp;category=seleccion&amp;pivot=1&amp;ecomPostExpiration=everlasting&amp;postId=118308\" title=\"Precio actualizado hoy\" class=\"pivot-action-btn metrics-pivot-btn pivot-action-primary\">Hoy en Amazon \u2014 <strong><span class=\"js-deal-price\">599,00<\/span> \u20ac<\/strong><\/a>\n <\/div>\n<\/p><\/div>\n<\/p><\/div>\n<\/p><\/div>\n<div class=\"pivot-link-msg\">* Alg\u00fan precio puede haber cambiado desde la \u00faltima revisi\u00f3n<\/div>\n<\/p><\/div>\n<p><!-- PIVOT END --><\/p>\n<h2>Un aire acondicionado port\u00e1til que podr\u00e1s tener listo en solo unos minutos<\/h2>\n<div class=\"article-asset-image article-asset-normal article-asset-center\">\n<div class=\"asset-content\">\n                    <a rel=\"nofollow, sponsored, noopener, noreferrer\" target=\"_blank\" class=\"js-ecommerce\" id=\"link-ecommerce-2\" href=\"https:\/\/www.xatakahome.com\/redirect?url=https%3A%2F%2Fwww.amazon.es%2FCecotec-Acondicionado-Windowclima-Inverter-Temporizador%2Fdp%2FB0BPZSX6DG&amp;category=seleccion&amp;ecomPostExpiration=everlasting&amp;postId=118308\" data-vars-affiliate-url=\"https:\/\/www.amazon.es\/Cecotec-Acondicionado-Windowclima-Inverter-Temporizador\/dp\/B0BPZSX6DG\"><\/p>\n<p>    <img decoding=\"async\" alt=\"Aire Acondicionado Portatil Cecotec Windowclima 9000 Inverter\" class=\"centro_sinmarco\" src=\"https:\/\/i.blogs.es\/4b6f69\/aire-acondicionado-portatil-cecotec-windowclima-9000-inverter\/450_1000.jpeg\"><br \/>\n     <\/a><\/p><\/div>\n<\/div>\n<p>Lo que m\u00e1s destaca de este <a class=\"text-outboundlink\" href=\"https:\/\/www.xatakahome.com\/seleccion\/adios-al-calor-casa-estos-mejores-aires-acondicionados-portatiles-que-arrasaran-este-verano\" data-vars-post-title=\"Estos son nuestros cinco aires acondicionados port\u00e1tiles favoritos para sobrellevar mejor este verano en casa\" data-vars-post-url=\"https:\/\/www.xatakahome.com\/seleccion\/adios-al-calor-casa-estos-mejores-aires-acondicionados-portatiles-que-arrasaran-este-verano\" data-id=\"noopener noreferrer\">aire acondicionado port\u00e1til<\/a> de Cecotec es su innovador dise\u00f1o. Se instala de forma muy sencilla, en la ventana, lo que <strong>evita los l\u00edos de tubos<\/strong> y tener incluso que llamar a un t\u00e9cnico para colocarlo.<\/p>\n<p><!-- BREAK 3 --><\/p>\n<div class=\"article-asset article-asset-normal article-asset-center\">\n<div class=\"desvio-container\">\n<div class=\"desvio\">\n<div class=\"desvio-figure js-desvio-figure\">\n    <a href=\"https:\/\/www.xataka.com\/seleccion\/a-precio-outlet-este-aire-acondicionado-portatil-facil-instalacion-que-carrefour-tiene-para-enfrentarse-al-verano\" class=\"pivot-outboundlink\" target=\"_blank\" data-vars-post-title=\"Carrefour deja a precio de outlet este aire acondicionado port\u00e1til con el que sobrevivir a las olas de calor del verano\"><br \/>\n     <img loading=\"lazy\" decoding=\"async\" alt=\"Carrefour deja a precio de outlet este aire acondicionado port\u00e1til con el que sobrevivir a las olas de calor del verano\" width=\"375\" height=\"142\" src=\"https:\/\/i.blogs.es\/a34384\/ofertas_cpa_v3-copia-75-\/375_142.jpeg\"><br \/>\n    <\/a>\n   <\/div>\n<div class=\"desvio-summary\">\n<div class=\"desvio-taxonomy js-desvio-taxonomy\">\n     <a href=\"https:\/\/www.xataka.com\/seleccion\/a-precio-outlet-este-aire-acondicionado-portatil-facil-instalacion-que-carrefour-tiene-para-enfrentarse-al-verano\" class=\"desvio-taxonomy-anchor pivot-outboundlink m-crosspost\" target=\"_blank\" data-vars-post-title=\"Carrefour deja a precio de outlet este aire acondicionado port\u00e1til con el que sobrevivir a las olas de calor del verano\">En Xataka<\/a>\n    <\/div>\n<p>    <a href=\"https:\/\/www.xataka.com\/seleccion\/a-precio-outlet-este-aire-acondicionado-portatil-facil-instalacion-que-carrefour-tiene-para-enfrentarse-al-verano\" class=\"desvio-title js-desvio-title pivot-outboundlink\" target=\"_blank\" data-vars-post-title=\"Carrefour deja a precio de outlet este aire acondicionado port\u00e1til con el que sobrevivir a las olas de calor del verano\">Carrefour deja a precio de outlet este aire acondicionado port\u00e1til con el que sobrevivir a las olas de calor del verano<\/a>\n   <\/div>\n<\/p><\/div>\n<\/p><\/div>\n<\/div>\n<div class=\"article-asset-video article-asset-normal\">\n<div class=\"asset-content\">\n<div class=\"base-asset-video\">\n<div class=\"js-dailymotion\">\n    <script type=\"application\/json\">\n                          {\"videoId\":\"x8006fc\",\"autoplay\":true,\"title\":\"C\u00f3mo dormir cuando hace mucho calor y no tienes aire acondicionado\", \"tag\":\"\", \"duration\":\"217\"}\n                  <\/script>\n   <\/div>\n<\/p><\/div>\n<\/p><\/div>\n<\/div>\n<p>Tiene una capacidad de enfriamiento de 2.250 frigor\u00edas, por lo que resulta ideal para cubrir estancias de <strong>hasta 22 metros cuadrados<\/strong>. Adem\u00e1s, cuenta con una lama m\u00f3vil que te permite seleccionar la direcci\u00f3n del aire y lo distribuye de forma eficaz.<\/p>\n<p><!-- BREAK 4 --><\/p>\n<p>O puedes controlar mediante su <strong>pantalla LED<\/strong> o bien a trav\u00e9s del mando a distancia que incorpora. Al igual que la mayor\u00eda de dispositivos de climatizaci\u00f3n de este tipo, ofrece diferentes modos de funcionamiento. En concreto, cuenta con cinco modos diferentes: autom\u00e1tico, <a class=\"text-outboundlink\" href=\"https:\/\/www.xatakahome.com\/seleccion\/ventiladores-pie-cual-comprar-consejos-recomendaciones\" data-vars-post-title=\"Ventiladores de pie: \u00bfCu\u00e1l comprar? Consejos y recomendaciones\" data-vars-post-url=\"https:\/\/www.xatakahome.com\/seleccion\/ventiladores-pie-cual-comprar-consejos-recomendaciones\" data-id=\"noopener noreferrer\">ventilador<\/a>, refrigerador, deshumidificador y noche.<\/p>\n<p><!-- BREAK 5 --><\/p>\n<h2>Otros aires acondicionados port\u00e1tiles que pueden interesarte por si este se agota<\/h2>\n<p><!-- PIVOT START --><\/p>\n<div class=\"pivot-ecommerce-container m-pivot-ecommerce-redesign article-asset-normal article-asset-center\">\n<div class=\"pivot-ecommerce\">\n<div class=\"pivot-ecommerce-figure\">\n  <a rel=\"nofollow, sponsored, noopener, noreferrer\" target=\"_blank\" href=\"https:\/\/www.xatakahome.com\/redirect?url=https%3A%2F%2Fwww.leroymerlin.es%2Fproductos%2Fcalefaccion-y-climatizacion%2Faire-acondicionado%2Faire-acondicionado-portatil%2Faire-acondicionado-cecotec-forceclima-7100-portatil-88478767.html%3FhighlightedOfferCode%3D8d9fbdf8a73db8becf9d86268a574e3fce935702&amp;category=seleccion&amp;pivot=1&amp;ecomPostExpiration=everlasting&amp;postId=118308\"><br \/>\n   <img loading=\"lazy\" decoding=\"async\" alt=\"Cecotec Aire Acondicionado Port\u00e1til con Mando a Distancia ForceClima 7100 Soundless\" width=\"500\" height=\"500\" src=\"https:\/\/i.blogs.es\/8d940f\/31ab49usxwl._sl500_\/original.jpeg\"><br \/>\n  <\/a>\n  <\/div>\n<div class=\"pivot-ecommerce-summary\">\n<p class=\"pivot-ecommerce-desc\">Cecotec Aire Acondicionado Port\u00e1til con Mando a Distancia ForceClima 7100 Soundless<\/p>\n<div class=\"pivot-actions \">\n<div class=\"pivot-actions-row\">\n <a rel=\"nofollow, sponsored, noopener, noreferrer\" target=\"_blank\" data-asin=\"88478767\" data-store=\"Leroy Merlin\" href=\"https:\/\/www.xatakahome.com\/redirect?url=https%3A%2F%2Fwww.leroymerlin.es%2Fproductos%2Fcalefaccion-y-climatizacion%2Faire-acondicionado%2Faire-acondicionado-portatil%2Faire-acondicionado-cecotec-forceclima-7100-portatil-88478767.html%3FhighlightedOfferCode%3D8d9fbdf8a73db8becf9d86268a574e3fce935702&amp;category=seleccion&amp;pivot=1&amp;ecomPostExpiration=everlasting&amp;postId=118308\" title=\"Precio actualizado hoy\" class=\"pivot-action-btn metrics-pivot-btn pivot-action-primary\">Hoy en Leroy Merlin \u2014 <strong><span class=\"js-deal-price\">193,90<\/span> \u20ac<\/strong><\/a><br \/>\n   <a rel=\"nofollow, sponsored, noopener, noreferrer\" target=\"_blank\" data-asin=\"B0BPZHKY25\" data-store=\"Amazon\" href=\"https:\/\/www.xatakahome.com\/redirect?url=https%3A%2F%2Fwww.amazon.es%2Fdp%2FB0BPZHKY25%3Ftag%3Dxatakahome-21%26linkCode%3Dogi%26th%3D1%26psc%3D1&amp;category=seleccion&amp;pivot=1&amp;ecomPostExpiration=everlasting&amp;postId=118308\" title=\"Precio actualizado hoy\" class=\"pivot-action-btn metrics-pivot-btn pivot-action-secondary\">Amazon \u2014 <strong><span class=\"js-deal-price\">229,00<\/span> \u20ac<\/strong><\/a><br \/>\n   <a rel=\"nofollow, sponsored, noopener, noreferrer\" target=\"_blank\" data-asin=\"1549507\" data-store=\"MediaMarkt\" href=\"https:\/\/www.xatakahome.com\/redirect?url=https%3A%2F%2Fwww.mediamarkt.es%2Fes%2Fproduct%2F_aire-acondicionado-portatil-cecotec-forceclima-7100-soundless-780-w-7000-btu-4-modos-2-velocidades-silencioso-mando-a-distancia-blanco-1549507.html&amp;category=seleccion&amp;pivot=1&amp;ecomPostExpiration=everlasting&amp;postId=118308\" title=\"Precio actualizado hoy\" class=\"pivot-action-btn metrics-pivot-btn pivot-action-secondary\">MediaMarkt \u2014 <strong><span class=\"js-deal-price\">229,00<\/span> \u20ac<\/strong><\/a>\n <\/div>\n<\/p><\/div>\n<\/p><\/div>\n<\/p><\/div>\n<div class=\"pivot-link-msg\">* Alg\u00fan precio puede haber cambiado desde la \u00faltima revisi\u00f3n<\/div>\n<\/p><\/div>\n<p><!-- PIVOT END --><br \/>\n<!-- PIVOT START --><\/p>\n<div class=\"pivot-ecommerce-container m-pivot-ecommerce-redesign article-asset-normal article-asset-center\">\n<div class=\"pivot-ecommerce\">\n<div class=\"pivot-ecommerce-figure\">\n  <a rel=\"nofollow, sponsored, noopener, noreferrer\" target=\"_blank\" href=\"https:\/\/www.xatakahome.com\/redirect?url=https%3A%2F%2Fwww.amazon.es%2Fdp%2FB0CM8P9PV9%3Ftag%3Dxatakahome-21%26linkCode%3Dogi%26th%3D1%26psc%3D1&amp;category=seleccion&amp;pivot=1&amp;ecomPostExpiration=everlasting&amp;postId=118308\"><br \/>\n   <img loading=\"lazy\" decoding=\"async\" alt=\"COMFEE Ping\u00fcino Aire Acondicionado Port\u00e1til 7000 BTU\/1800 Frigor\u00edas Breezy Cool Pro \" width=\"447\" height=\"500\" src=\"https:\/\/i.blogs.es\/daf726\/41namb9wdil._sl500_\/original.jpeg\"><br \/>\n  <\/a>\n  <\/div>\n<div class=\"pivot-ecommerce-summary\">\n<p class=\"pivot-ecommerce-desc\">COMFEE Ping\u00fcino Aire Acondicionado Port\u00e1til 7000 BTU\/1800 Frigor\u00edas Breezy Cool Pro <\/p>\n<div class=\"pivot-actions \">\n<div class=\"pivot-actions-row\">\n <a rel=\"nofollow, sponsored, noopener, noreferrer\" target=\"_blank\" data-asin=\"B0CM8P9PV9\" data-store=\"Amazon\" href=\"https:\/\/www.xatakahome.com\/redirect?url=https%3A%2F%2Fwww.amazon.es%2Fdp%2FB0CM8P9PV9%3Ftag%3Dxatakahome-21%26linkCode%3Dogi%26th%3D1%26psc%3D1&amp;category=seleccion&amp;pivot=1&amp;ecomPostExpiration=everlasting&amp;postId=118308\" title=\"Precio actualizado hoy\" class=\"pivot-action-btn metrics-pivot-btn pivot-action-primary\">Hoy en Amazon \u2014 <strong><span class=\"js-deal-price\">249,99<\/span> \u20ac<\/strong><\/a>\n <\/div>\n<\/p><\/div>\n<\/p><\/div>\n<\/p><\/div>\n<div class=\"pivot-link-msg\">* Alg\u00fan precio puede haber cambiado desde la \u00faltima revisi\u00f3n<\/div>\n<\/p><\/div>\n<p><!-- PIVOT END --><\/p>\n<p><em>Nota: algunos de los enlaces aqu\u00ed publicados son de afiliados y pueden reportar un beneficio.<\/em><\/p>\n<p>Im\u00e1genes | Cecotec<\/p>\n<p>En Xataka Smart Home | <a class=\"text-outboundlink\" href=\"https:\/\/www.xatakahome.com\/seleccion\/mejores-estores-termicos-cual-comprar-consejos-recomendaciones\" data-vars-post-title=\"Los mejores estores t\u00e9rmicos. \u00bfCu\u00e1l comprar? Consejos y recomendaciones\" data-vars-post-url=\"https:\/\/www.xatakahome.com\/seleccion\/mejores-estores-termicos-cual-comprar-consejos-recomendaciones\" data-id=\"noopener noreferrer\">Los mejores estores t\u00e9rmicos: \u00bfcu\u00e1l comprar? Consejos y recomendaciones<\/a><\/p>\n<p>En Xataka Smart Home | <a class=\"text-outboundlink\" href=\"https:\/\/www.xatakahome.com\/seleccion\/cinco-aires-acondicionados-portatiles-que-estaras-fresquito-casa-no-necesitaras-llamar-al-tecnico-para-instalarlos\" data-vars-post-title=\"Cinco aires acondicionados port\u00e1tiles con los que estar\u00e1s fresquito en casa y no necesitar\u00e1s llamar al t\u00e9cnico para instalarlos\" data-vars-post-url=\"https:\/\/www.xatakahome.com\/seleccion\/cinco-aires-acondicionados-portatiles-que-estaras-fresquito-casa-no-necesitaras-llamar-al-tecnico-para-instalarlos\" data-id=\"noopener noreferrer\">Cinco aires acondicionados port\u00e1tiles con los que estar\u00e1s fresquito en casa y no necesitar\u00e1s llamar al t\u00e9cnico para instalarlos<\/a><\/p>\n<p><script>\n (function() {\n  window._JS_MODULES = window._JS_MODULES || {};\n  var headElement = document.getElementsByTagName('head')[0];\n  if (_JS_MODULES.instagram) {\n   var instagramScript = document.createElement('script');\n   instagramScript.src = 'https:\/\/platform.instagram.com\/en_US\/embeds.js';\n   instagramScript.async = true;\n   instagramScript.defer = true;\n   headElement.appendChild(instagramScript);\n  }\n })();\n<\/script><\/p>\n<p> &#8211; <br \/> La noticia<br \/>\n      <a href=\"https:\/\/www.xatakahome.com\/seleccion\/tubo-muy-facil-instalar-este-aire-acondicionado-portatil-ventana-todo-descubrimiento?utm_source=feedburner&amp;utm_medium=feed&amp;utm_campaign=05_Jul_2025\"><br \/>\n       <em> Sin tubo y muy f\u00e1cil de instalar: este aire acondicionado port\u00e1til de ventana es todo un descubrimiento <\/em><br \/>\n      <\/a><br \/>\n      fue publicada originalmente en<br \/>\n      <a href=\"https:\/\/www.xatakahome.com\/?utm_source=feedburner&amp;utm_medium=feed&amp;utm_campaign=05_Jul_2025\"><br \/>\n       <strong> Xataka Smart Home <\/strong><br \/>\n      <\/a><br \/>\n             por <a href=\"https:\/\/www.xatakahome.com\/autor\/fran-leon?utm_source=feedburner&amp;utm_medium=feed&amp;utm_campaign=05_Jul_2025\"><br \/>\n        Fran Le\u00f3n<br \/>\n       <\/a><br \/>\n      . <\/p>\n<\/div>\n","protected":false},"excerpt":{"rendered":"<p>Los aires acondicionados port\u00e1tiles est\u00e1n gan\u00e1ndole terreno a los ventiladores, este verano, para poder enfrentarse a las olas de calor. Aunque la mayor\u00eda de ellos tienen un tubo en la parte trasera, que debes sacar fuera de casa, hay otros modelos innovadores como este que presentamos. Se trata del Cecotec Windowclima 9000 Inverter, que se &hellip; <a href=\"https:\/\/domosistemas.com\/?p=29196\" class=\"more-link\">Sigue leyendo <span class=\"screen-reader-text\">Sin tubo y muy f\u00e1cil de instalar: este aire acondicionado port\u00e1til de ventana es todo un descubrimiento<\/span><\/a><\/p>\n","protected":false},"author":1,"featured_media":0,"comment_status":"closed","ping_status":"closed","sticky":false,"template":"","format":"standard","meta":{"footnotes":""},"categories":[8],"tags":[],"class_list":["post-29196","post","type-post","status-publish","format-standard","hentry","category-xataka"],"_links":{"self":[{"href":"https:\/\/domosistemas.com\/index.php?rest_route=\/wp\/v2\/posts\/29196","targetHints":{"allow":["GET"]}}],"collection":[{"href":"https:\/\/domosistemas.com\/index.php?rest_route=\/wp\/v2\/posts"}],"about":[{"href":"https:\/\/domosistemas.com\/index.php?rest_route=\/wp\/v2\/types\/post"}],"author":[{"embeddable":true,"href":"https:\/\/domosistemas.com\/index.php?rest_route=\/wp\/v2\/users\/1"}],"replies":[{"embeddable":true,"href":"https:\/\/domosistemas.com\/index.php?rest_route=%2Fwp%2Fv2%2Fcomments&post=29196"}],"version-history":[{"count":0,"href":"https:\/\/domosistemas.com\/index.php?rest_route=\/wp\/v2\/posts\/29196\/revisions"}],"wp:attachment":[{"href":"https:\/\/domosistemas.com\/index.php?rest_route=%2Fwp%2Fv2%2Fmedia&parent=29196"}],"wp:term":[{"taxonomy":"category","embeddable":true,"href":"https:\/\/domosistemas.com\/index.php?rest_route=%2Fwp%2Fv2%2Fcategories&post=29196"},{"taxonomy":"post_tag","embeddable":true,"href":"https:\/\/domosistemas.com\/index.php?rest_route=%2Fwp%2Fv2%2Ftags&post=29196"}],"curies":[{"name":"wp","href":"https:\/\/api.w.org\/{rel}","templated":true}]}}