{"id":29202,"date":"2025-07-06T14:00:13","date_gmt":"2025-07-06T14:00:13","guid":{"rendered":"https:\/\/domosistemas.com\/?p=29202"},"modified":"2025-07-06T14:00:13","modified_gmt":"2025-07-06T14:00:13","slug":"ikea-tiene-la-solucion-barata-para-conseguir-sombra-con-estilo-incluso-en-balcones-pequenos","status":"publish","type":"post","link":"https:\/\/domosistemas.com\/?p=29202","title":{"rendered":"Ikea tiene la soluci\u00f3n barata para conseguir sombra con estilo incluso en balcones peque\u00f1os"},"content":{"rendered":"<div>\n<p>\n      <img decoding=\"async\" src=\"https:\/\/i.blogs.es\/9a38d1\/ofertas_cpa_v3-copia-82-\/1024_2000.jpeg\" alt=\"Ikea tiene la soluci\u00f3n barata para conseguir sombra con estilo incluso en balcones peque\u00f1os \">\n    <\/p>\n<p>Los pisos, cada vez m\u00e1s, tienen balcones peque\u00f1os (si tienes suerte de toparte con uno que los tenga). Si el tuyo es de reducidas dimensiones, pero est\u00e1s buscando una soluci\u00f3n para conseguir sombra y disfrutar del exterior de tu hogar en verano, Ikea tiene la soluci\u00f3n. Se trata de la <strong>sombrilla LILLE\u00d6<\/strong>, que puedes comprar por <a rel=\"nofollow, sponsored, noopener, noreferrer\" target=\"_blank\" class=\"js-ecommerce\" id=\"link-ecommerce-1\" href=\"https:\/\/www.xatakahome.com\/redirect?url=https%3A%2F%2Fwww.ikea.com%2Fes%2Fes%2Fp%2Flilleo-sombrilla-gris-10504632%2F&amp;category=seleccion&amp;ecomPostExpiration=perish&amp;postId=118309\" data-vars-affiliate-url=\"https:\/\/www.ikea.com\/es\/es\/p\/lilleo-sombrilla-gris-10504632\/\" data-id=\"noopener noreferrer\">30 euros<\/a>.<\/p>\n<p><!-- BREAK 1 --><!-- PIVOT START --><\/p>\n<div class=\"pivot-ecommerce-container m-pivot-ecommerce-redesign article-asset-normal article-asset-center\">\n<div class=\"pivot-ecommerce\">\n<div class=\"pivot-ecommerce-figure\">\n  <a rel=\"nofollow, sponsored, noopener, noreferrer\" target=\"_blank\" href=\"https:\/\/www.xatakahome.com\/redirect?url=https%3A%2F%2Fwww.ikea.com%2Fes%2Fes%2Fp%2Flilleo-sombrilla-gris-10504632%2F&amp;category=seleccion&amp;pivot=1&amp;ecomPostExpiration=perish&amp;postId=118309\"><br \/>\n   <img loading=\"lazy\" decoding=\"async\" alt=\"LILLE\u00d6 Sombrilla, gris, 150x100 cm\" width=\"600\" height=\"600\" src=\"https:\/\/i.blogs.es\/6e3e29\/blob\/original.jpeg\"><br \/>\n  <\/a>\n  <\/div>\n<div class=\"pivot-ecommerce-summary\">\n<p class=\"pivot-ecommerce-desc\">LILLE\u00d6 Sombrilla, gris, 150&#215;100 cm<\/p>\n<div class=\"pivot-actions \">\n<div class=\"pivot-actions-row\">\n <a rel=\"nofollow, sponsored, noopener, noreferrer\" target=\"_blank\" data-asin=\"\" data-store=\"\" href=\"https:\/\/www.xatakahome.com\/redirect?url=https%3A%2F%2Fwww.ikea.com%2Fes%2Fes%2Fp%2Flilleo-sombrilla-gris-10504632%2F&amp;category=seleccion&amp;pivot=1&amp;ecomPostExpiration=perish&amp;postId=118309\" title=\"Precio de venta al p\u00fablico a fecha de publicaci\u00f3n\" class=\"pivot-action-btn pivot-action-primary\">PVP en Ikea \u2014 <strong><span class=\"js-deal-price\">30,00<\/span> \u20ac<\/strong><\/a>\n <\/div>\n<\/p><\/div>\n<\/p><\/div>\n<\/p><\/div>\n<div class=\"pivot-link-msg\">* Alg\u00fan precio puede haber cambiado desde la \u00faltima revisi\u00f3n<\/div>\n<\/p><\/div>\n<p><!-- PIVOT END --><\/p>\n<h2>La soluci\u00f3n barata para resguardarte del sol en el balc\u00f3n este verano<\/h2>\n<div class=\"article-asset-image article-asset-normal article-asset-center\">\n<div class=\"asset-content\">\n                    <a rel=\"nofollow, sponsored, noopener, noreferrer\" target=\"_blank\" class=\"js-ecommerce\" id=\"link-ecommerce-2\" href=\"https:\/\/www.xatakahome.com\/redirect?url=https%3A%2F%2Fwww.ikea.com%2Fes%2Fes%2Fp%2Flilleo-sombrilla-gris-10504632%2F&amp;category=seleccion&amp;ecomPostExpiration=perish&amp;postId=118309\" data-vars-affiliate-url=\"https:\/\/www.ikea.com\/es\/es\/p\/lilleo-sombrilla-gris-10504632\/\"><\/p>\n<p>    <img decoding=\"async\" alt=\"sombrilla LILL\u00cb de Ikea\" class=\"centro_sinmarco\" src=\"https:\/\/i.blogs.es\/22f834\/proyecto-nuevo---2025-04-08t143021.918\/450_1000.jpeg\"><br \/>\n     <\/a><\/p><\/div>\n<\/div>\n<p>Un aut\u00e9ntico superventas en las tiendas de la multinacional sueca, esta sombrilla para balcones, destaca por ser segura de utilizar. Se puede <strong>fijar en una pared o en la barandilla<\/strong>. De su dise\u00f1o, se puede destacar su forma asim\u00e9trica.<\/p>\n<p><!-- BREAK 2 --><\/p>\n<div class=\"article-asset article-asset-normal article-asset-center\">\n<div class=\"desvio-container\">\n<div class=\"desvio\">\n<div class=\"desvio-figure js-desvio-figure\">\n    <a href=\"https:\/\/www.xataka.com\/seleccion\/a-precio-outlet-este-aire-acondicionado-portatil-facil-instalacion-que-carrefour-tiene-para-enfrentarse-al-verano\" class=\"pivot-outboundlink\" target=\"_blank\" data-vars-post-title=\"Carrefour deja a precio de outlet este aire acondicionado port\u00e1til con el que sobrevivir a las olas de calor del verano\"><br \/>\n     <img loading=\"lazy\" decoding=\"async\" alt=\"Carrefour deja a precio de outlet este aire acondicionado port\u00e1til con el que sobrevivir a las olas de calor del verano\" width=\"375\" height=\"142\" src=\"https:\/\/i.blogs.es\/a34384\/ofertas_cpa_v3-copia-75-\/375_142.jpeg\"><br \/>\n    <\/a>\n   <\/div>\n<div class=\"desvio-summary\">\n<div class=\"desvio-taxonomy js-desvio-taxonomy\">\n     <a href=\"https:\/\/www.xataka.com\/seleccion\/a-precio-outlet-este-aire-acondicionado-portatil-facil-instalacion-que-carrefour-tiene-para-enfrentarse-al-verano\" class=\"desvio-taxonomy-anchor pivot-outboundlink m-crosspost\" target=\"_blank\" data-vars-post-title=\"Carrefour deja a precio de outlet este aire acondicionado port\u00e1til con el que sobrevivir a las olas de calor del verano\">En Xataka<\/a>\n    <\/div>\n<p>    <a href=\"https:\/\/www.xataka.com\/seleccion\/a-precio-outlet-este-aire-acondicionado-portatil-facil-instalacion-que-carrefour-tiene-para-enfrentarse-al-verano\" class=\"desvio-title js-desvio-title pivot-outboundlink\" target=\"_blank\" data-vars-post-title=\"Carrefour deja a precio de outlet este aire acondicionado port\u00e1til con el que sobrevivir a las olas de calor del verano\">Carrefour deja a precio de outlet este aire acondicionado port\u00e1til con el que sobrevivir a las olas de calor del verano<\/a>\n   <\/div>\n<\/p><\/div>\n<\/p><\/div>\n<\/div>\n<div class=\"article-asset-video article-asset-normal\">\n<div class=\"asset-content\">\n<div class=\"base-asset-video\">\n<div class=\"js-dailymotion\">\n    <script type=\"application\/json\">\n                          {\"videoId\":\"x8c12ag\",\"autoplay\":true,\"title\":\"Design Your Home   IKEA\", \"tag\":\"IKEA\", \"duration\":\"60\"}\n                  <\/script>\n   <\/div>\n<\/p><\/div>\n<\/p><\/div>\n<\/div>\n<p>Tiene unas dimensiones de 100 cm de ancho por 150 cm de largo y una <strong>altura regulable entre los 217 y los 250 cm<\/strong>. Adem\u00e1s, su estructura cuenta con un tubo de acero con revestimiento de poli\u00e9ster en polvo de 32 mm, un tirador de pl\u00e1stico y la tela en la que est\u00e1 fabricada es poli\u00e9ster 100%.<\/p>\n<p><!-- BREAK 3 --><\/p>\n<p>Eso s\u00ed, debes tener en cuenta que no viene la base, la tienes que comprar aparte (como por ejemplo la base HUV\u00d6N que vende Ikea a <a rel=\"nofollow, sponsored, noopener, noreferrer\" target=\"_blank\" class=\"js-ecommerce\" id=\"link-ecommerce-3\" href=\"https:\/\/www.xatakahome.com\/redirect?url=https%3A%2F%2Fwww.ikea.com%2Fes%2Fes%2Fp%2Fhuvon-base-sombrilla-gris-50457105%2F&amp;category=seleccion&amp;ecomPostExpiration=perish&amp;postId=118309\" data-vars-affiliate-url=\"https:\/\/www.ikea.com\/es\/es\/p\/huvon-base-sombrilla-gris-50457105\/\">55 euros<\/a>). Respecto a su <strong>mantenimiento<\/strong>, es bastante sencillo, ya que la puedes meter en la <a class=\"text-outboundlink\" href=\"https:\/\/www.xatakahome.com\/hogar\/no-sabia-que-mi-lavadora-lavavajillas-tenian-esta-opcion-ahora-usamos-a-diario-para-ahorrar-factura-luz\" data-vars-post-title=\"No sab\u00eda que mi lavadora y lavavajillas ten\u00edan esta opci\u00f3n: ahora la usamos a diario para ahorrar en la factura de la luz\" data-vars-post-url=\"https:\/\/www.xatakahome.com\/hogar\/no-sabia-que-mi-lavadora-lavavajillas-tenian-esta-opcion-ahora-usamos-a-diario-para-ahorrar-factura-luz\" data-id=\"noopener noreferrer\">lavadora<\/a> a 40\u00baC.<\/p>\n<p><!-- BREAK 4 --><\/p>\n<h2>Tambi\u00e9n te pueden interesar estos otros toldos para tu balc\u00f3n<\/h2>\n<p><!-- PIVOT START --><\/p>\n<div class=\"pivot-ecommerce-container m-pivot-ecommerce-redesign article-asset-normal article-asset-center\">\n<div class=\"pivot-ecommerce\">\n<div class=\"pivot-ecommerce-figure\">\n  <a rel=\"nofollow, sponsored, noopener, noreferrer\" target=\"_blank\" href=\"https:\/\/www.xatakahome.com\/redirect?url=https%3A%2F%2Fwww.amazon.es%2Fdp%2FB0DJX276ZN%3Ftag%3Dxatakahome-21%26linkCode%3Dogi%26th%3D1%26psc%3D1&amp;category=seleccion&amp;pivot=1&amp;ecomPostExpiration=perish&amp;postId=118309\"><br \/>\n   <img loading=\"lazy\" decoding=\"async\" alt=\"AXT SHADE Toldo Manual Retr\u00e1ctil Enrollable para Balc\u00f3n 300cm \" width=\"500\" height=\"500\" src=\"https:\/\/i.blogs.es\/cccaf7\/31rxlhujntl._sl500_\/original.jpeg\"><br \/>\n  <\/a>\n  <\/div>\n<div class=\"pivot-ecommerce-summary\">\n<p class=\"pivot-ecommerce-desc\">AXT SHADE Toldo Manual Retr\u00e1ctil Enrollable para Balc\u00f3n 300cm <\/p>\n<div class=\"pivot-actions \">\n<div class=\"pivot-actions-row\">\n <a rel=\"nofollow, sponsored, noopener, noreferrer\" target=\"_blank\" data-asin=\"B0DJX276ZN\" data-store=\"Amazon\" href=\"https:\/\/www.xatakahome.com\/redirect?url=https%3A%2F%2Fwww.amazon.es%2Fdp%2FB0DJX276ZN%3Ftag%3Dxatakahome-21%26linkCode%3Dogi%26th%3D1%26psc%3D1&amp;category=seleccion&amp;pivot=1&amp;ecomPostExpiration=perish&amp;postId=118309\" title=\"Precio actualizado hoy\" class=\"pivot-action-btn metrics-pivot-btn pivot-action-primary\">Hoy en Amazon \u2014 <strong><span class=\"js-deal-price\">74,99<\/span> \u20ac<\/strong><\/a>\n <\/div>\n<\/p><\/div>\n<\/p><\/div>\n<\/p><\/div>\n<div class=\"pivot-link-msg\">* Alg\u00fan precio puede haber cambiado desde la \u00faltima revisi\u00f3n<\/div>\n<\/p><\/div>\n<p><!-- PIVOT END --><br \/>\n<!-- PIVOT START --><\/p>\n<div class=\"pivot-ecommerce-container m-pivot-ecommerce-redesign article-asset-normal article-asset-center\">\n<div class=\"pivot-ecommerce\">\n<div class=\"pivot-ecommerce-figure\">\n  <a rel=\"nofollow, sponsored, noopener, noreferrer\" target=\"_blank\" href=\"https:\/\/www.xatakahome.com\/redirect?url=https%3A%2F%2Fwww.amazon.es%2Fdp%2FB0F8VT4FF3%3Ftag%3Dxatakahome-21%26linkCode%3Dogi%26th%3D1%26psc%3D1&amp;category=seleccion&amp;pivot=1&amp;ecomPostExpiration=perish&amp;postId=118309\"><br \/>\n   <img loading=\"lazy\" decoding=\"async\" alt=\"Toldo Retr\u00e1ctil Exterior 300x250cm Gris Poli\u00e9ster\" width=\"500\" height=\"500\" src=\"https:\/\/i.blogs.es\/6b567b\/21isepip3ol._sl500_\/original.jpeg\"><br \/>\n  <\/a>\n  <\/div>\n<div class=\"pivot-ecommerce-summary\">\n<p class=\"pivot-ecommerce-desc\">Toldo Retr\u00e1ctil Exterior 300x250cm Gris Poli\u00e9ster<\/p>\n<div class=\"pivot-actions \">\n<div class=\"pivot-actions-row\">\n <a rel=\"nofollow, sponsored, noopener, noreferrer\" target=\"_blank\" data-asin=\"B0F8VT4FF3\" data-store=\"Amazon\" href=\"https:\/\/www.xatakahome.com\/redirect?url=https%3A%2F%2Fwww.amazon.es%2Fdp%2FB0F8VT4FF3%3Ftag%3Dxatakahome-21%26linkCode%3Dogi%26th%3D1%26psc%3D1&amp;category=seleccion&amp;pivot=1&amp;ecomPostExpiration=perish&amp;postId=118309\" title=\"Precio actualizado hoy\" class=\"pivot-action-btn metrics-pivot-btn pivot-action-primary\">Hoy en Amazon \u2014 <strong><span class=\"js-deal-price\">139,90<\/span> \u20ac<\/strong><\/a>\n <\/div>\n<\/p><\/div>\n<\/p><\/div>\n<\/p><\/div>\n<div class=\"pivot-link-msg\">* Alg\u00fan precio puede haber cambiado desde la \u00faltima revisi\u00f3n<\/div>\n<\/p><\/div>\n<p><!-- PIVOT END --><\/p>\n<p><em>Nota: algunos de los enlaces aqu\u00ed publicados son de afiliados y pueden reportar un beneficio.<\/em><\/p>\n<p>Im\u00e1genes | Webedia e Ikea<\/p>\n<p>En Xataka Smart Home | <a class=\"text-outboundlink\" href=\"https:\/\/www.xatakahome.com\/seleccion\/mejores-estores-termicos-cual-comprar-consejos-recomendaciones\" data-vars-post-title=\"Los mejores estores t\u00e9rmicos. \u00bfCu\u00e1l comprar? Consejos y recomendaciones\" data-vars-post-url=\"https:\/\/www.xatakahome.com\/seleccion\/mejores-estores-termicos-cual-comprar-consejos-recomendaciones\">Los mejores estores t\u00e9rmicos. \u00bfCu\u00e1l comprar? Consejos y recomendaciones<\/a><\/p>\n<p>En Xataka Smart Home | <a class=\"text-outboundlink\" href=\"https:\/\/www.xatakahome.com\/seleccion\/cinco-aires-acondicionados-portatiles-que-estaras-fresquito-casa-no-necesitaras-llamar-al-tecnico-para-instalarlos\" data-vars-post-title=\"Cinco aires acondicionados port\u00e1tiles con los que estar\u00e1s fresquito en casa y no necesitar\u00e1s llamar al t\u00e9cnico para instalarlos\" data-vars-post-url=\"https:\/\/www.xatakahome.com\/seleccion\/cinco-aires-acondicionados-portatiles-que-estaras-fresquito-casa-no-necesitaras-llamar-al-tecnico-para-instalarlos\">Cinco aires acondicionados port\u00e1tiles con los que estar\u00e1s fresquito en casa y no necesitar\u00e1s llamar al t\u00e9cnico para instalarlos<\/a><\/p>\n<p><script>\n (function() {\n  window._JS_MODULES = window._JS_MODULES || {};\n  var headElement = document.getElementsByTagName('head')[0];\n  if (_JS_MODULES.instagram) {\n   var instagramScript = document.createElement('script');\n   instagramScript.src = 'https:\/\/platform.instagram.com\/en_US\/embeds.js';\n   instagramScript.async = true;\n   instagramScript.defer = true;\n   headElement.appendChild(instagramScript);\n  }\n })();\n<\/script><\/p>\n<p> &#8211; <br \/> La noticia<br \/>\n      <a href=\"https:\/\/www.xatakahome.com\/seleccion\/ikea-tiene-solucion-barata-para-conseguir-sombra-estilo-incluso-balcones-pequenos?utm_source=feedburner&amp;utm_medium=feed&amp;utm_campaign=06_Jul_2025\"><br \/>\n       <em> Ikea tiene la soluci\u00f3n barata para conseguir sombra con estilo incluso en balcones peque\u00f1os  <\/em><br \/>\n      <\/a><br \/>\n      fue publicada originalmente en<br \/>\n      <a href=\"https:\/\/www.xatakahome.com\/?utm_source=feedburner&amp;utm_medium=feed&amp;utm_campaign=06_Jul_2025\"><br \/>\n       <strong> Xataka Smart Home <\/strong><br \/>\n      <\/a><br \/>\n             por <a href=\"https:\/\/www.xatakahome.com\/autor\/fran-leon?utm_source=feedburner&amp;utm_medium=feed&amp;utm_campaign=06_Jul_2025\"><br \/>\n        Fran Le\u00f3n<br \/>\n       <\/a><br \/>\n      . <\/p>\n<\/div>\n","protected":false},"excerpt":{"rendered":"<p>Los pisos, cada vez m\u00e1s, tienen balcones peque\u00f1os (si tienes suerte de toparte con uno que los tenga). Si el tuyo es de reducidas dimensiones, pero est\u00e1s buscando una soluci\u00f3n para conseguir sombra y disfrutar del exterior de tu hogar en verano, Ikea tiene la soluci\u00f3n. Se trata de la sombrilla LILLE\u00d6, que puedes comprar &hellip; <a href=\"https:\/\/domosistemas.com\/?p=29202\" class=\"more-link\">Sigue leyendo <span class=\"screen-reader-text\">Ikea tiene la soluci\u00f3n barata para conseguir sombra con estilo incluso en balcones peque\u00f1os<\/span><\/a><\/p>\n","protected":false},"author":1,"featured_media":0,"comment_status":"closed","ping_status":"closed","sticky":false,"template":"","format":"standard","meta":{"footnotes":""},"categories":[8],"tags":[],"class_list":["post-29202","post","type-post","status-publish","format-standard","hentry","category-xataka"],"_links":{"self":[{"href":"https:\/\/domosistemas.com\/index.php?rest_route=\/wp\/v2\/posts\/29202","targetHints":{"allow":["GET"]}}],"collection":[{"href":"https:\/\/domosistemas.com\/index.php?rest_route=\/wp\/v2\/posts"}],"about":[{"href":"https:\/\/domosistemas.com\/index.php?rest_route=\/wp\/v2\/types\/post"}],"author":[{"embeddable":true,"href":"https:\/\/domosistemas.com\/index.php?rest_route=\/wp\/v2\/users\/1"}],"replies":[{"embeddable":true,"href":"https:\/\/domosistemas.com\/index.php?rest_route=%2Fwp%2Fv2%2Fcomments&post=29202"}],"version-history":[{"count":0,"href":"https:\/\/domosistemas.com\/index.php?rest_route=\/wp\/v2\/posts\/29202\/revisions"}],"wp:attachment":[{"href":"https:\/\/domosistemas.com\/index.php?rest_route=%2Fwp%2Fv2%2Fmedia&parent=29202"}],"wp:term":[{"taxonomy":"category","embeddable":true,"href":"https:\/\/domosistemas.com\/index.php?rest_route=%2Fwp%2Fv2%2Fcategories&post=29202"},{"taxonomy":"post_tag","embeddable":true,"href":"https:\/\/domosistemas.com\/index.php?rest_route=%2Fwp%2Fv2%2Ftags&post=29202"}],"curies":[{"name":"wp","href":"https:\/\/api.w.org\/{rel}","templated":true}]}}