{"id":29218,"date":"2025-07-07T12:30:13","date_gmt":"2025-07-07T12:30:13","guid":{"rendered":"https:\/\/domosistemas.com\/?p=29218"},"modified":"2025-07-07T12:30:13","modified_gmt":"2025-07-07T12:30:13","slug":"muchos-lo-pasamos-por-alto-al-instalar-el-aire-acondicionado-pero-es-fundamental-para-que-funcione-en-los-dias-de-mas-calor","status":"publish","type":"post","link":"https:\/\/domosistemas.com\/?p=29218","title":{"rendered":"Muchos lo pasamos por alto al instalar el aire acondicionado, pero es fundamental para que funcione en los d\u00edas de m\u00e1s calor"},"content":{"rendered":"<div>\n<p>\n      <img decoding=\"async\" src=\"https:\/\/i.blogs.es\/eb0e36\/ac\/1024_2000.jpeg\" alt=\"Muchos lo pasamos por alto al instalar el aire acondicionado, pero es fundamental para que funcione en los d\u00edas de m\u00e1s calor\">\n    <\/p>\n<p>Si contamos con un <a class=\"text-outboundlink\" href=\"https:\/\/www.xatakahome.com\/a-fondo\/que-tipo-aire-acondicionado-mejor-para-mi-casa-ventajas-e-inconvenientes-cada-modalidad\" data-vars-post-title=\"Qu\u00e9 tipo de aire acondicionado es mejor para mi casa: ventajas e inconvenientes de cada modalidad\" data-vars-post-url=\"https:\/\/www.xatakahome.com\/a-fondo\/que-tipo-aire-acondicionado-mejor-para-mi-casa-ventajas-e-inconvenientes-cada-modalidad\">aire acondicionado fijo<\/a> en casa, cuando llega el calor querremos encenderlo para estar m\u00e1s fresquitos, algo que habitualmente conseguiremos sin problemas la mayor\u00eda de los d\u00edas logrando la <a class=\"text-outboundlink\" href=\"https:\/\/www.xatakahome.com\/electrodomesticos-innovadores\/esta-temperatura-ideal-aire-acondicionado-para-ahorrar-factura-luz-pasar-calor-verano\" data-vars-post-title=\"Esta es la temperatura ideal del aire acondicionado para ahorrar en la factura de la luz sin pasar calor en verano\" data-vars-post-url=\"https:\/\/www.xatakahome.com\/electrodomesticos-innovadores\/esta-temperatura-ideal-aire-acondicionado-para-ahorrar-factura-luz-pasar-calor-verano\">temperatura ideal<\/a> y un <strong>ambiente m\u00e1s confortable en la vivienda<\/strong>.<\/p>\n<p><!-- BREAK 1 --><\/p>\n<p>Sin embargo, quiz\u00e1 notemos que en las olas de calor, donde la temperatura aprieta m\u00e1s, parece que algo falla, que el sistema no rinde como deber\u00eda, los aparatos del exterior de la vivienda parecen que no funcionan correctamente, se paran o el split expulsa aire a temperaturas superiores a las habituales <strong>no enfriando lo suficiente<\/strong>. \u00bfD\u00f3nde puede estar el problema?<\/p>\n<p><!-- BREAK 2 --><\/p>\n<div class=\"toc-container article-asset-normal\">\n<details>\n<summary class=\"toc-header \">\n   <span class=\"toc-heading\"><br \/>\n    <span>\u00cdndice de Contenidos (2)<\/span><br \/>\n   <\/span><br \/>\n   <span class=\"icon-folded\"><\/span><br \/>\n  <\/summary>\n<\/details>\n<div class=\"toc-list-wrap \">\n<div class=\"toc-list-item\">\n<ul class=\"toc-list\">\n<li class=\"toc-item\">\n       <a href=\"https:\/\/www.xatakahome.com\/hogar\/muchos-pasamos-alto-al-instalar-aire-acondicionado-fundamental-funcione-dias-calor#demasiado-calor-para-unidad-exterior-1\" class=\"toc-item-link\">Demasiado calor para la unidad exterior<\/a>\n      <\/li>\n<li class=\"toc-item\">\n       <a href=\"https:\/\/www.xatakahome.com\/hogar\/muchos-pasamos-alto-al-instalar-aire-acondicionado-fundamental-funcione-dias-calor#que-hacer-aire-acondicionado-no-se-sobrecaliente-2\" class=\"toc-item-link\">Qu\u00e9 hacer para que el aire acondicionado no se sobrecaliente<\/a>\n      <\/li>\n<\/ul><\/div>\n<\/p><\/div>\n<\/div>\n<h2 id=\"demasiado-calor-para-unidad-exterior-1\" class=\"toc-enabled\"><span class=\"toc-shortcut-icon\" title=\"Ver \u00cdndice de contenido\"><\/span>Demasiado calor para la unidad exterior<\/h2>\n<div class=\"article-asset-image article-asset-normal article-asset-center\">\n<div class=\"asset-content\">\n<p>   <img decoding=\"async\" alt=\"aire\" class=\"centro_sinmarco\" src=\"https:\/\/i.blogs.es\/949670\/1366_20004489\/450_1000.jpeg\"><\/p><\/div>\n<\/div>\n<p>Pues suponiendo que la instalaci\u00f3n est\u00e9 correctamente realizada, que hasta ahora siempre haya funcionado todo bien y que no haya fugas de gas lo m\u00e1s probable es que el problema sea que <strong>haga demasiado calor ambiental<\/strong> en la zona donde tenemos el aire instalado.<\/p>\n<p><!-- BREAK 3 --><\/p>\n<p>Es algo que sucede con todo tipo de aparatos electr\u00f3nicos, como el m\u00f3vil, los ordenadores, televisores, equipos de m\u00fasica, etc. Cuando se calientan demasiado pueden bloquearse, reiniciarse o dejar de funcionar. Y con el aire acondicionado pasa lo mismo.<\/p>\n<p><!-- BREAK 4 --><\/p>\n<div class=\"article-asset article-asset-normal article-asset-center\">\n<div class=\"desvio-container\">\n<div class=\"desvio\">\n<div class=\"desvio-figure js-desvio-figure\">\n    <a href=\"https:\/\/www.xatakahome.com\/hogar\/provoca-aceleraciones-hace-que-aumente-tu-factura-expertos-avisan-este-tipico-error-al-usar-aire-acondicionado\" class=\"pivot-outboundlink\" data-vars-post-title='\"Hace que aumente la factura de tu aire acondicionado\": expertos avisan sobre este t\u00edpico error y c\u00f3mo evitarlo'><br \/>\n     <img loading=\"lazy\" decoding=\"async\" alt='\"Hace que aumente la factura de tu aire acondicionado\": expertos avisan sobre este t\u00edpico error y c\u00f3mo evitarlo' width=\"375\" height=\"142\" src=\"https:\/\/i.blogs.es\/8fc964\/lg-01\/375_142.jpeg\"><br \/>\n    <\/a>\n   <\/div>\n<div class=\"desvio-summary\">\n<div class=\"desvio-taxonomy js-desvio-taxonomy\">\n     <a href=\"https:\/\/www.xatakahome.com\/hogar\/provoca-aceleraciones-hace-que-aumente-tu-factura-expertos-avisan-este-tipico-error-al-usar-aire-acondicionado\" class=\"desvio-taxonomy-anchor pivot-outboundlink\" data-vars-post-title='\"Hace que aumente la factura de tu aire acondicionado\": expertos avisan sobre este t\u00edpico error y c\u00f3mo evitarlo'>En Xataka Smart Home<\/a>\n    <\/div>\n<p>    <a href=\"https:\/\/www.xatakahome.com\/hogar\/provoca-aceleraciones-hace-que-aumente-tu-factura-expertos-avisan-este-tipico-error-al-usar-aire-acondicionado\" class=\"desvio-title js-desvio-title pivot-outboundlink\" data-vars-post-title='\"Hace que aumente la factura de tu aire acondicionado\": expertos avisan sobre este t\u00edpico error y c\u00f3mo evitarlo'>\u00abHace que aumente la factura de tu aire acondicionado\u00bb: expertos avisan sobre este t\u00edpico error y c\u00f3mo evitarlo<\/a>\n   <\/div>\n<\/p><\/div>\n<\/p><\/div>\n<\/div>\n<p>Aunque la forma de avisarnos de estos aparatos es simplemente reducir su rendimiento o <strong>pararse cuando sobrepasan un cierto l\u00edmite de temperatura<\/strong> de funcionamiento en la unidad exterior, la que est\u00e1 instalada en la fachada de la vivienda.<\/p>\n<p><!-- BREAK 5 --><\/p>\n<p>Esto es algo que podemos notar en los d\u00edas m\u00e1s calurosos del verano, sobre todo si el sol da directamente en los aparatos exteriores, que pueden entonces alcanzar temperaturas tan elevadas que <strong>excedan su rango de funcionamiento.<\/strong><\/p>\n<p><!-- BREAK 6 --><\/p>\n<p>Este exceso de temperatura hace que se conecten autom\u00e1ticamente los sistemas de prevenci\u00f3n de da\u00f1os y apaguen por completo o reduzcan las capacidades funcionales de los equipos.<\/p>\n<p><!-- BREAK 7 --><\/p>\n<div class=\"article-asset-image article-asset-normal article-asset-center\">\n<div class=\"asset-content\">\n<div class=\"caption-img \">\n<p>   <img decoding=\"async\" alt=\"Aire acondicionado\" class=\"centro_sinmarco\" src=\"https:\/\/i.blogs.es\/0dda94\/1366_2000\/450_1000.jpeg\"><\/p>\n<p>        <span>Imagen: Mitsubishi<\/span>\n   <\/div>\n<\/p><\/div>\n<\/div>\n<p>\u00bfA qu\u00e9 temperatura sucede esto? Pues es algo que depende de cada modelo concreto, pero los fabricantes suelen <strong>incluir este dato en sus especificaciones<\/strong> en alg\u00fan apartado que hace referencia al <strong>\u00abRango de operaci\u00f3n\u00bb<\/strong>, un valor que muchas veces como usuarios no solemos mirar.<\/p>\n<p><!-- BREAK 8 --><\/p>\n<p>Por ejemplo, la temperatura m\u00e1xima suele ser una cifra que oscila <strong>entre los 45 y 50 grados<\/strong>, dependiendo de la gama del aire acondicionado (los de gamas m\u00e1s altas suelen soportar mayores temperaturas de funcionamiento).<\/p>\n<p><!-- BREAK 9 --><\/p>\n<div class=\"article-asset-video article-asset-normal\">\n<div class=\"asset-content\">\n<div class=\"base-asset-video\">\n<div class=\"js-dailymotion\">\n    <script type=\"application\/json\">\n                          {\"videoId\":\"x8006fc\",\"autoplay\":true,\"title\":\"C\u00f3mo dormir cuando hace mucho calor y no tienes aire acondicionado\", \"tag\":\"\", \"duration\":\"217\"}\n                  <\/script>\n   <\/div>\n<\/p><\/div>\n<\/p><\/div>\n<\/div>\n<h2 id=\"que-hacer-aire-acondicionado-no-se-sobrecaliente-2\" class=\"toc-enabled\"><span class=\"toc-shortcut-icon\" title=\"Ver \u00cdndice de contenido\"><\/span>Qu\u00e9 hacer para que el aire acondicionado no se sobrecaliente<\/h2>\n<p><strong>Si todav\u00eda no hemos escogido modelo<\/strong>, podemos mirar en las especificaciones los rangos de temperatura recomendados y valorar si los equipos que queremos instalar en casa van a funcionar correctamente con las \u00a0temperaturas que suele hacer en nuestra zona.<\/p>\n<p><!-- BREAK 10 --><\/p>\n<p><strong>Si ya lo hemos comprado pero todav\u00eda no lo han instalado<\/strong> y estamos <a class=\"text-outboundlink\" href=\"https:\/\/www.xatakahome.com\/a-fondo\/me-van-a-instalar-aire-acondicionado-casa-que-tengo-que-preparar-para-cuando-venga-tecnico\" data-vars-post-title=\"Quiero instalar aire acondicionado en casa: qu\u00e9 tengo que preparar para cuando venga el t\u00e9cnico\" data-vars-post-url=\"https:\/\/www.xatakahome.com\/a-fondo\/me-van-a-instalar-aire-acondicionado-casa-que-tengo-que-preparar-para-cuando-venga-tecnico\">preparando la vivienda para cuando venga el t\u00e9cnico<\/a>, nos convendr\u00e1 <strong>escoger una ubicaci\u00f3n con orientaci\u00f3n a zonas de sombra<\/strong> para que no le d\u00e9 el sol directamente, aunque haya que poner tuber\u00edas m\u00e1s largas, sobre todo en las horas del d\u00eda en donde tengamos pensado usarlo (normalmente a partir del mediod\u00eda y por las tardes).<\/p>\n<p><!-- BREAK 11 --><\/p>\n<p><strong>Si ya lo tenemos instalado y sufrimos este problema<\/strong> de sobrecalentamiento habitualmente tal vez podamos llamar al instalador para que <strong>muevan de posici\u00f3n la unidad exterior<\/strong>, aunque nos supondr\u00e1 un gasto adicional pero saldr\u00e1 m\u00e1s barato que comprar un equipo nuevo.<\/p>\n<p><!-- BREAK 12 --><\/p>\n<p><strong>Si la unidad exterior est\u00e1 en un sitio accesible<\/strong> (por ejemplo en el suelo de una terraza o patio) y le da el sol directamente en algunas horas del d\u00eda, tambi\u00e9n podemos probar a ponerle alg\u00fan tejido, cartulina o similar <strong>que funcione como toldo<\/strong> para quitarle unos \u00a0grados extra.<\/p>\n<p><!-- BREAK 13 --><\/p>\n<p>Para ello no hay que colocar dichos objetos directamente sobre el equipo, sino a una distancia prudencial para que le proporcionen sombra pero <strong>sin obstruir sus rejillas de ventilaci\u00f3n<\/strong>.<\/p>\n<p><!-- BREAK 14 --><\/p>\n<p><em>Una versi\u00f3n anterior de esta noticia fue publicada en 2024<\/em>.<\/p>\n<p>Imagen portada | <a rel=\"noopener, noreferrer\" href=\"https:\/\/unsplash.com\/es\/@yaubinghui\">Bing Hui Yau<\/a><\/p>\n<p>En Xataka Smart Home | <a class=\"text-outboundlink\" href=\"https:\/\/www.xatakahome.com\/a-fondo\/tener-aire-acondicionado-instalacion-unidad-exterior-posible-tres-alternativas-que-puedes-montar-tu\" data-vars-post-title=\"Tener aire acondicionado sin instalaci\u00f3n complicada es posible: tres alternativas que puedes montar t\u00fa mismo\" data-vars-post-url=\"https:\/\/www.xatakahome.com\/a-fondo\/tener-aire-acondicionado-instalacion-unidad-exterior-posible-tres-alternativas-que-puedes-montar-tu\">Tener aire acondicionado sin instalaci\u00f3n complicada es posible: tres alternativas que puedes montar t\u00fa mismo<\/a><\/p>\n<p><script>\n (function() {\n  window._JS_MODULES = window._JS_MODULES || {};\n  var headElement = document.getElementsByTagName('head')[0];\n  if (_JS_MODULES.instagram) {\n   var instagramScript = document.createElement('script');\n   instagramScript.src = 'https:\/\/platform.instagram.com\/en_US\/embeds.js';\n   instagramScript.async = true;\n   instagramScript.defer = true;\n   headElement.appendChild(instagramScript);\n  }\n })();\n<\/script><\/p>\n<p> &#8211; <br \/> La noticia<br \/>\n      <a href=\"https:\/\/www.xatakahome.com\/hogar\/muchos-pasamos-alto-al-instalar-aire-acondicionado-fundamental-funcione-dias-calor?utm_source=feedburner&amp;utm_medium=feed&amp;utm_campaign=07_Jul_2025\"><br \/>\n       <em> Muchos lo pasamos por alto al instalar el aire acondicionado, pero es fundamental para que funcione en los d\u00edas de m\u00e1s calor <\/em><br \/>\n      <\/a><br \/>\n      fue publicada originalmente en<br \/>\n      <a href=\"https:\/\/www.xatakahome.com\/?utm_source=feedburner&amp;utm_medium=feed&amp;utm_campaign=07_Jul_2025\"><br \/>\n       <strong> Xataka Smart Home <\/strong><br \/>\n      <\/a><br \/>\n             por <a href=\"https:\/\/www.xatakahome.com\/autor\/paco-rodriguez?utm_source=feedburner&amp;utm_medium=feed&amp;utm_campaign=07_Jul_2025\"><br \/>\n        Paco Rodr\u00edguez<br \/>\n       <\/a><br \/>\n      . <\/p>\n<\/div>\n","protected":false},"excerpt":{"rendered":"<p>Si contamos con un aire acondicionado fijo en casa, cuando llega el calor querremos encenderlo para estar m\u00e1s fresquitos, algo que habitualmente conseguiremos sin problemas la mayor\u00eda de los d\u00edas logrando la temperatura ideal y un ambiente m\u00e1s confortable en la vivienda. Sin embargo, quiz\u00e1 notemos que en las olas de calor, donde la temperatura &hellip; <a href=\"https:\/\/domosistemas.com\/?p=29218\" class=\"more-link\">Sigue leyendo <span class=\"screen-reader-text\">Muchos lo pasamos por alto al instalar el aire acondicionado, pero es fundamental para que funcione en los d\u00edas de m\u00e1s calor<\/span><\/a><\/p>\n","protected":false},"author":1,"featured_media":0,"comment_status":"closed","ping_status":"closed","sticky":false,"template":"","format":"standard","meta":{"footnotes":""},"categories":[8],"tags":[],"class_list":["post-29218","post","type-post","status-publish","format-standard","hentry","category-xataka"],"_links":{"self":[{"href":"https:\/\/domosistemas.com\/index.php?rest_route=\/wp\/v2\/posts\/29218","targetHints":{"allow":["GET"]}}],"collection":[{"href":"https:\/\/domosistemas.com\/index.php?rest_route=\/wp\/v2\/posts"}],"about":[{"href":"https:\/\/domosistemas.com\/index.php?rest_route=\/wp\/v2\/types\/post"}],"author":[{"embeddable":true,"href":"https:\/\/domosistemas.com\/index.php?rest_route=\/wp\/v2\/users\/1"}],"replies":[{"embeddable":true,"href":"https:\/\/domosistemas.com\/index.php?rest_route=%2Fwp%2Fv2%2Fcomments&post=29218"}],"version-history":[{"count":0,"href":"https:\/\/domosistemas.com\/index.php?rest_route=\/wp\/v2\/posts\/29218\/revisions"}],"wp:attachment":[{"href":"https:\/\/domosistemas.com\/index.php?rest_route=%2Fwp%2Fv2%2Fmedia&parent=29218"}],"wp:term":[{"taxonomy":"category","embeddable":true,"href":"https:\/\/domosistemas.com\/index.php?rest_route=%2Fwp%2Fv2%2Fcategories&post=29218"},{"taxonomy":"post_tag","embeddable":true,"href":"https:\/\/domosistemas.com\/index.php?rest_route=%2Fwp%2Fv2%2Ftags&post=29218"}],"curies":[{"name":"wp","href":"https:\/\/api.w.org\/{rel}","templated":true}]}}