{"id":29431,"date":"2025-07-22T07:04:51","date_gmt":"2025-07-22T07:04:51","guid":{"rendered":"https:\/\/domosistemas.com\/?p=29431"},"modified":"2025-07-22T07:04:51","modified_gmt":"2025-07-22T07:04:51","slug":"un-pueblo-toledano-declara-la-guerra-a-los-okupas-para-solucionarlo-el-ayuntamiento-lanza-un-plan-de-respuesta-inmediata","status":"publish","type":"post","link":"https:\/\/domosistemas.com\/?p=29431","title":{"rendered":"Un pueblo toledano declara la guerra a los okupas. Para solucionarlo el Ayuntamiento lanza un plan de respuesta inmediata"},"content":{"rendered":"<div>\n<p>\n      <img decoding=\"async\" src=\"https:\/\/i.blogs.es\/4efa52\/8-1\/1024_2000.jpeg\" alt=\"Un pueblo toledano declara la guerra a los okupas. Para solucionarlo el Ayuntamiento lanza un plan de respuesta inmediata\">\n    <\/p>\n<p>El fen\u00f3meno \u2014por no llamarlo directamente problema\u2014 de la okupaci\u00f3n no deja de copar titulares. Rara es la jornada en la que no aparece alguna noticia al respecto, ya sea en medios nacionales, regionales o locales. <strong>Este fen\u00f3meno se extiende incluso a los lugares m\u00e1s tranquilos<\/strong> y pac\u00edficos, poniendo en alerta a sus autoridades. Es precisamente lo que ha ocurrido en <a rel=\"noopener, noreferrer\" href=\"https:\/\/es.wikipedia.org\/wiki\/Escalona_(Toledo)\" data-id=\"noopener, noreferrer\">Escalona<\/a>, <a rel=\"noopener, noreferrer\" href=\"https:\/\/ayto-escalona.com\/wp-content\/uploads\/2021\/03\/Plan-Contra-las-Ocupaciones-Ilegales.pdf\" data-id=\"noopener, noreferrer\">un peque\u00f1o pueblo<\/a> de Castilla-La Mancha.<\/p>\n<p><!-- BREAK 1 --><\/p>\n<p>Un municipio que, como tantos otros en nuestro pa\u00eds, rara vez protagoniza las noticias, pero que ahora ha saltado a los medios por un motivo muy concreto: la okupaci\u00f3n. <strong>La situaci\u00f3n ha obligado al Ayuntamiento a intervenir<\/strong> y tomar medidas firmes para hacer frente a un problema que no pod\u00edan seguir ignorando.<\/p>\n<p><!-- BREAK 2 --><\/p>\n<h2>La okupaci\u00f3n a escena<\/h2>\n<div class=\"article-asset-image article-asset-large article-asset-center\">\n<div class=\"asset-content\">\n<div class=\"caption-img \">\n<p>   <img decoding=\"async\" alt=\"Escalona\" class=\"\" src=\"https:\/\/i.blogs.es\/fbd2c3\/captura-de-pantalla-2025-07-22-a-las-7.13.46\/450_1000.jpeg\"><\/p>\n<p>        <span>Imagen | Ayuntamiento de Escalona<\/span>\n   <\/div>\n<\/p><\/div>\n<\/div>\n<p>La okupaci\u00f3n ilegal en este peque\u00f1o municipio castellanomanchego, con apenas 3.800 habitantes, ha llevado al Ayuntamiento a <strong>tomar las riendas de la situaci\u00f3n<\/strong>. Para ello puso en marcha en 2022 un <a rel=\"noopener, noreferrer\" href=\"https:\/\/ayto-escalona.com\/wp-content\/uploads\/2021\/03\/Plan-Contra-las-Ocupaciones-Ilegales.pdf\" data-id=\"noopener, noreferrer\">plan municipal<\/a> contra la okupaci\u00f3n que, tan solo un a\u00f1o despu\u00e9s, ya mostraba resultados: seg\u00fan el Consistorio, los casos se hab\u00edan reducido en <a rel=\"noopener, noreferrer\" href=\"https:\/\/ayto-escalona.com\/el-ayuntamiento-y-las-fuerzas-y-cuerpos-de-seguridad-hacen-balance-del-primer-ano-del-plan-municipal-contra-la-ocupacion-ilegal\/\" data-id=\"noopener, noreferrer\">un 75 %<\/a>. A partir de ah\u00ed, llegaron nuevas medidas como la apertura de una oficina especializada o el tapiado de viviendas deshabitadas.<\/p>\n<p><!-- BREAK 3 --><\/p>\n<p>La m\u00e1s reciente ha sido la puesta en marcha de un <a rel=\"noopener, noreferrer\" href=\"https:\/\/www.facebook.com\/ayuntamiento.deescalona\/posts\/721358993591416?ref=embed_post\" data-id=\"noopener, noreferrer\">servicio gratuito<\/a> para <strong>ayudar a los vecinos a gestionar los desalojos<\/strong> durante las <a rel=\"noopener, noreferrer\" href=\"https:\/\/www.ondacero.es\/noticias\/espana\/asi-ley-junts-echar-okupas-48-horas-que-psoe-aprobado-vox_2025031967db09d5d1a202000184db95.html\" data-id=\"noopener, noreferrer\">primeras 48 horas<\/a>, un periodo clave. De hecho, el Ayuntamiento <a rel=\"noopener, noreferrer\" href=\"https:\/\/www.facebook.com\/ayuntamiento.deescalona\/posts\/721358993591416?ref=embed_post\">ha reiterado<\/a> recientemente las herramientas legales que pone a disposici\u00f3n para <a rel=\"noopener, noreferrer\" href=\"https:\/\/cadenaser.com\/castillalamancha\/2025\/05\/08\/escalona-toledo-financia-los-costes-judiciales-y-notariales-para-agilizar-los-desalojos-de-viviendas-ocupadas-ser-toledo\/\">facilitar estos procesos<\/a>.<\/p>\n<p><!-- BREAK 4 --><\/p>\n<div class=\"article-asset-video article-asset-normal\">\n<div class=\"asset-content\">\n<div class=\"base-asset-video\">\n<div class=\"js-dailymotion\">\n    <script type=\"application\/json\">\n                          {\"videoId\":\"x9m9ji8\",\"autoplay\":true,\"title\":\"MEJORES AURICULARES INALAMBRICOS 2024 por MENOS DE 100 EUROS \ud83c\udfa7\", \"tag\":\"auriculares\", \"duration\":\"1295\"}\n                  <\/script>\n   <\/div>\n<\/p><\/div>\n<\/p><\/div>\n<\/div>\n<p>La okupaci\u00f3n est\u00e1 presente en el pueblo y aunque ha llegado a ser un problema grave (seg\u00fan la <a rel=\"noopener, noreferrer\" href=\"https:\/\/cadenaser.com\/castillalamancha\/2022\/08\/08\/escalona-reduce-la-ocupacion-ilegal-de-viviendas-un-60-ser-toledo\/\">Cadena SER<\/a>, con m\u00e1s de 130 viviendas okupadas), ahora la situaci\u00f3n est\u00e1 m\u00e1s controlada. Con las nuevas medidas el Ayuntamiento sostiene que <strong>las okupaciones ilegales han ca\u00eddo<\/strong> <a rel=\"noopener, noreferrer\" href=\"https:\/\/www.facebook.com\/ayuntamiento.deescalona\/posts\/721358993591416?ref=embed_post\" data-id=\"noopener, noreferrer\">m\u00e1s de un 60%<\/a>.<\/p>\n<p><!-- BREAK 5 --><\/p>\n<p>Desde 2021, el Ayuntamiento, liderado por el alcalde <a rel=\"noopener, noreferrer\" href=\"https:\/\/es.wikipedia.org\/wiki\/%C3%81lvaro_Guti%C3%A9rrez_Prieto\" data-id=\"noopener, noreferrer\">\u00c1lvaro Guti\u00e9rrez<\/a> (PSOE), ha lanzado una ofensiva en forma del <strong>Plan Municipal contra la Ocupaci\u00f3n Ilegal de Viviendas<\/strong>. Se puso en contacto con los vecinos por medio de <a rel=\"noopener, noreferrer\" href=\"https:\/\/ayto-escalona.com\/wp-content\/uploads\/2021\/03\/Plan-Contra-las-Ocupaciones-Ilegales.pdf\" data-id=\"noopener, noreferrer\">una carta<\/a>: <em>\u201cNo podemos ni queremos mirar hacia otro lado. No hay excusas para la ocupaci\u00f3n ilegal\u201d<\/em>, <a rel=\"noopener, noreferrer\" href=\"https:\/\/ayto-escalona.com\/wp-content\/uploads\/2021\/03\/Plan-Contra-las-Ocupaciones-Ilegales.pdf\" data-id=\"noopener, noreferrer\">es el inicio<\/a> para luego seguir: <em>\u201cTodo el mundo tiene derecho a una vivienda, s\u00ed; pero debe acceder a ella a trav\u00e9s de los instrumentos legales y pol\u00edticas sociales sin perjudicar los derechos de los dem\u00e1s\u201d<\/em>.<\/p>\n<p><!-- BREAK 6 --><\/p>\n<div class=\"article-asset-image article-asset-large article-asset-center\">\n<div class=\"asset-content\">\n<div class=\"caption-img \">\n<p>   <img decoding=\"async\" alt=\"Escalona\" class=\"\" src=\"https:\/\/i.blogs.es\/ff9271\/9-1\/450_1000.jpeg\"><\/p>\n<p>        <span>Imagen | Ayuntamiento de Escalona<\/span>\n   <\/div>\n<\/p><\/div>\n<\/div>\n<p><a rel=\"noopener, noreferrer\" href=\"https:\/\/ayto-escalona.com\/19-nuevas-viviendas-tapiadas-en-los-ultimos-15-dias-40-en-total-en-el-mes-de-marzo-y-6-puertas-antiocupas-continuamos-aplicando-el-plan-contra-la-ocupacion-ilegal\/\">Un plan ambicioso<\/a> que inclu\u00eda de partida <strong>una oficina jur\u00eddica gratuita para propietarios<\/strong>, el tapiado de viviendas vac\u00edas, y acuerdos con bancos para <a rel=\"noopener, noreferrer\" href=\"https:\/\/www.ondacero.es\/noticias\/espana\/asi-ley-junts-echar-okupas-48-horas-que-psoe-aprobado-vox_2025031967db09d5d1a202000184db95.html\">agilizar desalojos<\/a> en las <a rel=\"noopener, noreferrer\" href=\"https:\/\/maldita.es\/malditateexplica\/20201102\/okupas-plazo-48-horas-policia-orden-judicial\/\">primeras 48 horas<\/a>.<\/p>\n<p><!-- BREAK 7 --><\/p>\n<p>El Ayuntamiento de Escalona ha iniciado <a rel=\"noopener, noreferrer\" href=\"https:\/\/ayto-escalona.com\/el-alcalde-anuncia-un-ambicioso-plan-contra-las-ocupaciones-ilegales\/\" data-id=\"noopener, noreferrer\">una aut\u00e9ntica cruzada<\/a> y ha creado un censo de viviendas en riesgo y <strong>fomenta acuerdos con particulares y bancos<\/strong> con casas vac\u00edas, permitiendo que los propietarios deleguen su representaci\u00f3n legal. As\u00ed, el Consistorio puede denunciar r\u00e1pidamente una ocupaci\u00f3n ilegal y facilitar un desalojo expr\u00e9s dentro de las primeras 48 horas. En <a rel=\"noopener, noreferrer\" href=\"https:\/\/ayto-escalona.com\/wp-content\/uploads\/2021\/03\/Plan-Contra-las-Ocupaciones-Ilegales.pdf\" data-id=\"noopener, noreferrer\">en palabras de responsables del Consistorio<\/a> se trata de facilitar el \u00abdesalojo expr\u00e9s\u00bb<\/p>\n<p><!-- BREAK 8 --><\/p>\n<p><strong>Casas tapiadas. <\/strong>Esto puede que lo hayas visto cerca de casa, pero es algo que hac\u00edan los propietarios del inmueble de forma voluntaria (obligada por los okupas). En Escalona van m\u00e1s all\u00e1. Como parte del plan antiokupas, el Ayuntamiento de Escalona aprob\u00f3 una ordenanza que obliga a tapiar o reforzar con cerramientos especiales las viviendas vac\u00edas de forma permanente.<\/p>\n<p><!-- BREAK 9 --><\/p>\n<div class=\"article-asset article-asset-normal article-asset-center\">\n<div class=\"desvio-container\">\n<div class=\"desvio\">\n<div class=\"desvio-figure js-desvio-figure\">\n    <a href=\"https:\/\/www.xatakahome.com\/hogar\/este-abogado-desvela-metodo-para-echar-a-okupas-tener-que-esperar-meses-da-igual-que-digan-lanzamiento-se-llevara-a-cabo\" class=\"pivot-outboundlink\" data-vars-post-title=\"Este abogado desvela el error habitual al echar a los \u2018okupas\u2019. Si haces esto da igual lo que aludan: tendr\u00e1n que irse en d\u00edas\"><br \/>\n     <img loading=\"lazy\" decoding=\"async\" alt=\"Este abogado desvela el error habitual al echar a los \u2018okupas\u2019. Si haces esto da igual lo que aludan: tendr\u00e1n que irse en d\u00edas\" width=\"375\" height=\"142\" src=\"https:\/\/i.blogs.es\/970818\/poli\/375_142.jpeg\"><br \/>\n    <\/a>\n   <\/div>\n<div class=\"desvio-summary\">\n<div class=\"desvio-taxonomy js-desvio-taxonomy\">\n     <a href=\"https:\/\/www.xatakahome.com\/hogar\/este-abogado-desvela-metodo-para-echar-a-okupas-tener-que-esperar-meses-da-igual-que-digan-lanzamiento-se-llevara-a-cabo\" class=\"desvio-taxonomy-anchor pivot-outboundlink\" data-vars-post-title=\"Este abogado desvela el error habitual al echar a los \u2018okupas\u2019. Si haces esto da igual lo que aludan: tendr\u00e1n que irse en d\u00edas\">En Xataka Smart Home<\/a>\n    <\/div>\n<p>    <a href=\"https:\/\/www.xatakahome.com\/hogar\/este-abogado-desvela-metodo-para-echar-a-okupas-tener-que-esperar-meses-da-igual-que-digan-lanzamiento-se-llevara-a-cabo\" class=\"desvio-title js-desvio-title pivot-outboundlink\" data-vars-post-title=\"Este abogado desvela el error habitual al echar a los \u2018okupas\u2019. Si haces esto da igual lo que aludan: tendr\u00e1n que irse en d\u00edas\">Este abogado desvela el error habitual al echar a los \u2018okupas\u2019. Si haces esto da igual lo que aludan: tendr\u00e1n que irse en d\u00edas<\/a>\n   <\/div>\n<\/p><\/div>\n<\/p><\/div>\n<\/div>\n<p>Es una medida que, <a rel=\"noopener, noreferrer\" href=\"https:\/\/ayto-escalona.com\/wp-content\/uploads\/2021\/03\/Plan-Contra-las-Ocupaciones-Ilegales.pdf\">seg\u00fan el alcalde<\/a> aclara en su carta, <strong>se dirige sobre todo a las entidades financieras<\/strong> que tienen en cartera casas vac\u00edas y sin inquilinos. <em>\u201cSi no proceden en el tiempo estipulado se iniciar\u00e1 el expediente judicial oportuno para que lo pueda realizar de oficio el Ayuntamiento con la autorizaci\u00f3n judicial pertinente\u201d<\/em>. Y adem\u00e1s <a rel=\"noopener, noreferrer\" href=\"https:\/\/ayto-escalona.com\/wp-content\/uploads\/2021\/03\/Plan-Contra-las-Ocupaciones-Ilegales.pdf\">hay otro aviso<\/a>, ya que si los propietarios no act\u00faan en el plazo fijado, el Consistorio puede intervenir de oficio con autorizaci\u00f3n judicial y aplicar sanciones. En 2022 ya se tapiaron 40 casas y en 2023 el n\u00famero superaba el medio centenar, utilizando en algunos casos recursos municipales.<\/p>\n<p><!-- BREAK 10 --><\/p>\n<p><strong>Los logros del plan antiokupas.<\/strong> Desde la puesta en marcha del plan antiokupas y solo en marzo de 2022, se tapiaron las puertas y ventanas de <a rel=\"noopener, noreferrer\" href=\"https:\/\/ayto-escalona.com\/19-nuevas-viviendas-tapiadas-en-los-ultimos-15-dias-40-en-total-en-el-mes-de-marzo-y-6-puertas-antiocupas-continuamos-aplicando-el-plan-contra-la-ocupacion-ilegal\/\" data-id=\"noopener, noreferrer\">40 viviendas<\/a> y en 2023 las cifra del Ayuntamiento de Escalona hablan de <a rel=\"noopener, noreferrer\" href=\"https:\/\/ayto-escalona.com\/el-ayuntamiento-y-las-fuerzas-y-cuerpos-de-seguridad-hacen-balance-del-primer-ano-del-plan-municipal-contra-la-ocupacion-ilegal\/\">m\u00e1s de 50 viviendas vac\u00edas tapiadas<\/a> para evitar okupaciones ilegales, muchas de ellas con recursos municipales.<\/p>\n<p><!-- BREAK 11 --><\/p>\n<p>Adem\u00e1s, <strong>ha creado un impuesto espec\u00edfico<\/strong> para presionar a entidades financieras y fondos que mantengan viviendas deshabitadas sin cerramientos ni uso social. El tapiado, seg\u00fan el Consistorio, es una medida de \u00faltimo recurso tras haber instado a los propietarios a destinar las casas al alquiler para familias vulnerables. Seg\u00fan <a rel=\"noopener, noreferrer\" href=\"https:\/\/ayto-escalona.com\/wp-content\/uploads\/2021\/03\/Plan-Contra-las-Ocupaciones-Ilegales.pdf\" data-id=\"noopener, noreferrer\">se\u00f1ala la carta<\/a>: <em>\u201cLa ida es desincentivar la pol\u00edtica de brazos ca\u00eddos por parte de las entidades financieras ante este grave problema con incentivos econ\u00f3micos\u201d.<\/em><\/p>\n<p><!-- BREAK 12 --><\/p>\n<div class=\"article-asset-image article-asset-large article-asset-center\">\n<div class=\"asset-content\">\n<div class=\"caption-img \">\n<p>   <img decoding=\"async\" alt=\"Esacalona\" class=\"\" src=\"https:\/\/i.blogs.es\/280fce\/11-1\/450_1000.jpeg\"><\/p>\n<p>        <span>Imagen | Ayuntamiento de Escalona<\/span>\n   <\/div>\n<\/p><\/div>\n<\/div>\n<p><strong>El tapiado es el \u00faltimo recurso.<\/strong> Seg\u00fan <a rel=\"noopener, noreferrer\" href=\"https:\/\/ayto-escalona.com\/19-nuevas-viviendas-tapiadas-en-los-ultimos-15-dias-40-en-total-en-el-mes-de-marzo-y-6-puertas-antiocupas-continuamos-aplicando-el-plan-contra-la-ocupacion-ilegal\/\" data-id=\"noopener noreferrer\">reivindican<\/a> desde el municipio toledano esta debe ser la \u00faltima opci\u00f3n: <em>\u201cHemos de recordar que el 100% de estas viviendas proceden de entidades financieras, fondos de inversi\u00f3n o fondos buitres y que se les ha instado a alquilaras a familias vulnerables. El tapiado es el \u00faltimo recurso para evitar su uso para fines il\u00edcitos\u201d<\/em>.<\/p>\n<p><!-- BREAK 13 --><\/p>\n<p><strong>Otras medidas que ayudan<\/strong>. La tercera parte del plan antiokupas de Escalona incluye la colaboraci\u00f3n con la Guardia Civil, seguridad privada en temporada alta y la ampliaci\u00f3n de la Polic\u00eda Local.<\/p>\n<p><!-- BREAK 14 --><\/p>\n<div class=\"article-asset article-asset-normal article-asset-center\">\n<div class=\"desvio-container\">\n<div class=\"desvio\">\n<div class=\"desvio-figure js-desvio-figure\">\n    <a href=\"https:\/\/www.xatakahome.com\/hogar\/inquiokupas-no-le-pagaban-este-propietario-opto-algo-radical-ahora-tiene-que-esperar-mes\" class=\"pivot-outboundlink\" data-vars-post-title=\"Los inquiokupas ya no le pagaban y este propietario opt\u00f3 por algo radical: ahora tiene que esperar un mes\"><br \/>\n     <img loading=\"lazy\" decoding=\"async\" alt=\"Los inquiokupas ya no le pagaban y este propietario opt\u00f3 por algo radical: ahora tiene que esperar un mes\" width=\"375\" height=\"142\" src=\"https:\/\/i.blogs.es\/983124\/captura-de-pantalla-2025-01-30-a-las-10.30.41\/375_142.jpeg\"><br \/>\n    <\/a>\n   <\/div>\n<div class=\"desvio-summary\">\n<div class=\"desvio-taxonomy js-desvio-taxonomy\">\n     <a href=\"https:\/\/www.xatakahome.com\/hogar\/inquiokupas-no-le-pagaban-este-propietario-opto-algo-radical-ahora-tiene-que-esperar-mes\" class=\"desvio-taxonomy-anchor pivot-outboundlink\" data-vars-post-title=\"Los inquiokupas ya no le pagaban y este propietario opt\u00f3 por algo radical: ahora tiene que esperar un mes\">En Xataka Smart Home<\/a>\n    <\/div>\n<p>    <a href=\"https:\/\/www.xatakahome.com\/hogar\/inquiokupas-no-le-pagaban-este-propietario-opto-algo-radical-ahora-tiene-que-esperar-mes\" class=\"desvio-title js-desvio-title pivot-outboundlink\" data-vars-post-title=\"Los inquiokupas ya no le pagaban y este propietario opt\u00f3 por algo radical: ahora tiene que esperar un mes\">Los inquiokupas ya no le pagaban y este propietario opt\u00f3 por algo radical: ahora tiene que esperar un mes<\/a>\n   <\/div>\n<\/p><\/div>\n<\/p><\/div>\n<\/div>\n<p>Tambi\u00e9n se han establecido <strong>acuerdos con compa\u00f1\u00edas suministradoras<\/strong> para cortar r\u00e1pidamente servicios en viviendas ocupadas ilegalmente. Adem\u00e1s, desde mayo, <a rel=\"noopener, noreferrer\" href=\"https:\/\/ayto-escalona.com\/wp-content\/uploads\/2021\/03\/Plan-Contra-las-Ocupaciones-Ilegales.pdf\">el Ayuntamiento<\/a> ofrece una mediaci\u00f3n gratuita que permite a los propietarios delegar <a rel=\"noopener, noreferrer\" href=\"https:\/\/www.ondacero.es\/noticias\/espana\/asi-ley-junts-echar-okupas-48-horas-que-psoe-aprobado-vox_2025031967db09d5d1a202000184db95.html\">poderes notariales<\/a> para facilitar el desalojo legal en un plazo de 48 horas. <em>\u201cEl Ayuntamiento ofrece a todos los due\u00f1os de viviendas ocupadas asumir los costes judiciales y notariales si se les otorga el poder notarial para presentar la demanda en los juzgados y as\u00ed agilizar el desalojo\u201d<\/em>, <a rel=\"noopener, noreferrer\" href=\"https:\/\/www.facebook.com\/ayuntamiento.deescalona\/posts\/721358993591416?ref=embed_post\" data-id=\"noopener, noreferrer\">informa<\/a> el Consistorio. \u201cEsta nueva medida se une al plan contra las ocupaciones ilegales gracias al cual, seg\u00fan las informaciones de la Guardia Civil, Escalona ha conseguido reducir un 65% las ocupaciones ilegales respecto al pico\u201d.<\/p>\n<p><!-- BREAK 15 --><\/p>\n<p><strong>Okupaci\u00f3n para veraneantes y domingueros<\/strong>. En una entrevista reciente concedida al <a rel=\"noopener, noreferrer\" href=\"https:\/\/www.abc.es\/espana\/castilla-la-mancha\/toledo\/pueblos\/inundaciones-pueden-okupas-escalona-20250408105957-nt.html\">diario ABC<\/a>, \u00c1lvaro Guti\u00e9rrez afirmaba que en el municipio existen <em>\u201cocupaciones de temporada, de segunda residencia\u201d<\/em>. Seg\u00fan el alcalde: <em>\u201cEsto es ya rizar el rizo. Son gente que vive en Madrid o donde sea y que tienen viviendas ocupadas en Escalona para ir el fin de semana o que las ocupan para estar durante el verano\u201d<\/em>.<\/p>\n<p><!-- BREAK 16 --><\/p>\n<p>Im\u00e1genes | <a rel=\"noopener, noreferrer\" href=\"https:\/\/ayto-escalona.com\/19-nuevas-viviendas-tapiadas-en-los-ultimos-15-dias-40-en-total-en-el-mes-de-marzo-y-6-puertas-antiocupas-continuamos-aplicando-el-plan-contra-la-ocupacion-ilegal\/\" data-id=\"noopener, noreferrer\">Ayuntamiento de Escalona<\/a><\/p>\n<p>V\u00eda | <a class=\"text-outboundlink\" href=\"https:\/\/www.xataka.com\/magnet\/toledo-hay-pequeno-pueblo-que-esta-doblandole-pulso-a-okupas-su-clave-casas-tapiadas-abogados-gratis\" data-vars-post-title=\"Un pueblo de Toledo se ha cansado de los okupas. As\u00ed que est\u00e1 ofreciendo un nuevo servicio a sus vecinos para echarlos\" data-vars-post-url=\"https:\/\/www.xataka.com\/magnet\/toledo-hay-pequeno-pueblo-que-esta-doblandole-pulso-a-okupas-su-clave-casas-tapiadas-abogados-gratis\">Xataka<\/a><\/p>\n<p>En Xataka SmartHome | <a class=\"text-outboundlink\" href=\"https:\/\/www.xatakahome.com\/a-fondo\/se-acabo-truco-pizza-okupacion-asi-cambia-nueva-ley-antiokupas-proceso-desalojo\" data-vars-post-title='Se acab\u00f3 el truco de la pizza en la \"okupaci\u00f3n\". As\u00ed cambia la nueva ley antiokupas el proceso del desalojo' data-vars-post-url=\"https:\/\/www.xatakahome.com\/a-fondo\/se-acabo-truco-pizza-okupacion-asi-cambia-nueva-ley-antiokupas-proceso-desalojo\">Se acab\u00f3 el truco de la pizza en la \u00abokupaci\u00f3n\u00bb. As\u00ed cambia la nueva ley antiokupas el proceso del desalojo<\/a><\/p>\n<p><script>\n (function() {\n  window._JS_MODULES = window._JS_MODULES || {};\n  var headElement = document.getElementsByTagName('head')[0];\n  if (_JS_MODULES.instagram) {\n   var instagramScript = document.createElement('script');\n   instagramScript.src = 'https:\/\/platform.instagram.com\/en_US\/embeds.js';\n   instagramScript.async = true;\n   instagramScript.defer = true;\n   headElement.appendChild(instagramScript);\n  }\n })();\n<\/script><\/p>\n<p> &#8211; <br \/> La noticia<br \/>\n      <a href=\"https:\/\/www.xatakahome.com\/hogar\/pueblo-toledano-declara-guerra-a-okupas-para-solucionarlo-ayuntamiento-lanza-plan-respuesta-inmediata?utm_source=feedburner&amp;utm_medium=feed&amp;utm_campaign=22_Jul_2025\"><br \/>\n       <em> Un pueblo toledano declara la guerra a los okupas. Para solucionarlo el Ayuntamiento lanza un plan de respuesta inmediata <\/em><br \/>\n      <\/a><br \/>\n      fue publicada originalmente en<br \/>\n      <a href=\"https:\/\/www.xatakahome.com\/?utm_source=feedburner&amp;utm_medium=feed&amp;utm_campaign=22_Jul_2025\"><br \/>\n       <strong> Xataka Smart Home <\/strong><br \/>\n      <\/a><br \/>\n             por <a href=\"https:\/\/www.xatakahome.com\/autor\/jose-antonio-carmona?utm_source=feedburner&amp;utm_medium=feed&amp;utm_campaign=22_Jul_2025\"><br \/>\n        Jose Antonio Carmona<br \/>\n       <\/a><br \/>\n      . <\/p>\n<\/div>\n","protected":false},"excerpt":{"rendered":"<p>El fen\u00f3meno \u2014por no llamarlo directamente problema\u2014 de la okupaci\u00f3n no deja de copar titulares. Rara es la jornada en la que no aparece alguna noticia al respecto, ya sea en medios nacionales, regionales o locales. Este fen\u00f3meno se extiende incluso a los lugares m\u00e1s tranquilos y pac\u00edficos, poniendo en alerta a sus autoridades. Es &hellip; <a href=\"https:\/\/domosistemas.com\/?p=29431\" class=\"more-link\">Sigue leyendo <span class=\"screen-reader-text\">Un pueblo toledano declara la guerra a los okupas. Para solucionarlo el Ayuntamiento lanza un plan de respuesta inmediata<\/span><\/a><\/p>\n","protected":false},"author":1,"featured_media":0,"comment_status":"closed","ping_status":"closed","sticky":false,"template":"","format":"standard","meta":{"footnotes":""},"categories":[8],"tags":[],"class_list":["post-29431","post","type-post","status-publish","format-standard","hentry","category-xataka"],"_links":{"self":[{"href":"https:\/\/domosistemas.com\/index.php?rest_route=\/wp\/v2\/posts\/29431","targetHints":{"allow":["GET"]}}],"collection":[{"href":"https:\/\/domosistemas.com\/index.php?rest_route=\/wp\/v2\/posts"}],"about":[{"href":"https:\/\/domosistemas.com\/index.php?rest_route=\/wp\/v2\/types\/post"}],"author":[{"embeddable":true,"href":"https:\/\/domosistemas.com\/index.php?rest_route=\/wp\/v2\/users\/1"}],"replies":[{"embeddable":true,"href":"https:\/\/domosistemas.com\/index.php?rest_route=%2Fwp%2Fv2%2Fcomments&post=29431"}],"version-history":[{"count":0,"href":"https:\/\/domosistemas.com\/index.php?rest_route=\/wp\/v2\/posts\/29431\/revisions"}],"wp:attachment":[{"href":"https:\/\/domosistemas.com\/index.php?rest_route=%2Fwp%2Fv2%2Fmedia&parent=29431"}],"wp:term":[{"taxonomy":"category","embeddable":true,"href":"https:\/\/domosistemas.com\/index.php?rest_route=%2Fwp%2Fv2%2Fcategories&post=29431"},{"taxonomy":"post_tag","embeddable":true,"href":"https:\/\/domosistemas.com\/index.php?rest_route=%2Fwp%2Fv2%2Ftags&post=29431"}],"curies":[{"name":"wp","href":"https:\/\/api.w.org\/{rel}","templated":true}]}}