{"id":29434,"date":"2025-07-22T09:10:00","date_gmt":"2025-07-22T09:10:00","guid":{"rendered":"https:\/\/domosistemas.com\/?p=29434"},"modified":"2025-07-22T09:10:00","modified_gmt":"2025-07-22T09:10:00","slug":"hay-gente-que-no-enciende-el-aire-acondicionado-para-ahorrar-pero-luego-devoran-vatios-con-estos-otros-aparatos-en-casa","status":"publish","type":"post","link":"https:\/\/domosistemas.com\/?p=29434","title":{"rendered":"Hay gente que no enciende el aire acondicionado para ahorrar, pero luego devoran vatios con estos otros aparatos en casa"},"content":{"rendered":"<div>\n<p>\n      <img decoding=\"async\" src=\"https:\/\/i.blogs.es\/3e985d\/1366_2000aire-jota\/1024_2000.jpeg\" alt=\"Hay gente que no enciende el aire acondicionado para ahorrar, pero luego devoran vatios con estos otros aparatos en casa \">\n    <\/p>\n<p>El aire acondicionado es probablemente el sistema m\u00e1s efectivo y r\u00e1pido para <strong>refrigerar la vivienda<\/strong> de forma sencilla logrando alcanzar la <a class=\"text-outboundlink\" href=\"https:\/\/www.xatakahome.com\/electrodomesticos-innovadores\/esta-temperatura-ideal-aire-acondicionado-para-ahorrar-factura-luz-pasar-calor-verano\" data-vars-post-title=\"Esta es la temperatura ideal del aire acondicionado para ahorrar en la factura de la luz sin pasar calor en verano\" data-vars-post-url=\"https:\/\/www.xatakahome.com\/electrodomesticos-innovadores\/esta-temperatura-ideal-aire-acondicionado-para-ahorrar-factura-luz-pasar-calor-verano\">temperatura ideal<\/a> en pocos minutos, aunque <strong>esta comodidad tiene un coste. <\/strong>Y ese es el energ\u00e9tico, puesto que son equipos que deben estar enchufados a la red el\u00e9ctrica gastando electricidad.\u00a0<\/p>\n<p><!-- BREAK 1 --><\/p>\n<p>De hecho, este pensamiento de que <strong>el aire acondicionado gasta mucho <\/strong>est\u00e1 arraigado en la mente de muchos consumidores, hasta tal punto que seg\u00fan ve\u00edamos en <a class=\"text-outboundlink\" href=\"https:\/\/www.xatakahome.com\/hogar\/71-espanoles-prefiere-pasar-calor-a-usar-aire-acondicionado-miedo-al-gasto-no-saben-cuanto-consume\" data-vars-post-title=\"El 71\u202f% de los espa\u00f1oles prefiere pasar calor a usar el aire acondicionado por miedo al gasto, aunque no saben cuanto consume\" data-vars-post-url=\"https:\/\/www.xatakahome.com\/hogar\/71-espanoles-prefiere-pasar-calor-a-usar-aire-acondicionado-miedo-al-gasto-no-saben-cuanto-consume\">el \u00faltimo estudio de Samsung<\/a>, el 71\u202f% de los espa\u00f1oles prefiere pasar calor a usar el aire acondicionado por miedo al gasto.<\/p>\n<p><!-- BREAK 2 --><\/p>\n<p>Sin embargo, puede que esta creencia est\u00e9 llena de prejuicios y nuestra actitud resulte contradictoria, puesto que queremos ahorrar en el aire acondicionado pasando calor y luego <strong>gastamos la energ\u00eda usando otros aparatos<\/strong> aparentemente m\u00e1s inofensivos. \u00bfQu\u00e9 hay de cierto en todo esto?<\/p>\n<p><!-- BREAK 3 --><\/p>\n<div class=\"article-asset article-asset-normal article-asset-center\">\n<div class=\"desvio-container\">\n<div class=\"desvio\">\n<div class=\"desvio-figure js-desvio-figure\">\n    <a href=\"https:\/\/www.xatakahome.com\/hogar\/esta-temperatura-ideal-aire-acondicionado-para-ahorrar-factura-luz-pasar-calor-verano-2\" class=\"pivot-outboundlink\" data-vars-post-title=\"Esta es la temperatura ideal del aire acondicionado para ahorrar en la factura de la luz sin pasar calor en verano  \"><br \/>\n     <img loading=\"lazy\" decoding=\"async\" alt=\"Esta es la temperatura ideal del aire acondicionado para ahorrar en la factura de la luz sin pasar calor en verano  \" width=\"375\" height=\"142\" src=\"https:\/\/i.blogs.es\/7c1151\/temperatura-ideal\/375_142.jpeg\"><br \/>\n    <\/a>\n   <\/div>\n<div class=\"desvio-summary\">\n<div class=\"desvio-taxonomy js-desvio-taxonomy\">\n     <a href=\"https:\/\/www.xatakahome.com\/hogar\/esta-temperatura-ideal-aire-acondicionado-para-ahorrar-factura-luz-pasar-calor-verano-2\" class=\"desvio-taxonomy-anchor pivot-outboundlink\" data-vars-post-title=\"Esta es la temperatura ideal del aire acondicionado para ahorrar en la factura de la luz sin pasar calor en verano  \">En Xataka Smart Home<\/a>\n    <\/div>\n<p>    <a href=\"https:\/\/www.xatakahome.com\/hogar\/esta-temperatura-ideal-aire-acondicionado-para-ahorrar-factura-luz-pasar-calor-verano-2\" class=\"desvio-title js-desvio-title pivot-outboundlink\" data-vars-post-title=\"Esta es la temperatura ideal del aire acondicionado para ahorrar en la factura de la luz sin pasar calor en verano  \">Esta es la temperatura ideal del aire acondicionado para ahorrar en la factura de la luz sin pasar calor en verano  <\/a>\n   <\/div>\n<\/p><\/div>\n<\/p><\/div>\n<\/div>\n<h2>Gasto de pico vs. gasto a largo plazo<\/h2>\n<div class=\"article-asset-image article-asset-normal article-asset-center\">\n<div class=\"asset-content\">\n<p>   <img decoding=\"async\" alt=\"aire\" class=\"centro_sinmarco\" src=\"https:\/\/i.blogs.es\/e1d4a7\/1366_20089890\/450_1000.jpeg\"><\/p><\/div>\n<\/div>\n<p>Para empezar a evaluar cu\u00e1l es el gasto real primero conviene considerar que entre los electrodom\u00e9sticos t\u00edpicos que solemos tener en la vivienda podemos diferenciar claramente <strong>dos clases de equipos<\/strong> en funci\u00f3n de su tiempo de uso y del gasto energ\u00e9tico:<\/p>\n<p><!-- BREAK 4 --><\/p>\n<ul>\n<li>Los que tienen un <strong>bajo consumo de pico (en un corto periodo de tiempo) <\/strong>muy por debajo de 1.000 vatios pero su tiempo de utilizaci\u00f3n es de <strong>muchas horas a lo largo del d\u00eda,<\/strong> como por ejemplo sucede con los frigor\u00edficos, congeladores o la televisi\u00f3n.<\/li>\n<li>Los que <strong>consumen mucha potencia de forma puntual, <\/strong>t\u00edpicamente m\u00e1s de 1.000 vatios, necesitando gran energ\u00eda pero durante <strong>periodos cortos<\/strong>, como por ejemplo el horno, la plancha, radiadores, vitrocer\u00e1mica o la lavadora.<\/li>\n<\/ul>\n<p>Los aires acondicionados dependiendo de la tecnolog\u00eda que utilicen, de su eficiencia y de los a\u00f1os que tengan pueden estar en ambos grupos. Por ejemplo, un modelo muy antiguo sin <a class=\"text-outboundlink\" href=\"https:\/\/www.xatakahome.com\/a-fondo\/electrodomesticos-tecnologia-inverter-que-que-ventajas-tienen-que-conviene-comprarlos\" data-vars-post-title='Electrodom\u00e9sticos con tecnolog\u00eda \"inverter\": qu\u00e9 son, qu\u00e9 ventajas tienen y por qu\u00e9 conviene comprarlos' data-vars-post-url=\"https:\/\/www.xatakahome.com\/a-fondo\/electrodomesticos-tecnologia-inverter-que-que-ventajas-tienen-que-conviene-comprarlos\">tecnolog\u00eda inverter<\/a> o uno de tipo port\u00e1til tendr\u00e1 generalmente un consumo de pico elevado que adem\u00e1s se mantendr\u00e1 en el tiempo. Sin embargo, un modelo moderno con <strong>sistema inverter<\/strong> gastar\u00e1 mucha luz en los primeros minutos hasta que enfr\u00eda la sala, pero luego <strong>su consumo baja<\/strong> en general hasta menos de la mitad mientras mantiene la temperatura.<\/p>\n<p><!-- BREAK 5 --><\/p>\n<p>\u00bfCu\u00e1nto supone esto realmente? Pues un modelo de gama media de entre 2.500 y 3.500 frigor\u00edas puede tener un consumo el\u00e9ctrico que ronda los <strong>1.000 vatios (1 KWh) <\/strong>a pleno rendimiento, pero que luego cuando se pone a funcionar en modo \u00abcrucero\u00bb baja f\u00e1cilmente hasta unos <strong>300-500 vatios o incluso menos<\/strong>, dependiendo de las circunstancias.<\/p>\n<p><!-- BREAK 6 --><\/p>\n<p><strong>\u00bfQu\u00e9 otros electrodom\u00e9sticos tienen consumos iguales o superiores en casa al aire acondicionado?<\/strong> Pues si los medimos solo por hora de funcionamiento hay varios candidatos, pero los m\u00e1s habituales son los siguientes como se\u00f1alan adem\u00e1s del IDAE otros informes de <a rel=\"noopener, noreferrer\" href=\"https:\/\/www.repsol.es\/particulares\/asesoramiento-consumo\/que-consume-mas-vitroceramica-induccion\/#:~:text=El%20consumo%20de%20la%20vitrocer%C3%A1mica%20Seg%C3%BAn%20el,438%20kWh%20y%20900%20kWh%20al%20a%C3%B1o.\" data-id=\"noopener, noreferrer\">Repsol<\/a> y <a rel=\"noopener, noreferrer\" href=\"https:\/\/www.naturgy.es\/hogar\/blog\/cuanto_gasta_una_vitroceramica#:~:text=Analizadas%20las%20ventajas%20de%20usar%20una%20vitrocer%C3%A1mica,medida%20entre%20los%201200%20y%202500%20W\/h.\" data-id=\"noopener, noreferrer\">Naturgy<\/a>:<\/p>\n<p><!-- BREAK 7 --><\/p>\n<ul>\n<li><strong>Hornos<\/strong>: entre 2.000-3.000 vatios<\/li>\n<li><strong>Vitrocer\u00e1micas y placas de inducci\u00f3n<\/strong>: entre 1.500-6.500 vatios<\/li>\n<li><strong>Radiadores el\u00e9ctricos<\/strong>: entre 1.500-2.500 vatios<\/li>\n<li><strong>Planchas de ropa<\/strong>: entre 1.500-3.500 vatios<\/li>\n<li><strong>Termos el\u00e9ctricos<\/strong>: entre 1.500-2.500 vatios<\/li>\n<li><strong>Secadores para el pelo<\/strong>: entre 1.500-2.000 vatios<\/li>\n<li><strong>Planchas para cocinar<\/strong>: entre 1.500-2.000 vatios<\/li>\n<li><strong>Freidoras el\u00e9ctricas<\/strong>: entre 1.500-2.500 vatios<\/li>\n<\/ul>\n<p>Como vemos, el electrodom\u00e9stico que gana por goleada en gasto es la <strong>placa de inducci\u00f3n o la vitrocer\u00e1mica<\/strong>, con una potencia m\u00e1xima que supera ampliamente al resto y que de hecho hace que sea necesario <a href=\"https:\/\/www.xatakahome.com\/redirect?url=https%3A%2F%2Fwww.leroymerlin.es%2Fideas-y-consejos%2Fpaso-a-paso%2Fcomo-instalar-una-placa-vitroceramica.html&amp;category=hogar&amp;ecomPostExpiration=everlasting&amp;postId=117457\" data-id=\"nofollow, sponsored, noopener, noreferrer\">contar con enchufes reforzados y cables de mayor grosor<\/a> cuando queremos instalarla en la cocina (por supuesto la cifra real dentro de ese margen ya depender\u00e1 del modelo que tengamos en casa).<\/p>\n<p><!-- BREAK 8 --><\/p>\n<p>Sin embargo, para ser justos hay que destacar que este consumo es el <strong>m\u00e1ximo total teniendo en cuenta que tenemos todos los fogones encendidos al m\u00e1ximo<\/strong>, algo que no suele suceder ya que lo habitual es tener uno o dos y a un nivel intermedio.<\/p>\n<p><!-- BREAK 9 --><\/p>\n<p>Por ello lo que convine hacer para saber el gasto real de un aparato es valorar no solo el consumo m\u00e1ximo o de pico del mismo, sino el que har\u00e1 realmente a largo plazo con un uso razonable. Por ejemplo, mientras que la vitrocer\u00e1mica puede tener un gasto enorme este se limitar\u00e1 a <strong>una o dos horas al d\u00eda<\/strong>, mientras que un frigor\u00edfico puede tener aparentemente un gasto muy inferior pero est\u00e1 trabajando las 24 horas.<\/p>\n<p><!-- BREAK 10 --><\/p>\n<div class=\"article-asset-video article-asset-normal\">\n<div class=\"asset-content\">\n<div class=\"base-asset-video\">\n<div class=\"js-dailymotion\">\n    <script type=\"application\/json\">\n                          {\"videoId\":\"x8006fc\",\"autoplay\":true,\"title\":\"C\u00f3mo dormir cuando hace mucho calor y no tienes aire acondicionado\", \"tag\":\"\", \"duration\":\"217\"}\n                  <\/script>\n   <\/div>\n<\/p><\/div>\n<\/p><\/div>\n<\/div>\n<h2>Haciendo n\u00fameros<\/h2>\n<p>Hagamos unos n\u00fameros sencillos con algunos de estos electrodom\u00e9sticos valorando su gasto real durante cada d\u00eda y el coste a final del mes en comparaci\u00f3n con el aire acondicionado.<\/p>\n<p><!-- BREAK 11 --><\/p>\n<p>Podemos considerar por ejemplo que vamos a usar cada d\u00eda para cocinar una placa de inducci\u00f3n, vitrocer\u00e1mica u horno con un consumo medio de <strong>2.000 vatios<\/strong> y los tenemos encendidos unas <strong>2 horas <\/strong>(sumando el tiempo de hacer la comida y la cena por ejemplo), esto supone un consumo de unos <strong>120 kWh al mes<\/strong>. (podr\u00edamos haber cogido otros aparatos con consumos y tiempos de uso similares como la plancha o el termo, por ejemplo)<\/p>\n<p><!-- BREAK 12 --><\/p>\n<p>El frigor\u00edfico es uno de los aparatos que m\u00e1s luz gasta a largo plazo. \u00bfCu\u00e1nta? Pues como vimos a fondo en <a class=\"text-outboundlink\" href=\"https:\/\/www.xatakahome.com\/a-fondo\/he-comparado-que-gasta-mi-antiguo-frigorifico-otro-moderno-eficiente-ruina-no-se-como-no-he-cambiado-todavia\" data-vars-post-title=\"He comparado lo que gasta mi antiguo frigor\u00edfico con otro m\u00e1s moderno y eficiente. Es una ruina y no s\u00e9 c\u00f3mo no lo he cambiado todav\u00eda\" data-vars-post-url=\"https:\/\/www.xatakahome.com\/a-fondo\/he-comparado-que-gasta-mi-antiguo-frigorifico-otro-moderno-eficiente-ruina-no-se-como-no-he-cambiado-todavia\">este art\u00edculo<\/a>, un modelo antiguo poco eficiente puede gastar una media de <strong>2,6 kWh al d\u00eda<\/strong> (unos 100 vatios cada hora) frente a los <strong>0,6 kWh<\/strong> (menos de 30 vatios cada hora) de un modelo m\u00e1s moderno y eficiente, es decir, tenemos un consumo mensual de hasta <strong>78 kWh al mes<\/strong>.<\/p>\n<p><!-- BREAK 13 --><\/p>\n<p>El aire acondicionado ya hemos dicho que puede tener un consumo de pico de alrededor de 1 kW durante por ejemplo la primera hora, pero que luego baja hasta menos de 400 vatios e incluso puede pararse casi por completo cuando alcanza la temperatura. En cuanto al tiempo de uso, ya depende de cada caso concreto, pero podemos considerar por ejemplo unas <strong>8 horas al d\u00eda.<\/strong> Esto nos da un consumo total de 3,8 kWh al d\u00eda, que <strong>en todo el mes son unos<\/strong> <strong>114 kWh<\/strong>.<\/p>\n<p><!-- BREAK 14 --><\/p>\n<p>Tomando un precio medio de la electricidad de unos <a rel=\"noopener, noreferrer\" href=\"https:\/\/comparador.cnmc.gob.es\/preciosPVPC\/inicio\/\" data-id=\"noopener, noreferrer\">0,14 \u20ac\/kWh seg\u00fan los datos de la CNMC<\/a> tenemos los costes de <strong>16,8 euros mensuales<\/strong> para el caso de la vitrocer\u00e1mica, <strong>10,92 euros para un frigor\u00edfico<\/strong> poco eficiente o de unos <strong>15,96 euros<\/strong> al mes para un aire acondicionado inverter.<\/p>\n<p><!-- BREAK 15 --><\/p>\n<div class=\"article-asset-table article-asset-normal m-hr-scroll\">\n<div class=\"asset-content\">\n<table class=\"tabla-datos\">\n<thead>\n<tr>\n<th class=\"align-left\">\n<p><\/p>\n<\/th>\n<th class=\"align-left\">\n<p>Vitrocer\u00e1mica<\/p>\n<\/th>\n<th class=\"align-left\">\n<p>frigor\u00edfico<\/p>\n<\/th>\n<th class=\"align-left\">\n<p>aire acondicionado<\/p>\n<\/th>\n<\/tr>\n<\/thead>\n<tbody>\n<tr>\n<th class=\"align-left\">\n<p>Consumo mes<\/p>\n<\/th>\n<td class=\"align-left\">\n<p>120 kW<\/p>\n<\/td>\n<td class=\"align-left\">\n<p>78 kW<\/p>\n<\/td>\n<td class=\"align-left\">\n<p>114 kWh<\/p>\n<\/td>\n<\/tr>\n<tr>\n<th class=\"align-left\">\n<p>gasto electricidad mes<\/p>\n<\/th>\n<td class=\"align-left\">\n<p>16,8 euros<\/p>\n<\/td>\n<td class=\"align-left\">\n<p>10,92 euros<\/p>\n<\/td>\n<td class=\"align-left\">\n<p>15,96 euros<\/p>\n<\/td>\n<\/tr>\n<\/tbody>\n<\/table><\/div>\n<\/div>\n<p>Como vemos, las abultadas diferencias en el consumo de pico de los aparatos se disipan cuando valoramos el gasto real final de los electrodom\u00e9sticos, puesto que <strong>la cantidad de horas que pasan encendidos cada d\u00eda es muy diferente<\/strong>, y de ah\u00ed que al final se equilibren los datos.<\/p>\n<p><!-- BREAK 16 --><\/p>\n<p>Adem\u00e1s, si no somos de los que pasamos todo el d\u00eda en casa y nos limitamos a encender el aire acondicionado por la tarde noche solo unas pocas horas en vez de las 8 calculadas, el gasto se reduce notablemente.<\/p>\n<p><!-- BREAK 17 --><\/p>\n<p>Eso s\u00ed, tambi\u00e9n puede ser que lo tengamos encendido m\u00e1s de esas 8 horas diarias y que no solo tengamos un aparato funcionando, sino <strong>varios equipos<\/strong>. En este caso el gasto s\u00ed puede dispararse y suponer un importe importante en la factura. Por ejemplo, si somos de encenderlo por la ma\u00f1ana y apagarlo al acostarnos (12 horas cada d\u00eda) y tenemos 3 equipos en casa podemos, estar hablando de unos <strong>70 euros al mes<\/strong> solo por climatizar la casa en verano.<\/p>\n<p><!-- BREAK 18 --><\/p>\n<p>Imagen portada | Jos\u00e9 Antonio Carmona<\/p>\n<p>En Xataka Smart Home | <a class=\"text-outboundlink\" href=\"https:\/\/www.xatakahome.com\/a-fondo\/he-comparado-que-gasta-mi-antiguo-frigorifico-otro-moderno-eficiente-ruina-no-se-como-no-he-cambiado-todavia\" data-vars-post-title=\"He comparado lo que gasta mi antiguo frigor\u00edfico con otro m\u00e1s moderno y eficiente. Es una ruina y no s\u00e9 c\u00f3mo no lo he cambiado todav\u00eda\" data-vars-post-url=\"https:\/\/www.xatakahome.com\/a-fondo\/he-comparado-que-gasta-mi-antiguo-frigorifico-otro-moderno-eficiente-ruina-no-se-como-no-he-cambiado-todavia\">He comparado lo que gasta mi antiguo frigor\u00edfico \u00a0con otro m\u00e1s moderno y eficiente. Es una ruina y no s\u00e9 c\u00f3mo no lo he \u00a0cambiado todav\u00eda<\/a><\/p>\n<p><!-- BREAK 19 --><script>\n (function() {\n  window._JS_MODULES = window._JS_MODULES || {};\n  var headElement = document.getElementsByTagName('head')[0];\n  if (_JS_MODULES.instagram) {\n   var instagramScript = document.createElement('script');\n   instagramScript.src = 'https:\/\/platform.instagram.com\/en_US\/embeds.js';\n   instagramScript.async = true;\n   instagramScript.defer = true;\n   headElement.appendChild(instagramScript);\n  }\n })();\n<\/script><\/p>\n<p> &#8211; <br \/> La noticia<br \/>\n      <a href=\"https:\/\/www.xatakahome.com\/hogar\/hay-gente-que-no-enciende-aire-acondicionado-para-ahorrar-luego-devoran-vatios-estos-otros-aparatos-casa?utm_source=feedburner&amp;utm_medium=feed&amp;utm_campaign=22_Jul_2025\"><br \/>\n       <em> Hay gente que no enciende el aire acondicionado para ahorrar, pero luego devoran vatios con estos otros aparatos en casa  <\/em><br \/>\n      <\/a><br \/>\n      fue publicada originalmente en<br \/>\n      <a href=\"https:\/\/www.xatakahome.com\/?utm_source=feedburner&amp;utm_medium=feed&amp;utm_campaign=22_Jul_2025\"><br \/>\n       <strong> Xataka Smart Home <\/strong><br \/>\n      <\/a><br \/>\n             por <a href=\"https:\/\/www.xatakahome.com\/autor\/paco-rodriguez?utm_source=feedburner&amp;utm_medium=feed&amp;utm_campaign=22_Jul_2025\"><br \/>\n        Paco Rodr\u00edguez<br \/>\n       <\/a><br \/>\n      . <\/p>\n<\/div>\n","protected":false},"excerpt":{"rendered":"<p>El aire acondicionado es probablemente el sistema m\u00e1s efectivo y r\u00e1pido para refrigerar la vivienda de forma sencilla logrando alcanzar la temperatura ideal en pocos minutos, aunque esta comodidad tiene un coste. Y ese es el energ\u00e9tico, puesto que son equipos que deben estar enchufados a la red el\u00e9ctrica gastando electricidad.\u00a0 De hecho, este pensamiento &hellip; <a href=\"https:\/\/domosistemas.com\/?p=29434\" class=\"more-link\">Sigue leyendo <span class=\"screen-reader-text\">Hay gente que no enciende el aire acondicionado para ahorrar, pero luego devoran vatios con estos otros aparatos en casa<\/span><\/a><\/p>\n","protected":false},"author":1,"featured_media":0,"comment_status":"closed","ping_status":"closed","sticky":false,"template":"","format":"standard","meta":{"footnotes":""},"categories":[8],"tags":[],"class_list":["post-29434","post","type-post","status-publish","format-standard","hentry","category-xataka"],"_links":{"self":[{"href":"https:\/\/domosistemas.com\/index.php?rest_route=\/wp\/v2\/posts\/29434","targetHints":{"allow":["GET"]}}],"collection":[{"href":"https:\/\/domosistemas.com\/index.php?rest_route=\/wp\/v2\/posts"}],"about":[{"href":"https:\/\/domosistemas.com\/index.php?rest_route=\/wp\/v2\/types\/post"}],"author":[{"embeddable":true,"href":"https:\/\/domosistemas.com\/index.php?rest_route=\/wp\/v2\/users\/1"}],"replies":[{"embeddable":true,"href":"https:\/\/domosistemas.com\/index.php?rest_route=%2Fwp%2Fv2%2Fcomments&post=29434"}],"version-history":[{"count":0,"href":"https:\/\/domosistemas.com\/index.php?rest_route=\/wp\/v2\/posts\/29434\/revisions"}],"wp:attachment":[{"href":"https:\/\/domosistemas.com\/index.php?rest_route=%2Fwp%2Fv2%2Fmedia&parent=29434"}],"wp:term":[{"taxonomy":"category","embeddable":true,"href":"https:\/\/domosistemas.com\/index.php?rest_route=%2Fwp%2Fv2%2Fcategories&post=29434"},{"taxonomy":"post_tag","embeddable":true,"href":"https:\/\/domosistemas.com\/index.php?rest_route=%2Fwp%2Fv2%2Ftags&post=29434"}],"curies":[{"name":"wp","href":"https:\/\/api.w.org\/{rel}","templated":true}]}}