{"id":29570,"date":"2025-08-01T08:30:38","date_gmt":"2025-08-01T08:30:38","guid":{"rendered":"https:\/\/domosistemas.com\/?p=29570"},"modified":"2025-08-01T08:30:38","modified_gmt":"2025-08-01T08:30:38","slug":"este-banco-de-madera-abatible-de-lidl-es-el-mueble-ideal-para-disfrutar-del-verano-en-la-terraza-o-jardin","status":"publish","type":"post","link":"https:\/\/domosistemas.com\/?p=29570","title":{"rendered":"Este banco de madera abatible de Lidl es el mueble ideal para disfrutar del verano en la terraza o jard\u00edn"},"content":{"rendered":"<div>\n<p>\n      <img decoding=\"async\" src=\"https:\/\/i.blogs.es\/ed01b1\/ofertas_cpa_v3-copia-5-\/1024_2000.jpeg\" alt=\"Este banco de madera abatible de Lidl es el mueble ideal para disfrutar del verano en la terraza o jard\u00edn \">\n    <\/p>\n<p>El verano es el momento en el que solemos <strong>disfrutar m\u00e1s del exterior de nuestro hogar<\/strong>. Aunque es cierto que en Espa\u00f1a, el buen tiempo impera durante casi todo el a\u00f1o y tambi\u00e9n se puede estar en esa zona de casa.<\/p>\n<p><!-- BREAK 1 --><\/p>\n<p>En Lidl, ahora hay un <strong>banco de madera abatible<\/strong> por <a rel=\"nofollow, sponsored, noopener, noreferrer\" target=\"_blank\" class=\"js-ecommerce\" id=\"link-ecommerce-1\" href=\"https:\/\/www.xatakahome.com\/redirect?url=https%3A%2F%2Fwww.lidl.es%2Fes%2Fbanco-de-madera-de-acacia-para-jardin-gris%2Fp52585&amp;category=seleccion&amp;ecomPostExpiration=everlasting&amp;postId=118724\" data-vars-affiliate-url=\"https:\/\/www.lidl.es\/es\/banco-de-madera-de-acacia-para-jardin-gris\/p52585\">199,99 euros<\/a> y que es el mueble que, cuando lo veas, vas a querer para tu terraza, jard\u00edn o incluso si tienes un balc\u00f3n grande.<\/p>\n<p><!-- BREAK 2 --><!-- PIVOT START --><\/p>\n<div class=\"pivot-ecommerce-container m-pivot-ecommerce-redesign article-asset-normal article-asset-center\">\n<div class=\"pivot-ecommerce\">\n<div class=\"pivot-ecommerce-figure\">\n  <a rel=\"nofollow, sponsored, noopener, noreferrer\" target=\"_blank\" href=\"https:\/\/www.xatakahome.com\/redirect?url=https%3A%2F%2Fwww.lidl.es%2Fes%2Fbanco-de-madera-de-acacia-para-jardin-gris%2Fp52585&amp;category=seleccion&amp;pivot=1&amp;ecomPostExpiration=everlasting&amp;postId=118724\"><br \/>\n   <img loading=\"lazy\" decoding=\"async\" alt=\"Banco de madera de acacia para jard\u00edn gris\n\" width=\"600\" height=\"600\" src=\"https:\/\/i.blogs.es\/2838d3\/blob\/original.jpeg\"><br \/>\n  <\/a>\n  <\/div>\n<div class=\"pivot-ecommerce-summary\">\n<p class=\"pivot-ecommerce-desc\">Banco de madera de acacia para jard\u00edn gris\n<\/p>\n<div class=\"pivot-actions \">\n<div class=\"pivot-actions-row\">\n <a rel=\"nofollow, sponsored, noopener, noreferrer\" target=\"_blank\" data-asin=\"\" data-store=\"\" href=\"https:\/\/www.xatakahome.com\/redirect?url=https%3A%2F%2Fwww.lidl.es%2Fes%2Fbanco-de-madera-de-acacia-para-jardin-gris%2Fp52585&amp;category=seleccion&amp;pivot=1&amp;ecomPostExpiration=everlasting&amp;postId=118724\" title=\"Precio de venta al p\u00fablico a fecha de publicaci\u00f3n\" class=\"pivot-action-btn pivot-action-primary\">PVP en Lidl \u2014 <strong><span class=\"js-deal-price\">199,99<\/span> \u20ac<\/strong><\/a>\n <\/div>\n<\/p><\/div>\n<\/p><\/div>\n<\/p><\/div>\n<div class=\"pivot-link-msg\">* Alg\u00fan precio puede haber cambiado desde la \u00faltima revisi\u00f3n<\/div>\n<\/p><\/div>\n<p><!-- PIVOT END --><\/p>\n<h2>Una soluci\u00f3n c\u00f3moda para disfrutar del verano en tu jard\u00edn o terraza<\/h2>\n<div class=\"article-asset-image article-asset-normal article-asset-center\">\n<div class=\"asset-content\">\n                    <a rel=\"nofollow, sponsored, noopener, noreferrer\" target=\"_blank\" class=\"js-ecommerce\" id=\"link-ecommerce-2\" href=\"https:\/\/www.xatakahome.com\/redirect?url=https%3A%2F%2Fwww.lidl.es%2Fes%2Fbanco-de-madera-de-acacia-para-jardin-gris%2Fp52585&amp;category=seleccion&amp;ecomPostExpiration=everlasting&amp;postId=118724\" data-vars-affiliate-url=\"https:\/\/www.lidl.es\/es\/banco-de-madera-de-acacia-para-jardin-gris\/p52585\"><\/p>\n<p>    <img decoding=\"async\" alt=\"banco de madera Lidl\" class=\"centro_sinmarco\" src=\"https:\/\/i.blogs.es\/7d3052\/ofertas_cpa_v3-copia-4-\/450_1000.jpeg\"><br \/>\n     <\/a><\/p><\/div>\n<\/div>\n<p>Una de las cosas m\u00e1s destacables de este sof\u00e1 o banco de madera que tiene Lidl es que cuenta con <strong>reposabrazos abatible<\/strong>. As\u00ed, podr\u00e1s extenderlo para incluso poderte echar la siesta c\u00f3modamente o ganar un poco de espacio por si te llegan m\u00e1s invitados.<\/p>\n<p><!-- BREAK 3 --><\/p>\n<div class=\"article-asset article-asset-normal article-asset-center\">\n<div class=\"desvio-container\">\n<div class=\"desvio\">\n<div class=\"desvio-figure js-desvio-figure\">\n    <a href=\"https:\/\/www.compradiccion.com\/television\/carrefour-liquida-esta-smart-tv-4k-55-pulgadas-primera-marca\" class=\"pivot-outboundlink\" target=\"_blank\" data-vars-post-title=\"Carrefour liquida esta Smart TV 4K de 55 pulgadas y de primera marca \"><br \/>\n     <img loading=\"lazy\" decoding=\"async\" alt=\"Carrefour liquida esta Smart TV 4K de 55 pulgadas y de primera marca \" width=\"375\" height=\"142\" src=\"https:\/\/i.blogs.es\/5c2a8a\/teles-eroski\/375_142.jpeg\"><br \/>\n    <\/a>\n   <\/div>\n<div class=\"desvio-summary\">\n<div class=\"desvio-taxonomy js-desvio-taxonomy\">\n     <a href=\"https:\/\/www.compradiccion.com\/television\/carrefour-liquida-esta-smart-tv-4k-55-pulgadas-primera-marca\" class=\"desvio-taxonomy-anchor pivot-outboundlink m-crosspost\" target=\"_blank\" data-vars-post-title=\"Carrefour liquida esta Smart TV 4K de 55 pulgadas y de primera marca \">En Compradicci\u00f3n<\/a>\n    <\/div>\n<p>    <a href=\"https:\/\/www.compradiccion.com\/television\/carrefour-liquida-esta-smart-tv-4k-55-pulgadas-primera-marca\" class=\"desvio-title js-desvio-title pivot-outboundlink\" target=\"_blank\" data-vars-post-title=\"Carrefour liquida esta Smart TV 4K de 55 pulgadas y de primera marca \">Carrefour liquida esta Smart TV 4K de 55 pulgadas y de primera marca <\/a>\n   <\/div>\n<\/p><\/div>\n<\/p><\/div>\n<\/div>\n<div class=\"article-asset-video article-asset-normal\">\n<div class=\"asset-content\">\n<div class=\"base-asset-video\">\n<div class=\"js-dailymotion\">\n    <script type=\"application\/json\">\n                          {\"videoId\":\"x87htyk\",\"autoplay\":true,\"title\":\"NANO GARDEN _ De la graine \u00e0 la plante dans un mini jardin intelligent (sous-titres FR) (1080p_25fps_H264-128kbit_AAC)\", \"tag\":\"Hogar conectado\", \"duration\":\"173\"}\n                  <\/script>\n   <\/div>\n<\/p><\/div>\n<\/p><\/div>\n<\/div>\n<p>Como ya hemos dicho antes, este sof\u00e1 de Lidl cuenta con <strong>cojines en el asiento<\/strong> y tambi\u00e9n en la zona de los reposabrazos y en el respaldo. Asimismo, destaca por ofrecer madera de acacia y la estructura es de acero, por lo que es un mueble muy resistente.<\/p>\n<p><!-- BREAK 4 --><\/p>\n<p>Aunque es algo obvio, debes saber que el sof\u00e1 se entrega desmontado, aunque no es un proceso muy dif\u00edcil el ponerlo en pie. El banco de madera tiene unas medidas de <strong>198 x 69 x 84,5 cm<\/strong> y el grosor del coj\u00edn del asiento es de 50 mm.<\/p>\n<p><!-- BREAK 5 --><\/p>\n<h2>Otros muebles para tu terraza o jard\u00edn que pueden interesarte<\/h2>\n<p><!-- PIVOT START --><\/p>\n<div class=\"pivot-ecommerce-container m-pivot-ecommerce-redesign article-asset-normal article-asset-center\">\n<div class=\"pivot-ecommerce\">\n<div class=\"pivot-ecommerce-figure\">\n  <a rel=\"nofollow, sponsored, noopener, noreferrer\" target=\"_blank\" href=\"https:\/\/www.xatakahome.com\/redirect?url=https%3A%2F%2Fwww.amazon.es%2Fdp%2FB0CWXQH91D%3Ftag%3Dxatakahome-21%26linkCode%3Dogi%26th%3D1%26psc%3D1&amp;category=seleccion&amp;pivot=1&amp;ecomPostExpiration=everlasting&amp;postId=118724\"><br \/>\n   <img loading=\"lazy\" decoding=\"async\" alt=\"GIANTEX Sof\u00e1 Cama Plegable de 2 Plazas con Cojines\" width=\"500\" height=\"500\" src=\"https:\/\/i.blogs.es\/a68a66\/51yfwsyd-nl._sl500_\/original.jpeg\"><br \/>\n  <\/a>\n  <\/div>\n<div class=\"pivot-ecommerce-summary\">\n<p class=\"pivot-ecommerce-desc\">GIANTEX Sof\u00e1 Cama Plegable de 2 Plazas con Cojines<\/p>\n<div class=\"pivot-actions \">\n<div class=\"pivot-actions-row\">\n <a rel=\"nofollow, sponsored, noopener, noreferrer\" target=\"_blank\" data-asin=\"B0CWXQH91D\" data-store=\"Amazon\" href=\"https:\/\/www.xatakahome.com\/redirect?url=https%3A%2F%2Fwww.amazon.es%2Fdp%2FB0CWXQH91D%3Ftag%3Dxatakahome-21%26linkCode%3Dogi%26th%3D1%26psc%3D1&amp;category=seleccion&amp;pivot=1&amp;ecomPostExpiration=everlasting&amp;postId=118724\" title=\"Precio actualizado hoy\" class=\"pivot-action-btn metrics-pivot-btn pivot-action-primary\">Hoy en Amazon \u2014 <strong><span class=\"js-deal-price\">312,99<\/span> \u20ac<\/strong><\/a>\n <\/div>\n<\/p><\/div>\n<\/p><\/div>\n<\/p><\/div>\n<div class=\"pivot-link-msg\">* Alg\u00fan precio puede haber cambiado desde la \u00faltima revisi\u00f3n<\/div>\n<\/p><\/div>\n<p><!-- PIVOT END --><br \/>\n<!-- PIVOT START --><\/p>\n<div class=\"pivot-ecommerce-container m-pivot-ecommerce-redesign article-asset-normal article-asset-center\">\n<div class=\"pivot-ecommerce\">\n<div class=\"pivot-ecommerce-figure\">\n  <a rel=\"nofollow, sponsored, noopener, noreferrer\" target=\"_blank\" href=\"https:\/\/www.xatakahome.com\/redirect?url=https%3A%2F%2Fwww.amazon.es%2Fdp%2FB09WQ44F18%3Ftag%3Dxatakahome-21%26linkCode%3Dogi%26th%3D1%26psc%3D1&amp;category=seleccion&amp;pivot=1&amp;ecomPostExpiration=everlasting&amp;postId=118724\"><br \/>\n   <img loading=\"lazy\" decoding=\"async\" alt=\"vidaXL Sof\u00e1 de Jard\u00edn de 3 Plazas \" width=\"500\" height=\"500\" src=\"https:\/\/i.blogs.es\/4e32bb\/31jvx2acf8l._sl500_\/original.jpeg\"><br \/>\n  <\/a>\n  <\/div>\n<div class=\"pivot-ecommerce-summary\">\n<p class=\"pivot-ecommerce-desc\">vidaXL Sof\u00e1 de Jard\u00edn de 3 Plazas <\/p>\n<div class=\"pivot-actions \">\n<div class=\"pivot-actions-row\">\n <a rel=\"nofollow, sponsored, noopener, noreferrer\" target=\"_blank\" data-asin=\"B09WQ44F18\" data-store=\"Amazon\" href=\"https:\/\/www.xatakahome.com\/redirect?url=https%3A%2F%2Fwww.amazon.es%2Fdp%2FB09WQ44F18%3Ftag%3Dxatakahome-21%26linkCode%3Dogi%26th%3D1%26psc%3D1&amp;category=seleccion&amp;pivot=1&amp;ecomPostExpiration=everlasting&amp;postId=118724\" title=\"Precio actualizado hoy\" class=\"pivot-action-btn metrics-pivot-btn pivot-action-primary\">Hoy en Amazon \u2014 <strong><span class=\"js-deal-price\">208,20<\/span> \u20ac<\/strong><\/a>\n <\/div>\n<\/p><\/div>\n<\/p><\/div>\n<\/p><\/div>\n<div class=\"pivot-link-msg\">* Alg\u00fan precio puede haber cambiado desde la \u00faltima revisi\u00f3n<\/div>\n<\/p><\/div>\n<p><!-- PIVOT END --><\/p>\n<p><em>Nota: algunos de los enlaces aqu\u00ed publicados son de afiliados y pueden reportar un beneficio.<\/em><\/p>\n<p>Im\u00e1genes | Webedia y Lidl<\/p>\n<p>En Xataka Smart Home | <a class=\"text-outboundlink\" href=\"https:\/\/www.xatakahome.com\/guia-de-compra\/estas-soluciones-baratas-ikea-para-iluminar-cables-cajones-armarios-1\" data-vars-post-title=\"Estas son las soluciones baratas de IKEA para iluminar sin cables los cajones y armarios\" data-vars-post-url=\"https:\/\/www.xatakahome.com\/guia-de-compra\/estas-soluciones-baratas-ikea-para-iluminar-cables-cajones-armarios-1\" data-id=\"noopener noreferrer\">Estas son las soluciones baratas de IKEA para iluminar sin cables los cajones y armarios<\/a><\/p>\n<p>En Xataka Smart Home | <a class=\"text-outboundlink\" href=\"https:\/\/www.xatakahome.com\/seleccion\/mejores-repetidores-wifi-cual-comprar-consejos-recomendaciones\" data-vars-post-title=\"Los mejores repetidores WiFi: \u00bfCu\u00e1l comprar? Consejos y recomendaciones\" data-vars-post-url=\"https:\/\/www.xatakahome.com\/seleccion\/mejores-repetidores-wifi-cual-comprar-consejos-recomendaciones\" data-id=\"noopener noreferrer\">Los mejores repetidores WiFi: \u00bfCu\u00e1l comprar? Consejos y recomendaciones<\/a><\/p>\n<p><script>\n (function() {\n  window._JS_MODULES = window._JS_MODULES || {};\n  var headElement = document.getElementsByTagName('head')[0];\n  if (_JS_MODULES.instagram) {\n   var instagramScript = document.createElement('script');\n   instagramScript.src = 'https:\/\/platform.instagram.com\/en_US\/embeds.js';\n   instagramScript.async = true;\n   instagramScript.defer = true;\n   headElement.appendChild(instagramScript);\n  }\n })();\n<\/script><\/p>\n<p> &#8211; <br \/> La noticia<br \/>\n      <a href=\"https:\/\/www.xatakahome.com\/seleccion\/este-banco-madera-abatible-lidl-mueble-ideal-para-disfrutar-verano-terraza-jardin?utm_source=feedburner&amp;utm_medium=feed&amp;utm_campaign=01_Aug_2025\"><br \/>\n       <em> Este banco de madera abatible de Lidl es el mueble ideal para disfrutar del verano en la terraza o jard\u00edn  <\/em><br \/>\n      <\/a><br \/>\n      fue publicada originalmente en<br \/>\n      <a href=\"https:\/\/www.xatakahome.com\/?utm_source=feedburner&amp;utm_medium=feed&amp;utm_campaign=01_Aug_2025\"><br \/>\n       <strong> Xataka Smart Home <\/strong><br \/>\n      <\/a><br \/>\n             por <a href=\"https:\/\/www.xatakahome.com\/autor\/fran-leon?utm_source=feedburner&amp;utm_medium=feed&amp;utm_campaign=01_Aug_2025\"><br \/>\n        Fran Le\u00f3n<br \/>\n       <\/a><br \/>\n      . <\/p>\n<\/div>\n","protected":false},"excerpt":{"rendered":"<p>El verano es el momento en el que solemos disfrutar m\u00e1s del exterior de nuestro hogar. Aunque es cierto que en Espa\u00f1a, el buen tiempo impera durante casi todo el a\u00f1o y tambi\u00e9n se puede estar en esa zona de casa. En Lidl, ahora hay un banco de madera abatible por 199,99 euros y que &hellip; <a href=\"https:\/\/domosistemas.com\/?p=29570\" class=\"more-link\">Sigue leyendo <span class=\"screen-reader-text\">Este banco de madera abatible de Lidl es el mueble ideal para disfrutar del verano en la terraza o jard\u00edn<\/span><\/a><\/p>\n","protected":false},"author":1,"featured_media":0,"comment_status":"closed","ping_status":"closed","sticky":false,"template":"","format":"standard","meta":{"footnotes":""},"categories":[8],"tags":[],"class_list":["post-29570","post","type-post","status-publish","format-standard","hentry","category-xataka"],"_links":{"self":[{"href":"https:\/\/domosistemas.com\/index.php?rest_route=\/wp\/v2\/posts\/29570","targetHints":{"allow":["GET"]}}],"collection":[{"href":"https:\/\/domosistemas.com\/index.php?rest_route=\/wp\/v2\/posts"}],"about":[{"href":"https:\/\/domosistemas.com\/index.php?rest_route=\/wp\/v2\/types\/post"}],"author":[{"embeddable":true,"href":"https:\/\/domosistemas.com\/index.php?rest_route=\/wp\/v2\/users\/1"}],"replies":[{"embeddable":true,"href":"https:\/\/domosistemas.com\/index.php?rest_route=%2Fwp%2Fv2%2Fcomments&post=29570"}],"version-history":[{"count":0,"href":"https:\/\/domosistemas.com\/index.php?rest_route=\/wp\/v2\/posts\/29570\/revisions"}],"wp:attachment":[{"href":"https:\/\/domosistemas.com\/index.php?rest_route=%2Fwp%2Fv2%2Fmedia&parent=29570"}],"wp:term":[{"taxonomy":"category","embeddable":true,"href":"https:\/\/domosistemas.com\/index.php?rest_route=%2Fwp%2Fv2%2Fcategories&post=29570"},{"taxonomy":"post_tag","embeddable":true,"href":"https:\/\/domosistemas.com\/index.php?rest_route=%2Fwp%2Fv2%2Ftags&post=29570"}],"curies":[{"name":"wp","href":"https:\/\/api.w.org\/{rel}","templated":true}]}}